{"id":32124,"date":"2021-02-16T15:39:09","date_gmt":"2021-02-16T14:39:09","guid":{"rendered":"https:\/\/www.aslroma5.info\/new2021\/vaccinazioni-anti-covid-19-over-80-domani-si-inizia-a-colleferro\/"},"modified":"2021-06-03T09:48:33","modified_gmt":"2021-06-03T07:48:33","slug":"vaccinazioni-anti-covid-19-over-80-domani-si-inizia-a-colleferro","status":"publish","type":"post","link":"https:\/\/www.aslroma5.it\/vaccinazioni-anti-covid-19-over-80-domani-si-inizia-a-colleferro\/","title":{"rendered":"Vaccinazioni ANTI COVID-19 Over 80 \u2022 Domani si inizia a Colleferro"},"content":{"rendered":"<h2>SEMPRE\u00a0DOMANI\u00a0PARTE IL PUNTO VACCINALE PRESSO IHG DI GUIDONIA MONTECELIO PER LE FORZE DELL\u2019ORDINE<\/h2>\n<p>Da\u00a0<strong>domani\u00a0<\/strong>al via le\u00a0<strong>vaccinazioni\u00a0anti Covid-19 agli\u00a0over 80\u00a0<\/strong>anche presso il punto vaccinale predisposto all\u2019<strong>Auditorium Fabbrica della Musica<\/strong> a Colleferro Scalo.<\/p>\n<p>Partite\u00a0ieri\u00a0le vaccinazioni alle Forze dell\u2019Ordine al\u00a0<strong>Valmontone Hospital<\/strong>.<\/p>\n<p>Proseguono a ritmo serrato le attivit\u00e0 e sempre\u00a0domani\u00a0partono le vaccinazioni all\u2019Italian Hospital Group\u00a0di Guidonia Montecelio per le forze dell\u2019ordine.<\/p>\n<p>&nbsp;<\/p>\n<h3>VACCINAZIONI PERSONALE SCOLASTICO E UNIVERSITARIO UNDER\u00a055, NON STUDENTI<\/h3>\n<p><strong>PRENOTAZIONI ON-LINE DAL 18 FEBBRAIO<\/strong><\/p>\n<p>Come gi\u00e0 comunicato dalla Regione Lazio, da gioved\u00ec 18\u00a0febbraio\u00a0il personale scolastico e universitario (Pu\u00f2 prenotare la vaccinazione il personale delle universit\u00e0 aderente al CRUL- Comitato regionale di Coordinamento Universit\u00e0 del Lazio) ,docente e non docente, con et\u00e0 compresa tra 18 anni (anno di nascita 2003) 55 anni (anno di nascita 1966) senza patologie, potr\u00e0 prenotare il proprio vaccino anti COVID-19.<\/p>\n<p>Pu\u00f2 prenotare la vaccinazione il personale scolastico e universitario assistito dal Servizio Sanitario Regionale (SSR) della Regione Lazio, ovvero tutti coloro che sono assistiti da un medico di base convenzionato con il SSR della Regione Lazio.<\/p>\n<p>Per prenotare occorre la Tessera Sanitaria in corso di validit\u00e0 per comunicare:<\/p>\n<ol>\n<li>Il Codice Fiscale<\/li>\n<li>Le ultime 13 cifre del codice numerico (TEAM) posto sul retro della tessera<\/li>\n<\/ol>\n<p>La prenotazione \u00e8 scaglionata per fasce d&#8217;et\u00e0 secondo il calendario seguente:<\/p>\n<ul>\n<li>45 &#8211; 55 anni dalle ore 00:00 del 18\/02<\/li>\n<li>35 &#8211; 44 anni dalle ore 00:00 del 22\/02<\/li>\n<li>Under 34 anni dalle ore 00:00 del 26\/02 (non studenti)<\/li>\n<\/ul>\n<h3>La somministrazione dei vaccini avr\u00e0 inizio il 22 febbraio.<\/h3>\n<p>Il ciclo di vaccinazione consiste in due dosi separate. Con la prenotazione del primo appuntamento sar\u00e0 automaticamente prenotato anche il richiamo, da effettuare sempre nella stessa sede.<\/p>\n<p>La seconda dose sar\u00e0 somministrata tra la 10\u00b0 e la 12\u00b0 settimana successiva alla prima dose.<\/p>\n<p>Al momento della prenotazione sar\u00e0 possibile scegliere il luogo dove vaccinarsi, in base alla disponibilit\u00e0. 72 ore prima dell&#8217;appuntamento prenotato, un sms ricorder\u00e0 l&#8217;appuntamento fissato.<\/p>\n<p>Per <strong>assistenza alla prenotazione o eventuali disdette<\/strong> contattare il numero 06 164161841. Attivo dal luned\u00ec al venerd\u00ec con orario 7:30 &#8211; 19:30 \/ sabato con orario 7:30 &#8211; 13:00.<\/p>\n<p>&nbsp;<\/p>\n<p><strong>TUTTE LE INFO<\/strong> su <a href=\"https:\/\/www.salutelazio.it\/\" title=\"Salutelazio.it\" target=\"_blank\" rel=\"noopener\">Salutelazio.it<\/a><\/p>\n","protected":false},"excerpt":{"rendered":"<p>SEMPRE\u00a0DOMANI\u00a0PARTE IL PUNTO VACCINALE PRESSO IHG DI GUIDONIA MONTECELIO PER LE FORZE DELL\u2019ORDINE Da\u00a0domani\u00a0al via le\u00a0vaccinazioni\u00a0anti Covid-19 agli\u00a0over 80\u00a0anche presso il punto vaccinale predisposto all\u2019Auditorium Fabbrica della Musica a Colleferro Scalo. Partite\u00a0ieri\u00a0le vaccinazioni alle Forze dell\u2019Ordine al\u00a0Valmontone Hospital. Proseguono a ritmo serrato le attivit\u00e0 e sempre\u00a0domani\u00a0partono le vaccinazioni all\u2019Italian Hospital Group\u00a0di Guidonia Montecelio per le&hellip;<\/p>\n","protected":false},"author":1,"featured_media":32123,"comment_status":"open","ping_status":"closed","sticky":false,"template":"","format":"standard","meta":{"_acf_changed":false,"inline_featured_image":false,"footnotes":""},"categories":[1816],"tags":[],"class_list":["post-32124","post","type-post","status-publish","format-standard","has-post-thumbnail","hentry","category-news","category-1816","description-off"],"acf":{"galleria":""},"yoast_head":"<!-- This site is optimized with the Yoast SEO plugin v25.5 - https:\/\/yoast.com\/wordpress\/plugins\/seo\/ -->\n<title>Vaccinazioni ANTI COVID-19 Over 80 \u2022 Domani si inizia a Colleferro - ASL ROMA 5<\/title>\n<meta name=\"robots\" content=\"index, follow, max-snippet:-1, max-image-preview:large, max-video-preview:-1\" \/>\n<link rel=\"canonical\" href=\"https:\/\/www.aslroma5.it\/vaccinazioni-anti-covid-19-over-80-domani-si-inizia-a-colleferro\/\" \/>\n<meta property=\"og:locale\" content=\"it_IT\" \/>\n<meta property=\"og:type\" content=\"article\" \/>\n<meta property=\"og:title\" content=\"Vaccinazioni ANTI COVID-19 Over 80 \u2022 Domani si inizia a Colleferro - ASL ROMA 5\" \/>\n<meta property=\"og:description\" content=\"SEMPRE\u00a0DOMANI\u00a0PARTE IL PUNTO VACCINALE PRESSO IHG DI GUIDONIA MONTECELIO PER LE FORZE DELL\u2019ORDINE Da\u00a0domani\u00a0al via le\u00a0vaccinazioni\u00a0anti Covid-19 agli\u00a0over 80\u00a0anche presso il punto vaccinale predisposto all\u2019Auditorium Fabbrica della Musica a Colleferro Scalo. Partite\u00a0ieri\u00a0le vaccinazioni alle Forze dell\u2019Ordine al\u00a0Valmontone Hospital. Proseguono a ritmo serrato le attivit\u00e0 e sempre\u00a0domani\u00a0partono le vaccinazioni all\u2019Italian Hospital Group\u00a0di Guidonia Montecelio per le&hellip;\" \/>\n<meta property=\"og:url\" content=\"https:\/\/www.aslroma5.it\/vaccinazioni-anti-covid-19-over-80-domani-si-inizia-a-colleferro\/\" \/>\n<meta property=\"og:site_name\" content=\"ASL ROMA 5\" \/>\n<meta property=\"article:published_time\" content=\"2021-02-16T14:39:09+00:00\" \/>\n<meta property=\"article:modified_time\" content=\"2021-06-03T07:48:33+00:00\" \/>\n<meta property=\"og:image\" content=\"https:\/\/www.aslroma5.it\/wp-content\/uploads\/2021\/02\/images_Documenti2021_Covid-19_vaccinazioni-over-80.jpg\" \/>\n\t<meta property=\"og:image:width\" content=\"723\" \/>\n\t<meta property=\"og:image:height\" content=\"431\" \/>\n\t<meta property=\"og:image:type\" content=\"image\/jpeg\" \/>\n<meta name=\"author\" content=\"dot4all\" \/>\n<meta name=\"twitter:card\" content=\"summary_large_image\" \/>\n<meta name=\"twitter:label1\" content=\"Scritto da\" \/>\n\t<meta name=\"twitter:data1\" content=\"dot4all\" \/>\n\t<meta name=\"twitter:label2\" content=\"Tempo di lettura stimato\" \/>\n\t<meta name=\"twitter:data2\" content=\"2 minuti\" \/>\n<script type=\"application\/ld+json\" class=\"yoast-schema-graph\">{\"@context\":\"https:\/\/schema.org\",\"@graph\":[{\"@type\":\"Article\",\"@id\":\"https:\/\/www.aslroma5.it\/vaccinazioni-anti-covid-19-over-80-domani-si-inizia-a-colleferro\/#article\",\"isPartOf\":{\"@id\":\"https:\/\/www.aslroma5.it\/vaccinazioni-anti-covid-19-over-80-domani-si-inizia-a-colleferro\/\"},\"author\":{\"name\":\"dot4all\",\"@id\":\"https:\/\/www.aslroma5.it\/#\/schema\/person\/aae9591da64a4feb5cf19a10d69b634d\"},\"headline\":\"Vaccinazioni ANTI COVID-19 Over 80 \u2022 Domani si inizia a Colleferro\",\"datePublished\":\"2021-02-16T14:39:09+00:00\",\"dateModified\":\"2021-06-03T07:48:33+00:00\",\"mainEntityOfPage\":{\"@id\":\"https:\/\/www.aslroma5.it\/vaccinazioni-anti-covid-19-over-80-domani-si-inizia-a-colleferro\/\"},\"wordCount\":349,\"commentCount\":0,\"publisher\":{\"@id\":\"https:\/\/www.aslroma5.it\/#organization\"},\"image\":{\"@id\":\"https:\/\/www.aslroma5.it\/vaccinazioni-anti-covid-19-over-80-domani-si-inizia-a-colleferro\/#primaryimage\"},\"thumbnailUrl\":\"https:\/\/www.aslroma5.it\/wp-content\/uploads\/2021\/02\/images_Documenti2021_Covid-19_vaccinazioni-over-80.jpg\",\"articleSection\":[\"News\"],\"inLanguage\":\"it-IT\",\"potentialAction\":[{\"@type\":\"CommentAction\",\"name\":\"Comment\",\"target\":[\"https:\/\/www.aslroma5.it\/vaccinazioni-anti-covid-19-over-80-domani-si-inizia-a-colleferro\/#respond\"]}]},{\"@type\":\"WebPage\",\"@id\":\"https:\/\/www.aslroma5.it\/vaccinazioni-anti-covid-19-over-80-domani-si-inizia-a-colleferro\/\",\"url\":\"https:\/\/www.aslroma5.it\/vaccinazioni-anti-covid-19-over-80-domani-si-inizia-a-colleferro\/\",\"name\":\"Vaccinazioni ANTI COVID-19 Over 80 \u2022 Domani si inizia a Colleferro - ASL ROMA 5\",\"isPartOf\":{\"@id\":\"https:\/\/www.aslroma5.it\/#website\"},\"primaryImageOfPage\":{\"@id\":\"https:\/\/www.aslroma5.it\/vaccinazioni-anti-covid-19-over-80-domani-si-inizia-a-colleferro\/#primaryimage\"},\"image\":{\"@id\":\"https:\/\/www.aslroma5.it\/vaccinazioni-anti-covid-19-over-80-domani-si-inizia-a-colleferro\/#primaryimage\"},\"thumbnailUrl\":\"https:\/\/www.aslroma5.it\/wp-content\/uploads\/2021\/02\/images_Documenti2021_Covid-19_vaccinazioni-over-80.jpg\",\"datePublished\":\"2021-02-16T14:39:09+00:00\",\"dateModified\":\"2021-06-03T07:48:33+00:00\",\"breadcrumb\":{\"@id\":\"https:\/\/www.aslroma5.it\/vaccinazioni-anti-covid-19-over-80-domani-si-inizia-a-colleferro\/#breadcrumb\"},\"inLanguage\":\"it-IT\",\"potentialAction\":[{\"@type\":\"ReadAction\",\"target\":[\"https:\/\/www.aslroma5.it\/vaccinazioni-anti-covid-19-over-80-domani-si-inizia-a-colleferro\/\"]}]},{\"@type\":\"ImageObject\",\"inLanguage\":\"it-IT\",\"@id\":\"https:\/\/www.aslroma5.it\/vaccinazioni-anti-covid-19-over-80-domani-si-inizia-a-colleferro\/#primaryimage\",\"url\":\"https:\/\/www.aslroma5.it\/wp-content\/uploads\/2021\/02\/images_Documenti2021_Covid-19_vaccinazioni-over-80.jpg\",\"contentUrl\":\"https:\/\/www.aslroma5.it\/wp-content\/uploads\/2021\/02\/images_Documenti2021_Covid-19_vaccinazioni-over-80.jpg\",\"width\":723,\"height\":431},{\"@type\":\"BreadcrumbList\",\"@id\":\"https:\/\/www.aslroma5.it\/vaccinazioni-anti-covid-19-over-80-domani-si-inizia-a-colleferro\/#breadcrumb\",\"itemListElement\":[{\"@type\":\"ListItem\",\"position\":1,\"name\":\"Home\",\"item\":\"https:\/\/www.aslroma5.it\/\"},{\"@type\":\"ListItem\",\"position\":2,\"name\":\"Vaccinazioni ANTI COVID-19 Over 80 \u2022 Domani si inizia a Colleferro\"}]},{\"@type\":\"WebSite\",\"@id\":\"https:\/\/www.aslroma5.it\/#website\",\"url\":\"https:\/\/www.aslroma5.it\/\",\"name\":\"ASL ROMA 5\",\"description\":\"\",\"publisher\":{\"@id\":\"https:\/\/www.aslroma5.it\/#organization\"},\"potentialAction\":[{\"@type\":\"SearchAction\",\"target\":{\"@type\":\"EntryPoint\",\"urlTemplate\":\"https:\/\/www.aslroma5.it\/?s={search_term_string}\"},\"query-input\":{\"@type\":\"PropertyValueSpecification\",\"valueRequired\":true,\"valueName\":\"search_term_string\"}}],\"inLanguage\":\"it-IT\"},{\"@type\":\"Organization\",\"@id\":\"https:\/\/www.aslroma5.it\/#organization\",\"name\":\"ASL ROMA 5\",\"url\":\"https:\/\/www.aslroma5.it\/\",\"logo\":{\"@type\":\"ImageObject\",\"inLanguage\":\"it-IT\",\"@id\":\"https:\/\/www.aslroma5.it\/#\/schema\/logo\/image\/\",\"url\":\"https:\/\/www.aslroma5.it\/wp-content\/uploads\/2025\/07\/asl-roma5-logo-25.svg\",\"contentUrl\":\"https:\/\/www.aslroma5.it\/wp-content\/uploads\/2025\/07\/asl-roma5-logo-25.svg\",\"width\":328,\"height\":112,\"caption\":\"ASL ROMA 5\"},\"image\":{\"@id\":\"https:\/\/www.aslroma5.it\/#\/schema\/logo\/image\/\"}},{\"@type\":\"Person\",\"@id\":\"https:\/\/www.aslroma5.it\/#\/schema\/person\/aae9591da64a4feb5cf19a10d69b634d\",\"name\":\"dot4all\",\"image\":{\"@type\":\"ImageObject\",\"inLanguage\":\"it-IT\",\"@id\":\"https:\/\/www.aslroma5.it\/#\/schema\/person\/image\/\",\"url\":\"https:\/\/secure.gravatar.com\/avatar\/a228c250e89e00f48f7bae46b9a785bc5b3f509d86988952d9e01450e422a0cc?s=96&d=mm&r=g\",\"contentUrl\":\"https:\/\/secure.gravatar.com\/avatar\/a228c250e89e00f48f7bae46b9a785bc5b3f509d86988952d9e01450e422a0cc?s=96&d=mm&r=g\",\"caption\":\"dot4all\"},\"sameAs\":[\"https:\/\/www.aslroma5.info\/new2021\"]}]}<\/script>\n<!-- \/ Yoast SEO plugin. -->","yoast_head_json":{"title":"Vaccinazioni ANTI COVID-19 Over 80 \u2022 Domani si inizia a Colleferro - ASL ROMA 5","robots":{"index":"index","follow":"follow","max-snippet":"max-snippet:-1","max-image-preview":"max-image-preview:large","max-video-preview":"max-video-preview:-1"},"canonical":"https:\/\/www.aslroma5.it\/vaccinazioni-anti-covid-19-over-80-domani-si-inizia-a-colleferro\/","og_locale":"it_IT","og_type":"article","og_title":"Vaccinazioni ANTI COVID-19 Over 80 \u2022 Domani si inizia a Colleferro - ASL ROMA 5","og_description":"SEMPRE\u00a0DOMANI\u00a0PARTE IL PUNTO VACCINALE PRESSO IHG DI GUIDONIA MONTECELIO PER LE FORZE DELL\u2019ORDINE Da\u00a0domani\u00a0al via le\u00a0vaccinazioni\u00a0anti Covid-19 agli\u00a0over 80\u00a0anche presso il punto vaccinale predisposto all\u2019Auditorium Fabbrica della Musica a Colleferro Scalo. Partite\u00a0ieri\u00a0le vaccinazioni alle Forze dell\u2019Ordine al\u00a0Valmontone Hospital. Proseguono a ritmo serrato le attivit\u00e0 e sempre\u00a0domani\u00a0partono le vaccinazioni all\u2019Italian Hospital Group\u00a0di Guidonia Montecelio per le&hellip;","og_url":"https:\/\/www.aslroma5.it\/vaccinazioni-anti-covid-19-over-80-domani-si-inizia-a-colleferro\/","og_site_name":"ASL ROMA 5","article_published_time":"2021-02-16T14:39:09+00:00","article_modified_time":"2021-06-03T07:48:33+00:00","og_image":[{"width":723,"height":431,"url":"https:\/\/www.aslroma5.it\/wp-content\/uploads\/2021\/02\/images_Documenti2021_Covid-19_vaccinazioni-over-80.jpg","type":"image\/jpeg"}],"author":"dot4all","twitter_card":"summary_large_image","twitter_misc":{"Scritto da":"dot4all","Tempo di lettura stimato":"2 minuti"},"schema":{"@context":"https:\/\/schema.org","@graph":[{"@type":"Article","@id":"https:\/\/www.aslroma5.it\/vaccinazioni-anti-covid-19-over-80-domani-si-inizia-a-colleferro\/#article","isPartOf":{"@id":"https:\/\/www.aslroma5.it\/vaccinazioni-anti-covid-19-over-80-domani-si-inizia-a-colleferro\/"},"author":{"name":"dot4all","@id":"https:\/\/www.aslroma5.it\/#\/schema\/person\/aae9591da64a4feb5cf19a10d69b634d"},"headline":"Vaccinazioni ANTI COVID-19 Over 80 \u2022 Domani si inizia a Colleferro","datePublished":"2021-02-16T14:39:09+00:00","dateModified":"2021-06-03T07:48:33+00:00","mainEntityOfPage":{"@id":"https:\/\/www.aslroma5.it\/vaccinazioni-anti-covid-19-over-80-domani-si-inizia-a-colleferro\/"},"wordCount":349,"commentCount":0,"publisher":{"@id":"https:\/\/www.aslroma5.it\/#organization"},"image":{"@id":"https:\/\/www.aslroma5.it\/vaccinazioni-anti-covid-19-over-80-domani-si-inizia-a-colleferro\/#primaryimage"},"thumbnailUrl":"https:\/\/www.aslroma5.it\/wp-content\/uploads\/2021\/02\/images_Documenti2021_Covid-19_vaccinazioni-over-80.jpg","articleSection":["News"],"inLanguage":"it-IT","potentialAction":[{"@type":"CommentAction","name":"Comment","target":["https:\/\/www.aslroma5.it\/vaccinazioni-anti-covid-19-over-80-domani-si-inizia-a-colleferro\/#respond"]}]},{"@type":"WebPage","@id":"https:\/\/www.aslroma5.it\/vaccinazioni-anti-covid-19-over-80-domani-si-inizia-a-colleferro\/","url":"https:\/\/www.aslroma5.it\/vaccinazioni-anti-covid-19-over-80-domani-si-inizia-a-colleferro\/","name":"Vaccinazioni ANTI COVID-19 Over 80 \u2022 Domani si inizia a Colleferro - ASL ROMA 5","isPartOf":{"@id":"https:\/\/www.aslroma5.it\/#website"},"primaryImageOfPage":{"@id":"https:\/\/www.aslroma5.it\/vaccinazioni-anti-covid-19-over-80-domani-si-inizia-a-colleferro\/#primaryimage"},"image":{"@id":"https:\/\/www.aslroma5.it\/vaccinazioni-anti-covid-19-over-80-domani-si-inizia-a-colleferro\/#primaryimage"},"thumbnailUrl":"https:\/\/www.aslroma5.it\/wp-content\/uploads\/2021\/02\/images_Documenti2021_Covid-19_vaccinazioni-over-80.jpg","datePublished":"2021-02-16T14:39:09+00:00","dateModified":"2021-06-03T07:48:33+00:00","breadcrumb":{"@id":"https:\/\/www.aslroma5.it\/vaccinazioni-anti-covid-19-over-80-domani-si-inizia-a-colleferro\/#breadcrumb"},"inLanguage":"it-IT","potentialAction":[{"@type":"ReadAction","target":["https:\/\/www.aslroma5.it\/vaccinazioni-anti-covid-19-over-80-domani-si-inizia-a-colleferro\/"]}]},{"@type":"ImageObject","inLanguage":"it-IT","@id":"https:\/\/www.aslroma5.it\/vaccinazioni-anti-covid-19-over-80-domani-si-inizia-a-colleferro\/#primaryimage","url":"https:\/\/www.aslroma5.it\/wp-content\/uploads\/2021\/02\/images_Documenti2021_Covid-19_vaccinazioni-over-80.jpg","contentUrl":"https:\/\/www.aslroma5.it\/wp-content\/uploads\/2021\/02\/images_Documenti2021_Covid-19_vaccinazioni-over-80.jpg","width":723,"height":431},{"@type":"BreadcrumbList","@id":"https:\/\/www.aslroma5.it\/vaccinazioni-anti-covid-19-over-80-domani-si-inizia-a-colleferro\/#breadcrumb","itemListElement":[{"@type":"ListItem","position":1,"name":"Home","item":"https:\/\/www.aslroma5.it\/"},{"@type":"ListItem","position":2,"name":"Vaccinazioni ANTI COVID-19 Over 80 \u2022 Domani si inizia a Colleferro"}]},{"@type":"WebSite","@id":"https:\/\/www.aslroma5.it\/#website","url":"https:\/\/www.aslroma5.it\/","name":"ASL ROMA 5","description":"","publisher":{"@id":"https:\/\/www.aslroma5.it\/#organization"},"potentialAction":[{"@type":"SearchAction","target":{"@type":"EntryPoint","urlTemplate":"https:\/\/www.aslroma5.it\/?s={search_term_string}"},"query-input":{"@type":"PropertyValueSpecification","valueRequired":true,"valueName":"search_term_string"}}],"inLanguage":"it-IT"},{"@type":"Organization","@id":"https:\/\/www.aslroma5.it\/#organization","name":"ASL ROMA 5","url":"https:\/\/www.aslroma5.it\/","logo":{"@type":"ImageObject","inLanguage":"it-IT","@id":"https:\/\/www.aslroma5.it\/#\/schema\/logo\/image\/","url":"https:\/\/www.aslroma5.it\/wp-content\/uploads\/2025\/07\/asl-roma5-logo-25.svg","contentUrl":"https:\/\/www.aslroma5.it\/wp-content\/uploads\/2025\/07\/asl-roma5-logo-25.svg","width":328,"height":112,"caption":"ASL ROMA 5"},"image":{"@id":"https:\/\/www.aslroma5.it\/#\/schema\/logo\/image\/"}},{"@type":"Person","@id":"https:\/\/www.aslroma5.it\/#\/schema\/person\/aae9591da64a4feb5cf19a10d69b634d","name":"dot4all","image":{"@type":"ImageObject","inLanguage":"it-IT","@id":"https:\/\/www.aslroma5.it\/#\/schema\/person\/image\/","url":"https:\/\/secure.gravatar.com\/avatar\/a228c250e89e00f48f7bae46b9a785bc5b3f509d86988952d9e01450e422a0cc?s=96&d=mm&r=g","contentUrl":"https:\/\/secure.gravatar.com\/avatar\/a228c250e89e00f48f7bae46b9a785bc5b3f509d86988952d9e01450e422a0cc?s=96&d=mm&r=g","caption":"dot4all"},"sameAs":["https:\/\/www.aslroma5.info\/new2021"]}]}},"publishpress_future_action":{"enabled":false,"date":"2026-05-08 11:53:08","action":"change-status","newStatus":"draft","terms":[],"taxonomy":"category","extraData":[]},"publishpress_future_workflow_manual_trigger":{"enabledWorkflows":[]},"_links":{"self":[{"href":"https:\/\/www.aslroma5.it\/api\/wp\/v2\/posts\/32124","targetHints":{"allow":["GET"]}}],"collection":[{"href":"https:\/\/www.aslroma5.it\/api\/wp\/v2\/posts"}],"about":[{"href":"https:\/\/www.aslroma5.it\/api\/wp\/v2\/types\/post"}],"author":[{"embeddable":true,"href":"https:\/\/www.aslroma5.it\/api\/wp\/v2\/users\/1"}],"replies":[{"embeddable":true,"href":"https:\/\/www.aslroma5.it\/api\/wp\/v2\/comments?post=32124"}],"version-history":[{"count":0,"href":"https:\/\/www.aslroma5.it\/api\/wp\/v2\/posts\/32124\/revisions"}],"wp:featuredmedia":[{"embeddable":true,"href":"https:\/\/www.aslroma5.it\/api\/wp\/v2\/media\/32123"}],"wp:attachment":[{"href":"https:\/\/www.aslroma5.it\/api\/wp\/v2\/media?parent=32124"}],"wp:term":[{"taxonomy":"category","embeddable":true,"href":"https:\/\/www.aslroma5.it\/api\/wp\/v2\/categories?post=32124"},{"taxonomy":"post_tag","embeddable":true,"href":"https:\/\/www.aslroma5.it\/api\/wp\/v2\/tags?post=32124"}],"curies":[{"name":"wp","href":"https:\/\/api.w.org\/{rel}","templated":true}]}}