{"id":35332,"date":"2021-03-02T10:28:14","date_gmt":"2021-03-02T09:28:14","guid":{"rendered":"https:\/\/www.aslroma5.info\/new2021\/vaccinazioni-anti-covid-19-aggiornamento\/"},"modified":"2023-03-14T15:31:08","modified_gmt":"2023-03-14T14:31:08","slug":"vaccinazioni-anti-covid-19-aggiornamento","status":"publish","type":"post","link":"https:\/\/www.aslroma5.it\/vaccinazioni-anti-covid-19-aggiornamento\/","title":{"rendered":"Vaccinazioni ANTI COVID-19 \u2013 AGGIORNAMENTO"},"content":{"rendered":"<p>Aggiornamento:<\/p>\n<ul>\n<li>DAL 4 MARZO &#8211; PRENOTAZIONI ONLINE PER VULNERABILI<\/li>\n<li>DAL 5\u00a0MARZO\u00a0PER OVER 70 ANNI<\/li>\n<li>DA 8 MARZO PER UNDER 65 ANNI<\/li>\n<\/ul>\n<p><strong>DA GIOVED\u00cc 4 MARZO\u00a0<\/strong>partiranno le prenotazioni per i soggetti\u00a0estremamente vulnerabili\u00a0(individuati dal piano strategico del Ministero della Salute).<\/p>\n<p>3 canali di presa in carico per agevolare il reclutamento<\/p>\n<ol>\n<li>attraverso le strutture dove sono in carico per le cure e le terapie;<\/li>\n<li>attraverso la prenotazione online su <a href=\"https:\/\/prenotavaccino-covid.regione.lazio.it\/welcome\" title=\"Https:\/\/prenotavaccino-covid.regione.lazio.it\/welcome\" target=\"_blank\" rel=\"noopener\">https:\/\/prenotavaccino-covid.regione.lazio.it\/welcome<\/a> che partir\u00e0 gioved\u00ec 4 marzo con i codici esenzione per patologia;<\/li>\n<li>attraverso i medici di medicina generale che venerd\u00ec scorso hanno sottoscritto l&#8217;addendum all&#8217;accordo sulle vaccinazioni covid19 con la Regione Lazio, anche per i soggetti vulnerabili, loro assistiti.<\/li>\n<\/ol>\n<p><strong>Prosegue intanto la prenotazione dei vaccini per classi di et\u00e0:<\/strong><\/p>\n<p><strong>DA VENERD\u00cc 5 MARZO\u00a0<\/strong>sar\u00e0 il turno delle classi d&#8217;et\u00e0 79 e 78 anni (nati nel 1942 e 1943) anche coloro che compiono gli anni nell\u2019anno solare. Per la prenotazione sar\u00e0 necessaria la sola tessera sanitaria.<\/p>\n<p><strong>DA LUNED\u00cc 8 MARZO<\/strong> sar\u00e0 possibile, oltre che dal proprio medico di medicina generale, prenotare anche per le classi d&#8217;et\u00e0 65 anni e 64 anni (nati 1956 e 1957). Per la prenotazione sar\u00e0 necessaria la sola tessera sanitaria.<\/p>\n<p>\u201cStante le dosi attualmente disponibili le prenotazioni potranno essere programmate anche dopo i 30 giorni\u201d.<\/p>\n<p>&nbsp;<\/p>\n<p>TUTTE LE INFO SU COME <a href=\"https:\/\/www.salutelazio.it\/vaccinazione-anti-covid-19-pazienti-estremamente-vulnerabili-popolazione-79-78-e-65-64-anni\" title=\"PRENOTARE IL VACCINO E CHI PU\u00c3\u0092 FARLO PER LE VULNERABILIT\u00c3\u0080, I CAREGIVER, GLI OVER 70 E GLI UNDER 65 ANNI\" target=\"_blank\" rel=\"noopener\">PRENOTARE IL VACCINO E CHI PU\u00d2 FARLO PER LE VULNERABILIT\u00c0, I CAREGIVER, GLI OVER 70 E GLI UNDER 65 ANNI<\/a><\/p>\n<p><em>Lo comunica l\u2019Unit\u00e0 di Crisi Covid-19 della Regione Lazio.<\/em><\/p>\n","protected":false},"excerpt":{"rendered":"<p>Aggiornamento: DAL 4 MARZO &#8211; PRENOTAZIONI ONLINE PER VULNERABILI DAL 5\u00a0MARZO\u00a0PER OVER 70 ANNI DA 8 MARZO PER UNDER 65 ANNI DA GIOVED\u00cc 4 MARZO\u00a0partiranno le prenotazioni per i soggetti\u00a0estremamente vulnerabili\u00a0(individuati dal piano strategico del Ministero della Salute). 3 canali di presa in carico per agevolare il reclutamento attraverso le strutture dove sono in carico&hellip;<\/p>\n","protected":false},"author":1,"featured_media":35331,"comment_status":"open","ping_status":"closed","sticky":false,"template":"","format":"standard","meta":{"_acf_changed":false,"inline_featured_image":false,"footnotes":""},"categories":[1816],"tags":[],"class_list":["post-35332","post","type-post","status-publish","format-standard","has-post-thumbnail","hentry","category-news","category-1816","description-off"],"acf":{"galleria":""},"yoast_head":"<!-- This site is optimized with the Yoast SEO plugin v25.5 - https:\/\/yoast.com\/wordpress\/plugins\/seo\/ -->\n<title>Vaccinazioni ANTI COVID-19 \u2013 AGGIORNAMENTO - ASL ROMA 5<\/title>\n<meta name=\"robots\" content=\"index, follow, max-snippet:-1, max-image-preview:large, max-video-preview:-1\" \/>\n<link rel=\"canonical\" href=\"https:\/\/www.aslroma5.it\/vaccinazioni-anti-covid-19-aggiornamento\/\" \/>\n<meta property=\"og:locale\" content=\"it_IT\" \/>\n<meta property=\"og:type\" content=\"article\" \/>\n<meta property=\"og:title\" content=\"Vaccinazioni ANTI COVID-19 \u2013 AGGIORNAMENTO - ASL ROMA 5\" \/>\n<meta property=\"og:description\" content=\"Aggiornamento: DAL 4 MARZO &#8211; PRENOTAZIONI ONLINE PER VULNERABILI DAL 5\u00a0MARZO\u00a0PER OVER 70 ANNI DA 8 MARZO PER UNDER 65 ANNI DA GIOVED\u00cc 4 MARZO\u00a0partiranno le prenotazioni per i soggetti\u00a0estremamente vulnerabili\u00a0(individuati dal piano strategico del Ministero della Salute). 3 canali di presa in carico per agevolare il reclutamento attraverso le strutture dove sono in carico&hellip;\" \/>\n<meta property=\"og:url\" content=\"https:\/\/www.aslroma5.it\/vaccinazioni-anti-covid-19-aggiornamento\/\" \/>\n<meta property=\"og:site_name\" content=\"ASL ROMA 5\" \/>\n<meta property=\"article:published_time\" content=\"2021-03-02T09:28:14+00:00\" \/>\n<meta property=\"article:modified_time\" content=\"2023-03-14T14:31:08+00:00\" \/>\n<meta property=\"og:image\" content=\"https:\/\/www.aslroma5.it\/wp-content\/uploads\/2021\/03\/images_Documenti2021_inforgrafica_vaccinazioni.jpg\" \/>\n\t<meta property=\"og:image:width\" content=\"800\" \/>\n\t<meta property=\"og:image:height\" content=\"2000\" \/>\n\t<meta property=\"og:image:type\" content=\"image\/jpeg\" \/>\n<meta name=\"author\" content=\"dot4all\" \/>\n<meta name=\"twitter:card\" content=\"summary_large_image\" \/>\n<meta name=\"twitter:label1\" content=\"Scritto da\" \/>\n\t<meta name=\"twitter:data1\" content=\"dot4all\" \/>\n\t<meta name=\"twitter:label2\" content=\"Tempo di lettura stimato\" \/>\n\t<meta name=\"twitter:data2\" content=\"2 minuti\" \/>\n<script type=\"application\/ld+json\" class=\"yoast-schema-graph\">{\"@context\":\"https:\/\/schema.org\",\"@graph\":[{\"@type\":\"Article\",\"@id\":\"https:\/\/www.aslroma5.it\/vaccinazioni-anti-covid-19-aggiornamento\/#article\",\"isPartOf\":{\"@id\":\"https:\/\/www.aslroma5.it\/vaccinazioni-anti-covid-19-aggiornamento\/\"},\"author\":{\"name\":\"dot4all\",\"@id\":\"https:\/\/www.aslroma5.it\/#\/schema\/person\/aae9591da64a4feb5cf19a10d69b634d\"},\"headline\":\"Vaccinazioni ANTI COVID-19 \u2013 AGGIORNAMENTO\",\"datePublished\":\"2021-03-02T09:28:14+00:00\",\"dateModified\":\"2023-03-14T14:31:08+00:00\",\"mainEntityOfPage\":{\"@id\":\"https:\/\/www.aslroma5.it\/vaccinazioni-anti-covid-19-aggiornamento\/\"},\"wordCount\":238,\"commentCount\":0,\"publisher\":{\"@id\":\"https:\/\/www.aslroma5.it\/#organization\"},\"image\":{\"@id\":\"https:\/\/www.aslroma5.it\/vaccinazioni-anti-covid-19-aggiornamento\/#primaryimage\"},\"thumbnailUrl\":\"https:\/\/www.aslroma5.it\/wp-content\/uploads\/2021\/03\/images_Documenti2021_inforgrafica_vaccinazioni.jpg\",\"articleSection\":[\"News\"],\"inLanguage\":\"it-IT\",\"potentialAction\":[{\"@type\":\"CommentAction\",\"name\":\"Comment\",\"target\":[\"https:\/\/www.aslroma5.it\/vaccinazioni-anti-covid-19-aggiornamento\/#respond\"]}]},{\"@type\":\"WebPage\",\"@id\":\"https:\/\/www.aslroma5.it\/vaccinazioni-anti-covid-19-aggiornamento\/\",\"url\":\"https:\/\/www.aslroma5.it\/vaccinazioni-anti-covid-19-aggiornamento\/\",\"name\":\"Vaccinazioni ANTI COVID-19 \u2013 AGGIORNAMENTO - ASL ROMA 5\",\"isPartOf\":{\"@id\":\"https:\/\/www.aslroma5.it\/#website\"},\"primaryImageOfPage\":{\"@id\":\"https:\/\/www.aslroma5.it\/vaccinazioni-anti-covid-19-aggiornamento\/#primaryimage\"},\"image\":{\"@id\":\"https:\/\/www.aslroma5.it\/vaccinazioni-anti-covid-19-aggiornamento\/#primaryimage\"},\"thumbnailUrl\":\"https:\/\/www.aslroma5.it\/wp-content\/uploads\/2021\/03\/images_Documenti2021_inforgrafica_vaccinazioni.jpg\",\"datePublished\":\"2021-03-02T09:28:14+00:00\",\"dateModified\":\"2023-03-14T14:31:08+00:00\",\"breadcrumb\":{\"@id\":\"https:\/\/www.aslroma5.it\/vaccinazioni-anti-covid-19-aggiornamento\/#breadcrumb\"},\"inLanguage\":\"it-IT\",\"potentialAction\":[{\"@type\":\"ReadAction\",\"target\":[\"https:\/\/www.aslroma5.it\/vaccinazioni-anti-covid-19-aggiornamento\/\"]}]},{\"@type\":\"ImageObject\",\"inLanguage\":\"it-IT\",\"@id\":\"https:\/\/www.aslroma5.it\/vaccinazioni-anti-covid-19-aggiornamento\/#primaryimage\",\"url\":\"https:\/\/www.aslroma5.it\/wp-content\/uploads\/2021\/03\/images_Documenti2021_inforgrafica_vaccinazioni.jpg\",\"contentUrl\":\"https:\/\/www.aslroma5.it\/wp-content\/uploads\/2021\/03\/images_Documenti2021_inforgrafica_vaccinazioni.jpg\",\"width\":800,\"height\":2000},{\"@type\":\"BreadcrumbList\",\"@id\":\"https:\/\/www.aslroma5.it\/vaccinazioni-anti-covid-19-aggiornamento\/#breadcrumb\",\"itemListElement\":[{\"@type\":\"ListItem\",\"position\":1,\"name\":\"Home\",\"item\":\"https:\/\/www.aslroma5.it\/\"},{\"@type\":\"ListItem\",\"position\":2,\"name\":\"Vaccinazioni ANTI COVID-19 \u2013 AGGIORNAMENTO\"}]},{\"@type\":\"WebSite\",\"@id\":\"https:\/\/www.aslroma5.it\/#website\",\"url\":\"https:\/\/www.aslroma5.it\/\",\"name\":\"ASL ROMA 5\",\"description\":\"\",\"publisher\":{\"@id\":\"https:\/\/www.aslroma5.it\/#organization\"},\"potentialAction\":[{\"@type\":\"SearchAction\",\"target\":{\"@type\":\"EntryPoint\",\"urlTemplate\":\"https:\/\/www.aslroma5.it\/?s={search_term_string}\"},\"query-input\":{\"@type\":\"PropertyValueSpecification\",\"valueRequired\":true,\"valueName\":\"search_term_string\"}}],\"inLanguage\":\"it-IT\"},{\"@type\":\"Organization\",\"@id\":\"https:\/\/www.aslroma5.it\/#organization\",\"name\":\"ASL ROMA 5\",\"url\":\"https:\/\/www.aslroma5.it\/\",\"logo\":{\"@type\":\"ImageObject\",\"inLanguage\":\"it-IT\",\"@id\":\"https:\/\/www.aslroma5.it\/#\/schema\/logo\/image\/\",\"url\":\"https:\/\/www.aslroma5.it\/wp-content\/uploads\/2025\/07\/asl-roma5-logo-25.svg\",\"contentUrl\":\"https:\/\/www.aslroma5.it\/wp-content\/uploads\/2025\/07\/asl-roma5-logo-25.svg\",\"width\":328,\"height\":112,\"caption\":\"ASL ROMA 5\"},\"image\":{\"@id\":\"https:\/\/www.aslroma5.it\/#\/schema\/logo\/image\/\"}},{\"@type\":\"Person\",\"@id\":\"https:\/\/www.aslroma5.it\/#\/schema\/person\/aae9591da64a4feb5cf19a10d69b634d\",\"name\":\"dot4all\",\"image\":{\"@type\":\"ImageObject\",\"inLanguage\":\"it-IT\",\"@id\":\"https:\/\/www.aslroma5.it\/#\/schema\/person\/image\/\",\"url\":\"https:\/\/secure.gravatar.com\/avatar\/a228c250e89e00f48f7bae46b9a785bc5b3f509d86988952d9e01450e422a0cc?s=96&d=mm&r=g\",\"contentUrl\":\"https:\/\/secure.gravatar.com\/avatar\/a228c250e89e00f48f7bae46b9a785bc5b3f509d86988952d9e01450e422a0cc?s=96&d=mm&r=g\",\"caption\":\"dot4all\"},\"sameAs\":[\"https:\/\/www.aslroma5.info\/new2021\"]}]}<\/script>\n<!-- \/ Yoast SEO plugin. -->","yoast_head_json":{"title":"Vaccinazioni ANTI COVID-19 \u2013 AGGIORNAMENTO - ASL ROMA 5","robots":{"index":"index","follow":"follow","max-snippet":"max-snippet:-1","max-image-preview":"max-image-preview:large","max-video-preview":"max-video-preview:-1"},"canonical":"https:\/\/www.aslroma5.it\/vaccinazioni-anti-covid-19-aggiornamento\/","og_locale":"it_IT","og_type":"article","og_title":"Vaccinazioni ANTI COVID-19 \u2013 AGGIORNAMENTO - ASL ROMA 5","og_description":"Aggiornamento: DAL 4 MARZO &#8211; PRENOTAZIONI ONLINE PER VULNERABILI DAL 5\u00a0MARZO\u00a0PER OVER 70 ANNI DA 8 MARZO PER UNDER 65 ANNI DA GIOVED\u00cc 4 MARZO\u00a0partiranno le prenotazioni per i soggetti\u00a0estremamente vulnerabili\u00a0(individuati dal piano strategico del Ministero della Salute). 3 canali di presa in carico per agevolare il reclutamento attraverso le strutture dove sono in carico&hellip;","og_url":"https:\/\/www.aslroma5.it\/vaccinazioni-anti-covid-19-aggiornamento\/","og_site_name":"ASL ROMA 5","article_published_time":"2021-03-02T09:28:14+00:00","article_modified_time":"2023-03-14T14:31:08+00:00","og_image":[{"width":800,"height":2000,"url":"https:\/\/www.aslroma5.it\/wp-content\/uploads\/2021\/03\/images_Documenti2021_inforgrafica_vaccinazioni.jpg","type":"image\/jpeg"}],"author":"dot4all","twitter_card":"summary_large_image","twitter_misc":{"Scritto da":"dot4all","Tempo di lettura stimato":"2 minuti"},"schema":{"@context":"https:\/\/schema.org","@graph":[{"@type":"Article","@id":"https:\/\/www.aslroma5.it\/vaccinazioni-anti-covid-19-aggiornamento\/#article","isPartOf":{"@id":"https:\/\/www.aslroma5.it\/vaccinazioni-anti-covid-19-aggiornamento\/"},"author":{"name":"dot4all","@id":"https:\/\/www.aslroma5.it\/#\/schema\/person\/aae9591da64a4feb5cf19a10d69b634d"},"headline":"Vaccinazioni ANTI COVID-19 \u2013 AGGIORNAMENTO","datePublished":"2021-03-02T09:28:14+00:00","dateModified":"2023-03-14T14:31:08+00:00","mainEntityOfPage":{"@id":"https:\/\/www.aslroma5.it\/vaccinazioni-anti-covid-19-aggiornamento\/"},"wordCount":238,"commentCount":0,"publisher":{"@id":"https:\/\/www.aslroma5.it\/#organization"},"image":{"@id":"https:\/\/www.aslroma5.it\/vaccinazioni-anti-covid-19-aggiornamento\/#primaryimage"},"thumbnailUrl":"https:\/\/www.aslroma5.it\/wp-content\/uploads\/2021\/03\/images_Documenti2021_inforgrafica_vaccinazioni.jpg","articleSection":["News"],"inLanguage":"it-IT","potentialAction":[{"@type":"CommentAction","name":"Comment","target":["https:\/\/www.aslroma5.it\/vaccinazioni-anti-covid-19-aggiornamento\/#respond"]}]},{"@type":"WebPage","@id":"https:\/\/www.aslroma5.it\/vaccinazioni-anti-covid-19-aggiornamento\/","url":"https:\/\/www.aslroma5.it\/vaccinazioni-anti-covid-19-aggiornamento\/","name":"Vaccinazioni ANTI COVID-19 \u2013 AGGIORNAMENTO - ASL ROMA 5","isPartOf":{"@id":"https:\/\/www.aslroma5.it\/#website"},"primaryImageOfPage":{"@id":"https:\/\/www.aslroma5.it\/vaccinazioni-anti-covid-19-aggiornamento\/#primaryimage"},"image":{"@id":"https:\/\/www.aslroma5.it\/vaccinazioni-anti-covid-19-aggiornamento\/#primaryimage"},"thumbnailUrl":"https:\/\/www.aslroma5.it\/wp-content\/uploads\/2021\/03\/images_Documenti2021_inforgrafica_vaccinazioni.jpg","datePublished":"2021-03-02T09:28:14+00:00","dateModified":"2023-03-14T14:31:08+00:00","breadcrumb":{"@id":"https:\/\/www.aslroma5.it\/vaccinazioni-anti-covid-19-aggiornamento\/#breadcrumb"},"inLanguage":"it-IT","potentialAction":[{"@type":"ReadAction","target":["https:\/\/www.aslroma5.it\/vaccinazioni-anti-covid-19-aggiornamento\/"]}]},{"@type":"ImageObject","inLanguage":"it-IT","@id":"https:\/\/www.aslroma5.it\/vaccinazioni-anti-covid-19-aggiornamento\/#primaryimage","url":"https:\/\/www.aslroma5.it\/wp-content\/uploads\/2021\/03\/images_Documenti2021_inforgrafica_vaccinazioni.jpg","contentUrl":"https:\/\/www.aslroma5.it\/wp-content\/uploads\/2021\/03\/images_Documenti2021_inforgrafica_vaccinazioni.jpg","width":800,"height":2000},{"@type":"BreadcrumbList","@id":"https:\/\/www.aslroma5.it\/vaccinazioni-anti-covid-19-aggiornamento\/#breadcrumb","itemListElement":[{"@type":"ListItem","position":1,"name":"Home","item":"https:\/\/www.aslroma5.it\/"},{"@type":"ListItem","position":2,"name":"Vaccinazioni ANTI COVID-19 \u2013 AGGIORNAMENTO"}]},{"@type":"WebSite","@id":"https:\/\/www.aslroma5.it\/#website","url":"https:\/\/www.aslroma5.it\/","name":"ASL ROMA 5","description":"","publisher":{"@id":"https:\/\/www.aslroma5.it\/#organization"},"potentialAction":[{"@type":"SearchAction","target":{"@type":"EntryPoint","urlTemplate":"https:\/\/www.aslroma5.it\/?s={search_term_string}"},"query-input":{"@type":"PropertyValueSpecification","valueRequired":true,"valueName":"search_term_string"}}],"inLanguage":"it-IT"},{"@type":"Organization","@id":"https:\/\/www.aslroma5.it\/#organization","name":"ASL ROMA 5","url":"https:\/\/www.aslroma5.it\/","logo":{"@type":"ImageObject","inLanguage":"it-IT","@id":"https:\/\/www.aslroma5.it\/#\/schema\/logo\/image\/","url":"https:\/\/www.aslroma5.it\/wp-content\/uploads\/2025\/07\/asl-roma5-logo-25.svg","contentUrl":"https:\/\/www.aslroma5.it\/wp-content\/uploads\/2025\/07\/asl-roma5-logo-25.svg","width":328,"height":112,"caption":"ASL ROMA 5"},"image":{"@id":"https:\/\/www.aslroma5.it\/#\/schema\/logo\/image\/"}},{"@type":"Person","@id":"https:\/\/www.aslroma5.it\/#\/schema\/person\/aae9591da64a4feb5cf19a10d69b634d","name":"dot4all","image":{"@type":"ImageObject","inLanguage":"it-IT","@id":"https:\/\/www.aslroma5.it\/#\/schema\/person\/image\/","url":"https:\/\/secure.gravatar.com\/avatar\/a228c250e89e00f48f7bae46b9a785bc5b3f509d86988952d9e01450e422a0cc?s=96&d=mm&r=g","contentUrl":"https:\/\/secure.gravatar.com\/avatar\/a228c250e89e00f48f7bae46b9a785bc5b3f509d86988952d9e01450e422a0cc?s=96&d=mm&r=g","caption":"dot4all"},"sameAs":["https:\/\/www.aslroma5.info\/new2021"]}]}},"publishpress_future_action":{"enabled":false,"date":"2026-05-08 06:01:14","action":"change-status","newStatus":"draft","terms":[],"taxonomy":"category","extraData":[]},"publishpress_future_workflow_manual_trigger":{"enabledWorkflows":[]},"_links":{"self":[{"href":"https:\/\/www.aslroma5.it\/api\/wp\/v2\/posts\/35332","targetHints":{"allow":["GET"]}}],"collection":[{"href":"https:\/\/www.aslroma5.it\/api\/wp\/v2\/posts"}],"about":[{"href":"https:\/\/www.aslroma5.it\/api\/wp\/v2\/types\/post"}],"author":[{"embeddable":true,"href":"https:\/\/www.aslroma5.it\/api\/wp\/v2\/users\/1"}],"replies":[{"embeddable":true,"href":"https:\/\/www.aslroma5.it\/api\/wp\/v2\/comments?post=35332"}],"version-history":[{"count":0,"href":"https:\/\/www.aslroma5.it\/api\/wp\/v2\/posts\/35332\/revisions"}],"wp:featuredmedia":[{"embeddable":true,"href":"https:\/\/www.aslroma5.it\/api\/wp\/v2\/media\/35331"}],"wp:attachment":[{"href":"https:\/\/www.aslroma5.it\/api\/wp\/v2\/media?parent=35332"}],"wp:term":[{"taxonomy":"category","embeddable":true,"href":"https:\/\/www.aslroma5.it\/api\/wp\/v2\/categories?post=35332"},{"taxonomy":"post_tag","embeddable":true,"href":"https:\/\/www.aslroma5.it\/api\/wp\/v2\/tags?post=35332"}],"curies":[{"name":"wp","href":"https:\/\/api.w.org\/{rel}","templated":true}]}}