{"id":41782,"date":"2021-06-04T13:11:12","date_gmt":"2021-06-04T11:11:12","guid":{"rendered":"https:\/\/www.aslroma5.info\/new2021\/ringraziamenti-per-3-piano-medicina-covid\/"},"modified":"2021-06-04T13:11:12","modified_gmt":"2021-06-04T11:11:12","slug":"ringraziamenti-per-3-piano-medicina-covid","status":"publish","type":"post","link":"https:\/\/www.aslroma5.it\/ringraziamenti-per-3-piano-medicina-covid\/","title":{"rendered":"Ringraziamenti per 3 piano medicina covid"},"content":{"rendered":"<div style=\"color: #000000; font-family: arial, helvetica, sans-serif; font-size: 16px; font-style: normal; font-weight: 400; letter-spacing: normal; orphans: 2; text-align: start; text-indent: 0px; text-transform: none; white-space: normal; widows: 2; word-spacing: 0px; background-color: #ffffff;\">Buongiorno,<\/div>\n<div style=\"color: #000000; font-family: arial, helvetica, sans-serif; font-size: 16px; font-style: normal; font-weight: 400; letter-spacing: normal; orphans: 2; text-align: start; text-indent: 0px; text-transform: none; white-space: normal; widows: 2; word-spacing: 0px; background-color: #ffffff;\">Con la presente volevo ringraziare tutto il 3\u00b0 piano di medicina covid in particolare l&#8217;ex ortopedia.<\/div>\n<div style=\"color: #000000; font-family: arial, helvetica, sans-serif; font-size: 16px; font-style: normal; font-weight: 400; letter-spacing: normal; orphans: 2; text-align: start; text-indent: 0px; text-transform: none; white-space: normal; widows: 2; word-spacing: 0px; background-color: #ffffff;\">Sono stata ricoverata dal 10 al 28 maggio.<\/div>\n<div style=\"color: #000000; font-family: arial, helvetica, sans-serif; font-size: 16px; font-style: normal; font-weight: 400; letter-spacing: normal; orphans: 2; text-align: start; text-indent: 0px; text-transform: none; white-space: normal; widows: 2; word-spacing: 0px; background-color: #ffffff;\">Devo fare un plauso ai medici per la loro cordialit\u00e0, disponibilit\u00e0 e professionalit\u00e0. Molto attenti e premurosi, ad ogni accenno di mio malessere hanno subito proceduto all&#8221; indagine con tac, ecografie, analisi. Mi hanno curato veramente.<\/div>\n<div style=\"color: #000000; font-family: arial, helvetica, sans-serif; font-size: 16px; font-style: normal; font-weight: 400; letter-spacing: normal; orphans: 2; text-align: start; text-indent: 0px; text-transform: none; white-space: normal; widows: 2; word-spacing: 0px; background-color: #ffffff;\">Un ringraziamento a tutto il gruppo di infermieri e di oss costretti a lavorare in condizioni davvero impensabili con le tute che rendono difficile qualsiasi gesto, anche il semplice mettere un cerotto. Una tuta che non ci permette neanche di riconoscerli. Ragazzi grazie per tutto quello che fate.<\/div>\n<div style=\"color: #000000; font-family: arial, helvetica, sans-serif; font-size: 16px; font-style: normal; font-weight: 400; letter-spacing: normal; orphans: 2; text-align: start; text-indent: 0px; text-transform: none; white-space: normal; widows: 2; word-spacing: 0px; background-color: #ffffff;\">Nel mio cuore rimarr\u00e0 Giulia che impersonifica la parola OSS, Claudio per la sua cordialit\u00e0 e disponibilt\u00e0 a qui devo la mia prima doccia, Eduardo per la dolcezza e disponibilit\u00e0, Manuel mani di fata, Tiziano per la sua giovent\u00f9. Ma non da meno tutti gli altri per la loro professionalut\u00e0 anche se devo dire che qualcuno il vostro lavoro lo fa solo x lavoro e non x missione. <\/p>\n<div style=\"color: #000000; font-family: arial, helvetica, sans-serif; font-size: 16px; font-style: normal; font-weight: 400; letter-spacing: normal; orphans: 2; text-align: start; text-indent: 0px; text-transform: none; white-space: normal; widows: 2; word-spacing: 0px; background-color: #ffffff;\">Ma il mondo \u00e8 bello perch\u00e8 \u00e8 vario&#8230; <\/p>\n<div style=\"color: #000000; font-family: arial, helvetica, sans-serif; font-size: 16px; font-style: normal; font-weight: 400; letter-spacing: normal; orphans: 2; text-align: start; text-indent: 0px; text-transform: none; white-space: normal; widows: 2; word-spacing: 0px; background-color: #ffffff;\">GRAZIE A TUTTI!<\/div>\n<\/p><\/div>\n<\/p><\/div>\n<div style=\"color: #000000; font-family: arial, helvetica, sans-serif; font-size: 16px; font-style: normal; font-weight: 400; letter-spacing: normal; orphans: 2; text-align: start; text-indent: 0px; text-transform: none; white-space: normal; widows: 2; word-spacing: 0px; background-color: #ffffff;\">&nbsp;<\/div>\n<div style=\"color: #000000; font-family: arial, helvetica, sans-serif; font-size: 16px; font-style: normal; font-weight: 400; letter-spacing: normal; orphans: 2; text-align: start; text-indent: 0px; text-transform: none; white-space: normal; widows: 2; word-spacing: 0px; background-color: #ffffff;\">Cordiali saluti<\/div>\n<div style=\"color: #000000; font-family: arial, helvetica, sans-serif; font-size: 16px; font-style: normal; font-weight: 400; letter-spacing: normal; orphans: 2; text-align: start; text-indent: 0px; text-transform: none; white-space: normal; widows: 2; word-spacing: 0px; background-color: #ffffff;\">&nbsp;<\/div>\n<div style=\"color: #000000; font-family: arial, helvetica, sans-serif; font-size: 16px; font-style: normal; font-weight: 400; letter-spacing: normal; orphans: 2; text-align: start; text-indent: 0px; text-transform: none; white-space: normal; widows: 2; word-spacing: 0px; background-color: #ffffff;\">Laura<\/div>\n","protected":false},"excerpt":{"rendered":"<p>Buongiorno, Con la presente volevo ringraziare tutto il 3\u00b0 piano di medicina covid in particolare l&#8217;ex ortopedia. Sono stata ricoverata dal 10 al 28 maggio. Devo fare un plauso ai medici per la loro cordialit\u00e0, disponibilit\u00e0 e professionalit\u00e0. Molto attenti e premurosi, ad ogni accenno di mio malessere hanno subito proceduto all&#8221; indagine con tac,&hellip;<\/p>\n","protected":false},"author":1,"featured_media":0,"comment_status":"open","ping_status":"closed","sticky":false,"template":"","format":"standard","meta":{"_acf_changed":false,"inline_featured_image":false,"footnotes":""},"categories":[1816],"tags":[],"class_list":["post-41782","post","type-post","status-publish","format-standard","hentry","category-news","category-1816","description-off"],"acf":{"galleria":null},"yoast_head":"<!-- This site is optimized with the Yoast SEO plugin v25.5 - https:\/\/yoast.com\/wordpress\/plugins\/seo\/ -->\n<title>Ringraziamenti per 3 piano medicina covid - ASL ROMA 5<\/title>\n<meta name=\"robots\" content=\"index, follow, max-snippet:-1, max-image-preview:large, max-video-preview:-1\" \/>\n<link rel=\"canonical\" href=\"https:\/\/www.aslroma5.it\/ringraziamenti-per-3-piano-medicina-covid\/\" \/>\n<meta property=\"og:locale\" content=\"it_IT\" \/>\n<meta property=\"og:type\" content=\"article\" \/>\n<meta property=\"og:title\" content=\"Ringraziamenti per 3 piano medicina covid - ASL ROMA 5\" \/>\n<meta property=\"og:description\" content=\"Buongiorno, Con la presente volevo ringraziare tutto il 3\u00b0 piano di medicina covid in particolare l&#8217;ex ortopedia. Sono stata ricoverata dal 10 al 28 maggio. Devo fare un plauso ai medici per la loro cordialit\u00e0, disponibilit\u00e0 e professionalit\u00e0. Molto attenti e premurosi, ad ogni accenno di mio malessere hanno subito proceduto all&#8221; indagine con tac,&hellip;\" \/>\n<meta property=\"og:url\" content=\"https:\/\/www.aslroma5.it\/ringraziamenti-per-3-piano-medicina-covid\/\" \/>\n<meta property=\"og:site_name\" content=\"ASL ROMA 5\" \/>\n<meta property=\"article:published_time\" content=\"2021-06-04T11:11:12+00:00\" \/>\n<meta name=\"author\" content=\"dot4all\" \/>\n<meta name=\"twitter:card\" content=\"summary_large_image\" \/>\n<meta name=\"twitter:label1\" content=\"Scritto da\" \/>\n\t<meta name=\"twitter:data1\" content=\"dot4all\" \/>\n\t<meta name=\"twitter:label2\" content=\"Tempo di lettura stimato\" \/>\n\t<meta name=\"twitter:data2\" content=\"1 minuto\" \/>\n<script type=\"application\/ld+json\" class=\"yoast-schema-graph\">{\"@context\":\"https:\/\/schema.org\",\"@graph\":[{\"@type\":\"Article\",\"@id\":\"https:\/\/www.aslroma5.it\/ringraziamenti-per-3-piano-medicina-covid\/#article\",\"isPartOf\":{\"@id\":\"https:\/\/www.aslroma5.it\/ringraziamenti-per-3-piano-medicina-covid\/\"},\"author\":{\"name\":\"dot4all\",\"@id\":\"https:\/\/www.aslroma5.it\/#\/schema\/person\/aae9591da64a4feb5cf19a10d69b634d\"},\"headline\":\"Ringraziamenti per 3 piano medicina covid\",\"datePublished\":\"2021-06-04T11:11:12+00:00\",\"mainEntityOfPage\":{\"@id\":\"https:\/\/www.aslroma5.it\/ringraziamenti-per-3-piano-medicina-covid\/\"},\"wordCount\":194,\"commentCount\":0,\"publisher\":{\"@id\":\"https:\/\/www.aslroma5.it\/#organization\"},\"articleSection\":[\"News\"],\"inLanguage\":\"it-IT\",\"potentialAction\":[{\"@type\":\"CommentAction\",\"name\":\"Comment\",\"target\":[\"https:\/\/www.aslroma5.it\/ringraziamenti-per-3-piano-medicina-covid\/#respond\"]}]},{\"@type\":\"WebPage\",\"@id\":\"https:\/\/www.aslroma5.it\/ringraziamenti-per-3-piano-medicina-covid\/\",\"url\":\"https:\/\/www.aslroma5.it\/ringraziamenti-per-3-piano-medicina-covid\/\",\"name\":\"Ringraziamenti per 3 piano medicina covid - ASL ROMA 5\",\"isPartOf\":{\"@id\":\"https:\/\/www.aslroma5.it\/#website\"},\"datePublished\":\"2021-06-04T11:11:12+00:00\",\"breadcrumb\":{\"@id\":\"https:\/\/www.aslroma5.it\/ringraziamenti-per-3-piano-medicina-covid\/#breadcrumb\"},\"inLanguage\":\"it-IT\",\"potentialAction\":[{\"@type\":\"ReadAction\",\"target\":[\"https:\/\/www.aslroma5.it\/ringraziamenti-per-3-piano-medicina-covid\/\"]}]},{\"@type\":\"BreadcrumbList\",\"@id\":\"https:\/\/www.aslroma5.it\/ringraziamenti-per-3-piano-medicina-covid\/#breadcrumb\",\"itemListElement\":[{\"@type\":\"ListItem\",\"position\":1,\"name\":\"Home\",\"item\":\"https:\/\/www.aslroma5.it\/\"},{\"@type\":\"ListItem\",\"position\":2,\"name\":\"Ringraziamenti per 3 piano medicina covid\"}]},{\"@type\":\"WebSite\",\"@id\":\"https:\/\/www.aslroma5.it\/#website\",\"url\":\"https:\/\/www.aslroma5.it\/\",\"name\":\"ASL ROMA 5\",\"description\":\"\",\"publisher\":{\"@id\":\"https:\/\/www.aslroma5.it\/#organization\"},\"potentialAction\":[{\"@type\":\"SearchAction\",\"target\":{\"@type\":\"EntryPoint\",\"urlTemplate\":\"https:\/\/www.aslroma5.it\/?s={search_term_string}\"},\"query-input\":{\"@type\":\"PropertyValueSpecification\",\"valueRequired\":true,\"valueName\":\"search_term_string\"}}],\"inLanguage\":\"it-IT\"},{\"@type\":\"Organization\",\"@id\":\"https:\/\/www.aslroma5.it\/#organization\",\"name\":\"ASL ROMA 5\",\"url\":\"https:\/\/www.aslroma5.it\/\",\"logo\":{\"@type\":\"ImageObject\",\"inLanguage\":\"it-IT\",\"@id\":\"https:\/\/www.aslroma5.it\/#\/schema\/logo\/image\/\",\"url\":\"https:\/\/www.aslroma5.it\/wp-content\/uploads\/2025\/07\/asl-roma5-logo-25.svg\",\"contentUrl\":\"https:\/\/www.aslroma5.it\/wp-content\/uploads\/2025\/07\/asl-roma5-logo-25.svg\",\"width\":328,\"height\":112,\"caption\":\"ASL ROMA 5\"},\"image\":{\"@id\":\"https:\/\/www.aslroma5.it\/#\/schema\/logo\/image\/\"}},{\"@type\":\"Person\",\"@id\":\"https:\/\/www.aslroma5.it\/#\/schema\/person\/aae9591da64a4feb5cf19a10d69b634d\",\"name\":\"dot4all\",\"image\":{\"@type\":\"ImageObject\",\"inLanguage\":\"it-IT\",\"@id\":\"https:\/\/www.aslroma5.it\/#\/schema\/person\/image\/\",\"url\":\"https:\/\/secure.gravatar.com\/avatar\/a228c250e89e00f48f7bae46b9a785bc5b3f509d86988952d9e01450e422a0cc?s=96&d=mm&r=g\",\"contentUrl\":\"https:\/\/secure.gravatar.com\/avatar\/a228c250e89e00f48f7bae46b9a785bc5b3f509d86988952d9e01450e422a0cc?s=96&d=mm&r=g\",\"caption\":\"dot4all\"},\"sameAs\":[\"https:\/\/www.aslroma5.info\/new2021\"]}]}<\/script>\n<!-- \/ Yoast SEO plugin. -->","yoast_head_json":{"title":"Ringraziamenti per 3 piano medicina covid - ASL ROMA 5","robots":{"index":"index","follow":"follow","max-snippet":"max-snippet:-1","max-image-preview":"max-image-preview:large","max-video-preview":"max-video-preview:-1"},"canonical":"https:\/\/www.aslroma5.it\/ringraziamenti-per-3-piano-medicina-covid\/","og_locale":"it_IT","og_type":"article","og_title":"Ringraziamenti per 3 piano medicina covid - ASL ROMA 5","og_description":"Buongiorno, Con la presente volevo ringraziare tutto il 3\u00b0 piano di medicina covid in particolare l&#8217;ex ortopedia. Sono stata ricoverata dal 10 al 28 maggio. Devo fare un plauso ai medici per la loro cordialit\u00e0, disponibilit\u00e0 e professionalit\u00e0. Molto attenti e premurosi, ad ogni accenno di mio malessere hanno subito proceduto all&#8221; indagine con tac,&hellip;","og_url":"https:\/\/www.aslroma5.it\/ringraziamenti-per-3-piano-medicina-covid\/","og_site_name":"ASL ROMA 5","article_published_time":"2021-06-04T11:11:12+00:00","author":"dot4all","twitter_card":"summary_large_image","twitter_misc":{"Scritto da":"dot4all","Tempo di lettura stimato":"1 minuto"},"schema":{"@context":"https:\/\/schema.org","@graph":[{"@type":"Article","@id":"https:\/\/www.aslroma5.it\/ringraziamenti-per-3-piano-medicina-covid\/#article","isPartOf":{"@id":"https:\/\/www.aslroma5.it\/ringraziamenti-per-3-piano-medicina-covid\/"},"author":{"name":"dot4all","@id":"https:\/\/www.aslroma5.it\/#\/schema\/person\/aae9591da64a4feb5cf19a10d69b634d"},"headline":"Ringraziamenti per 3 piano medicina covid","datePublished":"2021-06-04T11:11:12+00:00","mainEntityOfPage":{"@id":"https:\/\/www.aslroma5.it\/ringraziamenti-per-3-piano-medicina-covid\/"},"wordCount":194,"commentCount":0,"publisher":{"@id":"https:\/\/www.aslroma5.it\/#organization"},"articleSection":["News"],"inLanguage":"it-IT","potentialAction":[{"@type":"CommentAction","name":"Comment","target":["https:\/\/www.aslroma5.it\/ringraziamenti-per-3-piano-medicina-covid\/#respond"]}]},{"@type":"WebPage","@id":"https:\/\/www.aslroma5.it\/ringraziamenti-per-3-piano-medicina-covid\/","url":"https:\/\/www.aslroma5.it\/ringraziamenti-per-3-piano-medicina-covid\/","name":"Ringraziamenti per 3 piano medicina covid - ASL ROMA 5","isPartOf":{"@id":"https:\/\/www.aslroma5.it\/#website"},"datePublished":"2021-06-04T11:11:12+00:00","breadcrumb":{"@id":"https:\/\/www.aslroma5.it\/ringraziamenti-per-3-piano-medicina-covid\/#breadcrumb"},"inLanguage":"it-IT","potentialAction":[{"@type":"ReadAction","target":["https:\/\/www.aslroma5.it\/ringraziamenti-per-3-piano-medicina-covid\/"]}]},{"@type":"BreadcrumbList","@id":"https:\/\/www.aslroma5.it\/ringraziamenti-per-3-piano-medicina-covid\/#breadcrumb","itemListElement":[{"@type":"ListItem","position":1,"name":"Home","item":"https:\/\/www.aslroma5.it\/"},{"@type":"ListItem","position":2,"name":"Ringraziamenti per 3 piano medicina covid"}]},{"@type":"WebSite","@id":"https:\/\/www.aslroma5.it\/#website","url":"https:\/\/www.aslroma5.it\/","name":"ASL ROMA 5","description":"","publisher":{"@id":"https:\/\/www.aslroma5.it\/#organization"},"potentialAction":[{"@type":"SearchAction","target":{"@type":"EntryPoint","urlTemplate":"https:\/\/www.aslroma5.it\/?s={search_term_string}"},"query-input":{"@type":"PropertyValueSpecification","valueRequired":true,"valueName":"search_term_string"}}],"inLanguage":"it-IT"},{"@type":"Organization","@id":"https:\/\/www.aslroma5.it\/#organization","name":"ASL ROMA 5","url":"https:\/\/www.aslroma5.it\/","logo":{"@type":"ImageObject","inLanguage":"it-IT","@id":"https:\/\/www.aslroma5.it\/#\/schema\/logo\/image\/","url":"https:\/\/www.aslroma5.it\/wp-content\/uploads\/2025\/07\/asl-roma5-logo-25.svg","contentUrl":"https:\/\/www.aslroma5.it\/wp-content\/uploads\/2025\/07\/asl-roma5-logo-25.svg","width":328,"height":112,"caption":"ASL ROMA 5"},"image":{"@id":"https:\/\/www.aslroma5.it\/#\/schema\/logo\/image\/"}},{"@type":"Person","@id":"https:\/\/www.aslroma5.it\/#\/schema\/person\/aae9591da64a4feb5cf19a10d69b634d","name":"dot4all","image":{"@type":"ImageObject","inLanguage":"it-IT","@id":"https:\/\/www.aslroma5.it\/#\/schema\/person\/image\/","url":"https:\/\/secure.gravatar.com\/avatar\/a228c250e89e00f48f7bae46b9a785bc5b3f509d86988952d9e01450e422a0cc?s=96&d=mm&r=g","contentUrl":"https:\/\/secure.gravatar.com\/avatar\/a228c250e89e00f48f7bae46b9a785bc5b3f509d86988952d9e01450e422a0cc?s=96&d=mm&r=g","caption":"dot4all"},"sameAs":["https:\/\/www.aslroma5.info\/new2021"]}]}},"publishpress_future_action":{"enabled":false,"date":"2026-05-09 14:57:50","action":"change-status","newStatus":"draft","terms":[],"taxonomy":"category","extraData":[]},"publishpress_future_workflow_manual_trigger":{"enabledWorkflows":[]},"_links":{"self":[{"href":"https:\/\/www.aslroma5.it\/api\/wp\/v2\/posts\/41782","targetHints":{"allow":["GET"]}}],"collection":[{"href":"https:\/\/www.aslroma5.it\/api\/wp\/v2\/posts"}],"about":[{"href":"https:\/\/www.aslroma5.it\/api\/wp\/v2\/types\/post"}],"author":[{"embeddable":true,"href":"https:\/\/www.aslroma5.it\/api\/wp\/v2\/users\/1"}],"replies":[{"embeddable":true,"href":"https:\/\/www.aslroma5.it\/api\/wp\/v2\/comments?post=41782"}],"version-history":[{"count":0,"href":"https:\/\/www.aslroma5.it\/api\/wp\/v2\/posts\/41782\/revisions"}],"wp:attachment":[{"href":"https:\/\/www.aslroma5.it\/api\/wp\/v2\/media?parent=41782"}],"wp:term":[{"taxonomy":"category","embeddable":true,"href":"https:\/\/www.aslroma5.it\/api\/wp\/v2\/categories?post=41782"},{"taxonomy":"post_tag","embeddable":true,"href":"https:\/\/www.aslroma5.it\/api\/wp\/v2\/tags?post=41782"}],"curies":[{"name":"wp","href":"https:\/\/api.w.org\/{rel}","templated":true}]}}