{"id":41796,"date":"2021-06-13T22:17:13","date_gmt":"2021-06-13T20:17:13","guid":{"rendered":"https:\/\/www.aslroma5.info\/new2021\/coronavirus-open-day-junior-12-16-anni-grande-risposta-delle-famiglie-e-dei-pediatri-di-libera-scelta\/"},"modified":"2021-06-13T22:17:13","modified_gmt":"2021-06-13T20:17:13","slug":"coronavirus-open-day-junior-12-16-anni-grande-risposta-delle-famiglie-e-dei-pediatri-di-libera-scelta","status":"publish","type":"post","link":"https:\/\/www.aslroma5.it\/coronavirus-open-day-junior-12-16-anni-grande-risposta-delle-famiglie-e-dei-pediatri-di-libera-scelta\/","title":{"rendered":"CORONAVIRUS: OPEN DAY JUNIOR 12-16 ANNI, GRANDE RISPOSTA DELLE FAMIGLIE E DEI PEDIATRI DI LIBERA SCELTA"},"content":{"rendered":"<\/p>\n<p>Massiccia adesione all\u2019Open Day Junior vaccinale predisposto dalla Regione Lazio per i ragazzi tra i 12 e i 16 anni che hanno ricevuto la prima somministrazione Pfizer:&nbsp;<b>in due giorni quasi 1600 giovanissimi.<\/b><\/p>\n<p class=\"p1\">Nella prima giornata dedicata,&nbsp;sabato&nbsp;12 giugno,&nbsp;le somministrazioni nei centri attivati dalla ASL Roma 5&nbsp;sono state circa 800 : 229 a Tivoli, 228 a Colleferro, 116 a Mentana e 215 a Palombara Sabina.&nbsp;Oggi&nbsp;i numeri sono stati altrettanto considerevoli:&nbsp; 276 a Tivoli, 214 a Mentana e oltre 280 a Colleferro.<\/p>\n<p class=\"p1\">\u201c<em>Il primo ringraziamento<\/em> \u2013 dice il Direttore generale della ASL Roma 5, Giorgio Giulio&nbsp;<b>Santonocito<\/b>&nbsp;\u2013 v<em>a ai ragazzi, ai loro genitori non solo per la responsabilit\u00e0 ma anche per il grande entusiasmo mostrato. Altrettanti ringraziamenti vanno ai pediatri di libera scelta che hanno aderito, a tutte le squadre di operatori, ognuno per propria competenza, dall\u2019amministrativo, al sanitario passando per la vigilanza e le persone che si occupano dell\u2019igiene e della sanificazione, che veramente in ogni occasione dimostrano passione, professionalit\u00e0 e abnegazione. \u00c8 stato impegnativo ma i risultati ci hanno ripagato del grande sforzo. \u00c8 una battaglia che dobbiamo continuare a combattere tutti insieme<\/em>\u201d.<\/p>\n<p><img fetchpriority=\"high\" decoding=\"async\" class=\" size-full wp-image-41795\" src=\"https:\/\/www.aslroma5.it\/wp-content\/uploads\/2021\/06\/images_Documenti2021_open_day_junior.jpg\" alt=\"open day junior\" width=\"300\" height=\"379\" style=\"margin-top: 10px;\" srcset=\"https:\/\/www.aslroma5.it\/wp-content\/uploads\/2021\/06\/images_Documenti2021_open_day_junior.jpg 564w, https:\/\/www.aslroma5.it\/wp-content\/uploads\/2021\/06\/images_Documenti2021_open_day_junior-237x300.jpg 237w\" sizes=\"(max-width: 300px) 100vw, 300px\" \/><\/p>\n","protected":false},"excerpt":{"rendered":"<p>Massiccia adesione all\u2019Open Day Junior vaccinale predisposto dalla Regione Lazio per i ragazzi tra i 12 e i 16 anni che hanno ricevuto la prima somministrazione Pfizer:&nbsp;in due giorni quasi 1600 giovanissimi. Nella prima giornata dedicata,&nbsp;sabato&nbsp;12 giugno,&nbsp;le somministrazioni nei centri attivati dalla ASL Roma 5&nbsp;sono state circa 800 : 229 a Tivoli, 228 a Colleferro,&hellip;<\/p>\n","protected":false},"author":1,"featured_media":41794,"comment_status":"open","ping_status":"closed","sticky":false,"template":"","format":"standard","meta":{"_acf_changed":false,"inline_featured_image":false,"footnotes":""},"categories":[1816],"tags":[],"class_list":["post-41796","post","type-post","status-publish","format-standard","has-post-thumbnail","hentry","category-news","category-1816","description-off"],"acf":{"galleria":null},"yoast_head":"<!-- This site is optimized with the Yoast SEO plugin v25.5 - https:\/\/yoast.com\/wordpress\/plugins\/seo\/ -->\n<title>CORONAVIRUS: OPEN DAY JUNIOR 12-16 ANNI, GRANDE RISPOSTA DELLE FAMIGLIE E DEI PEDIATRI DI LIBERA SCELTA - ASL ROMA 5<\/title>\n<meta name=\"robots\" content=\"index, follow, max-snippet:-1, max-image-preview:large, max-video-preview:-1\" \/>\n<link rel=\"canonical\" href=\"https:\/\/www.aslroma5.it\/coronavirus-open-day-junior-12-16-anni-grande-risposta-delle-famiglie-e-dei-pediatri-di-libera-scelta\/\" \/>\n<meta property=\"og:locale\" content=\"it_IT\" \/>\n<meta property=\"og:type\" content=\"article\" \/>\n<meta property=\"og:title\" content=\"CORONAVIRUS: OPEN DAY JUNIOR 12-16 ANNI, GRANDE RISPOSTA DELLE FAMIGLIE E DEI PEDIATRI DI LIBERA SCELTA - ASL ROMA 5\" \/>\n<meta property=\"og:description\" content=\"Massiccia adesione all\u2019Open Day Junior vaccinale predisposto dalla Regione Lazio per i ragazzi tra i 12 e i 16 anni che hanno ricevuto la prima somministrazione Pfizer:&nbsp;in due giorni quasi 1600 giovanissimi. Nella prima giornata dedicata,&nbsp;sabato&nbsp;12 giugno,&nbsp;le somministrazioni nei centri attivati dalla ASL Roma 5&nbsp;sono state circa 800 : 229 a Tivoli, 228 a Colleferro,&hellip;\" \/>\n<meta property=\"og:url\" content=\"https:\/\/www.aslroma5.it\/coronavirus-open-day-junior-12-16-anni-grande-risposta-delle-famiglie-e-dei-pediatri-di-libera-scelta\/\" \/>\n<meta property=\"og:site_name\" content=\"ASL ROMA 5\" \/>\n<meta property=\"article:published_time\" content=\"2021-06-13T20:17:13+00:00\" \/>\n<meta property=\"og:image\" content=\"https:\/\/www.aslroma5.it\/wp-content\/uploads\/2021\/06\/images_Documenti2021_open_day_junior_2.jpg\" \/>\n\t<meta property=\"og:image:width\" content=\"1600\" \/>\n\t<meta property=\"og:image:height\" content=\"1200\" \/>\n\t<meta property=\"og:image:type\" content=\"image\/jpeg\" \/>\n<meta name=\"author\" content=\"dot4all\" \/>\n<meta name=\"twitter:card\" content=\"summary_large_image\" \/>\n<meta name=\"twitter:label1\" content=\"Scritto da\" \/>\n\t<meta name=\"twitter:data1\" content=\"dot4all\" \/>\n\t<meta name=\"twitter:label2\" content=\"Tempo di lettura stimato\" \/>\n\t<meta name=\"twitter:data2\" content=\"1 minuto\" \/>\n<script type=\"application\/ld+json\" class=\"yoast-schema-graph\">{\"@context\":\"https:\/\/schema.org\",\"@graph\":[{\"@type\":\"Article\",\"@id\":\"https:\/\/www.aslroma5.it\/coronavirus-open-day-junior-12-16-anni-grande-risposta-delle-famiglie-e-dei-pediatri-di-libera-scelta\/#article\",\"isPartOf\":{\"@id\":\"https:\/\/www.aslroma5.it\/coronavirus-open-day-junior-12-16-anni-grande-risposta-delle-famiglie-e-dei-pediatri-di-libera-scelta\/\"},\"author\":{\"name\":\"dot4all\",\"@id\":\"https:\/\/www.aslroma5.it\/#\/schema\/person\/aae9591da64a4feb5cf19a10d69b634d\"},\"headline\":\"CORONAVIRUS: OPEN DAY JUNIOR 12-16 ANNI, GRANDE RISPOSTA DELLE FAMIGLIE E DEI PEDIATRI DI LIBERA SCELTA\",\"datePublished\":\"2021-06-13T20:17:13+00:00\",\"mainEntityOfPage\":{\"@id\":\"https:\/\/www.aslroma5.it\/coronavirus-open-day-junior-12-16-anni-grande-risposta-delle-famiglie-e-dei-pediatri-di-libera-scelta\/\"},\"wordCount\":200,\"commentCount\":0,\"publisher\":{\"@id\":\"https:\/\/www.aslroma5.it\/#organization\"},\"image\":{\"@id\":\"https:\/\/www.aslroma5.it\/coronavirus-open-day-junior-12-16-anni-grande-risposta-delle-famiglie-e-dei-pediatri-di-libera-scelta\/#primaryimage\"},\"thumbnailUrl\":\"https:\/\/www.aslroma5.it\/wp-content\/uploads\/2021\/06\/images_Documenti2021_open_day_junior_2.jpg\",\"articleSection\":[\"News\"],\"inLanguage\":\"it-IT\",\"potentialAction\":[{\"@type\":\"CommentAction\",\"name\":\"Comment\",\"target\":[\"https:\/\/www.aslroma5.it\/coronavirus-open-day-junior-12-16-anni-grande-risposta-delle-famiglie-e-dei-pediatri-di-libera-scelta\/#respond\"]}]},{\"@type\":\"WebPage\",\"@id\":\"https:\/\/www.aslroma5.it\/coronavirus-open-day-junior-12-16-anni-grande-risposta-delle-famiglie-e-dei-pediatri-di-libera-scelta\/\",\"url\":\"https:\/\/www.aslroma5.it\/coronavirus-open-day-junior-12-16-anni-grande-risposta-delle-famiglie-e-dei-pediatri-di-libera-scelta\/\",\"name\":\"CORONAVIRUS: OPEN DAY JUNIOR 12-16 ANNI, GRANDE RISPOSTA DELLE FAMIGLIE E DEI PEDIATRI DI LIBERA SCELTA - ASL ROMA 5\",\"isPartOf\":{\"@id\":\"https:\/\/www.aslroma5.it\/#website\"},\"primaryImageOfPage\":{\"@id\":\"https:\/\/www.aslroma5.it\/coronavirus-open-day-junior-12-16-anni-grande-risposta-delle-famiglie-e-dei-pediatri-di-libera-scelta\/#primaryimage\"},\"image\":{\"@id\":\"https:\/\/www.aslroma5.it\/coronavirus-open-day-junior-12-16-anni-grande-risposta-delle-famiglie-e-dei-pediatri-di-libera-scelta\/#primaryimage\"},\"thumbnailUrl\":\"https:\/\/www.aslroma5.it\/wp-content\/uploads\/2021\/06\/images_Documenti2021_open_day_junior_2.jpg\",\"datePublished\":\"2021-06-13T20:17:13+00:00\",\"breadcrumb\":{\"@id\":\"https:\/\/www.aslroma5.it\/coronavirus-open-day-junior-12-16-anni-grande-risposta-delle-famiglie-e-dei-pediatri-di-libera-scelta\/#breadcrumb\"},\"inLanguage\":\"it-IT\",\"potentialAction\":[{\"@type\":\"ReadAction\",\"target\":[\"https:\/\/www.aslroma5.it\/coronavirus-open-day-junior-12-16-anni-grande-risposta-delle-famiglie-e-dei-pediatri-di-libera-scelta\/\"]}]},{\"@type\":\"ImageObject\",\"inLanguage\":\"it-IT\",\"@id\":\"https:\/\/www.aslroma5.it\/coronavirus-open-day-junior-12-16-anni-grande-risposta-delle-famiglie-e-dei-pediatri-di-libera-scelta\/#primaryimage\",\"url\":\"https:\/\/www.aslroma5.it\/wp-content\/uploads\/2021\/06\/images_Documenti2021_open_day_junior_2.jpg\",\"contentUrl\":\"https:\/\/www.aslroma5.it\/wp-content\/uploads\/2021\/06\/images_Documenti2021_open_day_junior_2.jpg\",\"width\":1600,\"height\":1200,\"caption\":\"open day junior 2\"},{\"@type\":\"BreadcrumbList\",\"@id\":\"https:\/\/www.aslroma5.it\/coronavirus-open-day-junior-12-16-anni-grande-risposta-delle-famiglie-e-dei-pediatri-di-libera-scelta\/#breadcrumb\",\"itemListElement\":[{\"@type\":\"ListItem\",\"position\":1,\"name\":\"Home\",\"item\":\"https:\/\/www.aslroma5.it\/\"},{\"@type\":\"ListItem\",\"position\":2,\"name\":\"CORONAVIRUS: OPEN DAY JUNIOR 12-16 ANNI, GRANDE RISPOSTA DELLE FAMIGLIE E DEI PEDIATRI DI LIBERA SCELTA\"}]},{\"@type\":\"WebSite\",\"@id\":\"https:\/\/www.aslroma5.it\/#website\",\"url\":\"https:\/\/www.aslroma5.it\/\",\"name\":\"ASL ROMA 5\",\"description\":\"\",\"publisher\":{\"@id\":\"https:\/\/www.aslroma5.it\/#organization\"},\"potentialAction\":[{\"@type\":\"SearchAction\",\"target\":{\"@type\":\"EntryPoint\",\"urlTemplate\":\"https:\/\/www.aslroma5.it\/?s={search_term_string}\"},\"query-input\":{\"@type\":\"PropertyValueSpecification\",\"valueRequired\":true,\"valueName\":\"search_term_string\"}}],\"inLanguage\":\"it-IT\"},{\"@type\":\"Organization\",\"@id\":\"https:\/\/www.aslroma5.it\/#organization\",\"name\":\"ASL ROMA 5\",\"url\":\"https:\/\/www.aslroma5.it\/\",\"logo\":{\"@type\":\"ImageObject\",\"inLanguage\":\"it-IT\",\"@id\":\"https:\/\/www.aslroma5.it\/#\/schema\/logo\/image\/\",\"url\":\"https:\/\/www.aslroma5.it\/wp-content\/uploads\/2025\/07\/asl-roma5-logo-25.svg\",\"contentUrl\":\"https:\/\/www.aslroma5.it\/wp-content\/uploads\/2025\/07\/asl-roma5-logo-25.svg\",\"width\":328,\"height\":112,\"caption\":\"ASL ROMA 5\"},\"image\":{\"@id\":\"https:\/\/www.aslroma5.it\/#\/schema\/logo\/image\/\"}},{\"@type\":\"Person\",\"@id\":\"https:\/\/www.aslroma5.it\/#\/schema\/person\/aae9591da64a4feb5cf19a10d69b634d\",\"name\":\"dot4all\",\"image\":{\"@type\":\"ImageObject\",\"inLanguage\":\"it-IT\",\"@id\":\"https:\/\/www.aslroma5.it\/#\/schema\/person\/image\/\",\"url\":\"https:\/\/secure.gravatar.com\/avatar\/a228c250e89e00f48f7bae46b9a785bc5b3f509d86988952d9e01450e422a0cc?s=96&d=mm&r=g\",\"contentUrl\":\"https:\/\/secure.gravatar.com\/avatar\/a228c250e89e00f48f7bae46b9a785bc5b3f509d86988952d9e01450e422a0cc?s=96&d=mm&r=g\",\"caption\":\"dot4all\"},\"sameAs\":[\"https:\/\/www.aslroma5.info\/new2021\"]}]}<\/script>\n<!-- \/ Yoast SEO plugin. -->","yoast_head_json":{"title":"CORONAVIRUS: OPEN DAY JUNIOR 12-16 ANNI, GRANDE RISPOSTA DELLE FAMIGLIE E DEI PEDIATRI DI LIBERA SCELTA - ASL ROMA 5","robots":{"index":"index","follow":"follow","max-snippet":"max-snippet:-1","max-image-preview":"max-image-preview:large","max-video-preview":"max-video-preview:-1"},"canonical":"https:\/\/www.aslroma5.it\/coronavirus-open-day-junior-12-16-anni-grande-risposta-delle-famiglie-e-dei-pediatri-di-libera-scelta\/","og_locale":"it_IT","og_type":"article","og_title":"CORONAVIRUS: OPEN DAY JUNIOR 12-16 ANNI, GRANDE RISPOSTA DELLE FAMIGLIE E DEI PEDIATRI DI LIBERA SCELTA - ASL ROMA 5","og_description":"Massiccia adesione all\u2019Open Day Junior vaccinale predisposto dalla Regione Lazio per i ragazzi tra i 12 e i 16 anni che hanno ricevuto la prima somministrazione Pfizer:&nbsp;in due giorni quasi 1600 giovanissimi. Nella prima giornata dedicata,&nbsp;sabato&nbsp;12 giugno,&nbsp;le somministrazioni nei centri attivati dalla ASL Roma 5&nbsp;sono state circa 800 : 229 a Tivoli, 228 a Colleferro,&hellip;","og_url":"https:\/\/www.aslroma5.it\/coronavirus-open-day-junior-12-16-anni-grande-risposta-delle-famiglie-e-dei-pediatri-di-libera-scelta\/","og_site_name":"ASL ROMA 5","article_published_time":"2021-06-13T20:17:13+00:00","og_image":[{"width":1600,"height":1200,"url":"https:\/\/www.aslroma5.it\/wp-content\/uploads\/2021\/06\/images_Documenti2021_open_day_junior_2.jpg","type":"image\/jpeg"}],"author":"dot4all","twitter_card":"summary_large_image","twitter_misc":{"Scritto da":"dot4all","Tempo di lettura stimato":"1 minuto"},"schema":{"@context":"https:\/\/schema.org","@graph":[{"@type":"Article","@id":"https:\/\/www.aslroma5.it\/coronavirus-open-day-junior-12-16-anni-grande-risposta-delle-famiglie-e-dei-pediatri-di-libera-scelta\/#article","isPartOf":{"@id":"https:\/\/www.aslroma5.it\/coronavirus-open-day-junior-12-16-anni-grande-risposta-delle-famiglie-e-dei-pediatri-di-libera-scelta\/"},"author":{"name":"dot4all","@id":"https:\/\/www.aslroma5.it\/#\/schema\/person\/aae9591da64a4feb5cf19a10d69b634d"},"headline":"CORONAVIRUS: OPEN DAY JUNIOR 12-16 ANNI, GRANDE RISPOSTA DELLE FAMIGLIE E DEI PEDIATRI DI LIBERA SCELTA","datePublished":"2021-06-13T20:17:13+00:00","mainEntityOfPage":{"@id":"https:\/\/www.aslroma5.it\/coronavirus-open-day-junior-12-16-anni-grande-risposta-delle-famiglie-e-dei-pediatri-di-libera-scelta\/"},"wordCount":200,"commentCount":0,"publisher":{"@id":"https:\/\/www.aslroma5.it\/#organization"},"image":{"@id":"https:\/\/www.aslroma5.it\/coronavirus-open-day-junior-12-16-anni-grande-risposta-delle-famiglie-e-dei-pediatri-di-libera-scelta\/#primaryimage"},"thumbnailUrl":"https:\/\/www.aslroma5.it\/wp-content\/uploads\/2021\/06\/images_Documenti2021_open_day_junior_2.jpg","articleSection":["News"],"inLanguage":"it-IT","potentialAction":[{"@type":"CommentAction","name":"Comment","target":["https:\/\/www.aslroma5.it\/coronavirus-open-day-junior-12-16-anni-grande-risposta-delle-famiglie-e-dei-pediatri-di-libera-scelta\/#respond"]}]},{"@type":"WebPage","@id":"https:\/\/www.aslroma5.it\/coronavirus-open-day-junior-12-16-anni-grande-risposta-delle-famiglie-e-dei-pediatri-di-libera-scelta\/","url":"https:\/\/www.aslroma5.it\/coronavirus-open-day-junior-12-16-anni-grande-risposta-delle-famiglie-e-dei-pediatri-di-libera-scelta\/","name":"CORONAVIRUS: OPEN DAY JUNIOR 12-16 ANNI, GRANDE RISPOSTA DELLE FAMIGLIE E DEI PEDIATRI DI LIBERA SCELTA - ASL ROMA 5","isPartOf":{"@id":"https:\/\/www.aslroma5.it\/#website"},"primaryImageOfPage":{"@id":"https:\/\/www.aslroma5.it\/coronavirus-open-day-junior-12-16-anni-grande-risposta-delle-famiglie-e-dei-pediatri-di-libera-scelta\/#primaryimage"},"image":{"@id":"https:\/\/www.aslroma5.it\/coronavirus-open-day-junior-12-16-anni-grande-risposta-delle-famiglie-e-dei-pediatri-di-libera-scelta\/#primaryimage"},"thumbnailUrl":"https:\/\/www.aslroma5.it\/wp-content\/uploads\/2021\/06\/images_Documenti2021_open_day_junior_2.jpg","datePublished":"2021-06-13T20:17:13+00:00","breadcrumb":{"@id":"https:\/\/www.aslroma5.it\/coronavirus-open-day-junior-12-16-anni-grande-risposta-delle-famiglie-e-dei-pediatri-di-libera-scelta\/#breadcrumb"},"inLanguage":"it-IT","potentialAction":[{"@type":"ReadAction","target":["https:\/\/www.aslroma5.it\/coronavirus-open-day-junior-12-16-anni-grande-risposta-delle-famiglie-e-dei-pediatri-di-libera-scelta\/"]}]},{"@type":"ImageObject","inLanguage":"it-IT","@id":"https:\/\/www.aslroma5.it\/coronavirus-open-day-junior-12-16-anni-grande-risposta-delle-famiglie-e-dei-pediatri-di-libera-scelta\/#primaryimage","url":"https:\/\/www.aslroma5.it\/wp-content\/uploads\/2021\/06\/images_Documenti2021_open_day_junior_2.jpg","contentUrl":"https:\/\/www.aslroma5.it\/wp-content\/uploads\/2021\/06\/images_Documenti2021_open_day_junior_2.jpg","width":1600,"height":1200,"caption":"open day junior 2"},{"@type":"BreadcrumbList","@id":"https:\/\/www.aslroma5.it\/coronavirus-open-day-junior-12-16-anni-grande-risposta-delle-famiglie-e-dei-pediatri-di-libera-scelta\/#breadcrumb","itemListElement":[{"@type":"ListItem","position":1,"name":"Home","item":"https:\/\/www.aslroma5.it\/"},{"@type":"ListItem","position":2,"name":"CORONAVIRUS: OPEN DAY JUNIOR 12-16 ANNI, GRANDE RISPOSTA DELLE FAMIGLIE E DEI PEDIATRI DI LIBERA SCELTA"}]},{"@type":"WebSite","@id":"https:\/\/www.aslroma5.it\/#website","url":"https:\/\/www.aslroma5.it\/","name":"ASL ROMA 5","description":"","publisher":{"@id":"https:\/\/www.aslroma5.it\/#organization"},"potentialAction":[{"@type":"SearchAction","target":{"@type":"EntryPoint","urlTemplate":"https:\/\/www.aslroma5.it\/?s={search_term_string}"},"query-input":{"@type":"PropertyValueSpecification","valueRequired":true,"valueName":"search_term_string"}}],"inLanguage":"it-IT"},{"@type":"Organization","@id":"https:\/\/www.aslroma5.it\/#organization","name":"ASL ROMA 5","url":"https:\/\/www.aslroma5.it\/","logo":{"@type":"ImageObject","inLanguage":"it-IT","@id":"https:\/\/www.aslroma5.it\/#\/schema\/logo\/image\/","url":"https:\/\/www.aslroma5.it\/wp-content\/uploads\/2025\/07\/asl-roma5-logo-25.svg","contentUrl":"https:\/\/www.aslroma5.it\/wp-content\/uploads\/2025\/07\/asl-roma5-logo-25.svg","width":328,"height":112,"caption":"ASL ROMA 5"},"image":{"@id":"https:\/\/www.aslroma5.it\/#\/schema\/logo\/image\/"}},{"@type":"Person","@id":"https:\/\/www.aslroma5.it\/#\/schema\/person\/aae9591da64a4feb5cf19a10d69b634d","name":"dot4all","image":{"@type":"ImageObject","inLanguage":"it-IT","@id":"https:\/\/www.aslroma5.it\/#\/schema\/person\/image\/","url":"https:\/\/secure.gravatar.com\/avatar\/a228c250e89e00f48f7bae46b9a785bc5b3f509d86988952d9e01450e422a0cc?s=96&d=mm&r=g","contentUrl":"https:\/\/secure.gravatar.com\/avatar\/a228c250e89e00f48f7bae46b9a785bc5b3f509d86988952d9e01450e422a0cc?s=96&d=mm&r=g","caption":"dot4all"},"sameAs":["https:\/\/www.aslroma5.info\/new2021"]}]}},"publishpress_future_action":{"enabled":false,"date":"2026-05-07 14:41:18","action":"change-status","newStatus":"draft","terms":[],"taxonomy":"category","extraData":[]},"publishpress_future_workflow_manual_trigger":{"enabledWorkflows":[]},"_links":{"self":[{"href":"https:\/\/www.aslroma5.it\/api\/wp\/v2\/posts\/41796","targetHints":{"allow":["GET"]}}],"collection":[{"href":"https:\/\/www.aslroma5.it\/api\/wp\/v2\/posts"}],"about":[{"href":"https:\/\/www.aslroma5.it\/api\/wp\/v2\/types\/post"}],"author":[{"embeddable":true,"href":"https:\/\/www.aslroma5.it\/api\/wp\/v2\/users\/1"}],"replies":[{"embeddable":true,"href":"https:\/\/www.aslroma5.it\/api\/wp\/v2\/comments?post=41796"}],"version-history":[{"count":0,"href":"https:\/\/www.aslroma5.it\/api\/wp\/v2\/posts\/41796\/revisions"}],"wp:featuredmedia":[{"embeddable":true,"href":"https:\/\/www.aslroma5.it\/api\/wp\/v2\/media\/41794"}],"wp:attachment":[{"href":"https:\/\/www.aslroma5.it\/api\/wp\/v2\/media?parent=41796"}],"wp:term":[{"taxonomy":"category","embeddable":true,"href":"https:\/\/www.aslroma5.it\/api\/wp\/v2\/categories?post=41796"},{"taxonomy":"post_tag","embeddable":true,"href":"https:\/\/www.aslroma5.it\/api\/wp\/v2\/tags?post=41796"}],"curies":[{"name":"wp","href":"https:\/\/api.w.org\/{rel}","templated":true}]}}