{"id":41801,"date":"2021-06-15T10:47:09","date_gmt":"2021-06-15T08:47:09","guid":{"rendered":"https:\/\/www.aslroma5.info\/new2021\/primo-diplomato-licenza-media-inferiore-alla-rems-minerva\/"},"modified":"2023-03-14T15:29:09","modified_gmt":"2023-03-14T14:29:09","slug":"primo-diplomato-licenza-media-inferiore-alla-rems-minerva","status":"publish","type":"post","link":"https:\/\/www.aslroma5.it\/primo-diplomato-licenza-media-inferiore-alla-rems-minerva\/","title":{"rendered":"Primo diplomato licenza media inferiore alla REMS Minerva"},"content":{"rendered":"<h3>Il\u00a010 Giugno 2021\u00a0il primo degli utenti delle Residenze per l\u2019Esecuzione delle Misure di Sicurezza (REMS)\u00a0 della ASL Roma 5 iscritti alla scuola ha conseguito\u00a0il diploma di licenza media inferiore.<\/h3>\n<p>Dei tredici pazienti che, nell\u2019ultimo anno scolastico, sono stati coinvolti nel progetto avviato nel\u00a0novembre\u00a0del 2019 in collaborazione il\u00a0Centro Provinciale per l\u2019Istruzione degli Adulti CPIA3 del Lazio, il primo ha terminato il ciclo di studi per l\u2019ottenimento della licenza media.<\/p>\n<p>Un importante risultato raggiunto nell\u2019ambito dei percorsi terapeutici \u2013 riabilitativi individuali in cui la ripresa di un percorso di istruzione interrotto rappresenta un tassello fondamentale per il recupero sociale completo.<\/p>\n<p>Proprio la definizione di un iter formativo-educativo facilita i pazienti che al termine del ciclo di cure avranno la possibilit\u00e0 di orientarsi anche all\u2019interno del mondo del lavoro, per un ristabilimento dei rapporti sociali nell\u2019ambito della legalit\u00e0 e della solidariet\u00e0.<\/p>\n<p>\u201c<em>La nostra ASL nel\u00a0novembre 2019\u00a0ha iniziato un percorso di collaborazione con le istituzioni scolastiche, avviato con la stipula di un protocollo d\u2019intesa con il Centro Provinciale per l\u2019Istruzione degli Adulti 3 di Roma, che ha portato nell\u2019ultimo anno scolastico all\u2019istituzione di una classe dedicata agli utenti delle REMS. Nell\u2019ultimo anno scolastico<\/em> \u2013 spiega il Direttore del Dipartimento di Salute Mentale e Dipendenze Patologiche (DSMDP), Giuseppe\u00a0Nicol\u00f2\u00a0\u2013 <em>sono stati coinvolti nel progetto tredici pazienti, ospitati nelle tre\u00a0R.E.M.S.\u00a0aziendali, ognuno portatore di specifici bisogni educativi. Attraverso il protocollo d\u2019intesa siglato con il Centro Provinciale per l\u2019Istruzione degli Adulti 3 di Roma \u00e8 stata istituita, nell\u2019ultimo anno scolastico, una classe dedicata agli utenti delle\u00a0R.E.M.S.<\/em>\u201d.<\/p>\n<p>\u201c<em>L\u2019offerta di percorsi educativi strutturati<\/em> \u2013 prosegue\u00a0Nicol\u00f2\u00a0\u2013 <em>appare cruciale nell\u2019ottica della riabilitazione e del reinserimento dei nostri utenti nella societ\u00e0. Ringraziamo il dott. Corrado Villella, responsabile della\u00a0 R.E.M.S., i Dirigenti Scolastici, prof.ssa Adalgisa Maurizio e prof. Massimo Di Segni, per aver avviato e seguito il progetto, nonch\u00e9 i docenti prof.ssa Paola Russo, prof.ssa Elisa Dispensa, prof. Michele Rubino e prof.ssa Giuseppina Mirra per l\u2019impegno e la dedizione profusi in quest\u2019anno scolastico, segnato peraltro dalle difficolt\u00e0 legate all\u2019adozione delle misure di profilassi per il COVID-19<\/em>\u201d.<\/p>\n<p><em>Si tratta di un traguardo importante<\/em> \u2013 commenta il Direttore generale della ASL Roma 5, Giorgio Giulio\u00a0Santonocito\u00a0&#8211; <em>l\u2019istruzione e la formazione stimolano la capacit\u00e0 di decidere consapevolmente le proprie azioni in rapporto a s\u00e9 e al sistema sociale offrendo opportunit\u00e0 e trasformando la cultura in risorsa per affrontare la vita assegnandole significati. La nostra Azienda crede fortemente nel processo che dal 2008 ha avviato in Italia un rinnovamento dell\u2019assistenza sanitaria dei soggetti cittadini con problemi psichiatrici sottoposti a detenzione seguendo il principio secondo cui ogni cittadino ha diritto a ricevere lo stesso tipo di assistenza sanitaria a prescindere dalla sua condizione. La ripresa di un percorso d\u2019istruzione interrotto rappresenta un tassello fondamentale per il recupero sociale completo per orientarsi all\u2019interno del mondo del lavoro per un ristabilimento dei rapporti sociali nell\u2019ambito della legalit\u00e0 e della solidariet\u00e0. \u00c8 attraverso questi progetti che si raggiunge l\u2019obiettivo di guidare e sostenere il cammino degli ospiti delle R.E.M.S. verso l\u2019integrazione e il pieno reinserimento sociale e lavorativo. Un sentito ringraziamento a tutti i professionisti che stanno contribuendo con la loro professionalit\u00e0 a questo importante cambiamento sociale e culturale<\/em>\u201d.<\/p>\n","protected":false},"excerpt":{"rendered":"<p>Il\u00a010 Giugno 2021\u00a0il primo degli utenti delle Residenze per l\u2019Esecuzione delle Misure di Sicurezza (REMS)\u00a0 della ASL Roma 5 iscritti alla scuola ha conseguito\u00a0il diploma di licenza media inferiore. Dei tredici pazienti che, nell\u2019ultimo anno scolastico, sono stati coinvolti nel progetto avviato nel\u00a0novembre\u00a0del 2019 in collaborazione il\u00a0Centro Provinciale per l\u2019Istruzione degli Adulti CPIA3 del Lazio,&hellip;<\/p>\n","protected":false},"author":1,"featured_media":41800,"comment_status":"open","ping_status":"closed","sticky":false,"template":"","format":"standard","meta":{"_acf_changed":false,"inline_featured_image":false,"footnotes":""},"categories":[2243,1816],"tags":[],"class_list":["post-41801","post","type-post","status-publish","format-standard","has-post-thumbnail","hentry","category-dsmdp","category-news","category-2243","category-1816","description-off"],"acf":{"galleria":""},"yoast_head":"<!-- This site is optimized with the Yoast SEO plugin v25.5 - https:\/\/yoast.com\/wordpress\/plugins\/seo\/ -->\n<title>Primo diplomato licenza media inferiore alla REMS Minerva - ASL ROMA 5<\/title>\n<meta name=\"robots\" content=\"index, follow, max-snippet:-1, max-image-preview:large, max-video-preview:-1\" \/>\n<link rel=\"canonical\" href=\"https:\/\/www.aslroma5.it\/primo-diplomato-licenza-media-inferiore-alla-rems-minerva\/\" \/>\n<meta property=\"og:locale\" content=\"it_IT\" \/>\n<meta property=\"og:type\" content=\"article\" \/>\n<meta property=\"og:title\" content=\"Primo diplomato licenza media inferiore alla REMS Minerva - ASL ROMA 5\" \/>\n<meta property=\"og:description\" content=\"Il\u00a010 Giugno 2021\u00a0il primo degli utenti delle Residenze per l\u2019Esecuzione delle Misure di Sicurezza (REMS)\u00a0 della ASL Roma 5 iscritti alla scuola ha conseguito\u00a0il diploma di licenza media inferiore. Dei tredici pazienti che, nell\u2019ultimo anno scolastico, sono stati coinvolti nel progetto avviato nel\u00a0novembre\u00a0del 2019 in collaborazione il\u00a0Centro Provinciale per l\u2019Istruzione degli Adulti CPIA3 del Lazio,&hellip;\" \/>\n<meta property=\"og:url\" content=\"https:\/\/www.aslroma5.it\/primo-diplomato-licenza-media-inferiore-alla-rems-minerva\/\" \/>\n<meta property=\"og:site_name\" content=\"ASL ROMA 5\" \/>\n<meta property=\"article:published_time\" content=\"2021-06-15T08:47:09+00:00\" \/>\n<meta property=\"article:modified_time\" content=\"2023-03-14T14:29:09+00:00\" \/>\n<meta property=\"og:image\" content=\"https:\/\/www.aslroma5.it\/wp-content\/uploads\/2021\/06\/images_Documenti2021_rems_Minerva.png\" \/>\n\t<meta property=\"og:image:width\" content=\"550\" \/>\n\t<meta property=\"og:image:height\" content=\"232\" \/>\n\t<meta property=\"og:image:type\" content=\"image\/png\" \/>\n<meta name=\"author\" content=\"dot4all\" \/>\n<meta name=\"twitter:card\" content=\"summary_large_image\" \/>\n<meta name=\"twitter:label1\" content=\"Scritto da\" \/>\n\t<meta name=\"twitter:data1\" content=\"dot4all\" \/>\n\t<meta name=\"twitter:label2\" content=\"Tempo di lettura stimato\" \/>\n\t<meta name=\"twitter:data2\" content=\"3 minuti\" \/>\n<script type=\"application\/ld+json\" class=\"yoast-schema-graph\">{\"@context\":\"https:\/\/schema.org\",\"@graph\":[{\"@type\":\"Article\",\"@id\":\"https:\/\/www.aslroma5.it\/primo-diplomato-licenza-media-inferiore-alla-rems-minerva\/#article\",\"isPartOf\":{\"@id\":\"https:\/\/www.aslroma5.it\/primo-diplomato-licenza-media-inferiore-alla-rems-minerva\/\"},\"author\":{\"name\":\"dot4all\",\"@id\":\"https:\/\/www.aslroma5.it\/#\/schema\/person\/aae9591da64a4feb5cf19a10d69b634d\"},\"headline\":\"Primo diplomato licenza media inferiore alla REMS Minerva\",\"datePublished\":\"2021-06-15T08:47:09+00:00\",\"dateModified\":\"2023-03-14T14:29:09+00:00\",\"mainEntityOfPage\":{\"@id\":\"https:\/\/www.aslroma5.it\/primo-diplomato-licenza-media-inferiore-alla-rems-minerva\/\"},\"wordCount\":566,\"commentCount\":0,\"publisher\":{\"@id\":\"https:\/\/www.aslroma5.it\/#organization\"},\"image\":{\"@id\":\"https:\/\/www.aslroma5.it\/primo-diplomato-licenza-media-inferiore-alla-rems-minerva\/#primaryimage\"},\"thumbnailUrl\":\"https:\/\/www.aslroma5.it\/wp-content\/uploads\/2021\/06\/images_Documenti2021_rems_Minerva.png\",\"articleSection\":[\"DSMDP\",\"News\"],\"inLanguage\":\"it-IT\",\"potentialAction\":[{\"@type\":\"CommentAction\",\"name\":\"Comment\",\"target\":[\"https:\/\/www.aslroma5.it\/primo-diplomato-licenza-media-inferiore-alla-rems-minerva\/#respond\"]}]},{\"@type\":\"WebPage\",\"@id\":\"https:\/\/www.aslroma5.it\/primo-diplomato-licenza-media-inferiore-alla-rems-minerva\/\",\"url\":\"https:\/\/www.aslroma5.it\/primo-diplomato-licenza-media-inferiore-alla-rems-minerva\/\",\"name\":\"Primo diplomato licenza media inferiore alla REMS Minerva - ASL ROMA 5\",\"isPartOf\":{\"@id\":\"https:\/\/www.aslroma5.it\/#website\"},\"primaryImageOfPage\":{\"@id\":\"https:\/\/www.aslroma5.it\/primo-diplomato-licenza-media-inferiore-alla-rems-minerva\/#primaryimage\"},\"image\":{\"@id\":\"https:\/\/www.aslroma5.it\/primo-diplomato-licenza-media-inferiore-alla-rems-minerva\/#primaryimage\"},\"thumbnailUrl\":\"https:\/\/www.aslroma5.it\/wp-content\/uploads\/2021\/06\/images_Documenti2021_rems_Minerva.png\",\"datePublished\":\"2021-06-15T08:47:09+00:00\",\"dateModified\":\"2023-03-14T14:29:09+00:00\",\"breadcrumb\":{\"@id\":\"https:\/\/www.aslroma5.it\/primo-diplomato-licenza-media-inferiore-alla-rems-minerva\/#breadcrumb\"},\"inLanguage\":\"it-IT\",\"potentialAction\":[{\"@type\":\"ReadAction\",\"target\":[\"https:\/\/www.aslroma5.it\/primo-diplomato-licenza-media-inferiore-alla-rems-minerva\/\"]}]},{\"@type\":\"ImageObject\",\"inLanguage\":\"it-IT\",\"@id\":\"https:\/\/www.aslroma5.it\/primo-diplomato-licenza-media-inferiore-alla-rems-minerva\/#primaryimage\",\"url\":\"https:\/\/www.aslroma5.it\/wp-content\/uploads\/2021\/06\/images_Documenti2021_rems_Minerva.png\",\"contentUrl\":\"https:\/\/www.aslroma5.it\/wp-content\/uploads\/2021\/06\/images_Documenti2021_rems_Minerva.png\",\"width\":550,\"height\":232},{\"@type\":\"BreadcrumbList\",\"@id\":\"https:\/\/www.aslroma5.it\/primo-diplomato-licenza-media-inferiore-alla-rems-minerva\/#breadcrumb\",\"itemListElement\":[{\"@type\":\"ListItem\",\"position\":1,\"name\":\"Home\",\"item\":\"https:\/\/www.aslroma5.it\/\"},{\"@type\":\"ListItem\",\"position\":2,\"name\":\"Primo diplomato licenza media inferiore alla REMS Minerva\"}]},{\"@type\":\"WebSite\",\"@id\":\"https:\/\/www.aslroma5.it\/#website\",\"url\":\"https:\/\/www.aslroma5.it\/\",\"name\":\"ASL ROMA 5\",\"description\":\"\",\"publisher\":{\"@id\":\"https:\/\/www.aslroma5.it\/#organization\"},\"potentialAction\":[{\"@type\":\"SearchAction\",\"target\":{\"@type\":\"EntryPoint\",\"urlTemplate\":\"https:\/\/www.aslroma5.it\/?s={search_term_string}\"},\"query-input\":{\"@type\":\"PropertyValueSpecification\",\"valueRequired\":true,\"valueName\":\"search_term_string\"}}],\"inLanguage\":\"it-IT\"},{\"@type\":\"Organization\",\"@id\":\"https:\/\/www.aslroma5.it\/#organization\",\"name\":\"ASL ROMA 5\",\"url\":\"https:\/\/www.aslroma5.it\/\",\"logo\":{\"@type\":\"ImageObject\",\"inLanguage\":\"it-IT\",\"@id\":\"https:\/\/www.aslroma5.it\/#\/schema\/logo\/image\/\",\"url\":\"https:\/\/www.aslroma5.it\/wp-content\/uploads\/2025\/07\/asl-roma5-logo-25.svg\",\"contentUrl\":\"https:\/\/www.aslroma5.it\/wp-content\/uploads\/2025\/07\/asl-roma5-logo-25.svg\",\"width\":328,\"height\":112,\"caption\":\"ASL ROMA 5\"},\"image\":{\"@id\":\"https:\/\/www.aslroma5.it\/#\/schema\/logo\/image\/\"}},{\"@type\":\"Person\",\"@id\":\"https:\/\/www.aslroma5.it\/#\/schema\/person\/aae9591da64a4feb5cf19a10d69b634d\",\"name\":\"dot4all\",\"image\":{\"@type\":\"ImageObject\",\"inLanguage\":\"it-IT\",\"@id\":\"https:\/\/www.aslroma5.it\/#\/schema\/person\/image\/\",\"url\":\"https:\/\/secure.gravatar.com\/avatar\/a228c250e89e00f48f7bae46b9a785bc5b3f509d86988952d9e01450e422a0cc?s=96&d=mm&r=g\",\"contentUrl\":\"https:\/\/secure.gravatar.com\/avatar\/a228c250e89e00f48f7bae46b9a785bc5b3f509d86988952d9e01450e422a0cc?s=96&d=mm&r=g\",\"caption\":\"dot4all\"},\"sameAs\":[\"https:\/\/www.aslroma5.info\/new2021\"]}]}<\/script>\n<!-- \/ Yoast SEO plugin. -->","yoast_head_json":{"title":"Primo diplomato licenza media inferiore alla REMS Minerva - ASL ROMA 5","robots":{"index":"index","follow":"follow","max-snippet":"max-snippet:-1","max-image-preview":"max-image-preview:large","max-video-preview":"max-video-preview:-1"},"canonical":"https:\/\/www.aslroma5.it\/primo-diplomato-licenza-media-inferiore-alla-rems-minerva\/","og_locale":"it_IT","og_type":"article","og_title":"Primo diplomato licenza media inferiore alla REMS Minerva - ASL ROMA 5","og_description":"Il\u00a010 Giugno 2021\u00a0il primo degli utenti delle Residenze per l\u2019Esecuzione delle Misure di Sicurezza (REMS)\u00a0 della ASL Roma 5 iscritti alla scuola ha conseguito\u00a0il diploma di licenza media inferiore. Dei tredici pazienti che, nell\u2019ultimo anno scolastico, sono stati coinvolti nel progetto avviato nel\u00a0novembre\u00a0del 2019 in collaborazione il\u00a0Centro Provinciale per l\u2019Istruzione degli Adulti CPIA3 del Lazio,&hellip;","og_url":"https:\/\/www.aslroma5.it\/primo-diplomato-licenza-media-inferiore-alla-rems-minerva\/","og_site_name":"ASL ROMA 5","article_published_time":"2021-06-15T08:47:09+00:00","article_modified_time":"2023-03-14T14:29:09+00:00","og_image":[{"width":550,"height":232,"url":"https:\/\/www.aslroma5.it\/wp-content\/uploads\/2021\/06\/images_Documenti2021_rems_Minerva.png","type":"image\/png"}],"author":"dot4all","twitter_card":"summary_large_image","twitter_misc":{"Scritto da":"dot4all","Tempo di lettura stimato":"3 minuti"},"schema":{"@context":"https:\/\/schema.org","@graph":[{"@type":"Article","@id":"https:\/\/www.aslroma5.it\/primo-diplomato-licenza-media-inferiore-alla-rems-minerva\/#article","isPartOf":{"@id":"https:\/\/www.aslroma5.it\/primo-diplomato-licenza-media-inferiore-alla-rems-minerva\/"},"author":{"name":"dot4all","@id":"https:\/\/www.aslroma5.it\/#\/schema\/person\/aae9591da64a4feb5cf19a10d69b634d"},"headline":"Primo diplomato licenza media inferiore alla REMS Minerva","datePublished":"2021-06-15T08:47:09+00:00","dateModified":"2023-03-14T14:29:09+00:00","mainEntityOfPage":{"@id":"https:\/\/www.aslroma5.it\/primo-diplomato-licenza-media-inferiore-alla-rems-minerva\/"},"wordCount":566,"commentCount":0,"publisher":{"@id":"https:\/\/www.aslroma5.it\/#organization"},"image":{"@id":"https:\/\/www.aslroma5.it\/primo-diplomato-licenza-media-inferiore-alla-rems-minerva\/#primaryimage"},"thumbnailUrl":"https:\/\/www.aslroma5.it\/wp-content\/uploads\/2021\/06\/images_Documenti2021_rems_Minerva.png","articleSection":["DSMDP","News"],"inLanguage":"it-IT","potentialAction":[{"@type":"CommentAction","name":"Comment","target":["https:\/\/www.aslroma5.it\/primo-diplomato-licenza-media-inferiore-alla-rems-minerva\/#respond"]}]},{"@type":"WebPage","@id":"https:\/\/www.aslroma5.it\/primo-diplomato-licenza-media-inferiore-alla-rems-minerva\/","url":"https:\/\/www.aslroma5.it\/primo-diplomato-licenza-media-inferiore-alla-rems-minerva\/","name":"Primo diplomato licenza media inferiore alla REMS Minerva - ASL ROMA 5","isPartOf":{"@id":"https:\/\/www.aslroma5.it\/#website"},"primaryImageOfPage":{"@id":"https:\/\/www.aslroma5.it\/primo-diplomato-licenza-media-inferiore-alla-rems-minerva\/#primaryimage"},"image":{"@id":"https:\/\/www.aslroma5.it\/primo-diplomato-licenza-media-inferiore-alla-rems-minerva\/#primaryimage"},"thumbnailUrl":"https:\/\/www.aslroma5.it\/wp-content\/uploads\/2021\/06\/images_Documenti2021_rems_Minerva.png","datePublished":"2021-06-15T08:47:09+00:00","dateModified":"2023-03-14T14:29:09+00:00","breadcrumb":{"@id":"https:\/\/www.aslroma5.it\/primo-diplomato-licenza-media-inferiore-alla-rems-minerva\/#breadcrumb"},"inLanguage":"it-IT","potentialAction":[{"@type":"ReadAction","target":["https:\/\/www.aslroma5.it\/primo-diplomato-licenza-media-inferiore-alla-rems-minerva\/"]}]},{"@type":"ImageObject","inLanguage":"it-IT","@id":"https:\/\/www.aslroma5.it\/primo-diplomato-licenza-media-inferiore-alla-rems-minerva\/#primaryimage","url":"https:\/\/www.aslroma5.it\/wp-content\/uploads\/2021\/06\/images_Documenti2021_rems_Minerva.png","contentUrl":"https:\/\/www.aslroma5.it\/wp-content\/uploads\/2021\/06\/images_Documenti2021_rems_Minerva.png","width":550,"height":232},{"@type":"BreadcrumbList","@id":"https:\/\/www.aslroma5.it\/primo-diplomato-licenza-media-inferiore-alla-rems-minerva\/#breadcrumb","itemListElement":[{"@type":"ListItem","position":1,"name":"Home","item":"https:\/\/www.aslroma5.it\/"},{"@type":"ListItem","position":2,"name":"Primo diplomato licenza media inferiore alla REMS Minerva"}]},{"@type":"WebSite","@id":"https:\/\/www.aslroma5.it\/#website","url":"https:\/\/www.aslroma5.it\/","name":"ASL ROMA 5","description":"","publisher":{"@id":"https:\/\/www.aslroma5.it\/#organization"},"potentialAction":[{"@type":"SearchAction","target":{"@type":"EntryPoint","urlTemplate":"https:\/\/www.aslroma5.it\/?s={search_term_string}"},"query-input":{"@type":"PropertyValueSpecification","valueRequired":true,"valueName":"search_term_string"}}],"inLanguage":"it-IT"},{"@type":"Organization","@id":"https:\/\/www.aslroma5.it\/#organization","name":"ASL ROMA 5","url":"https:\/\/www.aslroma5.it\/","logo":{"@type":"ImageObject","inLanguage":"it-IT","@id":"https:\/\/www.aslroma5.it\/#\/schema\/logo\/image\/","url":"https:\/\/www.aslroma5.it\/wp-content\/uploads\/2025\/07\/asl-roma5-logo-25.svg","contentUrl":"https:\/\/www.aslroma5.it\/wp-content\/uploads\/2025\/07\/asl-roma5-logo-25.svg","width":328,"height":112,"caption":"ASL ROMA 5"},"image":{"@id":"https:\/\/www.aslroma5.it\/#\/schema\/logo\/image\/"}},{"@type":"Person","@id":"https:\/\/www.aslroma5.it\/#\/schema\/person\/aae9591da64a4feb5cf19a10d69b634d","name":"dot4all","image":{"@type":"ImageObject","inLanguage":"it-IT","@id":"https:\/\/www.aslroma5.it\/#\/schema\/person\/image\/","url":"https:\/\/secure.gravatar.com\/avatar\/a228c250e89e00f48f7bae46b9a785bc5b3f509d86988952d9e01450e422a0cc?s=96&d=mm&r=g","contentUrl":"https:\/\/secure.gravatar.com\/avatar\/a228c250e89e00f48f7bae46b9a785bc5b3f509d86988952d9e01450e422a0cc?s=96&d=mm&r=g","caption":"dot4all"},"sameAs":["https:\/\/www.aslroma5.info\/new2021"]}]}},"publishpress_future_action":{"enabled":false,"date":"2026-05-07 14:42:32","action":"change-status","newStatus":"draft","terms":[],"taxonomy":"category","extraData":[]},"publishpress_future_workflow_manual_trigger":{"enabledWorkflows":[]},"_links":{"self":[{"href":"https:\/\/www.aslroma5.it\/api\/wp\/v2\/posts\/41801","targetHints":{"allow":["GET"]}}],"collection":[{"href":"https:\/\/www.aslroma5.it\/api\/wp\/v2\/posts"}],"about":[{"href":"https:\/\/www.aslroma5.it\/api\/wp\/v2\/types\/post"}],"author":[{"embeddable":true,"href":"https:\/\/www.aslroma5.it\/api\/wp\/v2\/users\/1"}],"replies":[{"embeddable":true,"href":"https:\/\/www.aslroma5.it\/api\/wp\/v2\/comments?post=41801"}],"version-history":[{"count":0,"href":"https:\/\/www.aslroma5.it\/api\/wp\/v2\/posts\/41801\/revisions"}],"wp:featuredmedia":[{"embeddable":true,"href":"https:\/\/www.aslroma5.it\/api\/wp\/v2\/media\/41800"}],"wp:attachment":[{"href":"https:\/\/www.aslroma5.it\/api\/wp\/v2\/media?parent=41801"}],"wp:term":[{"taxonomy":"category","embeddable":true,"href":"https:\/\/www.aslroma5.it\/api\/wp\/v2\/categories?post=41801"},{"taxonomy":"post_tag","embeddable":true,"href":"https:\/\/www.aslroma5.it\/api\/wp\/v2\/tags?post=41801"}],"curies":[{"name":"wp","href":"https:\/\/api.w.org\/{rel}","templated":true}]}}