{"id":46950,"date":"2021-06-19T10:17:56","date_gmt":"2021-06-19T08:17:56","guid":{"rendered":"https:\/\/www.aslroma5.info\/new2021\/palestrina-riparte-nuovo-primario-di-anestesia-e-terapia-sub-intensiva-a-palestrina-ambulatorio-pediatrico-a-colleferro\/"},"modified":"2021-06-19T10:17:56","modified_gmt":"2021-06-19T08:17:56","slug":"palestrina-riparte-nuovo-primario-di-anestesia-e-terapia-sub-intensiva-a-palestrina-ambulatorio-pediatrico-a-colleferro","status":"publish","type":"post","link":"https:\/\/www.aslroma5.it\/palestrina-riparte-nuovo-primario-di-anestesia-e-terapia-sub-intensiva-a-palestrina-ambulatorio-pediatrico-a-colleferro\/","title":{"rendered":"PALESTRINA RIPARTE! NUOVO PRIMARIO DI ANESTESIA E TERAPIA SUB INTENSIVA A PALESTRINA  AMBULATORIO PEDIATRICO A COLLEFERRO"},"content":{"rendered":"<p><strong>Proseguono le azioni di potenziamento e rilancio dei presidi ospedalieri della ASL Roma 5.<\/strong><\/p>\n<p><strong>PALESTRINA &#8211;&nbsp;<\/strong>Prender\u00e0 servizio a breve presso la UOC Anestesia e Sub Intensiva di Palestrina il nuovo primario a cui l\u2019Azienda d\u00e0 il benvenuto ed augura buon lavoro. Si tratta del dott.&nbsp;<strong>Luca Severi<\/strong>, classe 1965, professionista di lunga esperienza.<\/p>\n<p>\u201cRingrazio il Direttore generale dott. Santonocito per l\u2019incarico ricevuto. Porto con me grande entusiasmo per questa nuova sfida professionale e la speranza di poter dare il mio contributo a un gruppo di professionisti che in questi mesi ha affrontato con coraggio e dedizione un compito difficilissimo. Sono orgoglioso di potermi unire&nbsp; a loro\u201d.<\/p>\n<p>&nbsp;<\/p>\n<p>\u201cL\u2019incarico al dott. Severi, in una disciplina cos\u00ec delicata per l\u2019Ospedale, \u00e8 il segnale della nostra ferma volont\u00e0 di rilancio per il Presidio di Palestrina \u2013 commenta<strong>&nbsp;Giorgio Giulio Santonocito<\/strong>, il Direttore Generale della ASL Roma 5 \u2013 possiamo riprendere il lavoro di potenziamento e rilancio dell\u2019ospedale Coniugi Bernardini di Palestrina che tanto ha dato in questo periodo pandemico in cui si \u00e8 convertito in Covid center. Palestrina come gli altri presidi aziendali, sta rimodulando e migliorando i servizi ai cittadini anche grazie all\u2019arrivo di nuove tecnologie. Continua poi incessantemente il lavoro per rafforzare il personale all\u2019interno di tutta l\u2019Azienda attraverso bandi, manifestazioni di interesse, avvisi, concorsi conclusi e concorsi in essere per dare supporto a tutti i nostri operatori e potenziare i servizi sanitari ai cittadini\u201d<strong>.<\/strong><\/p>\n<p><strong>COLLEFERRO &#8211;&nbsp;<\/strong>Aperto l&#8217;ambulatorio pediatrico all\u2019interno dell\u2019ospedale Parodi Delfino di Colleferro. Il servizio si trova al secondo piano ed \u00e8 attivo&nbsp; il luned\u00ec, il mercoled\u00ec e il venerd\u00ec dalle ore 9 alle ore 13. Si accede previa prenotazione Cup.&nbsp;<\/p>\n<\/p>\n<p>In foto:<\/p>\n<p>Il DG: Giorgio Giulio Santonocito<\/p>\n<p>Il DSA: Velia Bruno<\/p>\n<p>Il DA: Filippo Coiro<\/p>\n<p>Il nuovo Direttore UOC: Luca Severi<\/p>\n","protected":false},"excerpt":{"rendered":"<p>Proseguono le azioni di potenziamento e rilancio dei presidi ospedalieri della ASL Roma 5. PALESTRINA &#8211;&nbsp;Prender\u00e0 servizio a breve presso la UOC Anestesia e Sub Intensiva di Palestrina il nuovo primario a cui l\u2019Azienda d\u00e0 il benvenuto ed augura buon lavoro. Si tratta del dott.&nbsp;Luca Severi, classe 1965, professionista di lunga esperienza. \u201cRingrazio il Direttore&hellip;<\/p>\n","protected":false},"author":1,"featured_media":46949,"comment_status":"open","ping_status":"closed","sticky":false,"template":"","format":"standard","meta":{"_acf_changed":false,"inline_featured_image":false,"footnotes":""},"categories":[1816],"tags":[],"class_list":["post-46950","post","type-post","status-publish","format-standard","has-post-thumbnail","hentry","category-news","category-1816","description-off"],"acf":{"galleria":null},"yoast_head":"<!-- This site is optimized with the Yoast SEO plugin v25.5 - https:\/\/yoast.com\/wordpress\/plugins\/seo\/ -->\n<title>PALESTRINA RIPARTE! NUOVO PRIMARIO DI ANESTESIA E TERAPIA SUB INTENSIVA A PALESTRINA AMBULATORIO PEDIATRICO A COLLEFERRO - ASL ROMA 5<\/title>\n<meta name=\"robots\" content=\"index, follow, max-snippet:-1, max-image-preview:large, max-video-preview:-1\" \/>\n<link rel=\"canonical\" href=\"https:\/\/www.aslroma5.it\/palestrina-riparte-nuovo-primario-di-anestesia-e-terapia-sub-intensiva-a-palestrina-ambulatorio-pediatrico-a-colleferro\/\" \/>\n<meta property=\"og:locale\" content=\"it_IT\" \/>\n<meta property=\"og:type\" content=\"article\" \/>\n<meta property=\"og:title\" content=\"PALESTRINA RIPARTE! NUOVO PRIMARIO DI ANESTESIA E TERAPIA SUB INTENSIVA A PALESTRINA AMBULATORIO PEDIATRICO A COLLEFERRO - ASL ROMA 5\" \/>\n<meta property=\"og:description\" content=\"Proseguono le azioni di potenziamento e rilancio dei presidi ospedalieri della ASL Roma 5. PALESTRINA &#8211;&nbsp;Prender\u00e0 servizio a breve presso la UOC Anestesia e Sub Intensiva di Palestrina il nuovo primario a cui l\u2019Azienda d\u00e0 il benvenuto ed augura buon lavoro. Si tratta del dott.&nbsp;Luca Severi, classe 1965, professionista di lunga esperienza. \u201cRingrazio il Direttore&hellip;\" \/>\n<meta property=\"og:url\" content=\"https:\/\/www.aslroma5.it\/palestrina-riparte-nuovo-primario-di-anestesia-e-terapia-sub-intensiva-a-palestrina-ambulatorio-pediatrico-a-colleferro\/\" \/>\n<meta property=\"og:site_name\" content=\"ASL ROMA 5\" \/>\n<meta property=\"article:published_time\" content=\"2021-06-19T08:17:56+00:00\" \/>\n<meta property=\"og:image\" content=\"https:\/\/www.aslroma5.it\/wp-content\/uploads\/2021\/06\/images_Documenti2021_nuovo-primario-ambulatorio-colleferro.jpg\" \/>\n\t<meta property=\"og:image:width\" content=\"2048\" \/>\n\t<meta property=\"og:image:height\" content=\"1536\" \/>\n\t<meta property=\"og:image:type\" content=\"image\/jpeg\" \/>\n<meta name=\"author\" content=\"dot4all\" \/>\n<meta name=\"twitter:card\" content=\"summary_large_image\" \/>\n<meta name=\"twitter:label1\" content=\"Scritto da\" \/>\n\t<meta name=\"twitter:data1\" content=\"dot4all\" \/>\n\t<meta name=\"twitter:label2\" content=\"Tempo di lettura stimato\" \/>\n\t<meta name=\"twitter:data2\" content=\"2 minuti\" \/>\n<script type=\"application\/ld+json\" class=\"yoast-schema-graph\">{\"@context\":\"https:\/\/schema.org\",\"@graph\":[{\"@type\":\"Article\",\"@id\":\"https:\/\/www.aslroma5.it\/palestrina-riparte-nuovo-primario-di-anestesia-e-terapia-sub-intensiva-a-palestrina-ambulatorio-pediatrico-a-colleferro\/#article\",\"isPartOf\":{\"@id\":\"https:\/\/www.aslroma5.it\/palestrina-riparte-nuovo-primario-di-anestesia-e-terapia-sub-intensiva-a-palestrina-ambulatorio-pediatrico-a-colleferro\/\"},\"author\":{\"name\":\"dot4all\",\"@id\":\"https:\/\/www.aslroma5.it\/#\/schema\/person\/aae9591da64a4feb5cf19a10d69b634d\"},\"headline\":\"PALESTRINA RIPARTE! NUOVO PRIMARIO DI ANESTESIA E TERAPIA SUB INTENSIVA A PALESTRINA AMBULATORIO PEDIATRICO A COLLEFERRO\",\"datePublished\":\"2021-06-19T08:17:56+00:00\",\"mainEntityOfPage\":{\"@id\":\"https:\/\/www.aslroma5.it\/palestrina-riparte-nuovo-primario-di-anestesia-e-terapia-sub-intensiva-a-palestrina-ambulatorio-pediatrico-a-colleferro\/\"},\"wordCount\":319,\"commentCount\":0,\"publisher\":{\"@id\":\"https:\/\/www.aslroma5.it\/#organization\"},\"image\":{\"@id\":\"https:\/\/www.aslroma5.it\/palestrina-riparte-nuovo-primario-di-anestesia-e-terapia-sub-intensiva-a-palestrina-ambulatorio-pediatrico-a-colleferro\/#primaryimage\"},\"thumbnailUrl\":\"https:\/\/www.aslroma5.it\/wp-content\/uploads\/2021\/06\/images_Documenti2021_nuovo-primario-ambulatorio-colleferro.jpg\",\"articleSection\":[\"News\"],\"inLanguage\":\"it-IT\",\"potentialAction\":[{\"@type\":\"CommentAction\",\"name\":\"Comment\",\"target\":[\"https:\/\/www.aslroma5.it\/palestrina-riparte-nuovo-primario-di-anestesia-e-terapia-sub-intensiva-a-palestrina-ambulatorio-pediatrico-a-colleferro\/#respond\"]}]},{\"@type\":\"WebPage\",\"@id\":\"https:\/\/www.aslroma5.it\/palestrina-riparte-nuovo-primario-di-anestesia-e-terapia-sub-intensiva-a-palestrina-ambulatorio-pediatrico-a-colleferro\/\",\"url\":\"https:\/\/www.aslroma5.it\/palestrina-riparte-nuovo-primario-di-anestesia-e-terapia-sub-intensiva-a-palestrina-ambulatorio-pediatrico-a-colleferro\/\",\"name\":\"PALESTRINA RIPARTE! NUOVO PRIMARIO DI ANESTESIA E TERAPIA SUB INTENSIVA A PALESTRINA AMBULATORIO PEDIATRICO A COLLEFERRO - ASL ROMA 5\",\"isPartOf\":{\"@id\":\"https:\/\/www.aslroma5.it\/#website\"},\"primaryImageOfPage\":{\"@id\":\"https:\/\/www.aslroma5.it\/palestrina-riparte-nuovo-primario-di-anestesia-e-terapia-sub-intensiva-a-palestrina-ambulatorio-pediatrico-a-colleferro\/#primaryimage\"},\"image\":{\"@id\":\"https:\/\/www.aslroma5.it\/palestrina-riparte-nuovo-primario-di-anestesia-e-terapia-sub-intensiva-a-palestrina-ambulatorio-pediatrico-a-colleferro\/#primaryimage\"},\"thumbnailUrl\":\"https:\/\/www.aslroma5.it\/wp-content\/uploads\/2021\/06\/images_Documenti2021_nuovo-primario-ambulatorio-colleferro.jpg\",\"datePublished\":\"2021-06-19T08:17:56+00:00\",\"breadcrumb\":{\"@id\":\"https:\/\/www.aslroma5.it\/palestrina-riparte-nuovo-primario-di-anestesia-e-terapia-sub-intensiva-a-palestrina-ambulatorio-pediatrico-a-colleferro\/#breadcrumb\"},\"inLanguage\":\"it-IT\",\"potentialAction\":[{\"@type\":\"ReadAction\",\"target\":[\"https:\/\/www.aslroma5.it\/palestrina-riparte-nuovo-primario-di-anestesia-e-terapia-sub-intensiva-a-palestrina-ambulatorio-pediatrico-a-colleferro\/\"]}]},{\"@type\":\"ImageObject\",\"inLanguage\":\"it-IT\",\"@id\":\"https:\/\/www.aslroma5.it\/palestrina-riparte-nuovo-primario-di-anestesia-e-terapia-sub-intensiva-a-palestrina-ambulatorio-pediatrico-a-colleferro\/#primaryimage\",\"url\":\"https:\/\/www.aslroma5.it\/wp-content\/uploads\/2021\/06\/images_Documenti2021_nuovo-primario-ambulatorio-colleferro.jpg\",\"contentUrl\":\"https:\/\/www.aslroma5.it\/wp-content\/uploads\/2021\/06\/images_Documenti2021_nuovo-primario-ambulatorio-colleferro.jpg\",\"width\":2048,\"height\":1536},{\"@type\":\"BreadcrumbList\",\"@id\":\"https:\/\/www.aslroma5.it\/palestrina-riparte-nuovo-primario-di-anestesia-e-terapia-sub-intensiva-a-palestrina-ambulatorio-pediatrico-a-colleferro\/#breadcrumb\",\"itemListElement\":[{\"@type\":\"ListItem\",\"position\":1,\"name\":\"Home\",\"item\":\"https:\/\/www.aslroma5.it\/\"},{\"@type\":\"ListItem\",\"position\":2,\"name\":\"PALESTRINA RIPARTE! NUOVO PRIMARIO DI ANESTESIA E TERAPIA SUB INTENSIVA A PALESTRINA AMBULATORIO PEDIATRICO A COLLEFERRO\"}]},{\"@type\":\"WebSite\",\"@id\":\"https:\/\/www.aslroma5.it\/#website\",\"url\":\"https:\/\/www.aslroma5.it\/\",\"name\":\"ASL ROMA 5\",\"description\":\"\",\"publisher\":{\"@id\":\"https:\/\/www.aslroma5.it\/#organization\"},\"potentialAction\":[{\"@type\":\"SearchAction\",\"target\":{\"@type\":\"EntryPoint\",\"urlTemplate\":\"https:\/\/www.aslroma5.it\/?s={search_term_string}\"},\"query-input\":{\"@type\":\"PropertyValueSpecification\",\"valueRequired\":true,\"valueName\":\"search_term_string\"}}],\"inLanguage\":\"it-IT\"},{\"@type\":\"Organization\",\"@id\":\"https:\/\/www.aslroma5.it\/#organization\",\"name\":\"ASL ROMA 5\",\"url\":\"https:\/\/www.aslroma5.it\/\",\"logo\":{\"@type\":\"ImageObject\",\"inLanguage\":\"it-IT\",\"@id\":\"https:\/\/www.aslroma5.it\/#\/schema\/logo\/image\/\",\"url\":\"https:\/\/www.aslroma5.it\/wp-content\/uploads\/2025\/07\/asl-roma5-logo-25.svg\",\"contentUrl\":\"https:\/\/www.aslroma5.it\/wp-content\/uploads\/2025\/07\/asl-roma5-logo-25.svg\",\"width\":328,\"height\":112,\"caption\":\"ASL ROMA 5\"},\"image\":{\"@id\":\"https:\/\/www.aslroma5.it\/#\/schema\/logo\/image\/\"}},{\"@type\":\"Person\",\"@id\":\"https:\/\/www.aslroma5.it\/#\/schema\/person\/aae9591da64a4feb5cf19a10d69b634d\",\"name\":\"dot4all\",\"image\":{\"@type\":\"ImageObject\",\"inLanguage\":\"it-IT\",\"@id\":\"https:\/\/www.aslroma5.it\/#\/schema\/person\/image\/\",\"url\":\"https:\/\/secure.gravatar.com\/avatar\/a228c250e89e00f48f7bae46b9a785bc5b3f509d86988952d9e01450e422a0cc?s=96&d=mm&r=g\",\"contentUrl\":\"https:\/\/secure.gravatar.com\/avatar\/a228c250e89e00f48f7bae46b9a785bc5b3f509d86988952d9e01450e422a0cc?s=96&d=mm&r=g\",\"caption\":\"dot4all\"},\"sameAs\":[\"https:\/\/www.aslroma5.info\/new2021\"]}]}<\/script>\n<!-- \/ Yoast SEO plugin. -->","yoast_head_json":{"title":"PALESTRINA RIPARTE! NUOVO PRIMARIO DI ANESTESIA E TERAPIA SUB INTENSIVA A PALESTRINA AMBULATORIO PEDIATRICO A COLLEFERRO - ASL ROMA 5","robots":{"index":"index","follow":"follow","max-snippet":"max-snippet:-1","max-image-preview":"max-image-preview:large","max-video-preview":"max-video-preview:-1"},"canonical":"https:\/\/www.aslroma5.it\/palestrina-riparte-nuovo-primario-di-anestesia-e-terapia-sub-intensiva-a-palestrina-ambulatorio-pediatrico-a-colleferro\/","og_locale":"it_IT","og_type":"article","og_title":"PALESTRINA RIPARTE! NUOVO PRIMARIO DI ANESTESIA E TERAPIA SUB INTENSIVA A PALESTRINA AMBULATORIO PEDIATRICO A COLLEFERRO - ASL ROMA 5","og_description":"Proseguono le azioni di potenziamento e rilancio dei presidi ospedalieri della ASL Roma 5. PALESTRINA &#8211;&nbsp;Prender\u00e0 servizio a breve presso la UOC Anestesia e Sub Intensiva di Palestrina il nuovo primario a cui l\u2019Azienda d\u00e0 il benvenuto ed augura buon lavoro. Si tratta del dott.&nbsp;Luca Severi, classe 1965, professionista di lunga esperienza. \u201cRingrazio il Direttore&hellip;","og_url":"https:\/\/www.aslroma5.it\/palestrina-riparte-nuovo-primario-di-anestesia-e-terapia-sub-intensiva-a-palestrina-ambulatorio-pediatrico-a-colleferro\/","og_site_name":"ASL ROMA 5","article_published_time":"2021-06-19T08:17:56+00:00","og_image":[{"width":2048,"height":1536,"url":"https:\/\/www.aslroma5.it\/wp-content\/uploads\/2021\/06\/images_Documenti2021_nuovo-primario-ambulatorio-colleferro.jpg","type":"image\/jpeg"}],"author":"dot4all","twitter_card":"summary_large_image","twitter_misc":{"Scritto da":"dot4all","Tempo di lettura stimato":"2 minuti"},"schema":{"@context":"https:\/\/schema.org","@graph":[{"@type":"Article","@id":"https:\/\/www.aslroma5.it\/palestrina-riparte-nuovo-primario-di-anestesia-e-terapia-sub-intensiva-a-palestrina-ambulatorio-pediatrico-a-colleferro\/#article","isPartOf":{"@id":"https:\/\/www.aslroma5.it\/palestrina-riparte-nuovo-primario-di-anestesia-e-terapia-sub-intensiva-a-palestrina-ambulatorio-pediatrico-a-colleferro\/"},"author":{"name":"dot4all","@id":"https:\/\/www.aslroma5.it\/#\/schema\/person\/aae9591da64a4feb5cf19a10d69b634d"},"headline":"PALESTRINA RIPARTE! NUOVO PRIMARIO DI ANESTESIA E TERAPIA SUB INTENSIVA A PALESTRINA AMBULATORIO PEDIATRICO A COLLEFERRO","datePublished":"2021-06-19T08:17:56+00:00","mainEntityOfPage":{"@id":"https:\/\/www.aslroma5.it\/palestrina-riparte-nuovo-primario-di-anestesia-e-terapia-sub-intensiva-a-palestrina-ambulatorio-pediatrico-a-colleferro\/"},"wordCount":319,"commentCount":0,"publisher":{"@id":"https:\/\/www.aslroma5.it\/#organization"},"image":{"@id":"https:\/\/www.aslroma5.it\/palestrina-riparte-nuovo-primario-di-anestesia-e-terapia-sub-intensiva-a-palestrina-ambulatorio-pediatrico-a-colleferro\/#primaryimage"},"thumbnailUrl":"https:\/\/www.aslroma5.it\/wp-content\/uploads\/2021\/06\/images_Documenti2021_nuovo-primario-ambulatorio-colleferro.jpg","articleSection":["News"],"inLanguage":"it-IT","potentialAction":[{"@type":"CommentAction","name":"Comment","target":["https:\/\/www.aslroma5.it\/palestrina-riparte-nuovo-primario-di-anestesia-e-terapia-sub-intensiva-a-palestrina-ambulatorio-pediatrico-a-colleferro\/#respond"]}]},{"@type":"WebPage","@id":"https:\/\/www.aslroma5.it\/palestrina-riparte-nuovo-primario-di-anestesia-e-terapia-sub-intensiva-a-palestrina-ambulatorio-pediatrico-a-colleferro\/","url":"https:\/\/www.aslroma5.it\/palestrina-riparte-nuovo-primario-di-anestesia-e-terapia-sub-intensiva-a-palestrina-ambulatorio-pediatrico-a-colleferro\/","name":"PALESTRINA RIPARTE! NUOVO PRIMARIO DI ANESTESIA E TERAPIA SUB INTENSIVA A PALESTRINA AMBULATORIO PEDIATRICO A COLLEFERRO - ASL ROMA 5","isPartOf":{"@id":"https:\/\/www.aslroma5.it\/#website"},"primaryImageOfPage":{"@id":"https:\/\/www.aslroma5.it\/palestrina-riparte-nuovo-primario-di-anestesia-e-terapia-sub-intensiva-a-palestrina-ambulatorio-pediatrico-a-colleferro\/#primaryimage"},"image":{"@id":"https:\/\/www.aslroma5.it\/palestrina-riparte-nuovo-primario-di-anestesia-e-terapia-sub-intensiva-a-palestrina-ambulatorio-pediatrico-a-colleferro\/#primaryimage"},"thumbnailUrl":"https:\/\/www.aslroma5.it\/wp-content\/uploads\/2021\/06\/images_Documenti2021_nuovo-primario-ambulatorio-colleferro.jpg","datePublished":"2021-06-19T08:17:56+00:00","breadcrumb":{"@id":"https:\/\/www.aslroma5.it\/palestrina-riparte-nuovo-primario-di-anestesia-e-terapia-sub-intensiva-a-palestrina-ambulatorio-pediatrico-a-colleferro\/#breadcrumb"},"inLanguage":"it-IT","potentialAction":[{"@type":"ReadAction","target":["https:\/\/www.aslroma5.it\/palestrina-riparte-nuovo-primario-di-anestesia-e-terapia-sub-intensiva-a-palestrina-ambulatorio-pediatrico-a-colleferro\/"]}]},{"@type":"ImageObject","inLanguage":"it-IT","@id":"https:\/\/www.aslroma5.it\/palestrina-riparte-nuovo-primario-di-anestesia-e-terapia-sub-intensiva-a-palestrina-ambulatorio-pediatrico-a-colleferro\/#primaryimage","url":"https:\/\/www.aslroma5.it\/wp-content\/uploads\/2021\/06\/images_Documenti2021_nuovo-primario-ambulatorio-colleferro.jpg","contentUrl":"https:\/\/www.aslroma5.it\/wp-content\/uploads\/2021\/06\/images_Documenti2021_nuovo-primario-ambulatorio-colleferro.jpg","width":2048,"height":1536},{"@type":"BreadcrumbList","@id":"https:\/\/www.aslroma5.it\/palestrina-riparte-nuovo-primario-di-anestesia-e-terapia-sub-intensiva-a-palestrina-ambulatorio-pediatrico-a-colleferro\/#breadcrumb","itemListElement":[{"@type":"ListItem","position":1,"name":"Home","item":"https:\/\/www.aslroma5.it\/"},{"@type":"ListItem","position":2,"name":"PALESTRINA RIPARTE! NUOVO PRIMARIO DI ANESTESIA E TERAPIA SUB INTENSIVA A PALESTRINA AMBULATORIO PEDIATRICO A COLLEFERRO"}]},{"@type":"WebSite","@id":"https:\/\/www.aslroma5.it\/#website","url":"https:\/\/www.aslroma5.it\/","name":"ASL ROMA 5","description":"","publisher":{"@id":"https:\/\/www.aslroma5.it\/#organization"},"potentialAction":[{"@type":"SearchAction","target":{"@type":"EntryPoint","urlTemplate":"https:\/\/www.aslroma5.it\/?s={search_term_string}"},"query-input":{"@type":"PropertyValueSpecification","valueRequired":true,"valueName":"search_term_string"}}],"inLanguage":"it-IT"},{"@type":"Organization","@id":"https:\/\/www.aslroma5.it\/#organization","name":"ASL ROMA 5","url":"https:\/\/www.aslroma5.it\/","logo":{"@type":"ImageObject","inLanguage":"it-IT","@id":"https:\/\/www.aslroma5.it\/#\/schema\/logo\/image\/","url":"https:\/\/www.aslroma5.it\/wp-content\/uploads\/2025\/07\/asl-roma5-logo-25.svg","contentUrl":"https:\/\/www.aslroma5.it\/wp-content\/uploads\/2025\/07\/asl-roma5-logo-25.svg","width":328,"height":112,"caption":"ASL ROMA 5"},"image":{"@id":"https:\/\/www.aslroma5.it\/#\/schema\/logo\/image\/"}},{"@type":"Person","@id":"https:\/\/www.aslroma5.it\/#\/schema\/person\/aae9591da64a4feb5cf19a10d69b634d","name":"dot4all","image":{"@type":"ImageObject","inLanguage":"it-IT","@id":"https:\/\/www.aslroma5.it\/#\/schema\/person\/image\/","url":"https:\/\/secure.gravatar.com\/avatar\/a228c250e89e00f48f7bae46b9a785bc5b3f509d86988952d9e01450e422a0cc?s=96&d=mm&r=g","contentUrl":"https:\/\/secure.gravatar.com\/avatar\/a228c250e89e00f48f7bae46b9a785bc5b3f509d86988952d9e01450e422a0cc?s=96&d=mm&r=g","caption":"dot4all"},"sameAs":["https:\/\/www.aslroma5.info\/new2021"]}]}},"publishpress_future_action":{"enabled":false,"date":"2026-05-08 11:20:09","action":"change-status","newStatus":"draft","terms":[],"taxonomy":"category","extraData":[]},"publishpress_future_workflow_manual_trigger":{"enabledWorkflows":[]},"_links":{"self":[{"href":"https:\/\/www.aslroma5.it\/api\/wp\/v2\/posts\/46950","targetHints":{"allow":["GET"]}}],"collection":[{"href":"https:\/\/www.aslroma5.it\/api\/wp\/v2\/posts"}],"about":[{"href":"https:\/\/www.aslroma5.it\/api\/wp\/v2\/types\/post"}],"author":[{"embeddable":true,"href":"https:\/\/www.aslroma5.it\/api\/wp\/v2\/users\/1"}],"replies":[{"embeddable":true,"href":"https:\/\/www.aslroma5.it\/api\/wp\/v2\/comments?post=46950"}],"version-history":[{"count":0,"href":"https:\/\/www.aslroma5.it\/api\/wp\/v2\/posts\/46950\/revisions"}],"wp:featuredmedia":[{"embeddable":true,"href":"https:\/\/www.aslroma5.it\/api\/wp\/v2\/media\/46949"}],"wp:attachment":[{"href":"https:\/\/www.aslroma5.it\/api\/wp\/v2\/media?parent=46950"}],"wp:term":[{"taxonomy":"category","embeddable":true,"href":"https:\/\/www.aslroma5.it\/api\/wp\/v2\/categories?post=46950"},{"taxonomy":"post_tag","embeddable":true,"href":"https:\/\/www.aslroma5.it\/api\/wp\/v2\/tags?post=46950"}],"curies":[{"name":"wp","href":"https:\/\/api.w.org\/{rel}","templated":true}]}}