{"id":46963,"date":"2021-06-23T20:53:21","date_gmt":"2021-06-23T18:53:21","guid":{"rendered":"https:\/\/www.aslroma5.info\/new2021\/inaugurato-il-centro-vaccinazione-anti-covid-19-cnr-monterotondo\/"},"modified":"2021-06-23T20:53:21","modified_gmt":"2021-06-23T18:53:21","slug":"inaugurato-il-centro-vaccinazione-anti-covid-19-cnr-monterotondo","status":"publish","type":"post","link":"https:\/\/www.aslroma5.it\/inaugurato-il-centro-vaccinazione-anti-covid-19-cnr-monterotondo\/","title":{"rendered":"Inaugurato il  Centro Vaccinazione anti Covid 19 CNR Monterotondo"},"content":{"rendered":"<div><\/div>\n<div style=\"color: #000000; font-family: arial, helvetica, sans-serif; font-size: 16px; font-style: normal; font-weight: 400; letter-spacing: normal; orphans: 2; text-align: start; text-indent: 0px; text-transform: none; white-space: normal; widows: 2; word-spacing: 0px; background-color: #ffffff;\"><span style=\"color: #050505; font-family: 'segoe ui historic', 'segoe ui', helvetica, arial, sans-serif; font-size: 15px; white-space: pre-wrap;\">Inaugurato alla presenza dell&#8217;assessore alla Sanit\u00e0 della Regione Lazio, del Direttore generale della Asl Roma 5, del sindaco di Monterotondo, alla presenza dell&#8217;assessore alla mobilit\u00e0, del Direttore CNR e del Direttore di EMBL il nuovo hub vaccinale di Monterotondo. Gi\u00e0 prenotate oltre la met\u00e0 delle vaccinazioni previste per <span id=\"OBJ_PREFIX_DWT91_com_zimbra_date\" class=\"Object\" style=\"color: #005a95; text-decoration: none; cursor: pointer;\">domani<\/span>, giornata di attivazione del centro di via Ramarini che sar\u00e0 aperto dal luned\u00ec alla <span id=\"OBJ_PREFIX_DWT92_com_zimbra_date\" class=\"Object\" style=\"color: #005a95; text-decoration: none; cursor: pointer;\">domenica<\/span> dalle 9 alle 14.<\/span> <\/p>\n<div style=\"color: #000000; font-family: arial, helvetica, sans-serif; font-size: 16px; font-style: normal; font-weight: 400; letter-spacing: normal; orphans: 2; text-align: start; text-indent: 0px; text-transform: none; white-space: normal; widows: 2; word-spacing: 0px; background-color: #ffffff;\"><span style=\"color: #050505; font-family: 'segoe ui historic', 'segoe ui', helvetica, arial, sans-serif; font-size: 15px; white-space: pre-wrap;\"><\/span><span style=\"color: #050505; font-family: 'segoe ui historic', 'segoe ui', helvetica, arial, sans-serif; font-size: 15px; white-space: pre-wrap;\">Questa apertura rappresenta il successo di una grande sinergia interistituzionale: Regione, ASL Roma 5, Comune, CNR, EMBL e associazioni di volontariato.<\/span><\/div>\n<div>\n<table>\n<tbody>\n<tr>\n<td style=\"width: 252px;\"><img decoding=\"async\" class=\" size-full wp-image-46954\" src=\"https:\/\/www.aslroma5.it\/wp-content\/uploads\/2021\/06\/images_Documenti2021_centro-vaccinazione-monterotondo1.jpg\" alt=\"centro vaccinazione monterotondo1\" width=\"250\" height=\"113\" style=\"margin-top: 5px; margin-right: 2px;\" srcset=\"https:\/\/www.aslroma5.it\/wp-content\/uploads\/2021\/06\/images_Documenti2021_centro-vaccinazione-monterotondo1.jpg 1600w, https:\/\/www.aslroma5.it\/wp-content\/uploads\/2021\/06\/images_Documenti2021_centro-vaccinazione-monterotondo1-300x135.jpg 300w, https:\/\/www.aslroma5.it\/wp-content\/uploads\/2021\/06\/images_Documenti2021_centro-vaccinazione-monterotondo1-1024x461.jpg 1024w, https:\/\/www.aslroma5.it\/wp-content\/uploads\/2021\/06\/images_Documenti2021_centro-vaccinazione-monterotondo1-768x346.jpg 768w, https:\/\/www.aslroma5.it\/wp-content\/uploads\/2021\/06\/images_Documenti2021_centro-vaccinazione-monterotondo1-1536x691.jpg 1536w\" sizes=\"(max-width: 250px) 100vw, 250px\" \/><\/td>\n<td style=\"width: 252px;\"><img decoding=\"async\" class=\" size-full wp-image-46955\" src=\"https:\/\/www.aslroma5.it\/wp-content\/uploads\/2021\/06\/images_Documenti2021_centro-vaccinazione-monterotondo3.jpg\" alt=\"centro vaccinazione monterotondo3\" width=\"250\" height=\"113\" style=\"margin-top: 5px; margin-right: 2px;\" srcset=\"https:\/\/www.aslroma5.it\/wp-content\/uploads\/2021\/06\/images_Documenti2021_centro-vaccinazione-monterotondo3.jpg 1600w, https:\/\/www.aslroma5.it\/wp-content\/uploads\/2021\/06\/images_Documenti2021_centro-vaccinazione-monterotondo3-300x135.jpg 300w, https:\/\/www.aslroma5.it\/wp-content\/uploads\/2021\/06\/images_Documenti2021_centro-vaccinazione-monterotondo3-1024x461.jpg 1024w, https:\/\/www.aslroma5.it\/wp-content\/uploads\/2021\/06\/images_Documenti2021_centro-vaccinazione-monterotondo3-768x346.jpg 768w, https:\/\/www.aslroma5.it\/wp-content\/uploads\/2021\/06\/images_Documenti2021_centro-vaccinazione-monterotondo3-1536x691.jpg 1536w\" sizes=\"(max-width: 250px) 100vw, 250px\" \/><\/td>\n<td style=\"width: 252px;\"><img decoding=\"async\" class=\" size-full wp-image-46956\" src=\"https:\/\/www.aslroma5.it\/wp-content\/uploads\/2021\/06\/images_Documenti2021_centro-vaccinazione-monterotondo4.jpg\" alt=\"centro vaccinazione monterotondo4\" width=\"250\" height=\"113\" style=\"margin-top: 5px; margin-right: 2px;\" srcset=\"https:\/\/www.aslroma5.it\/wp-content\/uploads\/2021\/06\/images_Documenti2021_centro-vaccinazione-monterotondo4.jpg 1600w, https:\/\/www.aslroma5.it\/wp-content\/uploads\/2021\/06\/images_Documenti2021_centro-vaccinazione-monterotondo4-300x135.jpg 300w, https:\/\/www.aslroma5.it\/wp-content\/uploads\/2021\/06\/images_Documenti2021_centro-vaccinazione-monterotondo4-1024x461.jpg 1024w, https:\/\/www.aslroma5.it\/wp-content\/uploads\/2021\/06\/images_Documenti2021_centro-vaccinazione-monterotondo4-768x346.jpg 768w, https:\/\/www.aslroma5.it\/wp-content\/uploads\/2021\/06\/images_Documenti2021_centro-vaccinazione-monterotondo4-1536x691.jpg 1536w\" sizes=\"(max-width: 250px) 100vw, 250px\" \/>&nbsp;<\/td>\n<\/tr>\n<tr>\n<td style=\"width: 252px;\"><img loading=\"lazy\" decoding=\"async\" class=\" size-full wp-image-46957\" src=\"https:\/\/www.aslroma5.it\/wp-content\/uploads\/2021\/06\/images_Documenti2021_centro-vaccinazione-monterotondo5.jpg\" alt=\"centro vaccinazione monterotondo5\" width=\"250\" height=\"113\" style=\"margin-top: 5px;\" srcset=\"https:\/\/www.aslroma5.it\/wp-content\/uploads\/2021\/06\/images_Documenti2021_centro-vaccinazione-monterotondo5.jpg 1600w, https:\/\/www.aslroma5.it\/wp-content\/uploads\/2021\/06\/images_Documenti2021_centro-vaccinazione-monterotondo5-300x135.jpg 300w, https:\/\/www.aslroma5.it\/wp-content\/uploads\/2021\/06\/images_Documenti2021_centro-vaccinazione-monterotondo5-1024x461.jpg 1024w, https:\/\/www.aslroma5.it\/wp-content\/uploads\/2021\/06\/images_Documenti2021_centro-vaccinazione-monterotondo5-768x346.jpg 768w, https:\/\/www.aslroma5.it\/wp-content\/uploads\/2021\/06\/images_Documenti2021_centro-vaccinazione-monterotondo5-1536x691.jpg 1536w\" sizes=\"(max-width: 250px) 100vw, 250px\" \/><\/td>\n<td style=\"width: 252px;\"><img loading=\"lazy\" decoding=\"async\" class=\" size-full wp-image-46958\" src=\"https:\/\/www.aslroma5.it\/wp-content\/uploads\/2021\/06\/images_Documenti2021_centro-vaccinazione-monterotondo6.jpg\" alt=\"centro vaccinazione monterotondo6\" width=\"250\" height=\"188\" style=\"margin-top: 5px;\" srcset=\"https:\/\/www.aslroma5.it\/wp-content\/uploads\/2021\/06\/images_Documenti2021_centro-vaccinazione-monterotondo6.jpg 2048w, https:\/\/www.aslroma5.it\/wp-content\/uploads\/2021\/06\/images_Documenti2021_centro-vaccinazione-monterotondo6-300x225.jpg 300w, https:\/\/www.aslroma5.it\/wp-content\/uploads\/2021\/06\/images_Documenti2021_centro-vaccinazione-monterotondo6-1024x768.jpg 1024w, https:\/\/www.aslroma5.it\/wp-content\/uploads\/2021\/06\/images_Documenti2021_centro-vaccinazione-monterotondo6-768x576.jpg 768w, https:\/\/www.aslroma5.it\/wp-content\/uploads\/2021\/06\/images_Documenti2021_centro-vaccinazione-monterotondo6-1536x1152.jpg 1536w\" sizes=\"(max-width: 250px) 100vw, 250px\" \/><\/td>\n<td style=\"width: 252px;\"><img loading=\"lazy\" decoding=\"async\" class=\" size-full wp-image-46959\" src=\"https:\/\/www.aslroma5.it\/wp-content\/uploads\/2021\/06\/images_Documenti2021_centro-vaccinazione-monterotondo7.jpg\" alt=\"centro vaccinazione monterotondo7\" width=\"250\" height=\"113\" style=\"margin-top: 5px; margin-right: 2px;\" srcset=\"https:\/\/www.aslroma5.it\/wp-content\/uploads\/2021\/06\/images_Documenti2021_centro-vaccinazione-monterotondo7.jpg 1600w, https:\/\/www.aslroma5.it\/wp-content\/uploads\/2021\/06\/images_Documenti2021_centro-vaccinazione-monterotondo7-300x135.jpg 300w, https:\/\/www.aslroma5.it\/wp-content\/uploads\/2021\/06\/images_Documenti2021_centro-vaccinazione-monterotondo7-1024x461.jpg 1024w, https:\/\/www.aslroma5.it\/wp-content\/uploads\/2021\/06\/images_Documenti2021_centro-vaccinazione-monterotondo7-768x346.jpg 768w, https:\/\/www.aslroma5.it\/wp-content\/uploads\/2021\/06\/images_Documenti2021_centro-vaccinazione-monterotondo7-1536x691.jpg 1536w\" sizes=\"(max-width: 250px) 100vw, 250px\" \/><\/td>\n<\/tr>\n<tr>\n<td style=\"width: 252px;\"><img loading=\"lazy\" decoding=\"async\" class=\" size-full wp-image-46960\" src=\"https:\/\/www.aslroma5.it\/wp-content\/uploads\/2021\/06\/images_Documenti2021_centro-vaccinazione-monterotondo10.jpg\" alt=\"centro vaccinazione monterotondo10\" width=\"250\" height=\"113\" style=\"margin-top: 5px;\" srcset=\"https:\/\/www.aslroma5.it\/wp-content\/uploads\/2021\/06\/images_Documenti2021_centro-vaccinazione-monterotondo10.jpg 1600w, https:\/\/www.aslroma5.it\/wp-content\/uploads\/2021\/06\/images_Documenti2021_centro-vaccinazione-monterotondo10-300x135.jpg 300w, https:\/\/www.aslroma5.it\/wp-content\/uploads\/2021\/06\/images_Documenti2021_centro-vaccinazione-monterotondo10-1024x461.jpg 1024w, https:\/\/www.aslroma5.it\/wp-content\/uploads\/2021\/06\/images_Documenti2021_centro-vaccinazione-monterotondo10-768x346.jpg 768w, https:\/\/www.aslroma5.it\/wp-content\/uploads\/2021\/06\/images_Documenti2021_centro-vaccinazione-monterotondo10-1536x691.jpg 1536w\" sizes=\"(max-width: 250px) 100vw, 250px\" \/><\/td>\n<td style=\"width: 252px;\"><img loading=\"lazy\" decoding=\"async\" class=\" size-full wp-image-46961\" src=\"https:\/\/www.aslroma5.it\/wp-content\/uploads\/2021\/06\/images_Documenti2021_centro-vaccinazione-monterotondo8.jpg\" alt=\"centro vaccinazione monterotondo8\" width=\"250\" height=\"113\" style=\"margin-top: 5px; margin-right: 2px;\" srcset=\"https:\/\/www.aslroma5.it\/wp-content\/uploads\/2021\/06\/images_Documenti2021_centro-vaccinazione-monterotondo8.jpg 1600w, https:\/\/www.aslroma5.it\/wp-content\/uploads\/2021\/06\/images_Documenti2021_centro-vaccinazione-monterotondo8-300x135.jpg 300w, https:\/\/www.aslroma5.it\/wp-content\/uploads\/2021\/06\/images_Documenti2021_centro-vaccinazione-monterotondo8-1024x461.jpg 1024w, https:\/\/www.aslroma5.it\/wp-content\/uploads\/2021\/06\/images_Documenti2021_centro-vaccinazione-monterotondo8-768x346.jpg 768w, https:\/\/www.aslroma5.it\/wp-content\/uploads\/2021\/06\/images_Documenti2021_centro-vaccinazione-monterotondo8-1536x691.jpg 1536w\" sizes=\"(max-width: 250px) 100vw, 250px\" \/><\/td>\n<td style=\"width: 252px;\"><img loading=\"lazy\" decoding=\"async\" class=\" size-full wp-image-46962\" src=\"https:\/\/www.aslroma5.it\/wp-content\/uploads\/2021\/06\/images_Documenti2021_centro-vaccinazione-monterotondo9.jpg\" alt=\"centro vaccinazione monterotondo9\" width=\"250\" height=\"113\" style=\"margin-top: 5px; margin-right: 2px;\" srcset=\"https:\/\/www.aslroma5.it\/wp-content\/uploads\/2021\/06\/images_Documenti2021_centro-vaccinazione-monterotondo9.jpg 1600w, https:\/\/www.aslroma5.it\/wp-content\/uploads\/2021\/06\/images_Documenti2021_centro-vaccinazione-monterotondo9-300x135.jpg 300w, https:\/\/www.aslroma5.it\/wp-content\/uploads\/2021\/06\/images_Documenti2021_centro-vaccinazione-monterotondo9-1024x461.jpg 1024w, https:\/\/www.aslroma5.it\/wp-content\/uploads\/2021\/06\/images_Documenti2021_centro-vaccinazione-monterotondo9-768x346.jpg 768w, https:\/\/www.aslroma5.it\/wp-content\/uploads\/2021\/06\/images_Documenti2021_centro-vaccinazione-monterotondo9-1536x691.jpg 1536w\" sizes=\"(max-width: 250px) 100vw, 250px\" \/><\/td>\n<\/tr>\n<\/tbody>\n<\/table><\/div>\n<\/p><\/div>\n","protected":false},"excerpt":{"rendered":"<p>Inaugurato alla presenza dell&#8217;assessore alla Sanit\u00e0 della Regione Lazio, del Direttore generale della Asl Roma 5, del sindaco di Monterotondo, alla presenza dell&#8217;assessore alla mobilit\u00e0, del Direttore CNR e del Direttore di EMBL il nuovo hub vaccinale di Monterotondo. Gi\u00e0 prenotate oltre la met\u00e0 delle vaccinazioni previste per domani, giornata di attivazione del centro di&hellip;<\/p>\n","protected":false},"author":1,"featured_media":46953,"comment_status":"open","ping_status":"closed","sticky":false,"template":"","format":"standard","meta":{"_acf_changed":false,"inline_featured_image":false,"footnotes":""},"categories":[1816],"tags":[],"class_list":["post-46963","post","type-post","status-publish","format-standard","has-post-thumbnail","hentry","category-news","category-1816","description-off"],"acf":{"galleria":null},"yoast_head":"<!-- This site is optimized with the Yoast SEO plugin v25.5 - https:\/\/yoast.com\/wordpress\/plugins\/seo\/ -->\n<title>Inaugurato il Centro Vaccinazione anti Covid 19 CNR Monterotondo - ASL ROMA 5<\/title>\n<meta name=\"robots\" content=\"index, follow, max-snippet:-1, max-image-preview:large, max-video-preview:-1\" \/>\n<link rel=\"canonical\" href=\"https:\/\/www.aslroma5.it\/inaugurato-il-centro-vaccinazione-anti-covid-19-cnr-monterotondo\/\" \/>\n<meta property=\"og:locale\" content=\"it_IT\" \/>\n<meta property=\"og:type\" content=\"article\" \/>\n<meta property=\"og:title\" content=\"Inaugurato il Centro Vaccinazione anti Covid 19 CNR Monterotondo - ASL ROMA 5\" \/>\n<meta property=\"og:description\" content=\"Inaugurato alla presenza dell&#8217;assessore alla Sanit\u00e0 della Regione Lazio, del Direttore generale della Asl Roma 5, del sindaco di Monterotondo, alla presenza dell&#8217;assessore alla mobilit\u00e0, del Direttore CNR e del Direttore di EMBL il nuovo hub vaccinale di Monterotondo. Gi\u00e0 prenotate oltre la met\u00e0 delle vaccinazioni previste per domani, giornata di attivazione del centro di&hellip;\" \/>\n<meta property=\"og:url\" content=\"https:\/\/www.aslroma5.it\/inaugurato-il-centro-vaccinazione-anti-covid-19-cnr-monterotondo\/\" \/>\n<meta property=\"og:site_name\" content=\"ASL ROMA 5\" \/>\n<meta property=\"article:published_time\" content=\"2021-06-23T18:53:21+00:00\" \/>\n<meta property=\"og:image\" content=\"https:\/\/www.aslroma5.it\/wp-content\/uploads\/2021\/06\/images_Documenti2021_centro-vaccinazione-monterotondo2.jpg\" \/>\n\t<meta property=\"og:image:width\" content=\"1600\" \/>\n\t<meta property=\"og:image:height\" content=\"720\" \/>\n\t<meta property=\"og:image:type\" content=\"image\/jpeg\" \/>\n<meta name=\"author\" content=\"dot4all\" \/>\n<meta name=\"twitter:card\" content=\"summary_large_image\" \/>\n<meta name=\"twitter:label1\" content=\"Scritto da\" \/>\n\t<meta name=\"twitter:data1\" content=\"dot4all\" \/>\n<script type=\"application\/ld+json\" class=\"yoast-schema-graph\">{\"@context\":\"https:\/\/schema.org\",\"@graph\":[{\"@type\":\"Article\",\"@id\":\"https:\/\/www.aslroma5.it\/inaugurato-il-centro-vaccinazione-anti-covid-19-cnr-monterotondo\/#article\",\"isPartOf\":{\"@id\":\"https:\/\/www.aslroma5.it\/inaugurato-il-centro-vaccinazione-anti-covid-19-cnr-monterotondo\/\"},\"author\":{\"name\":\"dot4all\",\"@id\":\"https:\/\/www.aslroma5.it\/#\/schema\/person\/aae9591da64a4feb5cf19a10d69b634d\"},\"headline\":\"Inaugurato il Centro Vaccinazione anti Covid 19 CNR Monterotondo\",\"datePublished\":\"2021-06-23T18:53:21+00:00\",\"mainEntityOfPage\":{\"@id\":\"https:\/\/www.aslroma5.it\/inaugurato-il-centro-vaccinazione-anti-covid-19-cnr-monterotondo\/\"},\"wordCount\":96,\"commentCount\":0,\"publisher\":{\"@id\":\"https:\/\/www.aslroma5.it\/#organization\"},\"image\":{\"@id\":\"https:\/\/www.aslroma5.it\/inaugurato-il-centro-vaccinazione-anti-covid-19-cnr-monterotondo\/#primaryimage\"},\"thumbnailUrl\":\"https:\/\/www.aslroma5.it\/wp-content\/uploads\/2021\/06\/images_Documenti2021_centro-vaccinazione-monterotondo2.jpg\",\"articleSection\":[\"News\"],\"inLanguage\":\"it-IT\",\"potentialAction\":[{\"@type\":\"CommentAction\",\"name\":\"Comment\",\"target\":[\"https:\/\/www.aslroma5.it\/inaugurato-il-centro-vaccinazione-anti-covid-19-cnr-monterotondo\/#respond\"]}]},{\"@type\":\"WebPage\",\"@id\":\"https:\/\/www.aslroma5.it\/inaugurato-il-centro-vaccinazione-anti-covid-19-cnr-monterotondo\/\",\"url\":\"https:\/\/www.aslroma5.it\/inaugurato-il-centro-vaccinazione-anti-covid-19-cnr-monterotondo\/\",\"name\":\"Inaugurato il Centro Vaccinazione anti Covid 19 CNR Monterotondo - ASL ROMA 5\",\"isPartOf\":{\"@id\":\"https:\/\/www.aslroma5.it\/#website\"},\"primaryImageOfPage\":{\"@id\":\"https:\/\/www.aslroma5.it\/inaugurato-il-centro-vaccinazione-anti-covid-19-cnr-monterotondo\/#primaryimage\"},\"image\":{\"@id\":\"https:\/\/www.aslroma5.it\/inaugurato-il-centro-vaccinazione-anti-covid-19-cnr-monterotondo\/#primaryimage\"},\"thumbnailUrl\":\"https:\/\/www.aslroma5.it\/wp-content\/uploads\/2021\/06\/images_Documenti2021_centro-vaccinazione-monterotondo2.jpg\",\"datePublished\":\"2021-06-23T18:53:21+00:00\",\"breadcrumb\":{\"@id\":\"https:\/\/www.aslroma5.it\/inaugurato-il-centro-vaccinazione-anti-covid-19-cnr-monterotondo\/#breadcrumb\"},\"inLanguage\":\"it-IT\",\"potentialAction\":[{\"@type\":\"ReadAction\",\"target\":[\"https:\/\/www.aslroma5.it\/inaugurato-il-centro-vaccinazione-anti-covid-19-cnr-monterotondo\/\"]}]},{\"@type\":\"ImageObject\",\"inLanguage\":\"it-IT\",\"@id\":\"https:\/\/www.aslroma5.it\/inaugurato-il-centro-vaccinazione-anti-covid-19-cnr-monterotondo\/#primaryimage\",\"url\":\"https:\/\/www.aslroma5.it\/wp-content\/uploads\/2021\/06\/images_Documenti2021_centro-vaccinazione-monterotondo2.jpg\",\"contentUrl\":\"https:\/\/www.aslroma5.it\/wp-content\/uploads\/2021\/06\/images_Documenti2021_centro-vaccinazione-monterotondo2.jpg\",\"width\":1600,\"height\":720},{\"@type\":\"BreadcrumbList\",\"@id\":\"https:\/\/www.aslroma5.it\/inaugurato-il-centro-vaccinazione-anti-covid-19-cnr-monterotondo\/#breadcrumb\",\"itemListElement\":[{\"@type\":\"ListItem\",\"position\":1,\"name\":\"Home\",\"item\":\"https:\/\/www.aslroma5.it\/\"},{\"@type\":\"ListItem\",\"position\":2,\"name\":\"Inaugurato il Centro Vaccinazione anti Covid 19 CNR Monterotondo\"}]},{\"@type\":\"WebSite\",\"@id\":\"https:\/\/www.aslroma5.it\/#website\",\"url\":\"https:\/\/www.aslroma5.it\/\",\"name\":\"ASL ROMA 5\",\"description\":\"\",\"publisher\":{\"@id\":\"https:\/\/www.aslroma5.it\/#organization\"},\"potentialAction\":[{\"@type\":\"SearchAction\",\"target\":{\"@type\":\"EntryPoint\",\"urlTemplate\":\"https:\/\/www.aslroma5.it\/?s={search_term_string}\"},\"query-input\":{\"@type\":\"PropertyValueSpecification\",\"valueRequired\":true,\"valueName\":\"search_term_string\"}}],\"inLanguage\":\"it-IT\"},{\"@type\":\"Organization\",\"@id\":\"https:\/\/www.aslroma5.it\/#organization\",\"name\":\"ASL ROMA 5\",\"url\":\"https:\/\/www.aslroma5.it\/\",\"logo\":{\"@type\":\"ImageObject\",\"inLanguage\":\"it-IT\",\"@id\":\"https:\/\/www.aslroma5.it\/#\/schema\/logo\/image\/\",\"url\":\"https:\/\/www.aslroma5.it\/wp-content\/uploads\/2025\/07\/asl-roma5-logo-25.svg\",\"contentUrl\":\"https:\/\/www.aslroma5.it\/wp-content\/uploads\/2025\/07\/asl-roma5-logo-25.svg\",\"width\":328,\"height\":112,\"caption\":\"ASL ROMA 5\"},\"image\":{\"@id\":\"https:\/\/www.aslroma5.it\/#\/schema\/logo\/image\/\"}},{\"@type\":\"Person\",\"@id\":\"https:\/\/www.aslroma5.it\/#\/schema\/person\/aae9591da64a4feb5cf19a10d69b634d\",\"name\":\"dot4all\",\"image\":{\"@type\":\"ImageObject\",\"inLanguage\":\"it-IT\",\"@id\":\"https:\/\/www.aslroma5.it\/#\/schema\/person\/image\/\",\"url\":\"https:\/\/secure.gravatar.com\/avatar\/a228c250e89e00f48f7bae46b9a785bc5b3f509d86988952d9e01450e422a0cc?s=96&d=mm&r=g\",\"contentUrl\":\"https:\/\/secure.gravatar.com\/avatar\/a228c250e89e00f48f7bae46b9a785bc5b3f509d86988952d9e01450e422a0cc?s=96&d=mm&r=g\",\"caption\":\"dot4all\"},\"sameAs\":[\"https:\/\/www.aslroma5.info\/new2021\"]}]}<\/script>\n<!-- \/ Yoast SEO plugin. -->","yoast_head_json":{"title":"Inaugurato il Centro Vaccinazione anti Covid 19 CNR Monterotondo - ASL ROMA 5","robots":{"index":"index","follow":"follow","max-snippet":"max-snippet:-1","max-image-preview":"max-image-preview:large","max-video-preview":"max-video-preview:-1"},"canonical":"https:\/\/www.aslroma5.it\/inaugurato-il-centro-vaccinazione-anti-covid-19-cnr-monterotondo\/","og_locale":"it_IT","og_type":"article","og_title":"Inaugurato il Centro Vaccinazione anti Covid 19 CNR Monterotondo - ASL ROMA 5","og_description":"Inaugurato alla presenza dell&#8217;assessore alla Sanit\u00e0 della Regione Lazio, del Direttore generale della Asl Roma 5, del sindaco di Monterotondo, alla presenza dell&#8217;assessore alla mobilit\u00e0, del Direttore CNR e del Direttore di EMBL il nuovo hub vaccinale di Monterotondo. Gi\u00e0 prenotate oltre la met\u00e0 delle vaccinazioni previste per domani, giornata di attivazione del centro di&hellip;","og_url":"https:\/\/www.aslroma5.it\/inaugurato-il-centro-vaccinazione-anti-covid-19-cnr-monterotondo\/","og_site_name":"ASL ROMA 5","article_published_time":"2021-06-23T18:53:21+00:00","og_image":[{"width":1600,"height":720,"url":"https:\/\/www.aslroma5.it\/wp-content\/uploads\/2021\/06\/images_Documenti2021_centro-vaccinazione-monterotondo2.jpg","type":"image\/jpeg"}],"author":"dot4all","twitter_card":"summary_large_image","twitter_misc":{"Scritto da":"dot4all"},"schema":{"@context":"https:\/\/schema.org","@graph":[{"@type":"Article","@id":"https:\/\/www.aslroma5.it\/inaugurato-il-centro-vaccinazione-anti-covid-19-cnr-monterotondo\/#article","isPartOf":{"@id":"https:\/\/www.aslroma5.it\/inaugurato-il-centro-vaccinazione-anti-covid-19-cnr-monterotondo\/"},"author":{"name":"dot4all","@id":"https:\/\/www.aslroma5.it\/#\/schema\/person\/aae9591da64a4feb5cf19a10d69b634d"},"headline":"Inaugurato il Centro Vaccinazione anti Covid 19 CNR Monterotondo","datePublished":"2021-06-23T18:53:21+00:00","mainEntityOfPage":{"@id":"https:\/\/www.aslroma5.it\/inaugurato-il-centro-vaccinazione-anti-covid-19-cnr-monterotondo\/"},"wordCount":96,"commentCount":0,"publisher":{"@id":"https:\/\/www.aslroma5.it\/#organization"},"image":{"@id":"https:\/\/www.aslroma5.it\/inaugurato-il-centro-vaccinazione-anti-covid-19-cnr-monterotondo\/#primaryimage"},"thumbnailUrl":"https:\/\/www.aslroma5.it\/wp-content\/uploads\/2021\/06\/images_Documenti2021_centro-vaccinazione-monterotondo2.jpg","articleSection":["News"],"inLanguage":"it-IT","potentialAction":[{"@type":"CommentAction","name":"Comment","target":["https:\/\/www.aslroma5.it\/inaugurato-il-centro-vaccinazione-anti-covid-19-cnr-monterotondo\/#respond"]}]},{"@type":"WebPage","@id":"https:\/\/www.aslroma5.it\/inaugurato-il-centro-vaccinazione-anti-covid-19-cnr-monterotondo\/","url":"https:\/\/www.aslroma5.it\/inaugurato-il-centro-vaccinazione-anti-covid-19-cnr-monterotondo\/","name":"Inaugurato il Centro Vaccinazione anti Covid 19 CNR Monterotondo - ASL ROMA 5","isPartOf":{"@id":"https:\/\/www.aslroma5.it\/#website"},"primaryImageOfPage":{"@id":"https:\/\/www.aslroma5.it\/inaugurato-il-centro-vaccinazione-anti-covid-19-cnr-monterotondo\/#primaryimage"},"image":{"@id":"https:\/\/www.aslroma5.it\/inaugurato-il-centro-vaccinazione-anti-covid-19-cnr-monterotondo\/#primaryimage"},"thumbnailUrl":"https:\/\/www.aslroma5.it\/wp-content\/uploads\/2021\/06\/images_Documenti2021_centro-vaccinazione-monterotondo2.jpg","datePublished":"2021-06-23T18:53:21+00:00","breadcrumb":{"@id":"https:\/\/www.aslroma5.it\/inaugurato-il-centro-vaccinazione-anti-covid-19-cnr-monterotondo\/#breadcrumb"},"inLanguage":"it-IT","potentialAction":[{"@type":"ReadAction","target":["https:\/\/www.aslroma5.it\/inaugurato-il-centro-vaccinazione-anti-covid-19-cnr-monterotondo\/"]}]},{"@type":"ImageObject","inLanguage":"it-IT","@id":"https:\/\/www.aslroma5.it\/inaugurato-il-centro-vaccinazione-anti-covid-19-cnr-monterotondo\/#primaryimage","url":"https:\/\/www.aslroma5.it\/wp-content\/uploads\/2021\/06\/images_Documenti2021_centro-vaccinazione-monterotondo2.jpg","contentUrl":"https:\/\/www.aslroma5.it\/wp-content\/uploads\/2021\/06\/images_Documenti2021_centro-vaccinazione-monterotondo2.jpg","width":1600,"height":720},{"@type":"BreadcrumbList","@id":"https:\/\/www.aslroma5.it\/inaugurato-il-centro-vaccinazione-anti-covid-19-cnr-monterotondo\/#breadcrumb","itemListElement":[{"@type":"ListItem","position":1,"name":"Home","item":"https:\/\/www.aslroma5.it\/"},{"@type":"ListItem","position":2,"name":"Inaugurato il Centro Vaccinazione anti Covid 19 CNR Monterotondo"}]},{"@type":"WebSite","@id":"https:\/\/www.aslroma5.it\/#website","url":"https:\/\/www.aslroma5.it\/","name":"ASL ROMA 5","description":"","publisher":{"@id":"https:\/\/www.aslroma5.it\/#organization"},"potentialAction":[{"@type":"SearchAction","target":{"@type":"EntryPoint","urlTemplate":"https:\/\/www.aslroma5.it\/?s={search_term_string}"},"query-input":{"@type":"PropertyValueSpecification","valueRequired":true,"valueName":"search_term_string"}}],"inLanguage":"it-IT"},{"@type":"Organization","@id":"https:\/\/www.aslroma5.it\/#organization","name":"ASL ROMA 5","url":"https:\/\/www.aslroma5.it\/","logo":{"@type":"ImageObject","inLanguage":"it-IT","@id":"https:\/\/www.aslroma5.it\/#\/schema\/logo\/image\/","url":"https:\/\/www.aslroma5.it\/wp-content\/uploads\/2025\/07\/asl-roma5-logo-25.svg","contentUrl":"https:\/\/www.aslroma5.it\/wp-content\/uploads\/2025\/07\/asl-roma5-logo-25.svg","width":328,"height":112,"caption":"ASL ROMA 5"},"image":{"@id":"https:\/\/www.aslroma5.it\/#\/schema\/logo\/image\/"}},{"@type":"Person","@id":"https:\/\/www.aslroma5.it\/#\/schema\/person\/aae9591da64a4feb5cf19a10d69b634d","name":"dot4all","image":{"@type":"ImageObject","inLanguage":"it-IT","@id":"https:\/\/www.aslroma5.it\/#\/schema\/person\/image\/","url":"https:\/\/secure.gravatar.com\/avatar\/a228c250e89e00f48f7bae46b9a785bc5b3f509d86988952d9e01450e422a0cc?s=96&d=mm&r=g","contentUrl":"https:\/\/secure.gravatar.com\/avatar\/a228c250e89e00f48f7bae46b9a785bc5b3f509d86988952d9e01450e422a0cc?s=96&d=mm&r=g","caption":"dot4all"},"sameAs":["https:\/\/www.aslroma5.info\/new2021"]}]}},"publishpress_future_action":{"enabled":false,"date":"2026-05-07 13:16:57","action":"change-status","newStatus":"draft","terms":[],"taxonomy":"category","extraData":[]},"publishpress_future_workflow_manual_trigger":{"enabledWorkflows":[]},"_links":{"self":[{"href":"https:\/\/www.aslroma5.it\/api\/wp\/v2\/posts\/46963","targetHints":{"allow":["GET"]}}],"collection":[{"href":"https:\/\/www.aslroma5.it\/api\/wp\/v2\/posts"}],"about":[{"href":"https:\/\/www.aslroma5.it\/api\/wp\/v2\/types\/post"}],"author":[{"embeddable":true,"href":"https:\/\/www.aslroma5.it\/api\/wp\/v2\/users\/1"}],"replies":[{"embeddable":true,"href":"https:\/\/www.aslroma5.it\/api\/wp\/v2\/comments?post=46963"}],"version-history":[{"count":0,"href":"https:\/\/www.aslroma5.it\/api\/wp\/v2\/posts\/46963\/revisions"}],"wp:featuredmedia":[{"embeddable":true,"href":"https:\/\/www.aslroma5.it\/api\/wp\/v2\/media\/46953"}],"wp:attachment":[{"href":"https:\/\/www.aslroma5.it\/api\/wp\/v2\/media?parent=46963"}],"wp:term":[{"taxonomy":"category","embeddable":true,"href":"https:\/\/www.aslroma5.it\/api\/wp\/v2\/categories?post=46963"},{"taxonomy":"post_tag","embeddable":true,"href":"https:\/\/www.aslroma5.it\/api\/wp\/v2\/tags?post=46963"}],"curies":[{"name":"wp","href":"https:\/\/api.w.org\/{rel}","templated":true}]}}