{"id":47116,"date":"2021-09-13T17:19:55","date_gmt":"2021-09-13T15:19:55","guid":{"rendered":"https:\/\/www.aslroma5.info\/new2021\/asl-roma-5-al-via-le-attivita-del-polo-affido-si-parte-il-21-settembre\/"},"modified":"2021-09-13T17:19:55","modified_gmt":"2021-09-13T15:19:55","slug":"asl-roma-5-al-via-le-attivita-del-polo-affido-si-parte-il-21-settembre","status":"publish","type":"post","link":"https:\/\/www.aslroma5.it\/asl-roma-5-al-via-le-attivita-del-polo-affido-si-parte-il-21-settembre\/","title":{"rendered":"ASL ROMA 5 &#8211; AL VIA LE ATTIVIT\u00c0 DEL POLO AFFIDO, SI PARTE IL 21 SETTEMBRE"},"content":{"rendered":"<\/p>\n<p>Dopo il percorso di 2 anni di formazione e aggiornamento della Regione Lazio, riprende l\u2019attivit\u00e0 svolta del POLO AFFIDO (sensibilizzazione, formazione, abbinamento) presso il consultorio familiare di Setteville di Guidonia Montecelio di via Pascoli, 50.<\/p>\n<p>Si tratta di un servizio territoriale in cui gli operatori sono pronti ad accogliere ed informare coloro che sono interessati all\u2019affido. Il Polo, infatti, \u00e8 il punto in cui si incontrano i bisogni e i diritti dei bambini, le disponibilit\u00e0 degli individui e delle famiglie, le esigenze e la professionalit\u00e0 degli operatori. \u00c8 lo spazio in cui si d\u00e0 voce ai bambini e alle loro necessit\u00e0<\/p>\n<p><strong>Contatti:&nbsp;<\/strong>Per contattare il servizio chiamare ogni marted\u00ec a partire dal&nbsp;<strong>21 settembre<\/strong>&nbsp;il numero dedicato&nbsp;<strong>331 2699316<\/strong>&nbsp;dalle ore 8.30 alle ore 14.30 o scrivere a&nbsp;<a href=\"mailto:poloaffidodistrettuale@guidonia.org\" title=\"Poloaffidodistrettuale@guidonia.org\">poloaffidodistrettuale@guidonia.org<\/a><\/p>\n<p>&nbsp;<\/p>\n<p><strong>COSA \u00c8 L&#8217;AFFIDAMENTO FAMILIARE<\/strong><\/p>\n<p>In Italia c&#8217;\u00e8 una legge (184\/1983 rinnovata dalla legge 149 del 2001 e dalla legge 173 del 2015) che dice che tutti I bambini e i ragazzi hanno diritto di crescere nella loro famiglia .<\/p>\n<p>Se per varie cause i minori non possono rimanere nelle propria famiglia devono essere aiutati da altre persone o famiglie a recuperare una vita serena e normale.<\/p>\n<p>I bambini hanno bisogno di sperimentare relazioni affettivamente significative attraverso l\u2019accoglienza in una famiglia che si prenda cura di loro, ma anche di mantenere in modo costante i legami costruiti con le proprie famiglie d&#8217;origine.<\/p>\n<p>Questo si chiama affidamento familiare .<\/p>\n<p>Esistono vari tipi di affido e quindi varie modalit\u00e0 di aiuto dei minori in difficolt\u00e0: si pu\u00f2 trascorrere con loro alcune ore della giornata, qualche fine settimana o accoglierlo presso la propria famiglia per un periodo di tempo determinato.<\/p>\n<p>Con l\u2019Affidamento aiutiamo il minore e, al tempo stesso la famiglia d\u2019origine che avr\u00e0 il tempo di riorganizzarsi e ritrovare o acquisire quelle risorse necessarie a creare le condizioni per il rientro del figlio.<\/p>\n<p>Quando il problema non ci sar\u00e0 pi\u00f9 i minori torneranno a vivere con I loro genitori.<\/p>\n<p>Trovare una famiglia per bambini o ragazzi, anche se per poco tempo, \u00e8 il modo di lasciare un bel ricordo d&#8217;infanzia in minori che avrebbero ricordato solo una casa famiglia o i brutti momenti vissuti dalla propria.<\/p>\n<p>L&#8217;affidamento familiare \u00e8 un incontro, uno scambio, una scoperta, un&#8217;avventura sia pei i minori che per le famiglie che li ospitano.<\/p>\n<p>&nbsp;<\/p>\n<p>\u201c<em>Dovete sapere che non c&#8217;\u00e8 nulla di pi\u00f9 alto e forte e pi\u00f9 sano e buono per la vita in futuro di qualche buon ricordo specialmente un ricordo d&#8217;infanzia&#8230;sar\u00e0 il mezzo della nostra salvezza<\/em>\u201d<br \/>(F. Dostojevskji)<\/p>\n<p>&nbsp;<\/p>\n<p>&nbsp;<\/p>\n","protected":false},"excerpt":{"rendered":"<p>Dopo il percorso di 2 anni di formazione e aggiornamento della Regione Lazio, riprende l\u2019attivit\u00e0 svolta del POLO AFFIDO (sensibilizzazione, formazione, abbinamento) presso il consultorio familiare di Setteville di Guidonia Montecelio di via Pascoli, 50. Si tratta di un servizio territoriale in cui gli operatori sono pronti ad accogliere ed informare coloro che sono interessati&hellip;<\/p>\n","protected":false},"author":1,"featured_media":47115,"comment_status":"open","ping_status":"closed","sticky":false,"template":"","format":"standard","meta":{"_acf_changed":false,"inline_featured_image":false,"footnotes":""},"categories":[1816],"tags":[],"class_list":["post-47116","post","type-post","status-publish","format-standard","has-post-thumbnail","hentry","category-news","category-1816","description-off"],"acf":{"galleria":null},"yoast_head":"<!-- This site is optimized with the Yoast SEO plugin v25.5 - https:\/\/yoast.com\/wordpress\/plugins\/seo\/ -->\n<title>ASL ROMA 5 - AL VIA LE ATTIVIT\u00c0 DEL POLO AFFIDO, SI PARTE IL 21 SETTEMBRE - ASL ROMA 5<\/title>\n<meta name=\"robots\" content=\"index, follow, max-snippet:-1, max-image-preview:large, max-video-preview:-1\" \/>\n<link rel=\"canonical\" href=\"https:\/\/www.aslroma5.it\/asl-roma-5-al-via-le-attivita-del-polo-affido-si-parte-il-21-settembre\/\" \/>\n<meta property=\"og:locale\" content=\"it_IT\" \/>\n<meta property=\"og:type\" content=\"article\" \/>\n<meta property=\"og:title\" content=\"ASL ROMA 5 - AL VIA LE ATTIVIT\u00c0 DEL POLO AFFIDO, SI PARTE IL 21 SETTEMBRE - ASL ROMA 5\" \/>\n<meta property=\"og:description\" content=\"Dopo il percorso di 2 anni di formazione e aggiornamento della Regione Lazio, riprende l\u2019attivit\u00e0 svolta del POLO AFFIDO (sensibilizzazione, formazione, abbinamento) presso il consultorio familiare di Setteville di Guidonia Montecelio di via Pascoli, 50. Si tratta di un servizio territoriale in cui gli operatori sono pronti ad accogliere ed informare coloro che sono interessati&hellip;\" \/>\n<meta property=\"og:url\" content=\"https:\/\/www.aslroma5.it\/asl-roma-5-al-via-le-attivita-del-polo-affido-si-parte-il-21-settembre\/\" \/>\n<meta property=\"og:site_name\" content=\"ASL ROMA 5\" \/>\n<meta property=\"article:published_time\" content=\"2021-09-13T15:19:55+00:00\" \/>\n<meta property=\"og:image\" content=\"https:\/\/www.aslroma5.it\/wp-content\/uploads\/2021\/09\/images_Documenti2021_locandina_affidamento.png\" \/>\n\t<meta property=\"og:image:width\" content=\"500\" \/>\n\t<meta property=\"og:image:height\" content=\"707\" \/>\n\t<meta property=\"og:image:type\" content=\"image\/png\" \/>\n<meta name=\"author\" content=\"dot4all\" \/>\n<meta name=\"twitter:card\" content=\"summary_large_image\" \/>\n<meta name=\"twitter:label1\" content=\"Scritto da\" \/>\n\t<meta name=\"twitter:data1\" content=\"dot4all\" \/>\n\t<meta name=\"twitter:label2\" content=\"Tempo di lettura stimato\" \/>\n\t<meta name=\"twitter:data2\" content=\"2 minuti\" \/>\n<script type=\"application\/ld+json\" class=\"yoast-schema-graph\">{\"@context\":\"https:\/\/schema.org\",\"@graph\":[{\"@type\":\"Article\",\"@id\":\"https:\/\/www.aslroma5.it\/asl-roma-5-al-via-le-attivita-del-polo-affido-si-parte-il-21-settembre\/#article\",\"isPartOf\":{\"@id\":\"https:\/\/www.aslroma5.it\/asl-roma-5-al-via-le-attivita-del-polo-affido-si-parte-il-21-settembre\/\"},\"author\":{\"name\":\"dot4all\",\"@id\":\"https:\/\/www.aslroma5.it\/#\/schema\/person\/aae9591da64a4feb5cf19a10d69b634d\"},\"headline\":\"ASL ROMA 5 &#8211; AL VIA LE ATTIVIT\u00c0 DEL POLO AFFIDO, SI PARTE IL 21 SETTEMBRE\",\"datePublished\":\"2021-09-13T15:19:55+00:00\",\"mainEntityOfPage\":{\"@id\":\"https:\/\/www.aslroma5.it\/asl-roma-5-al-via-le-attivita-del-polo-affido-si-parte-il-21-settembre\/\"},\"wordCount\":438,\"commentCount\":0,\"publisher\":{\"@id\":\"https:\/\/www.aslroma5.it\/#organization\"},\"image\":{\"@id\":\"https:\/\/www.aslroma5.it\/asl-roma-5-al-via-le-attivita-del-polo-affido-si-parte-il-21-settembre\/#primaryimage\"},\"thumbnailUrl\":\"https:\/\/www.aslroma5.it\/wp-content\/uploads\/2021\/09\/images_Documenti2021_locandina_affidamento.png\",\"articleSection\":[\"News\"],\"inLanguage\":\"it-IT\",\"potentialAction\":[{\"@type\":\"CommentAction\",\"name\":\"Comment\",\"target\":[\"https:\/\/www.aslroma5.it\/asl-roma-5-al-via-le-attivita-del-polo-affido-si-parte-il-21-settembre\/#respond\"]}]},{\"@type\":\"WebPage\",\"@id\":\"https:\/\/www.aslroma5.it\/asl-roma-5-al-via-le-attivita-del-polo-affido-si-parte-il-21-settembre\/\",\"url\":\"https:\/\/www.aslroma5.it\/asl-roma-5-al-via-le-attivita-del-polo-affido-si-parte-il-21-settembre\/\",\"name\":\"ASL ROMA 5 - AL VIA LE ATTIVIT\u00c0 DEL POLO AFFIDO, SI PARTE IL 21 SETTEMBRE - ASL ROMA 5\",\"isPartOf\":{\"@id\":\"https:\/\/www.aslroma5.it\/#website\"},\"primaryImageOfPage\":{\"@id\":\"https:\/\/www.aslroma5.it\/asl-roma-5-al-via-le-attivita-del-polo-affido-si-parte-il-21-settembre\/#primaryimage\"},\"image\":{\"@id\":\"https:\/\/www.aslroma5.it\/asl-roma-5-al-via-le-attivita-del-polo-affido-si-parte-il-21-settembre\/#primaryimage\"},\"thumbnailUrl\":\"https:\/\/www.aslroma5.it\/wp-content\/uploads\/2021\/09\/images_Documenti2021_locandina_affidamento.png\",\"datePublished\":\"2021-09-13T15:19:55+00:00\",\"breadcrumb\":{\"@id\":\"https:\/\/www.aslroma5.it\/asl-roma-5-al-via-le-attivita-del-polo-affido-si-parte-il-21-settembre\/#breadcrumb\"},\"inLanguage\":\"it-IT\",\"potentialAction\":[{\"@type\":\"ReadAction\",\"target\":[\"https:\/\/www.aslroma5.it\/asl-roma-5-al-via-le-attivita-del-polo-affido-si-parte-il-21-settembre\/\"]}]},{\"@type\":\"ImageObject\",\"inLanguage\":\"it-IT\",\"@id\":\"https:\/\/www.aslroma5.it\/asl-roma-5-al-via-le-attivita-del-polo-affido-si-parte-il-21-settembre\/#primaryimage\",\"url\":\"https:\/\/www.aslroma5.it\/wp-content\/uploads\/2021\/09\/images_Documenti2021_locandina_affidamento.png\",\"contentUrl\":\"https:\/\/www.aslroma5.it\/wp-content\/uploads\/2021\/09\/images_Documenti2021_locandina_affidamento.png\",\"width\":500,\"height\":707},{\"@type\":\"BreadcrumbList\",\"@id\":\"https:\/\/www.aslroma5.it\/asl-roma-5-al-via-le-attivita-del-polo-affido-si-parte-il-21-settembre\/#breadcrumb\",\"itemListElement\":[{\"@type\":\"ListItem\",\"position\":1,\"name\":\"Home\",\"item\":\"https:\/\/www.aslroma5.it\/\"},{\"@type\":\"ListItem\",\"position\":2,\"name\":\"ASL ROMA 5 &#8211; AL VIA LE ATTIVIT\u00c0 DEL POLO AFFIDO, SI PARTE IL 21 SETTEMBRE\"}]},{\"@type\":\"WebSite\",\"@id\":\"https:\/\/www.aslroma5.it\/#website\",\"url\":\"https:\/\/www.aslroma5.it\/\",\"name\":\"ASL ROMA 5\",\"description\":\"\",\"publisher\":{\"@id\":\"https:\/\/www.aslroma5.it\/#organization\"},\"potentialAction\":[{\"@type\":\"SearchAction\",\"target\":{\"@type\":\"EntryPoint\",\"urlTemplate\":\"https:\/\/www.aslroma5.it\/?s={search_term_string}\"},\"query-input\":{\"@type\":\"PropertyValueSpecification\",\"valueRequired\":true,\"valueName\":\"search_term_string\"}}],\"inLanguage\":\"it-IT\"},{\"@type\":\"Organization\",\"@id\":\"https:\/\/www.aslroma5.it\/#organization\",\"name\":\"ASL ROMA 5\",\"url\":\"https:\/\/www.aslroma5.it\/\",\"logo\":{\"@type\":\"ImageObject\",\"inLanguage\":\"it-IT\",\"@id\":\"https:\/\/www.aslroma5.it\/#\/schema\/logo\/image\/\",\"url\":\"https:\/\/www.aslroma5.it\/wp-content\/uploads\/2025\/07\/asl-roma5-logo-25.svg\",\"contentUrl\":\"https:\/\/www.aslroma5.it\/wp-content\/uploads\/2025\/07\/asl-roma5-logo-25.svg\",\"width\":328,\"height\":112,\"caption\":\"ASL ROMA 5\"},\"image\":{\"@id\":\"https:\/\/www.aslroma5.it\/#\/schema\/logo\/image\/\"}},{\"@type\":\"Person\",\"@id\":\"https:\/\/www.aslroma5.it\/#\/schema\/person\/aae9591da64a4feb5cf19a10d69b634d\",\"name\":\"dot4all\",\"image\":{\"@type\":\"ImageObject\",\"inLanguage\":\"it-IT\",\"@id\":\"https:\/\/www.aslroma5.it\/#\/schema\/person\/image\/\",\"url\":\"https:\/\/secure.gravatar.com\/avatar\/a228c250e89e00f48f7bae46b9a785bc5b3f509d86988952d9e01450e422a0cc?s=96&d=mm&r=g\",\"contentUrl\":\"https:\/\/secure.gravatar.com\/avatar\/a228c250e89e00f48f7bae46b9a785bc5b3f509d86988952d9e01450e422a0cc?s=96&d=mm&r=g\",\"caption\":\"dot4all\"},\"sameAs\":[\"https:\/\/www.aslroma5.info\/new2021\"]}]}<\/script>\n<!-- \/ Yoast SEO plugin. -->","yoast_head_json":{"title":"ASL ROMA 5 - AL VIA LE ATTIVIT\u00c0 DEL POLO AFFIDO, SI PARTE IL 21 SETTEMBRE - ASL ROMA 5","robots":{"index":"index","follow":"follow","max-snippet":"max-snippet:-1","max-image-preview":"max-image-preview:large","max-video-preview":"max-video-preview:-1"},"canonical":"https:\/\/www.aslroma5.it\/asl-roma-5-al-via-le-attivita-del-polo-affido-si-parte-il-21-settembre\/","og_locale":"it_IT","og_type":"article","og_title":"ASL ROMA 5 - AL VIA LE ATTIVIT\u00c0 DEL POLO AFFIDO, SI PARTE IL 21 SETTEMBRE - ASL ROMA 5","og_description":"Dopo il percorso di 2 anni di formazione e aggiornamento della Regione Lazio, riprende l\u2019attivit\u00e0 svolta del POLO AFFIDO (sensibilizzazione, formazione, abbinamento) presso il consultorio familiare di Setteville di Guidonia Montecelio di via Pascoli, 50. Si tratta di un servizio territoriale in cui gli operatori sono pronti ad accogliere ed informare coloro che sono interessati&hellip;","og_url":"https:\/\/www.aslroma5.it\/asl-roma-5-al-via-le-attivita-del-polo-affido-si-parte-il-21-settembre\/","og_site_name":"ASL ROMA 5","article_published_time":"2021-09-13T15:19:55+00:00","og_image":[{"width":500,"height":707,"url":"https:\/\/www.aslroma5.it\/wp-content\/uploads\/2021\/09\/images_Documenti2021_locandina_affidamento.png","type":"image\/png"}],"author":"dot4all","twitter_card":"summary_large_image","twitter_misc":{"Scritto da":"dot4all","Tempo di lettura stimato":"2 minuti"},"schema":{"@context":"https:\/\/schema.org","@graph":[{"@type":"Article","@id":"https:\/\/www.aslroma5.it\/asl-roma-5-al-via-le-attivita-del-polo-affido-si-parte-il-21-settembre\/#article","isPartOf":{"@id":"https:\/\/www.aslroma5.it\/asl-roma-5-al-via-le-attivita-del-polo-affido-si-parte-il-21-settembre\/"},"author":{"name":"dot4all","@id":"https:\/\/www.aslroma5.it\/#\/schema\/person\/aae9591da64a4feb5cf19a10d69b634d"},"headline":"ASL ROMA 5 &#8211; AL VIA LE ATTIVIT\u00c0 DEL POLO AFFIDO, SI PARTE IL 21 SETTEMBRE","datePublished":"2021-09-13T15:19:55+00:00","mainEntityOfPage":{"@id":"https:\/\/www.aslroma5.it\/asl-roma-5-al-via-le-attivita-del-polo-affido-si-parte-il-21-settembre\/"},"wordCount":438,"commentCount":0,"publisher":{"@id":"https:\/\/www.aslroma5.it\/#organization"},"image":{"@id":"https:\/\/www.aslroma5.it\/asl-roma-5-al-via-le-attivita-del-polo-affido-si-parte-il-21-settembre\/#primaryimage"},"thumbnailUrl":"https:\/\/www.aslroma5.it\/wp-content\/uploads\/2021\/09\/images_Documenti2021_locandina_affidamento.png","articleSection":["News"],"inLanguage":"it-IT","potentialAction":[{"@type":"CommentAction","name":"Comment","target":["https:\/\/www.aslroma5.it\/asl-roma-5-al-via-le-attivita-del-polo-affido-si-parte-il-21-settembre\/#respond"]}]},{"@type":"WebPage","@id":"https:\/\/www.aslroma5.it\/asl-roma-5-al-via-le-attivita-del-polo-affido-si-parte-il-21-settembre\/","url":"https:\/\/www.aslroma5.it\/asl-roma-5-al-via-le-attivita-del-polo-affido-si-parte-il-21-settembre\/","name":"ASL ROMA 5 - AL VIA LE ATTIVIT\u00c0 DEL POLO AFFIDO, SI PARTE IL 21 SETTEMBRE - ASL ROMA 5","isPartOf":{"@id":"https:\/\/www.aslroma5.it\/#website"},"primaryImageOfPage":{"@id":"https:\/\/www.aslroma5.it\/asl-roma-5-al-via-le-attivita-del-polo-affido-si-parte-il-21-settembre\/#primaryimage"},"image":{"@id":"https:\/\/www.aslroma5.it\/asl-roma-5-al-via-le-attivita-del-polo-affido-si-parte-il-21-settembre\/#primaryimage"},"thumbnailUrl":"https:\/\/www.aslroma5.it\/wp-content\/uploads\/2021\/09\/images_Documenti2021_locandina_affidamento.png","datePublished":"2021-09-13T15:19:55+00:00","breadcrumb":{"@id":"https:\/\/www.aslroma5.it\/asl-roma-5-al-via-le-attivita-del-polo-affido-si-parte-il-21-settembre\/#breadcrumb"},"inLanguage":"it-IT","potentialAction":[{"@type":"ReadAction","target":["https:\/\/www.aslroma5.it\/asl-roma-5-al-via-le-attivita-del-polo-affido-si-parte-il-21-settembre\/"]}]},{"@type":"ImageObject","inLanguage":"it-IT","@id":"https:\/\/www.aslroma5.it\/asl-roma-5-al-via-le-attivita-del-polo-affido-si-parte-il-21-settembre\/#primaryimage","url":"https:\/\/www.aslroma5.it\/wp-content\/uploads\/2021\/09\/images_Documenti2021_locandina_affidamento.png","contentUrl":"https:\/\/www.aslroma5.it\/wp-content\/uploads\/2021\/09\/images_Documenti2021_locandina_affidamento.png","width":500,"height":707},{"@type":"BreadcrumbList","@id":"https:\/\/www.aslroma5.it\/asl-roma-5-al-via-le-attivita-del-polo-affido-si-parte-il-21-settembre\/#breadcrumb","itemListElement":[{"@type":"ListItem","position":1,"name":"Home","item":"https:\/\/www.aslroma5.it\/"},{"@type":"ListItem","position":2,"name":"ASL ROMA 5 &#8211; AL VIA LE ATTIVIT\u00c0 DEL POLO AFFIDO, SI PARTE IL 21 SETTEMBRE"}]},{"@type":"WebSite","@id":"https:\/\/www.aslroma5.it\/#website","url":"https:\/\/www.aslroma5.it\/","name":"ASL ROMA 5","description":"","publisher":{"@id":"https:\/\/www.aslroma5.it\/#organization"},"potentialAction":[{"@type":"SearchAction","target":{"@type":"EntryPoint","urlTemplate":"https:\/\/www.aslroma5.it\/?s={search_term_string}"},"query-input":{"@type":"PropertyValueSpecification","valueRequired":true,"valueName":"search_term_string"}}],"inLanguage":"it-IT"},{"@type":"Organization","@id":"https:\/\/www.aslroma5.it\/#organization","name":"ASL ROMA 5","url":"https:\/\/www.aslroma5.it\/","logo":{"@type":"ImageObject","inLanguage":"it-IT","@id":"https:\/\/www.aslroma5.it\/#\/schema\/logo\/image\/","url":"https:\/\/www.aslroma5.it\/wp-content\/uploads\/2025\/07\/asl-roma5-logo-25.svg","contentUrl":"https:\/\/www.aslroma5.it\/wp-content\/uploads\/2025\/07\/asl-roma5-logo-25.svg","width":328,"height":112,"caption":"ASL ROMA 5"},"image":{"@id":"https:\/\/www.aslroma5.it\/#\/schema\/logo\/image\/"}},{"@type":"Person","@id":"https:\/\/www.aslroma5.it\/#\/schema\/person\/aae9591da64a4feb5cf19a10d69b634d","name":"dot4all","image":{"@type":"ImageObject","inLanguage":"it-IT","@id":"https:\/\/www.aslroma5.it\/#\/schema\/person\/image\/","url":"https:\/\/secure.gravatar.com\/avatar\/a228c250e89e00f48f7bae46b9a785bc5b3f509d86988952d9e01450e422a0cc?s=96&d=mm&r=g","contentUrl":"https:\/\/secure.gravatar.com\/avatar\/a228c250e89e00f48f7bae46b9a785bc5b3f509d86988952d9e01450e422a0cc?s=96&d=mm&r=g","caption":"dot4all"},"sameAs":["https:\/\/www.aslroma5.info\/new2021"]}]}},"publishpress_future_action":{"enabled":false,"date":"2026-05-07 03:35:15","action":"change-status","newStatus":"draft","terms":[],"taxonomy":"category","extraData":[]},"publishpress_future_workflow_manual_trigger":{"enabledWorkflows":[]},"_links":{"self":[{"href":"https:\/\/www.aslroma5.it\/api\/wp\/v2\/posts\/47116","targetHints":{"allow":["GET"]}}],"collection":[{"href":"https:\/\/www.aslroma5.it\/api\/wp\/v2\/posts"}],"about":[{"href":"https:\/\/www.aslroma5.it\/api\/wp\/v2\/types\/post"}],"author":[{"embeddable":true,"href":"https:\/\/www.aslroma5.it\/api\/wp\/v2\/users\/1"}],"replies":[{"embeddable":true,"href":"https:\/\/www.aslroma5.it\/api\/wp\/v2\/comments?post=47116"}],"version-history":[{"count":0,"href":"https:\/\/www.aslroma5.it\/api\/wp\/v2\/posts\/47116\/revisions"}],"wp:featuredmedia":[{"embeddable":true,"href":"https:\/\/www.aslroma5.it\/api\/wp\/v2\/media\/47115"}],"wp:attachment":[{"href":"https:\/\/www.aslroma5.it\/api\/wp\/v2\/media?parent=47116"}],"wp:term":[{"taxonomy":"category","embeddable":true,"href":"https:\/\/www.aslroma5.it\/api\/wp\/v2\/categories?post=47116"},{"taxonomy":"post_tag","embeddable":true,"href":"https:\/\/www.aslroma5.it\/api\/wp\/v2\/tags?post=47116"}],"curies":[{"name":"wp","href":"https:\/\/api.w.org\/{rel}","templated":true}]}}