{"id":48801,"date":"2021-10-02T11:34:22","date_gmt":"2021-10-02T09:34:22","guid":{"rendered":"https:\/\/www.aslroma5.info\/new2021\/proteggere-l-allattamento-una-responsabilita-da-condividere\/"},"modified":"2021-10-02T11:34:22","modified_gmt":"2021-10-02T09:34:22","slug":"proteggere-l-allattamento-una-responsabilita-da-condividere","status":"publish","type":"post","link":"https:\/\/www.aslroma5.it\/proteggere-l-allattamento-una-responsabilita-da-condividere\/","title":{"rendered":"Proteggere l\u2019allattamento: una responsabilit\u00e0 da condividere\u201d"},"content":{"rendered":"<p><span style=\"font-size: 12pt;\"><strong>LA ASL ROMA 5 ADERISCE ALLA 29MA SETTIMANA MONDIALE PER L\u2019ALLATTAMENTO<\/strong><\/span><\/p>\n<p><span style=\"font-size: 12pt;\"><strong>GAZEBO INFORMATIVI E PERSONALE A DISPOSIZIONE<\/strong><\/span><\/p>\n<p>La Asl Roma 5 aderisce alla&nbsp;<strong>29\u00b0settimana mondiale dell\u2019allattamento al seno (dall\u20191 al 7 ottobre<\/strong>) e lo promuove tutto l\u2019anno con iniziative e attivit\u00e0 di formazione: per questa edizione 2021 si scende in piazza, tra le persone, con&nbsp;<strong>gazebo informativi e spalanca le porte dei Consultori<\/strong>.<\/p>\n<p>&nbsp;<\/p>\n<p><strong>DOVE E QUANDO?<\/strong><\/p>\n<p>Luned\u00ec 4 ottobre&nbsp;<strong>Palombara Sabina<\/strong>&nbsp;&#8211; dalle 9:30 alle 12:30 Consultorio familiare Casa della Salute<\/p>\n<p>Marted\u00ec 5 ottobre&nbsp;<strong>Valmontone<\/strong>&nbsp;dalle 9:30 alle 13:00, Municipio di Valmontone, Piazza Giusto de Conti<\/p>\n<p>Marted\u00ec 5&nbsp; ottobre&nbsp;<strong>Guidonia Montecelio<\/strong>&nbsp;dalle 9.30 alle 12.30 presso il centro commerciale \u201cTiburtino\u201d<\/p>\n<p>Mercoled\u00ec 6 ottobre&nbsp;<strong>Tivoli<\/strong>&nbsp;ore 9:30 12:30, salita del parcheggio davanti all&#8217;ospedale<\/p>\n<p>Mercoled\u00ec 6 ottobre&nbsp;<strong>Palestrina<\/strong>&nbsp;ore 9:30 12:30, Piazza Pierluigi da Palestrina<\/p>\n<p>Gioved\u00ec 7 ottobre&nbsp;<strong>Fonte Nuov<\/strong>a dalle 9:30 alle 12:30, area antistante sede Consultorio familiare, via IV Novembre, 2<\/p>\n<p>Gioved\u00ec 7 ottobre&nbsp;<strong>Monterotondo<\/strong>&nbsp;dalle 9:30 alle 12:30, Consultorio familiare, via dell\u2019Aeronautica<\/p>\n<p>Venerd\u00ec 8 ottobre&nbsp;<strong>Zagarolo<\/strong>&nbsp;dalle 9.30 alle 13:00 piazza dell\u2019Indipendenza<\/p>\n<p>Venerd\u00ec 8 ottobre&nbsp;<strong>Colleferro<\/strong>&nbsp;dalle 9:30 alle 13:00, Municipio di Piazza Italia 9.30 13<\/p>\n<p>\u201c<em>Promuovere e sostenere l\u2019allattamento al seno<\/em>&nbsp;\u2013 spiegano i responsabili dei servizi dei Consultori Dr.ssa Loredana Masi e del Punto Nascita di Tivoli Dr. Valerio Napolitano&nbsp;&#8211;&nbsp;<em>\u00e8 il nostro desiderio pi\u00f9 grande per tutte le famiglie. I vantaggi sono indiscutibili: \u00e8 sempre pronto, \u00e8 caldo, protegge dalle infezioni e dalle allergie e aiuta nello sviluppo psicomotorio del neonato ma aiuta anche la mamma per la prevenzione della depressione post-partum. Il latte materno aiuta inoltre nello sviluppare il legame madre-figlio. Da qui si intuiscono quindi i vantaggi per l\u2019intero nucleo familiare in cui anche il padre gioca un ruolo da non sottovalutare se si pensa soprattutto al rebonding che non \u00e8 solo a carico della madre<\/em>\u201d.<\/p>\n<p>Il tema della 29\u00b0 SAM2021 che, rientra nella seconda area degli Obiettivi di sviluppo sostenibile (Agenda 2030), \u00e8 : \u201cProteggere l\u2019allattamento: una responsabilit\u00e0 da condividere\u201d e ci ricorda che l\u2019allattamento \u00e8 determinante per la sopravvivenza, per la salute e per il benessere delle donne, dei bambini e delle nazioni, e che \u00e8 imprescindibile proteggerlo in tutto il mondo.<\/p>\n<p><strong>Obiettivi della 29ma Settimana Mondiale per l\u2019allattamento:<\/strong><\/p>\n<p>INFORMARE le persone sull\u2019importanza di proteggere l\u2019allattamento<\/p>\n<p>RADICARE l\u2019idea che sostenere l\u2019allattamento \u00e8 una questione di salute pubblica fondamentale<\/p>\n<p>ALLEARSI con i singoli e con le organizzazioni per avere un impatto pi\u00f9 elevato<\/p>\n<p>ATTIVARE azioni concrete di protezione dell\u2019allattamento volte a migliorare la salute pubblica<\/p>\n<p><strong>Le iniziative di promozione dell\u2019allattamento al seno nella ASL Roma5<\/strong><\/p>\n<p>La ASL Roma 5 promuove, sostiene e protegge l\u2019allattamento al seno nei Punti Nascita e nei Consultori familiari attraverso:<\/p>\n<ul>\n<li>Formazione di tutto il personale dei Consultori e dei reparti di Ostetricia e Pediatria<\/li>\n<li>(Corso Pratico di counselling secondo il Modello OMS\/UNICEF 20 ORE) (corso OMS)<\/li>\n<li>Modello OMS\/UNICEF 40 ore<\/li>\n<li>Rooming-in presso il Punto Nascita dell\u2019Ospedale di Tivoli, allattamento in reparto di patologia neonatale in spazi dedicati con poltrone specifiche, sostegno alle mamme con bambini ricoverati, facilitazione del bonding con persistenza del neonato sull\u2019addome materno per tempi non standardizzati se non nel caso di patologia<\/li>\n<\/ul>\n<p><strong>I CONSULTORI FAMILIARI DELLA ASL ROMA 5<\/strong><\/p>\n<p><a href=\"dedicato-a\/donne\/consultori-familiari\" title=\"Https:\/\/www.aslroma5.info\/web\/dedicato-a\/donne\/consultori-familiari\">https:\/\/www.aslroma5.info\/web\/dedicato-a\/donne\/consultori-familiari<\/a><\/p>\n<p>&nbsp;<\/p>\n<p><strong>Materiale grafico<\/strong><\/p>\n<p>brochure<\/p>\n<p><a href=\"https:\/\/www.aslroma5.it\/wp-content\/uploads\/2021\/10\/images_Documenti2021_brochure_allattamento_Covid.pdf\" title=\"Brochure Allattamento Al Seno\" target=\"_blank\" rel=\"noopener\"><img decoding=\"async\" class=\" size-full wp-image-48798\" src=\"https:\/\/www.aslroma5.it\/wp-content\/uploads\/2021\/10\/images_Documenti2021_brochure-allattamento-al-seno.png\" alt=\"brochure allattamento al seno\" width=\"200\" height=\"173\" style=\"margin-top: 10px;\" srcset=\"https:\/\/www.aslroma5.it\/wp-content\/uploads\/2021\/10\/images_Documenti2021_brochure-allattamento-al-seno.png 648w, https:\/\/www.aslroma5.it\/wp-content\/uploads\/2021\/10\/images_Documenti2021_brochure-allattamento-al-seno-300x259.png 300w\" sizes=\"(max-width: 200px) 100vw, 200px\" \/><\/a><\/p>\n<p>locandina<\/p>\n<p><a href=\"https:\/\/www.aslroma5.it\/wp-content\/uploads\/2021\/10\/images_Documenti2021_LOCANDINA_ALLATTAMENTO_AL_SENO.pdf\" title=\"Locandina Allattamento Seno\" target=\"_blank\" rel=\"noopener\"><img decoding=\"async\" class=\" size-full wp-image-48800\" src=\"https:\/\/www.aslroma5.it\/wp-content\/uploads\/2021\/10\/images_Documenti2021_locandina-allattamento-seno.png\" alt=\"locandina allattamento seno\" width=\"200\" height=\"164\" style=\"margin-top: 10px;\" srcset=\"https:\/\/www.aslroma5.it\/wp-content\/uploads\/2021\/10\/images_Documenti2021_locandina-allattamento-seno.png 540w, https:\/\/www.aslroma5.it\/wp-content\/uploads\/2021\/10\/images_Documenti2021_locandina-allattamento-seno-300x247.png 300w\" sizes=\"(max-width: 200px) 100vw, 200px\" \/><\/a><\/p>\n","protected":false},"excerpt":{"rendered":"<p>LA ASL ROMA 5 ADERISCE ALLA 29MA SETTIMANA MONDIALE PER L\u2019ALLATTAMENTO GAZEBO INFORMATIVI E PERSONALE A DISPOSIZIONE La Asl Roma 5 aderisce alla&nbsp;29\u00b0settimana mondiale dell\u2019allattamento al seno (dall\u20191 al 7 ottobre) e lo promuove tutto l\u2019anno con iniziative e attivit\u00e0 di formazione: per questa edizione 2021 si scende in piazza, tra le persone, con&nbsp;gazebo informativi&hellip;<\/p>\n","protected":false},"author":1,"featured_media":48796,"comment_status":"open","ping_status":"closed","sticky":false,"template":"","format":"standard","meta":{"_acf_changed":false,"inline_featured_image":false,"footnotes":""},"categories":[1816],"tags":[],"class_list":["post-48801","post","type-post","status-publish","format-standard","has-post-thumbnail","hentry","category-news","category-1816","description-off"],"acf":{"galleria":null},"yoast_head":"<!-- This site is optimized with the Yoast SEO plugin v25.5 - https:\/\/yoast.com\/wordpress\/plugins\/seo\/ -->\n<title>Proteggere l\u2019allattamento: una responsabilit\u00e0 da condividere\u201d - ASL ROMA 5<\/title>\n<meta name=\"robots\" content=\"index, follow, max-snippet:-1, max-image-preview:large, max-video-preview:-1\" \/>\n<link rel=\"canonical\" href=\"https:\/\/www.aslroma5.it\/proteggere-l-allattamento-una-responsabilita-da-condividere\/\" \/>\n<meta property=\"og:locale\" content=\"it_IT\" \/>\n<meta property=\"og:type\" content=\"article\" \/>\n<meta property=\"og:title\" content=\"Proteggere l\u2019allattamento: una responsabilit\u00e0 da condividere\u201d - ASL ROMA 5\" \/>\n<meta property=\"og:description\" content=\"LA ASL ROMA 5 ADERISCE ALLA 29MA SETTIMANA MONDIALE PER L\u2019ALLATTAMENTO GAZEBO INFORMATIVI E PERSONALE A DISPOSIZIONE La Asl Roma 5 aderisce alla&nbsp;29\u00b0settimana mondiale dell\u2019allattamento al seno (dall\u20191 al 7 ottobre) e lo promuove tutto l\u2019anno con iniziative e attivit\u00e0 di formazione: per questa edizione 2021 si scende in piazza, tra le persone, con&nbsp;gazebo informativi&hellip;\" \/>\n<meta property=\"og:url\" content=\"https:\/\/www.aslroma5.it\/proteggere-l-allattamento-una-responsabilita-da-condividere\/\" \/>\n<meta property=\"og:site_name\" content=\"ASL ROMA 5\" \/>\n<meta property=\"article:published_time\" content=\"2021-10-02T09:34:22+00:00\" \/>\n<meta property=\"og:image\" content=\"https:\/\/www.aslroma5.it\/wp-content\/uploads\/2021\/10\/images_Documenti2021_LOCANDINA_ALLATTAMENTO_AL_SENO.png\" \/>\n\t<meta property=\"og:image:width\" content=\"1556\" \/>\n\t<meta property=\"og:image:height\" content=\"2183\" \/>\n\t<meta property=\"og:image:type\" content=\"image\/png\" \/>\n<meta name=\"author\" content=\"dot4all\" \/>\n<meta name=\"twitter:card\" content=\"summary_large_image\" \/>\n<meta name=\"twitter:label1\" content=\"Scritto da\" \/>\n\t<meta name=\"twitter:data1\" content=\"dot4all\" \/>\n\t<meta name=\"twitter:label2\" content=\"Tempo di lettura stimato\" \/>\n\t<meta name=\"twitter:data2\" content=\"3 minuti\" \/>\n<script type=\"application\/ld+json\" class=\"yoast-schema-graph\">{\"@context\":\"https:\/\/schema.org\",\"@graph\":[{\"@type\":\"Article\",\"@id\":\"https:\/\/www.aslroma5.it\/proteggere-l-allattamento-una-responsabilita-da-condividere\/#article\",\"isPartOf\":{\"@id\":\"https:\/\/www.aslroma5.it\/proteggere-l-allattamento-una-responsabilita-da-condividere\/\"},\"author\":{\"name\":\"dot4all\",\"@id\":\"https:\/\/www.aslroma5.it\/#\/schema\/person\/aae9591da64a4feb5cf19a10d69b634d\"},\"headline\":\"Proteggere l\u2019allattamento: una responsabilit\u00e0 da condividere\u201d\",\"datePublished\":\"2021-10-02T09:34:22+00:00\",\"mainEntityOfPage\":{\"@id\":\"https:\/\/www.aslroma5.it\/proteggere-l-allattamento-una-responsabilita-da-condividere\/\"},\"wordCount\":541,\"commentCount\":0,\"publisher\":{\"@id\":\"https:\/\/www.aslroma5.it\/#organization\"},\"image\":{\"@id\":\"https:\/\/www.aslroma5.it\/proteggere-l-allattamento-una-responsabilita-da-condividere\/#primaryimage\"},\"thumbnailUrl\":\"https:\/\/www.aslroma5.it\/wp-content\/uploads\/2021\/10\/images_Documenti2021_LOCANDINA_ALLATTAMENTO_AL_SENO.png\",\"articleSection\":[\"News\"],\"inLanguage\":\"it-IT\",\"potentialAction\":[{\"@type\":\"CommentAction\",\"name\":\"Comment\",\"target\":[\"https:\/\/www.aslroma5.it\/proteggere-l-allattamento-una-responsabilita-da-condividere\/#respond\"]}]},{\"@type\":\"WebPage\",\"@id\":\"https:\/\/www.aslroma5.it\/proteggere-l-allattamento-una-responsabilita-da-condividere\/\",\"url\":\"https:\/\/www.aslroma5.it\/proteggere-l-allattamento-una-responsabilita-da-condividere\/\",\"name\":\"Proteggere l\u2019allattamento: una responsabilit\u00e0 da condividere\u201d - ASL ROMA 5\",\"isPartOf\":{\"@id\":\"https:\/\/www.aslroma5.it\/#website\"},\"primaryImageOfPage\":{\"@id\":\"https:\/\/www.aslroma5.it\/proteggere-l-allattamento-una-responsabilita-da-condividere\/#primaryimage\"},\"image\":{\"@id\":\"https:\/\/www.aslroma5.it\/proteggere-l-allattamento-una-responsabilita-da-condividere\/#primaryimage\"},\"thumbnailUrl\":\"https:\/\/www.aslroma5.it\/wp-content\/uploads\/2021\/10\/images_Documenti2021_LOCANDINA_ALLATTAMENTO_AL_SENO.png\",\"datePublished\":\"2021-10-02T09:34:22+00:00\",\"breadcrumb\":{\"@id\":\"https:\/\/www.aslroma5.it\/proteggere-l-allattamento-una-responsabilita-da-condividere\/#breadcrumb\"},\"inLanguage\":\"it-IT\",\"potentialAction\":[{\"@type\":\"ReadAction\",\"target\":[\"https:\/\/www.aslroma5.it\/proteggere-l-allattamento-una-responsabilita-da-condividere\/\"]}]},{\"@type\":\"ImageObject\",\"inLanguage\":\"it-IT\",\"@id\":\"https:\/\/www.aslroma5.it\/proteggere-l-allattamento-una-responsabilita-da-condividere\/#primaryimage\",\"url\":\"https:\/\/www.aslroma5.it\/wp-content\/uploads\/2021\/10\/images_Documenti2021_LOCANDINA_ALLATTAMENTO_AL_SENO.png\",\"contentUrl\":\"https:\/\/www.aslroma5.it\/wp-content\/uploads\/2021\/10\/images_Documenti2021_LOCANDINA_ALLATTAMENTO_AL_SENO.png\",\"width\":1556,\"height\":2183},{\"@type\":\"BreadcrumbList\",\"@id\":\"https:\/\/www.aslroma5.it\/proteggere-l-allattamento-una-responsabilita-da-condividere\/#breadcrumb\",\"itemListElement\":[{\"@type\":\"ListItem\",\"position\":1,\"name\":\"Home\",\"item\":\"https:\/\/www.aslroma5.it\/\"},{\"@type\":\"ListItem\",\"position\":2,\"name\":\"Proteggere l\u2019allattamento: una responsabilit\u00e0 da condividere\u201d\"}]},{\"@type\":\"WebSite\",\"@id\":\"https:\/\/www.aslroma5.it\/#website\",\"url\":\"https:\/\/www.aslroma5.it\/\",\"name\":\"ASL ROMA 5\",\"description\":\"\",\"publisher\":{\"@id\":\"https:\/\/www.aslroma5.it\/#organization\"},\"potentialAction\":[{\"@type\":\"SearchAction\",\"target\":{\"@type\":\"EntryPoint\",\"urlTemplate\":\"https:\/\/www.aslroma5.it\/?s={search_term_string}\"},\"query-input\":{\"@type\":\"PropertyValueSpecification\",\"valueRequired\":true,\"valueName\":\"search_term_string\"}}],\"inLanguage\":\"it-IT\"},{\"@type\":\"Organization\",\"@id\":\"https:\/\/www.aslroma5.it\/#organization\",\"name\":\"ASL ROMA 5\",\"url\":\"https:\/\/www.aslroma5.it\/\",\"logo\":{\"@type\":\"ImageObject\",\"inLanguage\":\"it-IT\",\"@id\":\"https:\/\/www.aslroma5.it\/#\/schema\/logo\/image\/\",\"url\":\"https:\/\/www.aslroma5.it\/wp-content\/uploads\/2025\/07\/asl-roma5-logo-25.svg\",\"contentUrl\":\"https:\/\/www.aslroma5.it\/wp-content\/uploads\/2025\/07\/asl-roma5-logo-25.svg\",\"width\":328,\"height\":112,\"caption\":\"ASL ROMA 5\"},\"image\":{\"@id\":\"https:\/\/www.aslroma5.it\/#\/schema\/logo\/image\/\"}},{\"@type\":\"Person\",\"@id\":\"https:\/\/www.aslroma5.it\/#\/schema\/person\/aae9591da64a4feb5cf19a10d69b634d\",\"name\":\"dot4all\",\"image\":{\"@type\":\"ImageObject\",\"inLanguage\":\"it-IT\",\"@id\":\"https:\/\/www.aslroma5.it\/#\/schema\/person\/image\/\",\"url\":\"https:\/\/secure.gravatar.com\/avatar\/a228c250e89e00f48f7bae46b9a785bc5b3f509d86988952d9e01450e422a0cc?s=96&d=mm&r=g\",\"contentUrl\":\"https:\/\/secure.gravatar.com\/avatar\/a228c250e89e00f48f7bae46b9a785bc5b3f509d86988952d9e01450e422a0cc?s=96&d=mm&r=g\",\"caption\":\"dot4all\"},\"sameAs\":[\"https:\/\/www.aslroma5.info\/new2021\"]}]}<\/script>\n<!-- \/ Yoast SEO plugin. -->","yoast_head_json":{"title":"Proteggere l\u2019allattamento: una responsabilit\u00e0 da condividere\u201d - ASL ROMA 5","robots":{"index":"index","follow":"follow","max-snippet":"max-snippet:-1","max-image-preview":"max-image-preview:large","max-video-preview":"max-video-preview:-1"},"canonical":"https:\/\/www.aslroma5.it\/proteggere-l-allattamento-una-responsabilita-da-condividere\/","og_locale":"it_IT","og_type":"article","og_title":"Proteggere l\u2019allattamento: una responsabilit\u00e0 da condividere\u201d - ASL ROMA 5","og_description":"LA ASL ROMA 5 ADERISCE ALLA 29MA SETTIMANA MONDIALE PER L\u2019ALLATTAMENTO GAZEBO INFORMATIVI E PERSONALE A DISPOSIZIONE La Asl Roma 5 aderisce alla&nbsp;29\u00b0settimana mondiale dell\u2019allattamento al seno (dall\u20191 al 7 ottobre) e lo promuove tutto l\u2019anno con iniziative e attivit\u00e0 di formazione: per questa edizione 2021 si scende in piazza, tra le persone, con&nbsp;gazebo informativi&hellip;","og_url":"https:\/\/www.aslroma5.it\/proteggere-l-allattamento-una-responsabilita-da-condividere\/","og_site_name":"ASL ROMA 5","article_published_time":"2021-10-02T09:34:22+00:00","og_image":[{"width":1556,"height":2183,"url":"https:\/\/www.aslroma5.it\/wp-content\/uploads\/2021\/10\/images_Documenti2021_LOCANDINA_ALLATTAMENTO_AL_SENO.png","type":"image\/png"}],"author":"dot4all","twitter_card":"summary_large_image","twitter_misc":{"Scritto da":"dot4all","Tempo di lettura stimato":"3 minuti"},"schema":{"@context":"https:\/\/schema.org","@graph":[{"@type":"Article","@id":"https:\/\/www.aslroma5.it\/proteggere-l-allattamento-una-responsabilita-da-condividere\/#article","isPartOf":{"@id":"https:\/\/www.aslroma5.it\/proteggere-l-allattamento-una-responsabilita-da-condividere\/"},"author":{"name":"dot4all","@id":"https:\/\/www.aslroma5.it\/#\/schema\/person\/aae9591da64a4feb5cf19a10d69b634d"},"headline":"Proteggere l\u2019allattamento: una responsabilit\u00e0 da condividere\u201d","datePublished":"2021-10-02T09:34:22+00:00","mainEntityOfPage":{"@id":"https:\/\/www.aslroma5.it\/proteggere-l-allattamento-una-responsabilita-da-condividere\/"},"wordCount":541,"commentCount":0,"publisher":{"@id":"https:\/\/www.aslroma5.it\/#organization"},"image":{"@id":"https:\/\/www.aslroma5.it\/proteggere-l-allattamento-una-responsabilita-da-condividere\/#primaryimage"},"thumbnailUrl":"https:\/\/www.aslroma5.it\/wp-content\/uploads\/2021\/10\/images_Documenti2021_LOCANDINA_ALLATTAMENTO_AL_SENO.png","articleSection":["News"],"inLanguage":"it-IT","potentialAction":[{"@type":"CommentAction","name":"Comment","target":["https:\/\/www.aslroma5.it\/proteggere-l-allattamento-una-responsabilita-da-condividere\/#respond"]}]},{"@type":"WebPage","@id":"https:\/\/www.aslroma5.it\/proteggere-l-allattamento-una-responsabilita-da-condividere\/","url":"https:\/\/www.aslroma5.it\/proteggere-l-allattamento-una-responsabilita-da-condividere\/","name":"Proteggere l\u2019allattamento: una responsabilit\u00e0 da condividere\u201d - ASL ROMA 5","isPartOf":{"@id":"https:\/\/www.aslroma5.it\/#website"},"primaryImageOfPage":{"@id":"https:\/\/www.aslroma5.it\/proteggere-l-allattamento-una-responsabilita-da-condividere\/#primaryimage"},"image":{"@id":"https:\/\/www.aslroma5.it\/proteggere-l-allattamento-una-responsabilita-da-condividere\/#primaryimage"},"thumbnailUrl":"https:\/\/www.aslroma5.it\/wp-content\/uploads\/2021\/10\/images_Documenti2021_LOCANDINA_ALLATTAMENTO_AL_SENO.png","datePublished":"2021-10-02T09:34:22+00:00","breadcrumb":{"@id":"https:\/\/www.aslroma5.it\/proteggere-l-allattamento-una-responsabilita-da-condividere\/#breadcrumb"},"inLanguage":"it-IT","potentialAction":[{"@type":"ReadAction","target":["https:\/\/www.aslroma5.it\/proteggere-l-allattamento-una-responsabilita-da-condividere\/"]}]},{"@type":"ImageObject","inLanguage":"it-IT","@id":"https:\/\/www.aslroma5.it\/proteggere-l-allattamento-una-responsabilita-da-condividere\/#primaryimage","url":"https:\/\/www.aslroma5.it\/wp-content\/uploads\/2021\/10\/images_Documenti2021_LOCANDINA_ALLATTAMENTO_AL_SENO.png","contentUrl":"https:\/\/www.aslroma5.it\/wp-content\/uploads\/2021\/10\/images_Documenti2021_LOCANDINA_ALLATTAMENTO_AL_SENO.png","width":1556,"height":2183},{"@type":"BreadcrumbList","@id":"https:\/\/www.aslroma5.it\/proteggere-l-allattamento-una-responsabilita-da-condividere\/#breadcrumb","itemListElement":[{"@type":"ListItem","position":1,"name":"Home","item":"https:\/\/www.aslroma5.it\/"},{"@type":"ListItem","position":2,"name":"Proteggere l\u2019allattamento: una responsabilit\u00e0 da condividere\u201d"}]},{"@type":"WebSite","@id":"https:\/\/www.aslroma5.it\/#website","url":"https:\/\/www.aslroma5.it\/","name":"ASL ROMA 5","description":"","publisher":{"@id":"https:\/\/www.aslroma5.it\/#organization"},"potentialAction":[{"@type":"SearchAction","target":{"@type":"EntryPoint","urlTemplate":"https:\/\/www.aslroma5.it\/?s={search_term_string}"},"query-input":{"@type":"PropertyValueSpecification","valueRequired":true,"valueName":"search_term_string"}}],"inLanguage":"it-IT"},{"@type":"Organization","@id":"https:\/\/www.aslroma5.it\/#organization","name":"ASL ROMA 5","url":"https:\/\/www.aslroma5.it\/","logo":{"@type":"ImageObject","inLanguage":"it-IT","@id":"https:\/\/www.aslroma5.it\/#\/schema\/logo\/image\/","url":"https:\/\/www.aslroma5.it\/wp-content\/uploads\/2025\/07\/asl-roma5-logo-25.svg","contentUrl":"https:\/\/www.aslroma5.it\/wp-content\/uploads\/2025\/07\/asl-roma5-logo-25.svg","width":328,"height":112,"caption":"ASL ROMA 5"},"image":{"@id":"https:\/\/www.aslroma5.it\/#\/schema\/logo\/image\/"}},{"@type":"Person","@id":"https:\/\/www.aslroma5.it\/#\/schema\/person\/aae9591da64a4feb5cf19a10d69b634d","name":"dot4all","image":{"@type":"ImageObject","inLanguage":"it-IT","@id":"https:\/\/www.aslroma5.it\/#\/schema\/person\/image\/","url":"https:\/\/secure.gravatar.com\/avatar\/a228c250e89e00f48f7bae46b9a785bc5b3f509d86988952d9e01450e422a0cc?s=96&d=mm&r=g","contentUrl":"https:\/\/secure.gravatar.com\/avatar\/a228c250e89e00f48f7bae46b9a785bc5b3f509d86988952d9e01450e422a0cc?s=96&d=mm&r=g","caption":"dot4all"},"sameAs":["https:\/\/www.aslroma5.info\/new2021"]}]}},"publishpress_future_action":{"enabled":false,"date":"2026-05-08 19:43:28","action":"change-status","newStatus":"draft","terms":[],"taxonomy":"category","extraData":[]},"publishpress_future_workflow_manual_trigger":{"enabledWorkflows":[]},"_links":{"self":[{"href":"https:\/\/www.aslroma5.it\/api\/wp\/v2\/posts\/48801","targetHints":{"allow":["GET"]}}],"collection":[{"href":"https:\/\/www.aslroma5.it\/api\/wp\/v2\/posts"}],"about":[{"href":"https:\/\/www.aslroma5.it\/api\/wp\/v2\/types\/post"}],"author":[{"embeddable":true,"href":"https:\/\/www.aslroma5.it\/api\/wp\/v2\/users\/1"}],"replies":[{"embeddable":true,"href":"https:\/\/www.aslroma5.it\/api\/wp\/v2\/comments?post=48801"}],"version-history":[{"count":0,"href":"https:\/\/www.aslroma5.it\/api\/wp\/v2\/posts\/48801\/revisions"}],"wp:featuredmedia":[{"embeddable":true,"href":"https:\/\/www.aslroma5.it\/api\/wp\/v2\/media\/48796"}],"wp:attachment":[{"href":"https:\/\/www.aslroma5.it\/api\/wp\/v2\/media?parent=48801"}],"wp:term":[{"taxonomy":"category","embeddable":true,"href":"https:\/\/www.aslroma5.it\/api\/wp\/v2\/categories?post=48801"},{"taxonomy":"post_tag","embeddable":true,"href":"https:\/\/www.aslroma5.it\/api\/wp\/v2\/tags?post=48801"}],"curies":[{"name":"wp","href":"https:\/\/api.w.org\/{rel}","templated":true}]}}