{"id":48810,"date":"2021-10-06T10:45:11","date_gmt":"2021-10-06T08:45:11","guid":{"rendered":"https:\/\/www.aslroma5.info\/new2021\/screening-oncologici-ad-ottobre-la-asl-roma-5-si-fa-in-3\/"},"modified":"2021-10-06T10:45:11","modified_gmt":"2021-10-06T08:45:11","slug":"screening-oncologici-ad-ottobre-la-asl-roma-5-si-fa-in-3","status":"publish","type":"post","link":"https:\/\/www.aslroma5.it\/screening-oncologici-ad-ottobre-la-asl-roma-5-si-fa-in-3\/","title":{"rendered":"Screening Oncologici, ad ottobre la ASL Roma 5 si fa in 3"},"content":{"rendered":"<p><strong>OTTOBRE&nbsp;ROSA \u2013 REGIONALE<\/strong><\/p>\n<p><span style=\"text-decoration: underline;\">PER LE DONNE TRA I 45 E I 49 ANNI<\/span><\/p>\n<p>La Regione Lazio, in occasione&nbsp;di Ottobre&nbsp;Rosa, offre alle donne di et\u00e0 compresa tra i 45 e i 49 anni, <strong>cio\u00e8 nella fascia di et\u00e0 non compresa dal programma di screening<\/strong>, l&#8217;opportunit\u00e0 di prenotare una mammografia gratuita nelle strutture sanitarie che partecipano all&#8217;iniziativa <span style=\"text-decoration: underline;\">fino ad esaurimento della disponibilit\u00e0<\/span>.<\/p>\n<p>Per prenotare chiama il NUMERO <span style=\"text-decoration: underline;\">06 164 161 840<\/span> attivo dal 30 settembre al 30 ottobre, dal luned\u00ec al venerd\u00ec alle 7:30 alle 19:30 ed il sabato dalle 7:30 alle 13:00.<\/p>\n<p>Per fissare un appuntamento \u00e8 necessaria la richiesta medica con il codice esenzione: D01 &#8211; Campagna di Screening regionale.<\/p>\n<p>Tutte le info su&nbsp;<a href=\"https:\/\/www.facebook.com\/hashtag\/ottobrerosa?__eep__=6&amp;__cft__%5b0%5d=AZW1UqdappwzNxdRVUX5gPbCaJtNDJsFjQovVzuMlqHHMijWySvH-v0npDScWr081k7pmJPSCbfJ44tJ-PZoKFUMtn-0v9vjM4nM7l-1UAsFmSCaZ7HaWTOsqv5hm9wCoy_0rl27pXkoVmGO-ES_1Q4Psd-EtvOfix85gJr5JctJaTzvPmQJ-kkJwGpBZHNlEgE&amp;__tn__=*NK-R\">#ottobrerosa<\/a>: salutelazio.it<\/p>\n<p>&nbsp;<\/p>\n<p><strong>CAMPAGNA REGIONALE<\/strong> &#8211; AMBULATORIO MOBILE<\/p>\n<p>A disposizione un ambulatorio mobile attrezzato dove effettuare<\/p>\n<ul>\n<li>la prenotazione della mammografia<\/li>\n<li>fare direttamente sul posto il Pap test e l\u2019Hpv test<\/li>\n<li>ricevere la provetta per la ricerca del sangue occulto nelle feci<\/li>\n<\/ul>\n<p><strong>CHI PU\u00d2 ACCEDERE<\/strong><\/p>\n<p>Le persone residenti o domiciliate nella ASL ROMA 5, nella fascia di et\u00e0 prevista per ciascuno&nbsp;<a href=\"https:\/\/www.facebook.com\/hashtag\/screening?__eep__=6&amp;__cft__%5b0%5d=AZW1UqdappwzNxdRVUX5gPbCaJtNDJsFjQovVzuMlqHHMijWySvH-v0npDScWr081k7pmJPSCbfJ44tJ-PZoKFUMtn-0v9vjM4nM7l-1UAsFmSCaZ7HaWTOsqv5hm9wCoy_0rl27pXkoVmGO-ES_1Q4Psd-EtvOfix85gJr5JctJaTzvPmQJ-kkJwGpBZHNlEgE&amp;__tn__=*NK-R\">#screening<\/a>:<\/p>\n<ul>\n<li>Tumore della mammella, rivolto a donne dai 45 ai 74 anni, che prevede lo svolgimento di una mammografia ogni 2 anni;<\/li>\n<li>Tumore colon retto, rivolto a uomini e donne dai 50 ai 74 anni, che prevede la ricerca del sangue occulto nelle feci ogni 2 anni;<\/li>\n<li>Tumore della cervice uterina, rivolto a donne dai 25 ai 64 anni, che prevede di svolgere il Pap test dai 25 ai 29 anni e l\u2019Hpv test dai 30 ai 64 anni.<\/li>\n<\/ul>\n<p>Tutte le info su salutelazio.it e&nbsp;<a href=\"http:\/\/www.aslroma5.info\/?fbclid=IwAR0EEd0P8FUCcKcX16vmsXB5M9rESPsZio2LLd4DToRpdXjozp-jgULmd30\">www.aslroma5.info<\/a><\/p>\n<p>&nbsp;<\/p>\n<p><strong>PRE_VENIAMO<\/strong><\/p>\n<p>Un ambulatorio mobile con \u00e8quipe sanitaria a bordo \u00e8 a disposizione dei cittadini in et\u00e0 di screening.<\/p>\n<p>L\u2019ambulatorio mobile offrir\u00e0 i seguenti servizi:<\/p>\n<p>Prevenzione dei tumori della mammella (donne nella fascia di et\u00e0 50-69 anni), esteso fino a 74 anni: prenotazione della mammografia<\/p>\n<p>Prevenzione dei tumori del colon retto (uomini e donne nella fascia di et\u00e0 50-74 anni): consegna della provetta per la ricerca del sangue occulto nelle feci<\/p>\n<p>Prevenzione dei tumori del collo dell&#8217;utero (donne nella fascia di et\u00e0 25-64 anni) prenotazione di Pap test e HPV test a seconda della fascia di et\u00e0<\/p>\n<p>Tutte le info su salutelazio.it e&nbsp;<a href=\"https:\/\/l.facebook.com\/l.php?u=http%3A%2F%2Fwww.aslroma5.info%2F%3Ffbclid%3DIwAR3mjrJvKB3yB4DrTBgRe9zirwSd4Ak3i9SXmZ5CTUo2K7fC8JXJJ5yVpEM&amp;h=AT0QLEKu5BebUviH8TcilBSVl_MKSRGxLL1t4ene_mr-Jicfi8e-Jvfsii_ruZ_DGHC8C-3_gOiHWOXZY4XXQ_DVGJkCNiwGgZdykXwNNSv1bKYQaMEobT2bxO9oQpzwJg&amp;__tn__=-UK-R&amp;c%5b0%5d=AT0Huz3lWn5h_eWjzqL_XlqNtj6q1qas2JFfBLPRCeYKsCVZXzAVFI8LS8Dp7efXSo4Csa1hRluBRQkQm9Zp873JC94_XjtX1PaJ3fGC8QgcVTbwicpu8Zwo8toSfgHI4YASE6qE5WZFP1d6NAjnIm3ySly9BW7k_oW5pRk3xABbtKnbbud8MDQXJBUIc0vFehYrFeo\">www.aslroma5.info<\/a><\/p>\n<p>per sapere dove e quando trovarci:&nbsp;<a href=\"https:\/\/l.facebook.com\/l.php?u=https%3A%2F%2Fbit.ly%2F3AaZuUR%3Ffbclid%3DIwAR1b62kfP_urrg637hSopnrvFKfUdssMZL_MMQ36sXQWYBBTQLjvhv1BieQ&amp;h=AT21uZ3_rHdeRPxXA8FvLkKmh2iSFIKU_I_bYQ3mVjquB8ogb_s-IxDgLGxY8WBe7QHLwy7gtv2eH_PJZO-p-eBViykgA4JOEL1NQSi6T3zueZ17DQQO7_pg4-2QFL1nrw&amp;__tn__=-UK-R&amp;c%5b0%5d=AT0Huz3lWn5h_eWjzqL_XlqNtj6q1qas2JFfBLPRCeYKsCVZXzAVFI8LS8Dp7efXSo4Csa1hRluBRQkQm9Zp873JC94_XjtX1PaJ3fGC8QgcVTbwicpu8Zwo8toSfgHI4YASE6qE5WZFP1d6NAjnIm3ySly9BW7k_oW5pRk3xABbtKnbbud8MDQXJBUIc0vFehYrFeo\">https:\/\/bit.ly\/3AaZuUR<\/a><\/p>\n<p>&nbsp;<\/p>\n<p>***Se hai tra i 50 e i 74 anni puoi accedere tutto l&#8217;anno a percorsi di screening gratuiti chiamando il nostro numero verde: 800 894 549 (dal luned\u00ec al venerd\u00ec 9-13, 14-17)***<\/p>\n<p>&nbsp;<\/p>\n<p><a href=\"https:\/\/www.aslroma5.it\/wp-content\/uploads\/2021\/10\/images_Documenti2021_screening_oncologici_INFOGRAFICA.pdf\" target=\"_blank\" rel=\"noopener\"><\/a><\/p>\n","protected":false},"excerpt":{"rendered":"<p>OTTOBRE&nbsp;ROSA \u2013 REGIONALE PER LE DONNE TRA I 45 E I 49 ANNI La Regione Lazio, in occasione&nbsp;di Ottobre&nbsp;Rosa, offre alle donne di et\u00e0 compresa tra i 45 e i 49 anni, cio\u00e8 nella fascia di et\u00e0 non compresa dal programma di screening, l&#8217;opportunit\u00e0 di prenotare una mammografia gratuita nelle strutture sanitarie che partecipano all&#8217;iniziativa&hellip;<\/p>\n","protected":false},"author":1,"featured_media":48808,"comment_status":"open","ping_status":"closed","sticky":false,"template":"","format":"standard","meta":{"_acf_changed":false,"inline_featured_image":false,"footnotes":""},"categories":[1816],"tags":[],"class_list":["post-48810","post","type-post","status-publish","format-standard","has-post-thumbnail","hentry","category-news","category-1816","description-off"],"acf":{"galleria":null},"yoast_head":"<!-- This site is optimized with the Yoast SEO plugin v25.5 - https:\/\/yoast.com\/wordpress\/plugins\/seo\/ -->\n<title>Screening Oncologici, ad ottobre la ASL Roma 5 si fa in 3 - ASL ROMA 5<\/title>\n<meta name=\"robots\" content=\"index, follow, max-snippet:-1, max-image-preview:large, max-video-preview:-1\" \/>\n<link rel=\"canonical\" href=\"https:\/\/www.aslroma5.it\/screening-oncologici-ad-ottobre-la-asl-roma-5-si-fa-in-3\/\" \/>\n<meta property=\"og:locale\" content=\"it_IT\" \/>\n<meta property=\"og:type\" content=\"article\" \/>\n<meta property=\"og:title\" content=\"Screening Oncologici, ad ottobre la ASL Roma 5 si fa in 3 - ASL ROMA 5\" \/>\n<meta property=\"og:description\" content=\"OTTOBRE&nbsp;ROSA \u2013 REGIONALE PER LE DONNE TRA I 45 E I 49 ANNI La Regione Lazio, in occasione&nbsp;di Ottobre&nbsp;Rosa, offre alle donne di et\u00e0 compresa tra i 45 e i 49 anni, cio\u00e8 nella fascia di et\u00e0 non compresa dal programma di screening, l&#8217;opportunit\u00e0 di prenotare una mammografia gratuita nelle strutture sanitarie che partecipano all&#8217;iniziativa&hellip;\" \/>\n<meta property=\"og:url\" content=\"https:\/\/www.aslroma5.it\/screening-oncologici-ad-ottobre-la-asl-roma-5-si-fa-in-3\/\" \/>\n<meta property=\"og:site_name\" content=\"ASL ROMA 5\" \/>\n<meta property=\"article:published_time\" content=\"2021-10-06T08:45:11+00:00\" \/>\n<meta property=\"og:image\" content=\"https:\/\/www.aslroma5.it\/wp-content\/uploads\/2021\/10\/images_Documenti2021_screening_oncologici_infografica.png\" \/>\n\t<meta property=\"og:image:width\" content=\"800\" \/>\n\t<meta property=\"og:image:height\" content=\"2000\" \/>\n\t<meta property=\"og:image:type\" content=\"image\/png\" \/>\n<meta name=\"author\" content=\"dot4all\" \/>\n<meta name=\"twitter:card\" content=\"summary_large_image\" \/>\n<meta name=\"twitter:label1\" content=\"Scritto da\" \/>\n\t<meta name=\"twitter:data1\" content=\"dot4all\" \/>\n\t<meta name=\"twitter:label2\" content=\"Tempo di lettura stimato\" \/>\n\t<meta name=\"twitter:data2\" content=\"2 minuti\" \/>\n<script type=\"application\/ld+json\" class=\"yoast-schema-graph\">{\"@context\":\"https:\/\/schema.org\",\"@graph\":[{\"@type\":\"Article\",\"@id\":\"https:\/\/www.aslroma5.it\/screening-oncologici-ad-ottobre-la-asl-roma-5-si-fa-in-3\/#article\",\"isPartOf\":{\"@id\":\"https:\/\/www.aslroma5.it\/screening-oncologici-ad-ottobre-la-asl-roma-5-si-fa-in-3\/\"},\"author\":{\"name\":\"dot4all\",\"@id\":\"https:\/\/www.aslroma5.it\/#\/schema\/person\/aae9591da64a4feb5cf19a10d69b634d\"},\"headline\":\"Screening Oncologici, ad ottobre la ASL Roma 5 si fa in 3\",\"datePublished\":\"2021-10-06T08:45:11+00:00\",\"mainEntityOfPage\":{\"@id\":\"https:\/\/www.aslroma5.it\/screening-oncologici-ad-ottobre-la-asl-roma-5-si-fa-in-3\/\"},\"wordCount\":408,\"commentCount\":0,\"publisher\":{\"@id\":\"https:\/\/www.aslroma5.it\/#organization\"},\"image\":{\"@id\":\"https:\/\/www.aslroma5.it\/screening-oncologici-ad-ottobre-la-asl-roma-5-si-fa-in-3\/#primaryimage\"},\"thumbnailUrl\":\"https:\/\/www.aslroma5.it\/wp-content\/uploads\/2021\/10\/images_Documenti2021_screening_oncologici_infografica.png\",\"articleSection\":[\"News\"],\"inLanguage\":\"it-IT\",\"potentialAction\":[{\"@type\":\"CommentAction\",\"name\":\"Comment\",\"target\":[\"https:\/\/www.aslroma5.it\/screening-oncologici-ad-ottobre-la-asl-roma-5-si-fa-in-3\/#respond\"]}]},{\"@type\":\"WebPage\",\"@id\":\"https:\/\/www.aslroma5.it\/screening-oncologici-ad-ottobre-la-asl-roma-5-si-fa-in-3\/\",\"url\":\"https:\/\/www.aslroma5.it\/screening-oncologici-ad-ottobre-la-asl-roma-5-si-fa-in-3\/\",\"name\":\"Screening Oncologici, ad ottobre la ASL Roma 5 si fa in 3 - ASL ROMA 5\",\"isPartOf\":{\"@id\":\"https:\/\/www.aslroma5.it\/#website\"},\"primaryImageOfPage\":{\"@id\":\"https:\/\/www.aslroma5.it\/screening-oncologici-ad-ottobre-la-asl-roma-5-si-fa-in-3\/#primaryimage\"},\"image\":{\"@id\":\"https:\/\/www.aslroma5.it\/screening-oncologici-ad-ottobre-la-asl-roma-5-si-fa-in-3\/#primaryimage\"},\"thumbnailUrl\":\"https:\/\/www.aslroma5.it\/wp-content\/uploads\/2021\/10\/images_Documenti2021_screening_oncologici_infografica.png\",\"datePublished\":\"2021-10-06T08:45:11+00:00\",\"breadcrumb\":{\"@id\":\"https:\/\/www.aslroma5.it\/screening-oncologici-ad-ottobre-la-asl-roma-5-si-fa-in-3\/#breadcrumb\"},\"inLanguage\":\"it-IT\",\"potentialAction\":[{\"@type\":\"ReadAction\",\"target\":[\"https:\/\/www.aslroma5.it\/screening-oncologici-ad-ottobre-la-asl-roma-5-si-fa-in-3\/\"]}]},{\"@type\":\"ImageObject\",\"inLanguage\":\"it-IT\",\"@id\":\"https:\/\/www.aslroma5.it\/screening-oncologici-ad-ottobre-la-asl-roma-5-si-fa-in-3\/#primaryimage\",\"url\":\"https:\/\/www.aslroma5.it\/wp-content\/uploads\/2021\/10\/images_Documenti2021_screening_oncologici_infografica.png\",\"contentUrl\":\"https:\/\/www.aslroma5.it\/wp-content\/uploads\/2021\/10\/images_Documenti2021_screening_oncologici_infografica.png\",\"width\":800,\"height\":2000},{\"@type\":\"BreadcrumbList\",\"@id\":\"https:\/\/www.aslroma5.it\/screening-oncologici-ad-ottobre-la-asl-roma-5-si-fa-in-3\/#breadcrumb\",\"itemListElement\":[{\"@type\":\"ListItem\",\"position\":1,\"name\":\"Home\",\"item\":\"https:\/\/www.aslroma5.it\/\"},{\"@type\":\"ListItem\",\"position\":2,\"name\":\"Screening Oncologici, ad ottobre la ASL Roma 5 si fa in 3\"}]},{\"@type\":\"WebSite\",\"@id\":\"https:\/\/www.aslroma5.it\/#website\",\"url\":\"https:\/\/www.aslroma5.it\/\",\"name\":\"ASL ROMA 5\",\"description\":\"\",\"publisher\":{\"@id\":\"https:\/\/www.aslroma5.it\/#organization\"},\"potentialAction\":[{\"@type\":\"SearchAction\",\"target\":{\"@type\":\"EntryPoint\",\"urlTemplate\":\"https:\/\/www.aslroma5.it\/?s={search_term_string}\"},\"query-input\":{\"@type\":\"PropertyValueSpecification\",\"valueRequired\":true,\"valueName\":\"search_term_string\"}}],\"inLanguage\":\"it-IT\"},{\"@type\":\"Organization\",\"@id\":\"https:\/\/www.aslroma5.it\/#organization\",\"name\":\"ASL ROMA 5\",\"url\":\"https:\/\/www.aslroma5.it\/\",\"logo\":{\"@type\":\"ImageObject\",\"inLanguage\":\"it-IT\",\"@id\":\"https:\/\/www.aslroma5.it\/#\/schema\/logo\/image\/\",\"url\":\"https:\/\/www.aslroma5.it\/wp-content\/uploads\/2025\/07\/asl-roma5-logo-25.svg\",\"contentUrl\":\"https:\/\/www.aslroma5.it\/wp-content\/uploads\/2025\/07\/asl-roma5-logo-25.svg\",\"width\":328,\"height\":112,\"caption\":\"ASL ROMA 5\"},\"image\":{\"@id\":\"https:\/\/www.aslroma5.it\/#\/schema\/logo\/image\/\"}},{\"@type\":\"Person\",\"@id\":\"https:\/\/www.aslroma5.it\/#\/schema\/person\/aae9591da64a4feb5cf19a10d69b634d\",\"name\":\"dot4all\",\"image\":{\"@type\":\"ImageObject\",\"inLanguage\":\"it-IT\",\"@id\":\"https:\/\/www.aslroma5.it\/#\/schema\/person\/image\/\",\"url\":\"https:\/\/secure.gravatar.com\/avatar\/a228c250e89e00f48f7bae46b9a785bc5b3f509d86988952d9e01450e422a0cc?s=96&d=mm&r=g\",\"contentUrl\":\"https:\/\/secure.gravatar.com\/avatar\/a228c250e89e00f48f7bae46b9a785bc5b3f509d86988952d9e01450e422a0cc?s=96&d=mm&r=g\",\"caption\":\"dot4all\"},\"sameAs\":[\"https:\/\/www.aslroma5.info\/new2021\"]}]}<\/script>\n<!-- \/ Yoast SEO plugin. -->","yoast_head_json":{"title":"Screening Oncologici, ad ottobre la ASL Roma 5 si fa in 3 - ASL ROMA 5","robots":{"index":"index","follow":"follow","max-snippet":"max-snippet:-1","max-image-preview":"max-image-preview:large","max-video-preview":"max-video-preview:-1"},"canonical":"https:\/\/www.aslroma5.it\/screening-oncologici-ad-ottobre-la-asl-roma-5-si-fa-in-3\/","og_locale":"it_IT","og_type":"article","og_title":"Screening Oncologici, ad ottobre la ASL Roma 5 si fa in 3 - ASL ROMA 5","og_description":"OTTOBRE&nbsp;ROSA \u2013 REGIONALE PER LE DONNE TRA I 45 E I 49 ANNI La Regione Lazio, in occasione&nbsp;di Ottobre&nbsp;Rosa, offre alle donne di et\u00e0 compresa tra i 45 e i 49 anni, cio\u00e8 nella fascia di et\u00e0 non compresa dal programma di screening, l&#8217;opportunit\u00e0 di prenotare una mammografia gratuita nelle strutture sanitarie che partecipano all&#8217;iniziativa&hellip;","og_url":"https:\/\/www.aslroma5.it\/screening-oncologici-ad-ottobre-la-asl-roma-5-si-fa-in-3\/","og_site_name":"ASL ROMA 5","article_published_time":"2021-10-06T08:45:11+00:00","og_image":[{"width":800,"height":2000,"url":"https:\/\/www.aslroma5.it\/wp-content\/uploads\/2021\/10\/images_Documenti2021_screening_oncologici_infografica.png","type":"image\/png"}],"author":"dot4all","twitter_card":"summary_large_image","twitter_misc":{"Scritto da":"dot4all","Tempo di lettura stimato":"2 minuti"},"schema":{"@context":"https:\/\/schema.org","@graph":[{"@type":"Article","@id":"https:\/\/www.aslroma5.it\/screening-oncologici-ad-ottobre-la-asl-roma-5-si-fa-in-3\/#article","isPartOf":{"@id":"https:\/\/www.aslroma5.it\/screening-oncologici-ad-ottobre-la-asl-roma-5-si-fa-in-3\/"},"author":{"name":"dot4all","@id":"https:\/\/www.aslroma5.it\/#\/schema\/person\/aae9591da64a4feb5cf19a10d69b634d"},"headline":"Screening Oncologici, ad ottobre la ASL Roma 5 si fa in 3","datePublished":"2021-10-06T08:45:11+00:00","mainEntityOfPage":{"@id":"https:\/\/www.aslroma5.it\/screening-oncologici-ad-ottobre-la-asl-roma-5-si-fa-in-3\/"},"wordCount":408,"commentCount":0,"publisher":{"@id":"https:\/\/www.aslroma5.it\/#organization"},"image":{"@id":"https:\/\/www.aslroma5.it\/screening-oncologici-ad-ottobre-la-asl-roma-5-si-fa-in-3\/#primaryimage"},"thumbnailUrl":"https:\/\/www.aslroma5.it\/wp-content\/uploads\/2021\/10\/images_Documenti2021_screening_oncologici_infografica.png","articleSection":["News"],"inLanguage":"it-IT","potentialAction":[{"@type":"CommentAction","name":"Comment","target":["https:\/\/www.aslroma5.it\/screening-oncologici-ad-ottobre-la-asl-roma-5-si-fa-in-3\/#respond"]}]},{"@type":"WebPage","@id":"https:\/\/www.aslroma5.it\/screening-oncologici-ad-ottobre-la-asl-roma-5-si-fa-in-3\/","url":"https:\/\/www.aslroma5.it\/screening-oncologici-ad-ottobre-la-asl-roma-5-si-fa-in-3\/","name":"Screening Oncologici, ad ottobre la ASL Roma 5 si fa in 3 - ASL ROMA 5","isPartOf":{"@id":"https:\/\/www.aslroma5.it\/#website"},"primaryImageOfPage":{"@id":"https:\/\/www.aslroma5.it\/screening-oncologici-ad-ottobre-la-asl-roma-5-si-fa-in-3\/#primaryimage"},"image":{"@id":"https:\/\/www.aslroma5.it\/screening-oncologici-ad-ottobre-la-asl-roma-5-si-fa-in-3\/#primaryimage"},"thumbnailUrl":"https:\/\/www.aslroma5.it\/wp-content\/uploads\/2021\/10\/images_Documenti2021_screening_oncologici_infografica.png","datePublished":"2021-10-06T08:45:11+00:00","breadcrumb":{"@id":"https:\/\/www.aslroma5.it\/screening-oncologici-ad-ottobre-la-asl-roma-5-si-fa-in-3\/#breadcrumb"},"inLanguage":"it-IT","potentialAction":[{"@type":"ReadAction","target":["https:\/\/www.aslroma5.it\/screening-oncologici-ad-ottobre-la-asl-roma-5-si-fa-in-3\/"]}]},{"@type":"ImageObject","inLanguage":"it-IT","@id":"https:\/\/www.aslroma5.it\/screening-oncologici-ad-ottobre-la-asl-roma-5-si-fa-in-3\/#primaryimage","url":"https:\/\/www.aslroma5.it\/wp-content\/uploads\/2021\/10\/images_Documenti2021_screening_oncologici_infografica.png","contentUrl":"https:\/\/www.aslroma5.it\/wp-content\/uploads\/2021\/10\/images_Documenti2021_screening_oncologici_infografica.png","width":800,"height":2000},{"@type":"BreadcrumbList","@id":"https:\/\/www.aslroma5.it\/screening-oncologici-ad-ottobre-la-asl-roma-5-si-fa-in-3\/#breadcrumb","itemListElement":[{"@type":"ListItem","position":1,"name":"Home","item":"https:\/\/www.aslroma5.it\/"},{"@type":"ListItem","position":2,"name":"Screening Oncologici, ad ottobre la ASL Roma 5 si fa in 3"}]},{"@type":"WebSite","@id":"https:\/\/www.aslroma5.it\/#website","url":"https:\/\/www.aslroma5.it\/","name":"ASL ROMA 5","description":"","publisher":{"@id":"https:\/\/www.aslroma5.it\/#organization"},"potentialAction":[{"@type":"SearchAction","target":{"@type":"EntryPoint","urlTemplate":"https:\/\/www.aslroma5.it\/?s={search_term_string}"},"query-input":{"@type":"PropertyValueSpecification","valueRequired":true,"valueName":"search_term_string"}}],"inLanguage":"it-IT"},{"@type":"Organization","@id":"https:\/\/www.aslroma5.it\/#organization","name":"ASL ROMA 5","url":"https:\/\/www.aslroma5.it\/","logo":{"@type":"ImageObject","inLanguage":"it-IT","@id":"https:\/\/www.aslroma5.it\/#\/schema\/logo\/image\/","url":"https:\/\/www.aslroma5.it\/wp-content\/uploads\/2025\/07\/asl-roma5-logo-25.svg","contentUrl":"https:\/\/www.aslroma5.it\/wp-content\/uploads\/2025\/07\/asl-roma5-logo-25.svg","width":328,"height":112,"caption":"ASL ROMA 5"},"image":{"@id":"https:\/\/www.aslroma5.it\/#\/schema\/logo\/image\/"}},{"@type":"Person","@id":"https:\/\/www.aslroma5.it\/#\/schema\/person\/aae9591da64a4feb5cf19a10d69b634d","name":"dot4all","image":{"@type":"ImageObject","inLanguage":"it-IT","@id":"https:\/\/www.aslroma5.it\/#\/schema\/person\/image\/","url":"https:\/\/secure.gravatar.com\/avatar\/a228c250e89e00f48f7bae46b9a785bc5b3f509d86988952d9e01450e422a0cc?s=96&d=mm&r=g","contentUrl":"https:\/\/secure.gravatar.com\/avatar\/a228c250e89e00f48f7bae46b9a785bc5b3f509d86988952d9e01450e422a0cc?s=96&d=mm&r=g","caption":"dot4all"},"sameAs":["https:\/\/www.aslroma5.info\/new2021"]}]}},"publishpress_future_action":{"enabled":false,"date":"2026-05-07 00:53:02","action":"change-status","newStatus":"draft","terms":[],"taxonomy":"category","extraData":[]},"publishpress_future_workflow_manual_trigger":{"enabledWorkflows":[]},"_links":{"self":[{"href":"https:\/\/www.aslroma5.it\/api\/wp\/v2\/posts\/48810","targetHints":{"allow":["GET"]}}],"collection":[{"href":"https:\/\/www.aslroma5.it\/api\/wp\/v2\/posts"}],"about":[{"href":"https:\/\/www.aslroma5.it\/api\/wp\/v2\/types\/post"}],"author":[{"embeddable":true,"href":"https:\/\/www.aslroma5.it\/api\/wp\/v2\/users\/1"}],"replies":[{"embeddable":true,"href":"https:\/\/www.aslroma5.it\/api\/wp\/v2\/comments?post=48810"}],"version-history":[{"count":0,"href":"https:\/\/www.aslroma5.it\/api\/wp\/v2\/posts\/48810\/revisions"}],"wp:featuredmedia":[{"embeddable":true,"href":"https:\/\/www.aslroma5.it\/api\/wp\/v2\/media\/48808"}],"wp:attachment":[{"href":"https:\/\/www.aslroma5.it\/api\/wp\/v2\/media?parent=48810"}],"wp:term":[{"taxonomy":"category","embeddable":true,"href":"https:\/\/www.aslroma5.it\/api\/wp\/v2\/categories?post=48810"},{"taxonomy":"post_tag","embeddable":true,"href":"https:\/\/www.aslroma5.it\/api\/wp\/v2\/tags?post=48810"}],"curies":[{"name":"wp","href":"https:\/\/api.w.org\/{rel}","templated":true}]}}