{"id":48844,"date":"2021-10-19T14:25:37","date_gmt":"2021-10-19T12:25:37","guid":{"rendered":"https:\/\/www.aslroma5.info\/new2021\/colleferro-d-amato-inaugura-nuova-tac-e-nuovi-servizi-sanitari-integrati-sinergici-e-in-rete-tra-le-aziende-in-un-contesto-di-rinnovamento-tecnologico\/"},"modified":"2021-10-19T14:25:37","modified_gmt":"2021-10-19T12:25:37","slug":"colleferro-d-amato-inaugura-nuova-tac-e-nuovi-servizi-sanitari-integrati-sinergici-e-in-rete-tra-le-aziende-in-un-contesto-di-rinnovamento-tecnologico","status":"publish","type":"post","link":"https:\/\/www.aslroma5.it\/colleferro-d-amato-inaugura-nuova-tac-e-nuovi-servizi-sanitari-integrati-sinergici-e-in-rete-tra-le-aziende-in-un-contesto-di-rinnovamento-tecnologico\/","title":{"rendered":"COLLEFERRO: D\u2019AMATO INAUGURA NUOVA TAC E NUOVI SERVIZI SANITARI INTEGRATI, SINERGICI E IN RETE TRA LE AZIENDE IN UN CONTESTO DI RINNOVAMENTO TECNOLOGICO"},"content":{"rendered":"<\/p>\n<p><em>OGGI&nbsp;AL VIA \u201cIL PROGETTO DI CONDIVISIONE DEI PERCORSI SANITARI FONDAZIONE PTV E ASL ROMA 5 &#8211; POLO OSPEDALIERO COLLEFERRO\/PALESTRINA\u201d E INAUGURATA LA NUOVA TAC ALTAMENTE PERFORMANTE\u201d<\/em><\/p>\n<p>\u00c8 stato presentato&nbsp;questa mattina&nbsp;a Colleferro, alla presenza dell\u2019Assessore Sanit\u00e0 della Regione Lazio,&nbsp;<strong>Alessio D\u2019Amato<\/strong>, del Direttore Generale Asl Roma 5,&nbsp;<strong>Giorgio Giulio Santonocito<\/strong>, del Direttore Generale della Fondazione PTV,&nbsp;<strong>Giuseppe Quintavalle<\/strong>, del Magnifico Rettore dell\u2019Universit\u00e0 degli Studi di Roma \u201cTor Vergata\u201d,&nbsp;<strong>Orazio Schillaci<\/strong>, del Sindaco di Colleferro,&nbsp;<strong>Pierluigi Sanna<\/strong>&nbsp;e del Sindaco di Palestrina,&nbsp;<strong>Mario Moretti<\/strong>&nbsp;\u201cIl progetto di condivisione dei percorsi sanitari Fondazione PTV e ASL Roma 5 &#8211; Polo Ospedaliero Colleferro\/Palestrina\u201d. Inaugurata anche la nuova TAC 128 slices, di ultima generazione, installata presso il Servizio di Radiologia Ospedale \u201cParodi Delfino\u201d di Colleferro. Alla cerimonia erano presenti anche i sindaci del distretto, i rappresentanti delle Forze dell&#8217;ordine di Polizia, Carabinieri e Guardia di Finanza, il senatore&nbsp;<strong>Bruno Astorre<\/strong>&nbsp;e i consiglieri regionali&nbsp;<strong>Rodolfo Lena<\/strong>&nbsp;e&nbsp;<strong>Eleonora Mattia<\/strong>.<\/p>\n<p><strong><em>ASL ROMA 5 POLO COLLEFERRO-PALESTRINA &#8211; POLICLINICO TOR VERGATA<\/em><\/strong><\/p>\n<p>\u201cIl nuovo modello \u2013 spiega l\u2019Assessore&nbsp;<strong>D\u2019Amato<\/strong>&nbsp;\u2013 \u00e8 molto innovativo e si propone, attraverso la condivisione di percorsi diagnostici e terapeutici e linee di attivit\u00e0 tra la Asl e il Policlinico Universitario di Tor Vergata, di fornire la risposta pi\u00f9 appropriata al paziente rispetto al proprio bisogno assistenziale, garantendo una presa in carico con il doppio obbiettivo di assicurare una &nbsp;offerta il pi\u00f9 possibile in prossimit\u00e0 e, al contempo, in grado di \u201cavvolgere\u201d in una rete virtuosa di servizi &nbsp;il Paziente stesso, gestito su diversi livelli sulla base della complessit\u00e0 del bisogno di salute\u201d<\/p>\n<p>\u201c<em>Il nuovo modello si basa su un rapporto di interazione tra le due Aziende su diverse linee di attivit\u00e0, che nasce da una vicinanza territoriale e da una comunione di intenti, oltre che da un rapporto gi\u00e0 in essere in alcune reti hub&amp;spoke tempo-dipendenti e tempo-indipendenti. Fortemente improntato sulla formazione continua e condivisa degli operatori, si propone di garantire la completa \u201ccircolarit\u00e0\u201d dell\u2019offerta al Paziente, con standard qualitativi uniformi e condivisi nei due poli assistenziali, per tutto il percorso diagnostico-terapeutico. L\u2019accordo stretto fra le due Aziende \u00e8, inoltre, fondato sulla somministrazione di contenuti ed eventi formativi, l\u2019implementazione e il potenziamento della telemedicina, l\u2019attivazione di ulteriori rapporti di collaborazione codificati<\/em>\u201d ha commentato il Dg&nbsp;<strong>Santonocito<\/strong>.<\/p>\n<p>\u201c<em>Questa innovativa sinergia<\/em> &#8211;&nbsp;sottolinea il Direttore Generale del Policlinico Tor Vergata, Giuseppe&nbsp;<strong>Quintavalle&nbsp;<\/strong>&#8211; <em>che si declina nel modello organizzativo delineato, \u00e8 stata da me fortemente voluta ed ha trovato&nbsp;oggi, nell&#8217;accordo con la Asl Roma 5, e prossimamente con le Asl Roma 2 e 6, il primo esempio di presa in carico globale del paziente sin dal momento dell&#8217;accoglienza, gestito su diversi livelli in base alla complessit\u00e0 del bisogno di salute. La sinergia si sostanzia nell&#8217; utilizzo di tecnologie avanzate e digitalizzazione dei processi e si completa con la&nbsp;formazione continua degli operatori, grazie alla collaborazione con la Universit\u00e0 di Tor Vergata, proponendosi di garantire la completa \u201ccircolarit\u00e0\u201d dell\u2019offerta al Paziente, con standard qualitativi uniformi e condivisi nei due poli assistenziali, per tutto il percorso diagnostico-terapeutico, in linea con le indicazioni del PNRR.&nbsp; Queste iniziative si inseriscono nella rinnovata collaborazione con Cittadinanzattiva, promotrice di un proficuo dialogo tra Ospedale e Territorio nell&#8217;ottica di una pi\u00f9 efficace personalizzazione delle cure<\/em>\u201d.<\/p>\n<p>Il progetto prevede l\u2019avvio o il potenziamento gi\u00e0 dalla prima decade&nbsp;di novembre&nbsp;delle seguenti linee di attivit\u00e0 condivise sul Polo Colleferro-Palestrina, con ulteriori ambiziose prospettive per il medio-lungo periodo: Rete Stroke e neurologia (potenziamento); &#8211; cardiologia e cardiochirurgia; &#8211; dermatologia; &#8211; terapia del dolore; &#8211; malattie infettive e contenimento del rischio biologico; &#8211; malattie rare; &#8211; pneumologia; &#8211; medicina fisica e riabilitativa; &#8211; medicina nucleare e radioterapia; &#8211;&nbsp;diagnostica di laboratorio genetica e delle sostanze di abuso ai fini clinici e forensi.<\/p>\n<p><strong><em>LA NUOVA TAC<\/em><\/strong><\/p>\n<p>Viene inaugurata anche la nuova TAC 128 slices, di ultima generazione, installata presso il Servizio di Radiologia Ospedale \u201cParodi Delfino\u201d finanziata con i fondi del DL 34\/2020. Oltre che degli usuali software di gestione paziente, la nuova TAC \u00e8 dotata di software per angio TAC e di software oncologici, per la valutazione dei noduli polmonari, di fusione delle immagini PET, TAC, RM, endoscopia virtuale, cardiovascolari e neurologici, gemella di quelle nuove di Tivoli, Palestrina e quella che a breve sar\u00e0 installata a Subiaco.<\/p>\n<p>&nbsp;<\/p>\n<p><a href=\"https:\/\/www.aslroma5.it\/wp-content\/uploads\/2021\/10\/images_Documenti2021_accordo_quadro_colleferro_191021.pdf\" title=\"Accordo Quadro Colleferro\" target=\"_blank\" rel=\"noopener\">Accordo Quadro Colleferro<\/a><\/p>\n<p><img fetchpriority=\"high\" decoding=\"async\" class=\" size-full wp-image-48843\" src=\"https:\/\/www.aslroma5.it\/wp-content\/uploads\/2021\/10\/images_Documenti2021_colleferro-nuova-tac-191021.jpg\" alt=\"colleferro nuova tac 191021\" width=\"450\" height=\"203\" style=\"margin-top: 10px;\" srcset=\"https:\/\/www.aslroma5.it\/wp-content\/uploads\/2021\/10\/images_Documenti2021_colleferro-nuova-tac-191021.jpg 1600w, https:\/\/www.aslroma5.it\/wp-content\/uploads\/2021\/10\/images_Documenti2021_colleferro-nuova-tac-191021-300x135.jpg 300w, https:\/\/www.aslroma5.it\/wp-content\/uploads\/2021\/10\/images_Documenti2021_colleferro-nuova-tac-191021-1024x461.jpg 1024w, https:\/\/www.aslroma5.it\/wp-content\/uploads\/2021\/10\/images_Documenti2021_colleferro-nuova-tac-191021-768x346.jpg 768w, https:\/\/www.aslroma5.it\/wp-content\/uploads\/2021\/10\/images_Documenti2021_colleferro-nuova-tac-191021-1536x691.jpg 1536w\" sizes=\"(max-width: 450px) 100vw, 450px\" \/><\/p>\n","protected":false},"excerpt":{"rendered":"<p>OGGI&nbsp;AL VIA \u201cIL PROGETTO DI CONDIVISIONE DEI PERCORSI SANITARI FONDAZIONE PTV E ASL ROMA 5 &#8211; POLO OSPEDALIERO COLLEFERRO\/PALESTRINA\u201d E INAUGURATA LA NUOVA TAC ALTAMENTE PERFORMANTE\u201d \u00c8 stato presentato&nbsp;questa mattina&nbsp;a Colleferro, alla presenza dell\u2019Assessore Sanit\u00e0 della Regione Lazio,&nbsp;Alessio D\u2019Amato, del Direttore Generale Asl Roma 5,&nbsp;Giorgio Giulio Santonocito, del Direttore Generale della Fondazione PTV,&nbsp;Giuseppe Quintavalle, del&hellip;<\/p>\n","protected":false},"author":1,"featured_media":48841,"comment_status":"open","ping_status":"closed","sticky":false,"template":"","format":"standard","meta":{"_acf_changed":false,"inline_featured_image":false,"footnotes":""},"categories":[1816],"tags":[],"class_list":["post-48844","post","type-post","status-publish","format-standard","has-post-thumbnail","hentry","category-news","category-1816","description-off"],"acf":{"galleria":null},"yoast_head":"<!-- This site is optimized with the Yoast SEO plugin v25.5 - https:\/\/yoast.com\/wordpress\/plugins\/seo\/ -->\n<title>COLLEFERRO: D\u2019AMATO INAUGURA NUOVA TAC E NUOVI SERVIZI SANITARI INTEGRATI, SINERGICI E IN RETE TRA LE AZIENDE IN UN CONTESTO DI RINNOVAMENTO TECNOLOGICO - ASL ROMA 5<\/title>\n<meta name=\"robots\" content=\"index, follow, max-snippet:-1, max-image-preview:large, max-video-preview:-1\" \/>\n<link rel=\"canonical\" href=\"https:\/\/www.aslroma5.it\/colleferro-d-amato-inaugura-nuova-tac-e-nuovi-servizi-sanitari-integrati-sinergici-e-in-rete-tra-le-aziende-in-un-contesto-di-rinnovamento-tecnologico\/\" \/>\n<meta property=\"og:locale\" content=\"it_IT\" \/>\n<meta property=\"og:type\" content=\"article\" \/>\n<meta property=\"og:title\" content=\"COLLEFERRO: D\u2019AMATO INAUGURA NUOVA TAC E NUOVI SERVIZI SANITARI INTEGRATI, SINERGICI E IN RETE TRA LE AZIENDE IN UN CONTESTO DI RINNOVAMENTO TECNOLOGICO - ASL ROMA 5\" \/>\n<meta property=\"og:description\" content=\"OGGI&nbsp;AL VIA \u201cIL PROGETTO DI CONDIVISIONE DEI PERCORSI SANITARI FONDAZIONE PTV E ASL ROMA 5 &#8211; POLO OSPEDALIERO COLLEFERRO\/PALESTRINA\u201d E INAUGURATA LA NUOVA TAC ALTAMENTE PERFORMANTE\u201d \u00c8 stato presentato&nbsp;questa mattina&nbsp;a Colleferro, alla presenza dell\u2019Assessore Sanit\u00e0 della Regione Lazio,&nbsp;Alessio D\u2019Amato, del Direttore Generale Asl Roma 5,&nbsp;Giorgio Giulio Santonocito, del Direttore Generale della Fondazione PTV,&nbsp;Giuseppe Quintavalle, del&hellip;\" \/>\n<meta property=\"og:url\" content=\"https:\/\/www.aslroma5.it\/colleferro-d-amato-inaugura-nuova-tac-e-nuovi-servizi-sanitari-integrati-sinergici-e-in-rete-tra-le-aziende-in-un-contesto-di-rinnovamento-tecnologico\/\" \/>\n<meta property=\"og:site_name\" content=\"ASL ROMA 5\" \/>\n<meta property=\"article:published_time\" content=\"2021-10-19T12:25:37+00:00\" \/>\n<meta property=\"og:image\" content=\"https:\/\/www.aslroma5.it\/wp-content\/uploads\/2021\/10\/images_Documenti2021_colleferro-nuova-tac-gruppo-191021.jpg\" \/>\n\t<meta property=\"og:image:width\" content=\"1600\" \/>\n\t<meta property=\"og:image:height\" content=\"720\" \/>\n\t<meta property=\"og:image:type\" content=\"image\/jpeg\" \/>\n<meta name=\"author\" content=\"dot4all\" \/>\n<meta name=\"twitter:card\" content=\"summary_large_image\" \/>\n<meta name=\"twitter:label1\" content=\"Scritto da\" \/>\n\t<meta name=\"twitter:data1\" content=\"dot4all\" \/>\n\t<meta name=\"twitter:label2\" content=\"Tempo di lettura stimato\" \/>\n\t<meta name=\"twitter:data2\" content=\"4 minuti\" \/>\n<script type=\"application\/ld+json\" class=\"yoast-schema-graph\">{\"@context\":\"https:\/\/schema.org\",\"@graph\":[{\"@type\":\"Article\",\"@id\":\"https:\/\/www.aslroma5.it\/colleferro-d-amato-inaugura-nuova-tac-e-nuovi-servizi-sanitari-integrati-sinergici-e-in-rete-tra-le-aziende-in-un-contesto-di-rinnovamento-tecnologico\/#article\",\"isPartOf\":{\"@id\":\"https:\/\/www.aslroma5.it\/colleferro-d-amato-inaugura-nuova-tac-e-nuovi-servizi-sanitari-integrati-sinergici-e-in-rete-tra-le-aziende-in-un-contesto-di-rinnovamento-tecnologico\/\"},\"author\":{\"name\":\"dot4all\",\"@id\":\"https:\/\/www.aslroma5.it\/#\/schema\/person\/aae9591da64a4feb5cf19a10d69b634d\"},\"headline\":\"COLLEFERRO: D\u2019AMATO INAUGURA NUOVA TAC E NUOVI SERVIZI SANITARI INTEGRATI, SINERGICI E IN RETE TRA LE AZIENDE IN UN CONTESTO DI RINNOVAMENTO TECNOLOGICO\",\"datePublished\":\"2021-10-19T12:25:37+00:00\",\"mainEntityOfPage\":{\"@id\":\"https:\/\/www.aslroma5.it\/colleferro-d-amato-inaugura-nuova-tac-e-nuovi-servizi-sanitari-integrati-sinergici-e-in-rete-tra-le-aziende-in-un-contesto-di-rinnovamento-tecnologico\/\"},\"wordCount\":765,\"commentCount\":0,\"publisher\":{\"@id\":\"https:\/\/www.aslroma5.it\/#organization\"},\"image\":{\"@id\":\"https:\/\/www.aslroma5.it\/colleferro-d-amato-inaugura-nuova-tac-e-nuovi-servizi-sanitari-integrati-sinergici-e-in-rete-tra-le-aziende-in-un-contesto-di-rinnovamento-tecnologico\/#primaryimage\"},\"thumbnailUrl\":\"https:\/\/www.aslroma5.it\/wp-content\/uploads\/2021\/10\/images_Documenti2021_colleferro-nuova-tac-gruppo-191021.jpg\",\"articleSection\":[\"News\"],\"inLanguage\":\"it-IT\",\"potentialAction\":[{\"@type\":\"CommentAction\",\"name\":\"Comment\",\"target\":[\"https:\/\/www.aslroma5.it\/colleferro-d-amato-inaugura-nuova-tac-e-nuovi-servizi-sanitari-integrati-sinergici-e-in-rete-tra-le-aziende-in-un-contesto-di-rinnovamento-tecnologico\/#respond\"]}]},{\"@type\":\"WebPage\",\"@id\":\"https:\/\/www.aslroma5.it\/colleferro-d-amato-inaugura-nuova-tac-e-nuovi-servizi-sanitari-integrati-sinergici-e-in-rete-tra-le-aziende-in-un-contesto-di-rinnovamento-tecnologico\/\",\"url\":\"https:\/\/www.aslroma5.it\/colleferro-d-amato-inaugura-nuova-tac-e-nuovi-servizi-sanitari-integrati-sinergici-e-in-rete-tra-le-aziende-in-un-contesto-di-rinnovamento-tecnologico\/\",\"name\":\"COLLEFERRO: D\u2019AMATO INAUGURA NUOVA TAC E NUOVI SERVIZI SANITARI INTEGRATI, SINERGICI E IN RETE TRA LE AZIENDE IN UN CONTESTO DI RINNOVAMENTO TECNOLOGICO - ASL ROMA 5\",\"isPartOf\":{\"@id\":\"https:\/\/www.aslroma5.it\/#website\"},\"primaryImageOfPage\":{\"@id\":\"https:\/\/www.aslroma5.it\/colleferro-d-amato-inaugura-nuova-tac-e-nuovi-servizi-sanitari-integrati-sinergici-e-in-rete-tra-le-aziende-in-un-contesto-di-rinnovamento-tecnologico\/#primaryimage\"},\"image\":{\"@id\":\"https:\/\/www.aslroma5.it\/colleferro-d-amato-inaugura-nuova-tac-e-nuovi-servizi-sanitari-integrati-sinergici-e-in-rete-tra-le-aziende-in-un-contesto-di-rinnovamento-tecnologico\/#primaryimage\"},\"thumbnailUrl\":\"https:\/\/www.aslroma5.it\/wp-content\/uploads\/2021\/10\/images_Documenti2021_colleferro-nuova-tac-gruppo-191021.jpg\",\"datePublished\":\"2021-10-19T12:25:37+00:00\",\"breadcrumb\":{\"@id\":\"https:\/\/www.aslroma5.it\/colleferro-d-amato-inaugura-nuova-tac-e-nuovi-servizi-sanitari-integrati-sinergici-e-in-rete-tra-le-aziende-in-un-contesto-di-rinnovamento-tecnologico\/#breadcrumb\"},\"inLanguage\":\"it-IT\",\"potentialAction\":[{\"@type\":\"ReadAction\",\"target\":[\"https:\/\/www.aslroma5.it\/colleferro-d-amato-inaugura-nuova-tac-e-nuovi-servizi-sanitari-integrati-sinergici-e-in-rete-tra-le-aziende-in-un-contesto-di-rinnovamento-tecnologico\/\"]}]},{\"@type\":\"ImageObject\",\"inLanguage\":\"it-IT\",\"@id\":\"https:\/\/www.aslroma5.it\/colleferro-d-amato-inaugura-nuova-tac-e-nuovi-servizi-sanitari-integrati-sinergici-e-in-rete-tra-le-aziende-in-un-contesto-di-rinnovamento-tecnologico\/#primaryimage\",\"url\":\"https:\/\/www.aslroma5.it\/wp-content\/uploads\/2021\/10\/images_Documenti2021_colleferro-nuova-tac-gruppo-191021.jpg\",\"contentUrl\":\"https:\/\/www.aslroma5.it\/wp-content\/uploads\/2021\/10\/images_Documenti2021_colleferro-nuova-tac-gruppo-191021.jpg\",\"width\":1600,\"height\":720},{\"@type\":\"BreadcrumbList\",\"@id\":\"https:\/\/www.aslroma5.it\/colleferro-d-amato-inaugura-nuova-tac-e-nuovi-servizi-sanitari-integrati-sinergici-e-in-rete-tra-le-aziende-in-un-contesto-di-rinnovamento-tecnologico\/#breadcrumb\",\"itemListElement\":[{\"@type\":\"ListItem\",\"position\":1,\"name\":\"Home\",\"item\":\"https:\/\/www.aslroma5.it\/\"},{\"@type\":\"ListItem\",\"position\":2,\"name\":\"COLLEFERRO: D\u2019AMATO INAUGURA NUOVA TAC E NUOVI SERVIZI SANITARI INTEGRATI, SINERGICI E IN RETE TRA LE AZIENDE IN UN CONTESTO DI RINNOVAMENTO TECNOLOGICO\"}]},{\"@type\":\"WebSite\",\"@id\":\"https:\/\/www.aslroma5.it\/#website\",\"url\":\"https:\/\/www.aslroma5.it\/\",\"name\":\"ASL ROMA 5\",\"description\":\"\",\"publisher\":{\"@id\":\"https:\/\/www.aslroma5.it\/#organization\"},\"potentialAction\":[{\"@type\":\"SearchAction\",\"target\":{\"@type\":\"EntryPoint\",\"urlTemplate\":\"https:\/\/www.aslroma5.it\/?s={search_term_string}\"},\"query-input\":{\"@type\":\"PropertyValueSpecification\",\"valueRequired\":true,\"valueName\":\"search_term_string\"}}],\"inLanguage\":\"it-IT\"},{\"@type\":\"Organization\",\"@id\":\"https:\/\/www.aslroma5.it\/#organization\",\"name\":\"ASL ROMA 5\",\"url\":\"https:\/\/www.aslroma5.it\/\",\"logo\":{\"@type\":\"ImageObject\",\"inLanguage\":\"it-IT\",\"@id\":\"https:\/\/www.aslroma5.it\/#\/schema\/logo\/image\/\",\"url\":\"https:\/\/www.aslroma5.it\/wp-content\/uploads\/2025\/07\/asl-roma5-logo-25.svg\",\"contentUrl\":\"https:\/\/www.aslroma5.it\/wp-content\/uploads\/2025\/07\/asl-roma5-logo-25.svg\",\"width\":328,\"height\":112,\"caption\":\"ASL ROMA 5\"},\"image\":{\"@id\":\"https:\/\/www.aslroma5.it\/#\/schema\/logo\/image\/\"}},{\"@type\":\"Person\",\"@id\":\"https:\/\/www.aslroma5.it\/#\/schema\/person\/aae9591da64a4feb5cf19a10d69b634d\",\"name\":\"dot4all\",\"image\":{\"@type\":\"ImageObject\",\"inLanguage\":\"it-IT\",\"@id\":\"https:\/\/www.aslroma5.it\/#\/schema\/person\/image\/\",\"url\":\"https:\/\/secure.gravatar.com\/avatar\/a228c250e89e00f48f7bae46b9a785bc5b3f509d86988952d9e01450e422a0cc?s=96&d=mm&r=g\",\"contentUrl\":\"https:\/\/secure.gravatar.com\/avatar\/a228c250e89e00f48f7bae46b9a785bc5b3f509d86988952d9e01450e422a0cc?s=96&d=mm&r=g\",\"caption\":\"dot4all\"},\"sameAs\":[\"https:\/\/www.aslroma5.info\/new2021\"]}]}<\/script>\n<!-- \/ Yoast SEO plugin. -->","yoast_head_json":{"title":"COLLEFERRO: D\u2019AMATO INAUGURA NUOVA TAC E NUOVI SERVIZI SANITARI INTEGRATI, SINERGICI E IN RETE TRA LE AZIENDE IN UN CONTESTO DI RINNOVAMENTO TECNOLOGICO - ASL ROMA 5","robots":{"index":"index","follow":"follow","max-snippet":"max-snippet:-1","max-image-preview":"max-image-preview:large","max-video-preview":"max-video-preview:-1"},"canonical":"https:\/\/www.aslroma5.it\/colleferro-d-amato-inaugura-nuova-tac-e-nuovi-servizi-sanitari-integrati-sinergici-e-in-rete-tra-le-aziende-in-un-contesto-di-rinnovamento-tecnologico\/","og_locale":"it_IT","og_type":"article","og_title":"COLLEFERRO: D\u2019AMATO INAUGURA NUOVA TAC E NUOVI SERVIZI SANITARI INTEGRATI, SINERGICI E IN RETE TRA LE AZIENDE IN UN CONTESTO DI RINNOVAMENTO TECNOLOGICO - ASL ROMA 5","og_description":"OGGI&nbsp;AL VIA \u201cIL PROGETTO DI CONDIVISIONE DEI PERCORSI SANITARI FONDAZIONE PTV E ASL ROMA 5 &#8211; POLO OSPEDALIERO COLLEFERRO\/PALESTRINA\u201d E INAUGURATA LA NUOVA TAC ALTAMENTE PERFORMANTE\u201d \u00c8 stato presentato&nbsp;questa mattina&nbsp;a Colleferro, alla presenza dell\u2019Assessore Sanit\u00e0 della Regione Lazio,&nbsp;Alessio D\u2019Amato, del Direttore Generale Asl Roma 5,&nbsp;Giorgio Giulio Santonocito, del Direttore Generale della Fondazione PTV,&nbsp;Giuseppe Quintavalle, del&hellip;","og_url":"https:\/\/www.aslroma5.it\/colleferro-d-amato-inaugura-nuova-tac-e-nuovi-servizi-sanitari-integrati-sinergici-e-in-rete-tra-le-aziende-in-un-contesto-di-rinnovamento-tecnologico\/","og_site_name":"ASL ROMA 5","article_published_time":"2021-10-19T12:25:37+00:00","og_image":[{"width":1600,"height":720,"url":"https:\/\/www.aslroma5.it\/wp-content\/uploads\/2021\/10\/images_Documenti2021_colleferro-nuova-tac-gruppo-191021.jpg","type":"image\/jpeg"}],"author":"dot4all","twitter_card":"summary_large_image","twitter_misc":{"Scritto da":"dot4all","Tempo di lettura stimato":"4 minuti"},"schema":{"@context":"https:\/\/schema.org","@graph":[{"@type":"Article","@id":"https:\/\/www.aslroma5.it\/colleferro-d-amato-inaugura-nuova-tac-e-nuovi-servizi-sanitari-integrati-sinergici-e-in-rete-tra-le-aziende-in-un-contesto-di-rinnovamento-tecnologico\/#article","isPartOf":{"@id":"https:\/\/www.aslroma5.it\/colleferro-d-amato-inaugura-nuova-tac-e-nuovi-servizi-sanitari-integrati-sinergici-e-in-rete-tra-le-aziende-in-un-contesto-di-rinnovamento-tecnologico\/"},"author":{"name":"dot4all","@id":"https:\/\/www.aslroma5.it\/#\/schema\/person\/aae9591da64a4feb5cf19a10d69b634d"},"headline":"COLLEFERRO: D\u2019AMATO INAUGURA NUOVA TAC E NUOVI SERVIZI SANITARI INTEGRATI, SINERGICI E IN RETE TRA LE AZIENDE IN UN CONTESTO DI RINNOVAMENTO TECNOLOGICO","datePublished":"2021-10-19T12:25:37+00:00","mainEntityOfPage":{"@id":"https:\/\/www.aslroma5.it\/colleferro-d-amato-inaugura-nuova-tac-e-nuovi-servizi-sanitari-integrati-sinergici-e-in-rete-tra-le-aziende-in-un-contesto-di-rinnovamento-tecnologico\/"},"wordCount":765,"commentCount":0,"publisher":{"@id":"https:\/\/www.aslroma5.it\/#organization"},"image":{"@id":"https:\/\/www.aslroma5.it\/colleferro-d-amato-inaugura-nuova-tac-e-nuovi-servizi-sanitari-integrati-sinergici-e-in-rete-tra-le-aziende-in-un-contesto-di-rinnovamento-tecnologico\/#primaryimage"},"thumbnailUrl":"https:\/\/www.aslroma5.it\/wp-content\/uploads\/2021\/10\/images_Documenti2021_colleferro-nuova-tac-gruppo-191021.jpg","articleSection":["News"],"inLanguage":"it-IT","potentialAction":[{"@type":"CommentAction","name":"Comment","target":["https:\/\/www.aslroma5.it\/colleferro-d-amato-inaugura-nuova-tac-e-nuovi-servizi-sanitari-integrati-sinergici-e-in-rete-tra-le-aziende-in-un-contesto-di-rinnovamento-tecnologico\/#respond"]}]},{"@type":"WebPage","@id":"https:\/\/www.aslroma5.it\/colleferro-d-amato-inaugura-nuova-tac-e-nuovi-servizi-sanitari-integrati-sinergici-e-in-rete-tra-le-aziende-in-un-contesto-di-rinnovamento-tecnologico\/","url":"https:\/\/www.aslroma5.it\/colleferro-d-amato-inaugura-nuova-tac-e-nuovi-servizi-sanitari-integrati-sinergici-e-in-rete-tra-le-aziende-in-un-contesto-di-rinnovamento-tecnologico\/","name":"COLLEFERRO: D\u2019AMATO INAUGURA NUOVA TAC E NUOVI SERVIZI SANITARI INTEGRATI, SINERGICI E IN RETE TRA LE AZIENDE IN UN CONTESTO DI RINNOVAMENTO TECNOLOGICO - ASL ROMA 5","isPartOf":{"@id":"https:\/\/www.aslroma5.it\/#website"},"primaryImageOfPage":{"@id":"https:\/\/www.aslroma5.it\/colleferro-d-amato-inaugura-nuova-tac-e-nuovi-servizi-sanitari-integrati-sinergici-e-in-rete-tra-le-aziende-in-un-contesto-di-rinnovamento-tecnologico\/#primaryimage"},"image":{"@id":"https:\/\/www.aslroma5.it\/colleferro-d-amato-inaugura-nuova-tac-e-nuovi-servizi-sanitari-integrati-sinergici-e-in-rete-tra-le-aziende-in-un-contesto-di-rinnovamento-tecnologico\/#primaryimage"},"thumbnailUrl":"https:\/\/www.aslroma5.it\/wp-content\/uploads\/2021\/10\/images_Documenti2021_colleferro-nuova-tac-gruppo-191021.jpg","datePublished":"2021-10-19T12:25:37+00:00","breadcrumb":{"@id":"https:\/\/www.aslroma5.it\/colleferro-d-amato-inaugura-nuova-tac-e-nuovi-servizi-sanitari-integrati-sinergici-e-in-rete-tra-le-aziende-in-un-contesto-di-rinnovamento-tecnologico\/#breadcrumb"},"inLanguage":"it-IT","potentialAction":[{"@type":"ReadAction","target":["https:\/\/www.aslroma5.it\/colleferro-d-amato-inaugura-nuova-tac-e-nuovi-servizi-sanitari-integrati-sinergici-e-in-rete-tra-le-aziende-in-un-contesto-di-rinnovamento-tecnologico\/"]}]},{"@type":"ImageObject","inLanguage":"it-IT","@id":"https:\/\/www.aslroma5.it\/colleferro-d-amato-inaugura-nuova-tac-e-nuovi-servizi-sanitari-integrati-sinergici-e-in-rete-tra-le-aziende-in-un-contesto-di-rinnovamento-tecnologico\/#primaryimage","url":"https:\/\/www.aslroma5.it\/wp-content\/uploads\/2021\/10\/images_Documenti2021_colleferro-nuova-tac-gruppo-191021.jpg","contentUrl":"https:\/\/www.aslroma5.it\/wp-content\/uploads\/2021\/10\/images_Documenti2021_colleferro-nuova-tac-gruppo-191021.jpg","width":1600,"height":720},{"@type":"BreadcrumbList","@id":"https:\/\/www.aslroma5.it\/colleferro-d-amato-inaugura-nuova-tac-e-nuovi-servizi-sanitari-integrati-sinergici-e-in-rete-tra-le-aziende-in-un-contesto-di-rinnovamento-tecnologico\/#breadcrumb","itemListElement":[{"@type":"ListItem","position":1,"name":"Home","item":"https:\/\/www.aslroma5.it\/"},{"@type":"ListItem","position":2,"name":"COLLEFERRO: D\u2019AMATO INAUGURA NUOVA TAC E NUOVI SERVIZI SANITARI INTEGRATI, SINERGICI E IN RETE TRA LE AZIENDE IN UN CONTESTO DI RINNOVAMENTO TECNOLOGICO"}]},{"@type":"WebSite","@id":"https:\/\/www.aslroma5.it\/#website","url":"https:\/\/www.aslroma5.it\/","name":"ASL ROMA 5","description":"","publisher":{"@id":"https:\/\/www.aslroma5.it\/#organization"},"potentialAction":[{"@type":"SearchAction","target":{"@type":"EntryPoint","urlTemplate":"https:\/\/www.aslroma5.it\/?s={search_term_string}"},"query-input":{"@type":"PropertyValueSpecification","valueRequired":true,"valueName":"search_term_string"}}],"inLanguage":"it-IT"},{"@type":"Organization","@id":"https:\/\/www.aslroma5.it\/#organization","name":"ASL ROMA 5","url":"https:\/\/www.aslroma5.it\/","logo":{"@type":"ImageObject","inLanguage":"it-IT","@id":"https:\/\/www.aslroma5.it\/#\/schema\/logo\/image\/","url":"https:\/\/www.aslroma5.it\/wp-content\/uploads\/2025\/07\/asl-roma5-logo-25.svg","contentUrl":"https:\/\/www.aslroma5.it\/wp-content\/uploads\/2025\/07\/asl-roma5-logo-25.svg","width":328,"height":112,"caption":"ASL ROMA 5"},"image":{"@id":"https:\/\/www.aslroma5.it\/#\/schema\/logo\/image\/"}},{"@type":"Person","@id":"https:\/\/www.aslroma5.it\/#\/schema\/person\/aae9591da64a4feb5cf19a10d69b634d","name":"dot4all","image":{"@type":"ImageObject","inLanguage":"it-IT","@id":"https:\/\/www.aslroma5.it\/#\/schema\/person\/image\/","url":"https:\/\/secure.gravatar.com\/avatar\/a228c250e89e00f48f7bae46b9a785bc5b3f509d86988952d9e01450e422a0cc?s=96&d=mm&r=g","contentUrl":"https:\/\/secure.gravatar.com\/avatar\/a228c250e89e00f48f7bae46b9a785bc5b3f509d86988952d9e01450e422a0cc?s=96&d=mm&r=g","caption":"dot4all"},"sameAs":["https:\/\/www.aslroma5.info\/new2021"]}]}},"publishpress_future_action":{"enabled":false,"date":"2026-05-06 23:22:51","action":"change-status","newStatus":"draft","terms":[],"taxonomy":"category","extraData":[]},"publishpress_future_workflow_manual_trigger":{"enabledWorkflows":[]},"_links":{"self":[{"href":"https:\/\/www.aslroma5.it\/api\/wp\/v2\/posts\/48844","targetHints":{"allow":["GET"]}}],"collection":[{"href":"https:\/\/www.aslroma5.it\/api\/wp\/v2\/posts"}],"about":[{"href":"https:\/\/www.aslroma5.it\/api\/wp\/v2\/types\/post"}],"author":[{"embeddable":true,"href":"https:\/\/www.aslroma5.it\/api\/wp\/v2\/users\/1"}],"replies":[{"embeddable":true,"href":"https:\/\/www.aslroma5.it\/api\/wp\/v2\/comments?post=48844"}],"version-history":[{"count":0,"href":"https:\/\/www.aslroma5.it\/api\/wp\/v2\/posts\/48844\/revisions"}],"wp:featuredmedia":[{"embeddable":true,"href":"https:\/\/www.aslroma5.it\/api\/wp\/v2\/media\/48841"}],"wp:attachment":[{"href":"https:\/\/www.aslroma5.it\/api\/wp\/v2\/media?parent=48844"}],"wp:term":[{"taxonomy":"category","embeddable":true,"href":"https:\/\/www.aslroma5.it\/api\/wp\/v2\/categories?post=48844"},{"taxonomy":"post_tag","embeddable":true,"href":"https:\/\/www.aslroma5.it\/api\/wp\/v2\/tags?post=48844"}],"curies":[{"name":"wp","href":"https:\/\/api.w.org\/{rel}","templated":true}]}}