{"id":53135,"date":"2021-12-16T19:18:49","date_gmt":"2021-12-16T18:18:49","guid":{"rendered":"https:\/\/www.aslroma5.info\/new2021\/20-dicembre-evento-finale-del-progetto-europeo-fondo-fami-g-start\/"},"modified":"2021-12-16T19:18:49","modified_gmt":"2021-12-16T18:18:49","slug":"20-dicembre-evento-finale-del-progetto-europeo-fondo-fami-g-start","status":"publish","type":"post","link":"https:\/\/www.aslroma5.it\/20-dicembre-evento-finale-del-progetto-europeo-fondo-fami-g-start\/","title":{"rendered":"20 dicembre, evento finale  del Progetto Europeo Fondo FAMI G-StART"},"content":{"rendered":"<\/p>\n<p>L\u2019Azienda Sanitaria Locale Roma 5 \u00e8 lieta di presentare&nbsp;<strong>l\u2019evento finale<\/strong>&nbsp;del Progetto Europeo Fondo&nbsp;<strong>FAMI<\/strong>&nbsp;(Fondo Asilo, Migrazione e Integrazione 2014-2020 \u2013 Obiettivo Specifico&nbsp;1.Asilo \u2013 Obiettivo Nazionale ON1 \u2013 Accoglienza\/Asilo \u2013 lett.c \u2013 Potenziamento del sistema di 1\u00b0 e 2\u00b0 accoglienza \u2013 Tutela della Salute), PROG-2261 &#8211;&nbsp;<strong>G-START<\/strong>&nbsp;(Governance, Salute, Territorio,&nbsp;Accoglienza per Richiedenti asilo e Titolari di protezione: sperimentazione di un modello), una proposta di Governance dell\u2019accoglienza dei\/delle RTPI (richiedenti asilo e titolari di&nbsp;protezione internazionale), con particolare attenzione ai casi di vulnerabilit\u00e0 psico-sociale, migliorando accesso, qualit\u00e0, efficacia e continuit\u00e0 dell\u2019assistenza socio-sanitaria.<\/p>\n<p>Il progetto \u00e8 stato realizzato dalla&nbsp;<strong>ASL Roma 5<\/strong>, in qualit\u00e0 di capofila,&nbsp; dall\u2019<strong>Istituto Superiore di Sanit\u00e0<\/strong>&nbsp;(ISS) e dall\u2019<strong>Organizzazione Internazionale delle Migrazioni<\/strong>&nbsp;(OIM),&nbsp;in qualit\u00e0 di partner.<\/p>\n<p><strong>L&#8217;evento si terr\u00e0 luned\u00ec&nbsp;20 dicembre 2021&nbsp;dalle ore 10:00 alle ore 13:00.<\/strong><\/p>\n<p>Si conferma che la partecipazione all&#8217;evento \u00e8 in modalit\u00e0 ibrida:<\/p>\n<ul>\n<li>su piattaforma &#8211;&gt; collegarsi alla piattaforma &#8220;go to webinar&#8221; al link&nbsp;<a href=\"https:\/\/register.gotowebinar.com\/register\/6254755932470967564\" title=\"Https:\/\/register.gotowebinar.com\/register\/6254755932470967564\">https:\/\/register.gotowebinar.com\/register\/6254755932470967564<\/a><\/li>\n<li>in presenza c\/o il Centro Direzionale CAR Aula Congressi \u201cF.Petacca\u201d in Via Tenuta del Cavaliere n\u00b01\u201300012 Guidonia(Rm).<\/li>\n<\/ul>\n<p><strong>La partecipazione&nbsp;in presenza dovr\u00e0 essere confermata, all&#8217;indirizzo&nbsp;famirm5@aslroma5.it, entro e non oltre&nbsp;sabato&nbsp;18&nbsp;dicembre&nbsp;c.a., vista la ridotta capienza dell&#8217;aula convegni per le disposizioni vigenti Covid.<\/strong><\/p>\n<p><strong>&nbsp;<\/strong><\/p>\n<p>Tutte le informazioni sono disponibili sul sito aziendale.&nbsp;<\/p>\n<p>Per ulteriori informazioni contattare i numeri&nbsp;0774 358 90 43\/ 67<\/p>\n<p>&nbsp;<\/p>\n<p><a href=\"https:\/\/www.aslroma5.it\/wp-content\/uploads\/2021\/12\/images_Documenti2021_programma_evento_finale_GSTART.pdf\" title=\"Scarica Il PROGRAMMA\" target=\"_blank\" rel=\"noopener\">Scarica il PROGRAMMA<\/a><\/p>\n","protected":false},"excerpt":{"rendered":"<p>L\u2019Azienda Sanitaria Locale Roma 5 \u00e8 lieta di presentare&nbsp;l\u2019evento finale&nbsp;del Progetto Europeo Fondo&nbsp;FAMI&nbsp;(Fondo Asilo, Migrazione e Integrazione 2014-2020 \u2013 Obiettivo Specifico&nbsp;1.Asilo \u2013 Obiettivo Nazionale ON1 \u2013 Accoglienza\/Asilo \u2013 lett.c \u2013 Potenziamento del sistema di 1\u00b0 e 2\u00b0 accoglienza \u2013 Tutela della Salute), PROG-2261 &#8211;&nbsp;G-START&nbsp;(Governance, Salute, Territorio,&nbsp;Accoglienza per Richiedenti asilo e Titolari di protezione: sperimentazione di&hellip;<\/p>\n","protected":false},"author":1,"featured_media":53133,"comment_status":"open","ping_status":"closed","sticky":false,"template":"","format":"standard","meta":{"_acf_changed":false,"inline_featured_image":false,"footnotes":""},"categories":[1816],"tags":[],"class_list":["post-53135","post","type-post","status-publish","format-standard","has-post-thumbnail","hentry","category-news","category-1816","description-off"],"acf":{"galleria":null},"yoast_head":"<!-- This site is optimized with the Yoast SEO plugin v25.5 - https:\/\/yoast.com\/wordpress\/plugins\/seo\/ -->\n<title>20 dicembre, evento finale del Progetto Europeo Fondo FAMI G-StART - ASL ROMA 5<\/title>\n<meta name=\"robots\" content=\"index, follow, max-snippet:-1, max-image-preview:large, max-video-preview:-1\" \/>\n<link rel=\"canonical\" href=\"https:\/\/www.aslroma5.it\/20-dicembre-evento-finale-del-progetto-europeo-fondo-fami-g-start\/\" \/>\n<meta property=\"og:locale\" content=\"it_IT\" \/>\n<meta property=\"og:type\" content=\"article\" \/>\n<meta property=\"og:title\" content=\"20 dicembre, evento finale del Progetto Europeo Fondo FAMI G-StART - ASL ROMA 5\" \/>\n<meta property=\"og:description\" content=\"L\u2019Azienda Sanitaria Locale Roma 5 \u00e8 lieta di presentare&nbsp;l\u2019evento finale&nbsp;del Progetto Europeo Fondo&nbsp;FAMI&nbsp;(Fondo Asilo, Migrazione e Integrazione 2014-2020 \u2013 Obiettivo Specifico&nbsp;1.Asilo \u2013 Obiettivo Nazionale ON1 \u2013 Accoglienza\/Asilo \u2013 lett.c \u2013 Potenziamento del sistema di 1\u00b0 e 2\u00b0 accoglienza \u2013 Tutela della Salute), PROG-2261 &#8211;&nbsp;G-START&nbsp;(Governance, Salute, Territorio,&nbsp;Accoglienza per Richiedenti asilo e Titolari di protezione: sperimentazione di&hellip;\" \/>\n<meta property=\"og:url\" content=\"https:\/\/www.aslroma5.it\/20-dicembre-evento-finale-del-progetto-europeo-fondo-fami-g-start\/\" \/>\n<meta property=\"og:site_name\" content=\"ASL ROMA 5\" \/>\n<meta property=\"article:published_time\" content=\"2021-12-16T18:18:49+00:00\" \/>\n<meta property=\"og:image\" content=\"https:\/\/www.aslroma5.it\/wp-content\/uploads\/2021\/12\/images_Documenti2021_progetto-g-start-copertina-scaled.jpg\" \/>\n\t<meta property=\"og:image:width\" content=\"2560\" \/>\n\t<meta property=\"og:image:height\" content=\"1706\" \/>\n\t<meta property=\"og:image:type\" content=\"image\/jpeg\" \/>\n<meta name=\"author\" content=\"dot4all\" \/>\n<meta name=\"twitter:card\" content=\"summary_large_image\" \/>\n<meta name=\"twitter:label1\" content=\"Scritto da\" \/>\n\t<meta name=\"twitter:data1\" content=\"dot4all\" \/>\n\t<meta name=\"twitter:label2\" content=\"Tempo di lettura stimato\" \/>\n\t<meta name=\"twitter:data2\" content=\"1 minuto\" \/>\n<script type=\"application\/ld+json\" class=\"yoast-schema-graph\">{\"@context\":\"https:\/\/schema.org\",\"@graph\":[{\"@type\":\"Article\",\"@id\":\"https:\/\/www.aslroma5.it\/20-dicembre-evento-finale-del-progetto-europeo-fondo-fami-g-start\/#article\",\"isPartOf\":{\"@id\":\"https:\/\/www.aslroma5.it\/20-dicembre-evento-finale-del-progetto-europeo-fondo-fami-g-start\/\"},\"author\":{\"name\":\"dot4all\",\"@id\":\"https:\/\/www.aslroma5.it\/#\/schema\/person\/aae9591da64a4feb5cf19a10d69b634d\"},\"headline\":\"20 dicembre, evento finale del Progetto Europeo Fondo FAMI G-StART\",\"datePublished\":\"2021-12-16T18:18:49+00:00\",\"mainEntityOfPage\":{\"@id\":\"https:\/\/www.aslroma5.it\/20-dicembre-evento-finale-del-progetto-europeo-fondo-fami-g-start\/\"},\"wordCount\":262,\"commentCount\":0,\"publisher\":{\"@id\":\"https:\/\/www.aslroma5.it\/#organization\"},\"image\":{\"@id\":\"https:\/\/www.aslroma5.it\/20-dicembre-evento-finale-del-progetto-europeo-fondo-fami-g-start\/#primaryimage\"},\"thumbnailUrl\":\"https:\/\/www.aslroma5.it\/wp-content\/uploads\/2021\/12\/images_Documenti2021_progetto-g-start-copertina-scaled.jpg\",\"articleSection\":[\"News\"],\"inLanguage\":\"it-IT\",\"potentialAction\":[{\"@type\":\"CommentAction\",\"name\":\"Comment\",\"target\":[\"https:\/\/www.aslroma5.it\/20-dicembre-evento-finale-del-progetto-europeo-fondo-fami-g-start\/#respond\"]}]},{\"@type\":\"WebPage\",\"@id\":\"https:\/\/www.aslroma5.it\/20-dicembre-evento-finale-del-progetto-europeo-fondo-fami-g-start\/\",\"url\":\"https:\/\/www.aslroma5.it\/20-dicembre-evento-finale-del-progetto-europeo-fondo-fami-g-start\/\",\"name\":\"20 dicembre, evento finale del Progetto Europeo Fondo FAMI G-StART - ASL ROMA 5\",\"isPartOf\":{\"@id\":\"https:\/\/www.aslroma5.it\/#website\"},\"primaryImageOfPage\":{\"@id\":\"https:\/\/www.aslroma5.it\/20-dicembre-evento-finale-del-progetto-europeo-fondo-fami-g-start\/#primaryimage\"},\"image\":{\"@id\":\"https:\/\/www.aslroma5.it\/20-dicembre-evento-finale-del-progetto-europeo-fondo-fami-g-start\/#primaryimage\"},\"thumbnailUrl\":\"https:\/\/www.aslroma5.it\/wp-content\/uploads\/2021\/12\/images_Documenti2021_progetto-g-start-copertina-scaled.jpg\",\"datePublished\":\"2021-12-16T18:18:49+00:00\",\"breadcrumb\":{\"@id\":\"https:\/\/www.aslroma5.it\/20-dicembre-evento-finale-del-progetto-europeo-fondo-fami-g-start\/#breadcrumb\"},\"inLanguage\":\"it-IT\",\"potentialAction\":[{\"@type\":\"ReadAction\",\"target\":[\"https:\/\/www.aslroma5.it\/20-dicembre-evento-finale-del-progetto-europeo-fondo-fami-g-start\/\"]}]},{\"@type\":\"ImageObject\",\"inLanguage\":\"it-IT\",\"@id\":\"https:\/\/www.aslroma5.it\/20-dicembre-evento-finale-del-progetto-europeo-fondo-fami-g-start\/#primaryimage\",\"url\":\"https:\/\/www.aslroma5.it\/wp-content\/uploads\/2021\/12\/images_Documenti2021_progetto-g-start-copertina-scaled.jpg\",\"contentUrl\":\"https:\/\/www.aslroma5.it\/wp-content\/uploads\/2021\/12\/images_Documenti2021_progetto-g-start-copertina-scaled.jpg\",\"width\":2560,\"height\":1706},{\"@type\":\"BreadcrumbList\",\"@id\":\"https:\/\/www.aslroma5.it\/20-dicembre-evento-finale-del-progetto-europeo-fondo-fami-g-start\/#breadcrumb\",\"itemListElement\":[{\"@type\":\"ListItem\",\"position\":1,\"name\":\"Home\",\"item\":\"https:\/\/www.aslroma5.it\/\"},{\"@type\":\"ListItem\",\"position\":2,\"name\":\"20 dicembre, evento finale del Progetto Europeo Fondo FAMI G-StART\"}]},{\"@type\":\"WebSite\",\"@id\":\"https:\/\/www.aslroma5.it\/#website\",\"url\":\"https:\/\/www.aslroma5.it\/\",\"name\":\"ASL ROMA 5\",\"description\":\"\",\"publisher\":{\"@id\":\"https:\/\/www.aslroma5.it\/#organization\"},\"potentialAction\":[{\"@type\":\"SearchAction\",\"target\":{\"@type\":\"EntryPoint\",\"urlTemplate\":\"https:\/\/www.aslroma5.it\/?s={search_term_string}\"},\"query-input\":{\"@type\":\"PropertyValueSpecification\",\"valueRequired\":true,\"valueName\":\"search_term_string\"}}],\"inLanguage\":\"it-IT\"},{\"@type\":\"Organization\",\"@id\":\"https:\/\/www.aslroma5.it\/#organization\",\"name\":\"ASL ROMA 5\",\"url\":\"https:\/\/www.aslroma5.it\/\",\"logo\":{\"@type\":\"ImageObject\",\"inLanguage\":\"it-IT\",\"@id\":\"https:\/\/www.aslroma5.it\/#\/schema\/logo\/image\/\",\"url\":\"https:\/\/www.aslroma5.it\/wp-content\/uploads\/2025\/07\/asl-roma5-logo-25.svg\",\"contentUrl\":\"https:\/\/www.aslroma5.it\/wp-content\/uploads\/2025\/07\/asl-roma5-logo-25.svg\",\"width\":328,\"height\":112,\"caption\":\"ASL ROMA 5\"},\"image\":{\"@id\":\"https:\/\/www.aslroma5.it\/#\/schema\/logo\/image\/\"}},{\"@type\":\"Person\",\"@id\":\"https:\/\/www.aslroma5.it\/#\/schema\/person\/aae9591da64a4feb5cf19a10d69b634d\",\"name\":\"dot4all\",\"image\":{\"@type\":\"ImageObject\",\"inLanguage\":\"it-IT\",\"@id\":\"https:\/\/www.aslroma5.it\/#\/schema\/person\/image\/\",\"url\":\"https:\/\/secure.gravatar.com\/avatar\/a228c250e89e00f48f7bae46b9a785bc5b3f509d86988952d9e01450e422a0cc?s=96&d=mm&r=g\",\"contentUrl\":\"https:\/\/secure.gravatar.com\/avatar\/a228c250e89e00f48f7bae46b9a785bc5b3f509d86988952d9e01450e422a0cc?s=96&d=mm&r=g\",\"caption\":\"dot4all\"},\"sameAs\":[\"https:\/\/www.aslroma5.info\/new2021\"]}]}<\/script>\n<!-- \/ Yoast SEO plugin. -->","yoast_head_json":{"title":"20 dicembre, evento finale del Progetto Europeo Fondo FAMI G-StART - ASL ROMA 5","robots":{"index":"index","follow":"follow","max-snippet":"max-snippet:-1","max-image-preview":"max-image-preview:large","max-video-preview":"max-video-preview:-1"},"canonical":"https:\/\/www.aslroma5.it\/20-dicembre-evento-finale-del-progetto-europeo-fondo-fami-g-start\/","og_locale":"it_IT","og_type":"article","og_title":"20 dicembre, evento finale del Progetto Europeo Fondo FAMI G-StART - ASL ROMA 5","og_description":"L\u2019Azienda Sanitaria Locale Roma 5 \u00e8 lieta di presentare&nbsp;l\u2019evento finale&nbsp;del Progetto Europeo Fondo&nbsp;FAMI&nbsp;(Fondo Asilo, Migrazione e Integrazione 2014-2020 \u2013 Obiettivo Specifico&nbsp;1.Asilo \u2013 Obiettivo Nazionale ON1 \u2013 Accoglienza\/Asilo \u2013 lett.c \u2013 Potenziamento del sistema di 1\u00b0 e 2\u00b0 accoglienza \u2013 Tutela della Salute), PROG-2261 &#8211;&nbsp;G-START&nbsp;(Governance, Salute, Territorio,&nbsp;Accoglienza per Richiedenti asilo e Titolari di protezione: sperimentazione di&hellip;","og_url":"https:\/\/www.aslroma5.it\/20-dicembre-evento-finale-del-progetto-europeo-fondo-fami-g-start\/","og_site_name":"ASL ROMA 5","article_published_time":"2021-12-16T18:18:49+00:00","og_image":[{"width":2560,"height":1706,"url":"https:\/\/www.aslroma5.it\/wp-content\/uploads\/2021\/12\/images_Documenti2021_progetto-g-start-copertina-scaled.jpg","type":"image\/jpeg"}],"author":"dot4all","twitter_card":"summary_large_image","twitter_misc":{"Scritto da":"dot4all","Tempo di lettura stimato":"1 minuto"},"schema":{"@context":"https:\/\/schema.org","@graph":[{"@type":"Article","@id":"https:\/\/www.aslroma5.it\/20-dicembre-evento-finale-del-progetto-europeo-fondo-fami-g-start\/#article","isPartOf":{"@id":"https:\/\/www.aslroma5.it\/20-dicembre-evento-finale-del-progetto-europeo-fondo-fami-g-start\/"},"author":{"name":"dot4all","@id":"https:\/\/www.aslroma5.it\/#\/schema\/person\/aae9591da64a4feb5cf19a10d69b634d"},"headline":"20 dicembre, evento finale del Progetto Europeo Fondo FAMI G-StART","datePublished":"2021-12-16T18:18:49+00:00","mainEntityOfPage":{"@id":"https:\/\/www.aslroma5.it\/20-dicembre-evento-finale-del-progetto-europeo-fondo-fami-g-start\/"},"wordCount":262,"commentCount":0,"publisher":{"@id":"https:\/\/www.aslroma5.it\/#organization"},"image":{"@id":"https:\/\/www.aslroma5.it\/20-dicembre-evento-finale-del-progetto-europeo-fondo-fami-g-start\/#primaryimage"},"thumbnailUrl":"https:\/\/www.aslroma5.it\/wp-content\/uploads\/2021\/12\/images_Documenti2021_progetto-g-start-copertina-scaled.jpg","articleSection":["News"],"inLanguage":"it-IT","potentialAction":[{"@type":"CommentAction","name":"Comment","target":["https:\/\/www.aslroma5.it\/20-dicembre-evento-finale-del-progetto-europeo-fondo-fami-g-start\/#respond"]}]},{"@type":"WebPage","@id":"https:\/\/www.aslroma5.it\/20-dicembre-evento-finale-del-progetto-europeo-fondo-fami-g-start\/","url":"https:\/\/www.aslroma5.it\/20-dicembre-evento-finale-del-progetto-europeo-fondo-fami-g-start\/","name":"20 dicembre, evento finale del Progetto Europeo Fondo FAMI G-StART - ASL ROMA 5","isPartOf":{"@id":"https:\/\/www.aslroma5.it\/#website"},"primaryImageOfPage":{"@id":"https:\/\/www.aslroma5.it\/20-dicembre-evento-finale-del-progetto-europeo-fondo-fami-g-start\/#primaryimage"},"image":{"@id":"https:\/\/www.aslroma5.it\/20-dicembre-evento-finale-del-progetto-europeo-fondo-fami-g-start\/#primaryimage"},"thumbnailUrl":"https:\/\/www.aslroma5.it\/wp-content\/uploads\/2021\/12\/images_Documenti2021_progetto-g-start-copertina-scaled.jpg","datePublished":"2021-12-16T18:18:49+00:00","breadcrumb":{"@id":"https:\/\/www.aslroma5.it\/20-dicembre-evento-finale-del-progetto-europeo-fondo-fami-g-start\/#breadcrumb"},"inLanguage":"it-IT","potentialAction":[{"@type":"ReadAction","target":["https:\/\/www.aslroma5.it\/20-dicembre-evento-finale-del-progetto-europeo-fondo-fami-g-start\/"]}]},{"@type":"ImageObject","inLanguage":"it-IT","@id":"https:\/\/www.aslroma5.it\/20-dicembre-evento-finale-del-progetto-europeo-fondo-fami-g-start\/#primaryimage","url":"https:\/\/www.aslroma5.it\/wp-content\/uploads\/2021\/12\/images_Documenti2021_progetto-g-start-copertina-scaled.jpg","contentUrl":"https:\/\/www.aslroma5.it\/wp-content\/uploads\/2021\/12\/images_Documenti2021_progetto-g-start-copertina-scaled.jpg","width":2560,"height":1706},{"@type":"BreadcrumbList","@id":"https:\/\/www.aslroma5.it\/20-dicembre-evento-finale-del-progetto-europeo-fondo-fami-g-start\/#breadcrumb","itemListElement":[{"@type":"ListItem","position":1,"name":"Home","item":"https:\/\/www.aslroma5.it\/"},{"@type":"ListItem","position":2,"name":"20 dicembre, evento finale del Progetto Europeo Fondo FAMI G-StART"}]},{"@type":"WebSite","@id":"https:\/\/www.aslroma5.it\/#website","url":"https:\/\/www.aslroma5.it\/","name":"ASL ROMA 5","description":"","publisher":{"@id":"https:\/\/www.aslroma5.it\/#organization"},"potentialAction":[{"@type":"SearchAction","target":{"@type":"EntryPoint","urlTemplate":"https:\/\/www.aslroma5.it\/?s={search_term_string}"},"query-input":{"@type":"PropertyValueSpecification","valueRequired":true,"valueName":"search_term_string"}}],"inLanguage":"it-IT"},{"@type":"Organization","@id":"https:\/\/www.aslroma5.it\/#organization","name":"ASL ROMA 5","url":"https:\/\/www.aslroma5.it\/","logo":{"@type":"ImageObject","inLanguage":"it-IT","@id":"https:\/\/www.aslroma5.it\/#\/schema\/logo\/image\/","url":"https:\/\/www.aslroma5.it\/wp-content\/uploads\/2025\/07\/asl-roma5-logo-25.svg","contentUrl":"https:\/\/www.aslroma5.it\/wp-content\/uploads\/2025\/07\/asl-roma5-logo-25.svg","width":328,"height":112,"caption":"ASL ROMA 5"},"image":{"@id":"https:\/\/www.aslroma5.it\/#\/schema\/logo\/image\/"}},{"@type":"Person","@id":"https:\/\/www.aslroma5.it\/#\/schema\/person\/aae9591da64a4feb5cf19a10d69b634d","name":"dot4all","image":{"@type":"ImageObject","inLanguage":"it-IT","@id":"https:\/\/www.aslroma5.it\/#\/schema\/person\/image\/","url":"https:\/\/secure.gravatar.com\/avatar\/a228c250e89e00f48f7bae46b9a785bc5b3f509d86988952d9e01450e422a0cc?s=96&d=mm&r=g","contentUrl":"https:\/\/secure.gravatar.com\/avatar\/a228c250e89e00f48f7bae46b9a785bc5b3f509d86988952d9e01450e422a0cc?s=96&d=mm&r=g","caption":"dot4all"},"sameAs":["https:\/\/www.aslroma5.info\/new2021"]}]}},"publishpress_future_action":{"enabled":false,"date":"2026-05-09 14:41:06","action":"change-status","newStatus":"draft","terms":[],"taxonomy":"category","extraData":[]},"publishpress_future_workflow_manual_trigger":{"enabledWorkflows":[]},"_links":{"self":[{"href":"https:\/\/www.aslroma5.it\/api\/wp\/v2\/posts\/53135","targetHints":{"allow":["GET"]}}],"collection":[{"href":"https:\/\/www.aslroma5.it\/api\/wp\/v2\/posts"}],"about":[{"href":"https:\/\/www.aslroma5.it\/api\/wp\/v2\/types\/post"}],"author":[{"embeddable":true,"href":"https:\/\/www.aslroma5.it\/api\/wp\/v2\/users\/1"}],"replies":[{"embeddable":true,"href":"https:\/\/www.aslroma5.it\/api\/wp\/v2\/comments?post=53135"}],"version-history":[{"count":0,"href":"https:\/\/www.aslroma5.it\/api\/wp\/v2\/posts\/53135\/revisions"}],"wp:featuredmedia":[{"embeddable":true,"href":"https:\/\/www.aslroma5.it\/api\/wp\/v2\/media\/53133"}],"wp:attachment":[{"href":"https:\/\/www.aslroma5.it\/api\/wp\/v2\/media?parent=53135"}],"wp:term":[{"taxonomy":"category","embeddable":true,"href":"https:\/\/www.aslroma5.it\/api\/wp\/v2\/categories?post=53135"},{"taxonomy":"post_tag","embeddable":true,"href":"https:\/\/www.aslroma5.it\/api\/wp\/v2\/tags?post=53135"}],"curies":[{"name":"wp","href":"https:\/\/api.w.org\/{rel}","templated":true}]}}