{"id":53262,"date":"2022-02-28T13:27:30","date_gmt":"2022-02-28T12:27:30","guid":{"rendered":"https:\/\/www.aslroma5.info\/new2021\/vaccinati-ora-per-il-papilloma-virus-hpv\/"},"modified":"2022-02-28T13:27:30","modified_gmt":"2022-02-28T12:27:30","slug":"vaccinati-ora-per-il-papilloma-virus-hpv","status":"publish","type":"post","link":"https:\/\/www.aslroma5.it\/vaccinati-ora-per-il-papilloma-virus-hpv\/","title":{"rendered":"VACCINATI ORA PER IL PAPILLOMA VIRUS (HPV)"},"content":{"rendered":"<p><span style=\"font-family: arial, helvetica, sans-serif;\"><strong><span style=\"font-size: 14pt;\"><em>Caro studente\u2026<\/em><\/span><\/strong><\/span><\/p>\n<p><span style=\"font-family: arial, helvetica, sans-serif;\"><strong>Lo sapevi?<\/strong><\/span><\/p>\n<p><span style=\"font-family: arial, helvetica, sans-serif;\">Alla tua et\u00e0 sono previsti vaccini di rinforzo a quelli che hai fatto quando eri bambino e qualche NUOVA vaccinazione per proteggerti in questa fase in cui stai crescendo molto rapidamente.<\/span><\/p>\n<p><span style=\"font-family: arial, helvetica, sans-serif;\"><strong>Hai tra gli 11 ed i 14 anni?<\/strong><\/span><\/p>\n<p><span style=\"font-family: arial, helvetica, sans-serif;\">Chiedi ai tuoi genitori di verificare se tu hai tutti i vaccini obbligatori e consigliati per la tua et\u00e0.<\/span><\/p>\n<p>&nbsp;<\/p>\n<p><span style=\"font-family: arial, helvetica, sans-serif;\"><strong><span style=\"font-size: 14pt;\"><em>Caro genitore\u2026<\/em><\/span><\/strong><\/span><\/p>\n<p><span style=\"font-family: arial, helvetica, sans-serif;\"><strong>Sai<\/strong><em>&nbsp;<\/em><strong>che cosa \u00e8 il Papilloma virus?<\/strong><\/span><\/p>\n<p><span style=\"font-family: arial, helvetica, sans-serif;\">L\u2019infezione da Papilloma virus (HPV &#8211; Human Papilloma Virus) \u00e8 la pi\u00f9 frequente infezione sessualmente trasmessa e pu\u00f2 causare tumori di cervice uterina, ano, vagina, vulva, pene, cavit\u00e0 orale, faringe e laringe.<\/span><\/p>\n<p><span style=\"font-family: arial, helvetica, sans-serif;\"><strong>Sai come prevenirlo?<\/strong><\/span><\/p>\n<p><span style=\"font-family: arial, helvetica, sans-serif;\">La vaccinazione contro il Papilloma virus (HPV) pu\u00f2 prevenire circa il 90% di tutti i cancri provocati dal virus. \u00c8 dimostrato che sotto i 25 anni \u00e8 pi\u00f9 facile prendersi l\u2019HPV, ecco perch\u00e9 bisogna vaccinarsi.<\/span><\/p>\n<p><span style=\"font-family: arial, helvetica, sans-serif;\"><strong>Sai come proteggere i tuoi figli?<\/strong><\/span><\/p>\n<p><span style=\"font-family: arial, helvetica, sans-serif;\">Se hai figli tra gli 11 ed i 14 anni scegli di vaccinarli: vaccinare i tuoi figli significa proteggerli da quasi il 90% di tutti i cancri correlati al Papilloma virus.<\/span><\/p>\n<p><span style=\"font-family: arial, helvetica, sans-serif;\">La vaccinazione anti-HPV \u00e8:<\/span><\/p>\n<ul>\n<li><span style=\"font-family: arial, helvetica, sans-serif;\">necessaria per la loro vita futura;<\/span><\/li>\n<li><span style=\"font-family: arial, helvetica, sans-serif;\">gratuita;<\/span><\/li>\n<li><span style=\"font-family: arial, helvetica, sans-serif;\">semplice (prevede la somministrazione di due dosi a distanza di sei mesi);<\/span><\/li>\n<li><span style=\"font-family: arial, helvetica, sans-serif;\">senza effetti collaterali rilevanti.<\/span><\/li>\n<\/ul>\n<p><span style=\"font-family: arial, helvetica, sans-serif;\"><\/span><span style=\"font-family: arial, helvetica, sans-serif;\"><strong>Dove<\/strong><\/span><\/p>\n<ul>\n<li><span style=\"font-family: arial, helvetica, sans-serif;\">Hub Vaccinale Palaverde<\/span><\/li>\n<li><span style=\"font-family: arial, helvetica, sans-serif;\">Via Pedemontana Stella, 00036 Palestrina<\/span><\/li>\n<\/ul>\n<p><span style=\"font-family: arial, helvetica, sans-serif;\"><strong>Quando<\/strong><\/span><\/p>\n<p><span style=\"font-family: arial, helvetica, sans-serif;\">Nel mese&nbsp;di marzo<\/span><\/p>\n<p><span style=\"font-family: arial, helvetica, sans-serif;\"><strong>Come<\/strong><\/span><\/p>\n<p><span style=\"font-family: arial, helvetica, sans-serif;\">Chiamiamo noi tua\/o figlia\/o con una lettera che riceverete a breve tramite la scuola<\/span><\/p>\n<p><span style=\"font-family: arial, helvetica, sans-serif;\">Altre informazioni sui vaccini da fare all\u2019et\u00e0 di tua\/o figlia\/o (contro meningite, difterite, pertosse, tetano e poliomielite) e come programmarli ti verranno comunicate il giorno della vaccinazione.<\/span><\/p>\n<p><span style=\"font-family: arial, helvetica, sans-serif;\"><strong>Ti aspettiamo!<\/strong><\/span><\/p>\n<p><span style=\"font-family: arial, helvetica, sans-serif;\"><\/span><a href=\"https:\/\/www.aslroma5.it\/wp-content\/uploads\/2022\/02\/images_Documenti2022_vaccino-papilloma.pdf\" target=\"_blank\" rel=\"noopener\"><span style=\"font-family: arial, helvetica, sans-serif;\"><\/span><\/a><\/p>\n<p>&nbsp;<\/p>\n","protected":false},"excerpt":{"rendered":"<p>Caro studente\u2026 Lo sapevi? Alla tua et\u00e0 sono previsti vaccini di rinforzo a quelli che hai fatto quando eri bambino e qualche NUOVA vaccinazione per proteggerti in questa fase in cui stai crescendo molto rapidamente. Hai tra gli 11 ed i 14 anni? Chiedi ai tuoi genitori di verificare se tu hai tutti i vaccini&hellip;<\/p>\n","protected":false},"author":1,"featured_media":53260,"comment_status":"open","ping_status":"closed","sticky":false,"template":"","format":"standard","meta":{"_acf_changed":false,"inline_featured_image":false,"footnotes":""},"categories":[1816],"tags":[],"class_list":["post-53262","post","type-post","status-publish","format-standard","has-post-thumbnail","hentry","category-news","category-1816","description-off"],"acf":{"galleria":null},"yoast_head":"<!-- This site is optimized with the Yoast SEO plugin v25.5 - https:\/\/yoast.com\/wordpress\/plugins\/seo\/ -->\n<title>VACCINATI ORA PER IL PAPILLOMA VIRUS (HPV) - ASL ROMA 5<\/title>\n<meta name=\"robots\" content=\"index, follow, max-snippet:-1, max-image-preview:large, max-video-preview:-1\" \/>\n<link rel=\"canonical\" href=\"https:\/\/www.aslroma5.it\/vaccinati-ora-per-il-papilloma-virus-hpv\/\" \/>\n<meta property=\"og:locale\" content=\"it_IT\" \/>\n<meta property=\"og:type\" content=\"article\" \/>\n<meta property=\"og:title\" content=\"VACCINATI ORA PER IL PAPILLOMA VIRUS (HPV) - ASL ROMA 5\" \/>\n<meta property=\"og:description\" content=\"Caro studente\u2026 Lo sapevi? Alla tua et\u00e0 sono previsti vaccini di rinforzo a quelli che hai fatto quando eri bambino e qualche NUOVA vaccinazione per proteggerti in questa fase in cui stai crescendo molto rapidamente. Hai tra gli 11 ed i 14 anni? Chiedi ai tuoi genitori di verificare se tu hai tutti i vaccini&hellip;\" \/>\n<meta property=\"og:url\" content=\"https:\/\/www.aslroma5.it\/vaccinati-ora-per-il-papilloma-virus-hpv\/\" \/>\n<meta property=\"og:site_name\" content=\"ASL ROMA 5\" \/>\n<meta property=\"article:published_time\" content=\"2022-02-28T12:27:30+00:00\" \/>\n<meta property=\"og:image\" content=\"https:\/\/www.aslroma5.it\/wp-content\/uploads\/2022\/02\/images_Documenti2022_vaccino-papilloma.jpg\" \/>\n\t<meta property=\"og:image:width\" content=\"400\" \/>\n\t<meta property=\"og:image:height\" content=\"566\" \/>\n\t<meta property=\"og:image:type\" content=\"image\/jpeg\" \/>\n<meta name=\"author\" content=\"dot4all\" \/>\n<meta name=\"twitter:card\" content=\"summary_large_image\" \/>\n<meta name=\"twitter:label1\" content=\"Scritto da\" \/>\n\t<meta name=\"twitter:data1\" content=\"dot4all\" \/>\n\t<meta name=\"twitter:label2\" content=\"Tempo di lettura stimato\" \/>\n\t<meta name=\"twitter:data2\" content=\"1 minuto\" \/>\n<script type=\"application\/ld+json\" class=\"yoast-schema-graph\">{\"@context\":\"https:\/\/schema.org\",\"@graph\":[{\"@type\":\"Article\",\"@id\":\"https:\/\/www.aslroma5.it\/vaccinati-ora-per-il-papilloma-virus-hpv\/#article\",\"isPartOf\":{\"@id\":\"https:\/\/www.aslroma5.it\/vaccinati-ora-per-il-papilloma-virus-hpv\/\"},\"author\":{\"name\":\"dot4all\",\"@id\":\"https:\/\/www.aslroma5.it\/#\/schema\/person\/aae9591da64a4feb5cf19a10d69b634d\"},\"headline\":\"VACCINATI ORA PER IL PAPILLOMA VIRUS (HPV)\",\"datePublished\":\"2022-02-28T12:27:30+00:00\",\"mainEntityOfPage\":{\"@id\":\"https:\/\/www.aslroma5.it\/vaccinati-ora-per-il-papilloma-virus-hpv\/\"},\"wordCount\":268,\"commentCount\":0,\"publisher\":{\"@id\":\"https:\/\/www.aslroma5.it\/#organization\"},\"image\":{\"@id\":\"https:\/\/www.aslroma5.it\/vaccinati-ora-per-il-papilloma-virus-hpv\/#primaryimage\"},\"thumbnailUrl\":\"https:\/\/www.aslroma5.it\/wp-content\/uploads\/2022\/02\/images_Documenti2022_vaccino-papilloma.jpg\",\"articleSection\":[\"News\"],\"inLanguage\":\"it-IT\",\"potentialAction\":[{\"@type\":\"CommentAction\",\"name\":\"Comment\",\"target\":[\"https:\/\/www.aslroma5.it\/vaccinati-ora-per-il-papilloma-virus-hpv\/#respond\"]}]},{\"@type\":\"WebPage\",\"@id\":\"https:\/\/www.aslroma5.it\/vaccinati-ora-per-il-papilloma-virus-hpv\/\",\"url\":\"https:\/\/www.aslroma5.it\/vaccinati-ora-per-il-papilloma-virus-hpv\/\",\"name\":\"VACCINATI ORA PER IL PAPILLOMA VIRUS (HPV) - ASL ROMA 5\",\"isPartOf\":{\"@id\":\"https:\/\/www.aslroma5.it\/#website\"},\"primaryImageOfPage\":{\"@id\":\"https:\/\/www.aslroma5.it\/vaccinati-ora-per-il-papilloma-virus-hpv\/#primaryimage\"},\"image\":{\"@id\":\"https:\/\/www.aslroma5.it\/vaccinati-ora-per-il-papilloma-virus-hpv\/#primaryimage\"},\"thumbnailUrl\":\"https:\/\/www.aslroma5.it\/wp-content\/uploads\/2022\/02\/images_Documenti2022_vaccino-papilloma.jpg\",\"datePublished\":\"2022-02-28T12:27:30+00:00\",\"breadcrumb\":{\"@id\":\"https:\/\/www.aslroma5.it\/vaccinati-ora-per-il-papilloma-virus-hpv\/#breadcrumb\"},\"inLanguage\":\"it-IT\",\"potentialAction\":[{\"@type\":\"ReadAction\",\"target\":[\"https:\/\/www.aslroma5.it\/vaccinati-ora-per-il-papilloma-virus-hpv\/\"]}]},{\"@type\":\"ImageObject\",\"inLanguage\":\"it-IT\",\"@id\":\"https:\/\/www.aslroma5.it\/vaccinati-ora-per-il-papilloma-virus-hpv\/#primaryimage\",\"url\":\"https:\/\/www.aslroma5.it\/wp-content\/uploads\/2022\/02\/images_Documenti2022_vaccino-papilloma.jpg\",\"contentUrl\":\"https:\/\/www.aslroma5.it\/wp-content\/uploads\/2022\/02\/images_Documenti2022_vaccino-papilloma.jpg\",\"width\":400,\"height\":566},{\"@type\":\"BreadcrumbList\",\"@id\":\"https:\/\/www.aslroma5.it\/vaccinati-ora-per-il-papilloma-virus-hpv\/#breadcrumb\",\"itemListElement\":[{\"@type\":\"ListItem\",\"position\":1,\"name\":\"Home\",\"item\":\"https:\/\/www.aslroma5.it\/\"},{\"@type\":\"ListItem\",\"position\":2,\"name\":\"VACCINATI ORA PER IL PAPILLOMA VIRUS (HPV)\"}]},{\"@type\":\"WebSite\",\"@id\":\"https:\/\/www.aslroma5.it\/#website\",\"url\":\"https:\/\/www.aslroma5.it\/\",\"name\":\"ASL ROMA 5\",\"description\":\"\",\"publisher\":{\"@id\":\"https:\/\/www.aslroma5.it\/#organization\"},\"potentialAction\":[{\"@type\":\"SearchAction\",\"target\":{\"@type\":\"EntryPoint\",\"urlTemplate\":\"https:\/\/www.aslroma5.it\/?s={search_term_string}\"},\"query-input\":{\"@type\":\"PropertyValueSpecification\",\"valueRequired\":true,\"valueName\":\"search_term_string\"}}],\"inLanguage\":\"it-IT\"},{\"@type\":\"Organization\",\"@id\":\"https:\/\/www.aslroma5.it\/#organization\",\"name\":\"ASL ROMA 5\",\"url\":\"https:\/\/www.aslroma5.it\/\",\"logo\":{\"@type\":\"ImageObject\",\"inLanguage\":\"it-IT\",\"@id\":\"https:\/\/www.aslroma5.it\/#\/schema\/logo\/image\/\",\"url\":\"https:\/\/www.aslroma5.it\/wp-content\/uploads\/2025\/07\/asl-roma5-logo-25.svg\",\"contentUrl\":\"https:\/\/www.aslroma5.it\/wp-content\/uploads\/2025\/07\/asl-roma5-logo-25.svg\",\"width\":328,\"height\":112,\"caption\":\"ASL ROMA 5\"},\"image\":{\"@id\":\"https:\/\/www.aslroma5.it\/#\/schema\/logo\/image\/\"}},{\"@type\":\"Person\",\"@id\":\"https:\/\/www.aslroma5.it\/#\/schema\/person\/aae9591da64a4feb5cf19a10d69b634d\",\"name\":\"dot4all\",\"image\":{\"@type\":\"ImageObject\",\"inLanguage\":\"it-IT\",\"@id\":\"https:\/\/www.aslroma5.it\/#\/schema\/person\/image\/\",\"url\":\"https:\/\/secure.gravatar.com\/avatar\/a228c250e89e00f48f7bae46b9a785bc5b3f509d86988952d9e01450e422a0cc?s=96&d=mm&r=g\",\"contentUrl\":\"https:\/\/secure.gravatar.com\/avatar\/a228c250e89e00f48f7bae46b9a785bc5b3f509d86988952d9e01450e422a0cc?s=96&d=mm&r=g\",\"caption\":\"dot4all\"},\"sameAs\":[\"https:\/\/www.aslroma5.info\/new2021\"]}]}<\/script>\n<!-- \/ Yoast SEO plugin. -->","yoast_head_json":{"title":"VACCINATI ORA PER IL PAPILLOMA VIRUS (HPV) - ASL ROMA 5","robots":{"index":"index","follow":"follow","max-snippet":"max-snippet:-1","max-image-preview":"max-image-preview:large","max-video-preview":"max-video-preview:-1"},"canonical":"https:\/\/www.aslroma5.it\/vaccinati-ora-per-il-papilloma-virus-hpv\/","og_locale":"it_IT","og_type":"article","og_title":"VACCINATI ORA PER IL PAPILLOMA VIRUS (HPV) - ASL ROMA 5","og_description":"Caro studente\u2026 Lo sapevi? Alla tua et\u00e0 sono previsti vaccini di rinforzo a quelli che hai fatto quando eri bambino e qualche NUOVA vaccinazione per proteggerti in questa fase in cui stai crescendo molto rapidamente. Hai tra gli 11 ed i 14 anni? Chiedi ai tuoi genitori di verificare se tu hai tutti i vaccini&hellip;","og_url":"https:\/\/www.aslroma5.it\/vaccinati-ora-per-il-papilloma-virus-hpv\/","og_site_name":"ASL ROMA 5","article_published_time":"2022-02-28T12:27:30+00:00","og_image":[{"width":400,"height":566,"url":"https:\/\/www.aslroma5.it\/wp-content\/uploads\/2022\/02\/images_Documenti2022_vaccino-papilloma.jpg","type":"image\/jpeg"}],"author":"dot4all","twitter_card":"summary_large_image","twitter_misc":{"Scritto da":"dot4all","Tempo di lettura stimato":"1 minuto"},"schema":{"@context":"https:\/\/schema.org","@graph":[{"@type":"Article","@id":"https:\/\/www.aslroma5.it\/vaccinati-ora-per-il-papilloma-virus-hpv\/#article","isPartOf":{"@id":"https:\/\/www.aslroma5.it\/vaccinati-ora-per-il-papilloma-virus-hpv\/"},"author":{"name":"dot4all","@id":"https:\/\/www.aslroma5.it\/#\/schema\/person\/aae9591da64a4feb5cf19a10d69b634d"},"headline":"VACCINATI ORA PER IL PAPILLOMA VIRUS (HPV)","datePublished":"2022-02-28T12:27:30+00:00","mainEntityOfPage":{"@id":"https:\/\/www.aslroma5.it\/vaccinati-ora-per-il-papilloma-virus-hpv\/"},"wordCount":268,"commentCount":0,"publisher":{"@id":"https:\/\/www.aslroma5.it\/#organization"},"image":{"@id":"https:\/\/www.aslroma5.it\/vaccinati-ora-per-il-papilloma-virus-hpv\/#primaryimage"},"thumbnailUrl":"https:\/\/www.aslroma5.it\/wp-content\/uploads\/2022\/02\/images_Documenti2022_vaccino-papilloma.jpg","articleSection":["News"],"inLanguage":"it-IT","potentialAction":[{"@type":"CommentAction","name":"Comment","target":["https:\/\/www.aslroma5.it\/vaccinati-ora-per-il-papilloma-virus-hpv\/#respond"]}]},{"@type":"WebPage","@id":"https:\/\/www.aslroma5.it\/vaccinati-ora-per-il-papilloma-virus-hpv\/","url":"https:\/\/www.aslroma5.it\/vaccinati-ora-per-il-papilloma-virus-hpv\/","name":"VACCINATI ORA PER IL PAPILLOMA VIRUS (HPV) - ASL ROMA 5","isPartOf":{"@id":"https:\/\/www.aslroma5.it\/#website"},"primaryImageOfPage":{"@id":"https:\/\/www.aslroma5.it\/vaccinati-ora-per-il-papilloma-virus-hpv\/#primaryimage"},"image":{"@id":"https:\/\/www.aslroma5.it\/vaccinati-ora-per-il-papilloma-virus-hpv\/#primaryimage"},"thumbnailUrl":"https:\/\/www.aslroma5.it\/wp-content\/uploads\/2022\/02\/images_Documenti2022_vaccino-papilloma.jpg","datePublished":"2022-02-28T12:27:30+00:00","breadcrumb":{"@id":"https:\/\/www.aslroma5.it\/vaccinati-ora-per-il-papilloma-virus-hpv\/#breadcrumb"},"inLanguage":"it-IT","potentialAction":[{"@type":"ReadAction","target":["https:\/\/www.aslroma5.it\/vaccinati-ora-per-il-papilloma-virus-hpv\/"]}]},{"@type":"ImageObject","inLanguage":"it-IT","@id":"https:\/\/www.aslroma5.it\/vaccinati-ora-per-il-papilloma-virus-hpv\/#primaryimage","url":"https:\/\/www.aslroma5.it\/wp-content\/uploads\/2022\/02\/images_Documenti2022_vaccino-papilloma.jpg","contentUrl":"https:\/\/www.aslroma5.it\/wp-content\/uploads\/2022\/02\/images_Documenti2022_vaccino-papilloma.jpg","width":400,"height":566},{"@type":"BreadcrumbList","@id":"https:\/\/www.aslroma5.it\/vaccinati-ora-per-il-papilloma-virus-hpv\/#breadcrumb","itemListElement":[{"@type":"ListItem","position":1,"name":"Home","item":"https:\/\/www.aslroma5.it\/"},{"@type":"ListItem","position":2,"name":"VACCINATI ORA PER IL PAPILLOMA VIRUS (HPV)"}]},{"@type":"WebSite","@id":"https:\/\/www.aslroma5.it\/#website","url":"https:\/\/www.aslroma5.it\/","name":"ASL ROMA 5","description":"","publisher":{"@id":"https:\/\/www.aslroma5.it\/#organization"},"potentialAction":[{"@type":"SearchAction","target":{"@type":"EntryPoint","urlTemplate":"https:\/\/www.aslroma5.it\/?s={search_term_string}"},"query-input":{"@type":"PropertyValueSpecification","valueRequired":true,"valueName":"search_term_string"}}],"inLanguage":"it-IT"},{"@type":"Organization","@id":"https:\/\/www.aslroma5.it\/#organization","name":"ASL ROMA 5","url":"https:\/\/www.aslroma5.it\/","logo":{"@type":"ImageObject","inLanguage":"it-IT","@id":"https:\/\/www.aslroma5.it\/#\/schema\/logo\/image\/","url":"https:\/\/www.aslroma5.it\/wp-content\/uploads\/2025\/07\/asl-roma5-logo-25.svg","contentUrl":"https:\/\/www.aslroma5.it\/wp-content\/uploads\/2025\/07\/asl-roma5-logo-25.svg","width":328,"height":112,"caption":"ASL ROMA 5"},"image":{"@id":"https:\/\/www.aslroma5.it\/#\/schema\/logo\/image\/"}},{"@type":"Person","@id":"https:\/\/www.aslroma5.it\/#\/schema\/person\/aae9591da64a4feb5cf19a10d69b634d","name":"dot4all","image":{"@type":"ImageObject","inLanguage":"it-IT","@id":"https:\/\/www.aslroma5.it\/#\/schema\/person\/image\/","url":"https:\/\/secure.gravatar.com\/avatar\/a228c250e89e00f48f7bae46b9a785bc5b3f509d86988952d9e01450e422a0cc?s=96&d=mm&r=g","contentUrl":"https:\/\/secure.gravatar.com\/avatar\/a228c250e89e00f48f7bae46b9a785bc5b3f509d86988952d9e01450e422a0cc?s=96&d=mm&r=g","caption":"dot4all"},"sameAs":["https:\/\/www.aslroma5.info\/new2021"]}]}},"publishpress_future_action":{"enabled":false,"date":"2026-05-07 05:36:09","action":"change-status","newStatus":"draft","terms":[],"taxonomy":"category","extraData":[]},"publishpress_future_workflow_manual_trigger":{"enabledWorkflows":[]},"_links":{"self":[{"href":"https:\/\/www.aslroma5.it\/api\/wp\/v2\/posts\/53262","targetHints":{"allow":["GET"]}}],"collection":[{"href":"https:\/\/www.aslroma5.it\/api\/wp\/v2\/posts"}],"about":[{"href":"https:\/\/www.aslroma5.it\/api\/wp\/v2\/types\/post"}],"author":[{"embeddable":true,"href":"https:\/\/www.aslroma5.it\/api\/wp\/v2\/users\/1"}],"replies":[{"embeddable":true,"href":"https:\/\/www.aslroma5.it\/api\/wp\/v2\/comments?post=53262"}],"version-history":[{"count":0,"href":"https:\/\/www.aslroma5.it\/api\/wp\/v2\/posts\/53262\/revisions"}],"wp:featuredmedia":[{"embeddable":true,"href":"https:\/\/www.aslroma5.it\/api\/wp\/v2\/media\/53260"}],"wp:attachment":[{"href":"https:\/\/www.aslroma5.it\/api\/wp\/v2\/media?parent=53262"}],"wp:term":[{"taxonomy":"category","embeddable":true,"href":"https:\/\/www.aslroma5.it\/api\/wp\/v2\/categories?post=53262"},{"taxonomy":"post_tag","embeddable":true,"href":"https:\/\/www.aslroma5.it\/api\/wp\/v2\/tags?post=53262"}],"curies":[{"name":"wp","href":"https:\/\/api.w.org\/{rel}","templated":true}]}}