{"id":54552,"date":"2022-03-29T10:46:44","date_gmt":"2022-03-29T08:46:44","guid":{"rendered":"https:\/\/www.aslroma5.info\/new2021\/2-aprile-2022-giornata-mondiale-della-consapevolezza-sull-autismo\/"},"modified":"2022-03-29T10:46:44","modified_gmt":"2022-03-29T08:46:44","slug":"2-aprile-2022-giornata-mondiale-della-consapevolezza-sull-autismo","status":"publish","type":"post","link":"https:\/\/www.aslroma5.it\/2-aprile-2022-giornata-mondiale-della-consapevolezza-sull-autismo\/","title":{"rendered":"2 Aprile 2022, Giornata Mondiale della Consapevolezza sull\u2019Autismo"},"content":{"rendered":"<div><\/div>\n<div style=\"color: #000000; font-family: arial, helvetica, sans-serif; font-size: 16px; font-style: normal; font-weight: 400; letter-spacing: normal; orphans: 2; text-align: start; text-indent: 0px; text-transform: none; white-space: normal; widows: 2; word-spacing: 0px; background-color: #ffffff;\"><span style=\"font-family: arial, helvetica, sans-serif; font-size: 10pt;\"><strong>\u201cNel blu dipinti di blu\u201d, nella ASL Roma 5 Open Day tutti i sabati di aprile<span id=\"OBJ_PREFIX_DWT394_com_zimbra_date\" class=\"Object\" style=\"color: #005a95; text-decoration: none; cursor: pointer;\"><\/span><\/strong><\/span><\/div>\n<div style=\"color: #000000; font-family: arial, helvetica, sans-serif; font-size: 16px; font-style: normal; font-weight: 400; letter-spacing: normal; orphans: 2; text-align: start; text-indent: 0px; text-transform: none; white-space: normal; widows: 2; word-spacing: 0px; background-color: #ffffff;\"><span style=\"font-family: arial, helvetica, sans-serif; font-size: 10pt;\"><\/span><\/div>\n<div style=\"color: #000000; font-family: arial, helvetica, sans-serif; font-size: 16px; font-style: normal; font-weight: 400; letter-spacing: normal; orphans: 2; text-align: start; text-indent: 0px; text-transform: none; white-space: normal; widows: 2; word-spacing: 0px; background-color: #ffffff;\"><span style=\"font-family: arial, helvetica, sans-serif; font-size: 10pt;\">&nbsp;Autismo, \u201cNel blu dipinti di blu\u201d, nella ASL Roma 5 Open Day tutti i sabati di aprile. La ASL Roma 5, aderendo all\u2019iniziativa della Regione Lazio: Open Day \u201cAprile Blu\u201d, per il sostegno dei bambini da 0-6 anni e delle famiglie colpite da questa patologia, durante il mese di aprile&nbsp;ha programmato 5 Open Day a partire dalle 9:00 presso i TSMREE (servizi Tutela Salute Mentale e Riabilitazione dell&#8217;Et\u00e0 Evolutiva). Per l\u2019occasione gli operatori dei servizi resteranno a disposizione delle famiglie e verranno proposte varie attivit\u00e0 dall\u2019informazione a laboratori ludico-creativi (per i bambini prescolari 0-6 anni).&nbsp;<\/span><\/div>\n<div style=\"color: #000000; font-family: arial, helvetica, sans-serif; font-size: 16px; font-style: normal; font-weight: 400; letter-spacing: normal; orphans: 2; text-align: start; text-indent: 0px; text-transform: none; white-space: normal; widows: 2; word-spacing: 0px; background-color: #ffffff;\"><span style=\"font-family: arial, helvetica, sans-serif; font-size: 10pt;\"><strong>Per<\/strong>&nbsp;chi volesse&nbsp;<strong>informazioni<\/strong>&nbsp;e\/o volesse&nbsp;<strong>partecipare<\/strong>&nbsp;ad una o pi\u00f9 sezioni sar\u00e0 necessaria la prenotazione che pu\u00f2 avvenire per mezzo posta elettronica, scrivendo alla seguente e-mail:&nbsp;<strong><span id=\"OBJ_PREFIX_DWT397_ZmEmailObjectHandler\" class=\"Object\" style=\"color: #005a95; text-decoration: none; cursor: pointer;\">giornatamondialeautismo@aslroma5.it<\/span><\/strong>&nbsp;inserendo nominativo, residenza, recapito telefonico e orario delle attivit\u00e0 scelte; per i laboratori ludico-creativi sar\u00e0 necessario riportare l\u2019et\u00e0 del bambino.<\/span><\/div>\n<div style=\"color: #000000; font-family: arial, helvetica, sans-serif; font-size: 16px; font-style: normal; font-weight: 400; letter-spacing: normal; orphans: 2; text-align: start; text-indent: 0px; text-transform: none; white-space: normal; widows: 2; word-spacing: 0px; background-color: #ffffff;\"><span style=\"font-family: arial, helvetica, sans-serif; font-size: 10pt;\"><\/span><\/div>\n<div style=\"color: #000000; font-family: arial, helvetica, sans-serif; font-size: 16px; font-style: normal; font-weight: 400; letter-spacing: normal; orphans: 2; text-align: start; text-indent: 0px; text-transform: none; white-space: normal; widows: 2; word-spacing: 0px; background-color: #ffffff;\"><span style=\"font-family: arial, helvetica, sans-serif; font-size: 10pt;\"><strong>Il 2 aprile<\/strong><\/span><\/div>\n<div style=\"color: #000000; font-family: arial, helvetica, sans-serif; font-size: 16px; font-style: normal; font-weight: 400; letter-spacing: normal; orphans: 2; text-align: start; text-indent: 0px; text-transform: none; white-space: normal; widows: 2; word-spacing: 0px; background-color: #ffffff;\"><span style=\"font-family: arial, helvetica, sans-serif; font-size: 10pt;\">Il 2 Aprile&nbsp;ricorre la Giornata Mondiale della Consapevolezza sull\u2019Autismo (WAAD, World Autism Awareness Day), istituita dall\u2019ONU nel 2007 con lo scopo di sensibilizzare i cittadini degli Stati membri delle Nazioni Unite alla conoscenza di questo disturbo e porre l\u2019attenzione sui diritti delle persone che ne sono affette e delle loro famiglie.<\/span><\/div>\n<div style=\"color: #000000; font-family: arial, helvetica, sans-serif; font-size: 16px; font-style: normal; font-weight: 400; letter-spacing: normal; orphans: 2; text-align: start; text-indent: 0px; text-transform: none; white-space: normal; widows: 2; word-spacing: 0px; background-color: #ffffff;\"><span style=\"font-family: arial, helvetica, sans-serif; font-size: 10pt;\">Secondo i dati dell\u2019Osservatorio Nazionale per il monitoraggio dei disturbi dello spettro autistico, in Italia, un bambino su 77 (et\u00e0 7-9 anni) presenta un disturbo dello spettro autistico con una prevalenza maggiore nei maschi, che sono colpiti 4,4 volte in pi\u00f9 rispetto alle femmine.<\/span><\/div>\n<div style=\"color: #000000; font-family: arial, helvetica, sans-serif; font-size: 16px; font-style: normal; font-weight: 400; letter-spacing: normal; orphans: 2; text-align: start; text-indent: 0px; text-transform: none; white-space: normal; widows: 2; word-spacing: 0px; background-color: #ffffff;\"><span style=\"font-family: arial, helvetica, sans-serif; font-size: 10pt;\">Quest\u2019anno, a causa della emergenza pandemica, questa giornata assume un rilievo particolare e la regione ha inteso promuovere con la collaborazione dei servizi dell\u2019et\u00e0 evolutiva un\u2019iniziativa a sostegno dei bambini e delle famiglie colpiti da questa patologia: l\u2019 \u201cOpen Day Aprile&nbsp;Blu\u201d, durante il quale le equipe multidisciplinari saranno a disposizione.<\/span><\/div>\n<div style=\"color: #000000; font-family: arial, helvetica, sans-serif; font-size: 16px; font-style: normal; font-weight: 400; letter-spacing: normal; orphans: 2; text-align: start; text-indent: 0px; text-transform: none; white-space: normal; widows: 2; word-spacing: 0px; background-color: #ffffff;\"><span style=\"font-family: arial, helvetica, sans-serif; font-size: 10pt;\"><\/span><\/div>\n<div style=\"color: #000000; font-family: arial, helvetica, sans-serif; font-size: 16px; font-style: normal; font-weight: 400; letter-spacing: normal; orphans: 2; text-align: start; text-indent: 0px; text-transform: none; white-space: normal; widows: 2; word-spacing: 0px; background-color: #ffffff;\"><span style=\"font-family: arial, helvetica, sans-serif; font-size: 10pt;\"><strong>LE DATE DEGLI OPEN DAY NELLA ASL ROMA 5<\/strong><\/span><\/div>\n<div style=\"color: #000000; font-family: arial, helvetica, sans-serif; font-size: 16px; font-style: normal; font-weight: 400; letter-spacing: normal; orphans: 2; text-align: start; text-indent: 0px; text-transform: none; white-space: normal; widows: 2; word-spacing: 0px; background-color: #ffffff;\"><span style=\"font-family: arial, helvetica, sans-serif; font-size: 10pt;\">2 aprile &#8211; TSMREE Guidonia, via dei Castagni 20\/22<\/span><\/div>\n<div style=\"color: #000000; font-family: arial, helvetica, sans-serif; font-size: 16px; font-style: normal; font-weight: 400; letter-spacing: normal; orphans: 2; text-align: start; text-indent: 0px; text-transform: none; white-space: normal; widows: 2; word-spacing: 0px; background-color: #ffffff;\"><span style=\"font-family: arial, helvetica, sans-serif; font-size: 10pt;\">2 aprile &#8211; <span style=\"font-family: arial, helvetica, sans-serif; font-size: 10pt;\">T<span style=\"font-family: arial, helvetica, sans-serif; font-size: 10pt;\">SMREE<\/span><\/span>&nbsp;Tivoli, Piazza Massimo 1<\/span><\/div>\n<div style=\"color: #000000; font-family: arial, helvetica, sans-serif; font-size: 16px; font-style: normal; font-weight: 400; letter-spacing: normal; orphans: 2; text-align: start; text-indent: 0px; text-transform: none; white-space: normal; widows: 2; word-spacing: 0px; background-color: #ffffff;\"><span style=\"font-family: arial, helvetica, sans-serif; font-size: 10pt;\">9 aprile &#8211; T<span style=\"font-family: arial, helvetica, sans-serif; font-size: 10pt;\">SMREE<\/span> Subiaco, Largo Mazzini 5<\/span><\/div>\n<div style=\"color: #000000; font-family: arial, helvetica, sans-serif; font-size: 16px; font-style: normal; font-weight: 400; letter-spacing: normal; orphans: 2; text-align: start; text-indent: 0px; text-transform: none; white-space: normal; widows: 2; word-spacing: 0px; background-color: #ffffff;\"><span style=\"font-family: arial, helvetica, sans-serif; font-size: 10pt;\">23 aprile &#8211; T<span style=\"font-family: arial, helvetica, sans-serif; font-size: 10pt;\">SMREE<\/span> Colleferro-Palestrina, via degli Esplosivi 9 (Colleferro)<\/span><\/div>\n<div style=\"color: #000000; font-family: arial, helvetica, sans-serif; font-size: 16px; font-style: normal; font-weight: 400; letter-spacing: normal; orphans: 2; text-align: start; text-indent: 0px; text-transform: none; white-space: normal; widows: 2; word-spacing: 0px; background-color: #ffffff;\"><span style=\"font-family: arial, helvetica, sans-serif; font-size: 10pt;\">30 aprile &#8211; T<span style=\"font-family: arial, helvetica, sans-serif; font-size: 10pt;\">SMREE<\/span> Mentana, via Reatina angolo via Fermi (Mentana)<\/span><\/div>\n<div>&nbsp;<\/div>\n<div>\n<table>\n<tbody>\n<tr>\n<td style=\"text-align: center;\"><span style=\"font-size: 8pt; font-family: arial, helvetica, sans-serif;\">&nbsp;PALESTRINA<\/span><\/td>\n<td style=\"text-align: center;\"><span style=\"font-size: 8pt; font-family: arial, helvetica, sans-serif;\">GUIDONIA&nbsp;<\/span><\/td>\n<td style=\"text-align: center;\"><span style=\"font-size: 8pt; font-family: arial, helvetica, sans-serif;\">MENTANA&nbsp;<\/span><\/td>\n<\/tr>\n<tr>\n<td><a href=\"https:\/\/www.aslroma5.it\/wp-content\/uploads\/2022\/03\/images_Documenti2022_tsmree-colleferro.png\" title=\"Tsmree Colleferro\" target=\"_blank\" rel=\"noopener\"><img fetchpriority=\"high\" decoding=\"async\" class=\" size-full wp-image-54547\" src=\"https:\/\/www.aslroma5.it\/wp-content\/uploads\/2022\/03\/images_Documenti2022_tsmree-colleferro.png\" title=\"Tsmree Colleferro\" alt=\"tsmree colleferro\" width=\"200\" height=\"283\" style=\"margin-top: 5px; margin-right: 5px;\" srcset=\"https:\/\/www.aslroma5.it\/wp-content\/uploads\/2022\/03\/images_Documenti2022_tsmree-colleferro.png 2480w, https:\/\/www.aslroma5.it\/wp-content\/uploads\/2022\/03\/images_Documenti2022_tsmree-colleferro-212x300.png 212w, https:\/\/www.aslroma5.it\/wp-content\/uploads\/2022\/03\/images_Documenti2022_tsmree-colleferro-724x1024.png 724w, https:\/\/www.aslroma5.it\/wp-content\/uploads\/2022\/03\/images_Documenti2022_tsmree-colleferro-768x1086.png 768w, https:\/\/www.aslroma5.it\/wp-content\/uploads\/2022\/03\/images_Documenti2022_tsmree-colleferro-1086x1536.png 1086w, https:\/\/www.aslroma5.it\/wp-content\/uploads\/2022\/03\/images_Documenti2022_tsmree-colleferro-1448x2048.png 1448w\" sizes=\"(max-width: 200px) 100vw, 200px\" \/><\/a>&nbsp;<\/td>\n<td><a href=\"https:\/\/www.aslroma5.it\/wp-content\/uploads\/2022\/03\/images_Documenti2022_tsmree-guidonia.png\" title=\"Tsmree Guidonia\" target=\"_blank\" rel=\"noopener\"><img decoding=\"async\" class=\" size-full wp-image-54548\" src=\"https:\/\/www.aslroma5.it\/wp-content\/uploads\/2022\/03\/images_Documenti2022_tsmree-guidonia.png\" title=\"Tsmree Guidonia\" alt=\"tsmree guidonia\" width=\"200\" height=\"283\" style=\"margin-top: 5px; margin-right: 5px;\" srcset=\"https:\/\/www.aslroma5.it\/wp-content\/uploads\/2022\/03\/images_Documenti2022_tsmree-guidonia.png 2480w, https:\/\/www.aslroma5.it\/wp-content\/uploads\/2022\/03\/images_Documenti2022_tsmree-guidonia-212x300.png 212w, https:\/\/www.aslroma5.it\/wp-content\/uploads\/2022\/03\/images_Documenti2022_tsmree-guidonia-724x1024.png 724w, https:\/\/www.aslroma5.it\/wp-content\/uploads\/2022\/03\/images_Documenti2022_tsmree-guidonia-768x1086.png 768w, https:\/\/www.aslroma5.it\/wp-content\/uploads\/2022\/03\/images_Documenti2022_tsmree-guidonia-1086x1536.png 1086w, https:\/\/www.aslroma5.it\/wp-content\/uploads\/2022\/03\/images_Documenti2022_tsmree-guidonia-1448x2048.png 1448w\" sizes=\"(max-width: 200px) 100vw, 200px\" \/><\/a>&nbsp;<\/td>\n<td><a href=\"https:\/\/www.aslroma5.it\/wp-content\/uploads\/2022\/03\/images_Documenti2022_tsmree-mentana.png\" title=\"Tsmree Mentana\" target=\"_blank\" rel=\"noopener\"><img decoding=\"async\" class=\" size-full wp-image-54549\" src=\"https:\/\/www.aslroma5.it\/wp-content\/uploads\/2022\/03\/images_Documenti2022_tsmree-mentana.png\" title=\"Tsmree Mentana\" alt=\"tsmree mentana\" width=\"200\" height=\"283\" style=\"margin-top: 5px;\" srcset=\"https:\/\/www.aslroma5.it\/wp-content\/uploads\/2022\/03\/images_Documenti2022_tsmree-mentana.png 2480w, https:\/\/www.aslroma5.it\/wp-content\/uploads\/2022\/03\/images_Documenti2022_tsmree-mentana-212x300.png 212w, https:\/\/www.aslroma5.it\/wp-content\/uploads\/2022\/03\/images_Documenti2022_tsmree-mentana-724x1024.png 724w, https:\/\/www.aslroma5.it\/wp-content\/uploads\/2022\/03\/images_Documenti2022_tsmree-mentana-768x1086.png 768w, https:\/\/www.aslroma5.it\/wp-content\/uploads\/2022\/03\/images_Documenti2022_tsmree-mentana-1086x1536.png 1086w, https:\/\/www.aslroma5.it\/wp-content\/uploads\/2022\/03\/images_Documenti2022_tsmree-mentana-1448x2048.png 1448w\" sizes=\"(max-width: 200px) 100vw, 200px\" \/><\/a>&nbsp;<\/td>\n<\/tr>\n<tr>\n<td style=\"text-align: center;\"><span style=\"font-size: 8pt; font-family: arial, helvetica, sans-serif;\">&nbsp;SUBIACO<\/span><\/td>\n<td style=\"text-align: center;\"><span style=\"font-size: 8pt; font-family: arial, helvetica, sans-serif;\">TIVOLI&nbsp;<\/span><\/td>\n<td>&nbsp;<\/td>\n<\/tr>\n<tr>\n<td>&nbsp;<a href=\"https:\/\/www.aslroma5.it\/wp-content\/uploads\/2022\/03\/images_Documenti2022_tsmree-subiaco.png\" title=\"Tsmree Subiaco\" target=\"_blank\" rel=\"noopener\"><img loading=\"lazy\" decoding=\"async\" class=\" size-full wp-image-54550\" src=\"https:\/\/www.aslroma5.it\/wp-content\/uploads\/2022\/03\/images_Documenti2022_tsmree-subiaco.png\" title=\"Tsmree Subiaco\" alt=\"tsmree subiaco\" width=\"200\" height=\"283\" style=\"margin-top: 5px; margin-right: 5px;\" srcset=\"https:\/\/www.aslroma5.it\/wp-content\/uploads\/2022\/03\/images_Documenti2022_tsmree-subiaco.png 2480w, https:\/\/www.aslroma5.it\/wp-content\/uploads\/2022\/03\/images_Documenti2022_tsmree-subiaco-212x300.png 212w, https:\/\/www.aslroma5.it\/wp-content\/uploads\/2022\/03\/images_Documenti2022_tsmree-subiaco-724x1024.png 724w, https:\/\/www.aslroma5.it\/wp-content\/uploads\/2022\/03\/images_Documenti2022_tsmree-subiaco-768x1086.png 768w, https:\/\/www.aslroma5.it\/wp-content\/uploads\/2022\/03\/images_Documenti2022_tsmree-subiaco-1086x1536.png 1086w, https:\/\/www.aslroma5.it\/wp-content\/uploads\/2022\/03\/images_Documenti2022_tsmree-subiaco-1448x2048.png 1448w\" sizes=\"(max-width: 200px) 100vw, 200px\" \/><\/a><\/td>\n<td>&nbsp;<a href=\"https:\/\/www.aslroma5.it\/wp-content\/uploads\/2022\/03\/images_Documenti2022_tsmree-tivoli.png\" title=\"Tsmree Tivoli\" target=\"_blank\" rel=\"noopener\"><img loading=\"lazy\" decoding=\"async\" class=\" size-full wp-image-54551\" src=\"https:\/\/www.aslroma5.it\/wp-content\/uploads\/2022\/03\/images_Documenti2022_tsmree-tivoli.png\" title=\"Tsmree Tivoli\" alt=\"tsmree tivoli\" width=\"200\" height=\"283\" style=\"margin-top: 5px;\" srcset=\"https:\/\/www.aslroma5.it\/wp-content\/uploads\/2022\/03\/images_Documenti2022_tsmree-tivoli.png 2480w, https:\/\/www.aslroma5.it\/wp-content\/uploads\/2022\/03\/images_Documenti2022_tsmree-tivoli-212x300.png 212w, https:\/\/www.aslroma5.it\/wp-content\/uploads\/2022\/03\/images_Documenti2022_tsmree-tivoli-724x1024.png 724w, https:\/\/www.aslroma5.it\/wp-content\/uploads\/2022\/03\/images_Documenti2022_tsmree-tivoli-768x1086.png 768w, https:\/\/www.aslroma5.it\/wp-content\/uploads\/2022\/03\/images_Documenti2022_tsmree-tivoli-1086x1536.png 1086w, https:\/\/www.aslroma5.it\/wp-content\/uploads\/2022\/03\/images_Documenti2022_tsmree-tivoli-1448x2048.png 1448w\" sizes=\"(max-width: 200px) 100vw, 200px\" \/><\/a><\/td>\n<td>&nbsp;<\/td>\n<\/tr>\n<\/tbody>\n<\/table><\/div>\n","protected":false},"excerpt":{"rendered":"<p>\u201cNel blu dipinti di blu\u201d, nella ASL Roma 5 Open Day tutti i sabati di aprile &nbsp;Autismo, \u201cNel blu dipinti di blu\u201d, nella ASL Roma 5 Open Day tutti i sabati di aprile. La ASL Roma 5, aderendo all\u2019iniziativa della Regione Lazio: Open Day \u201cAprile Blu\u201d, per il sostegno dei bambini da 0-6 anni e&hellip;<\/p>\n","protected":false},"author":1,"featured_media":54546,"comment_status":"open","ping_status":"closed","sticky":false,"template":"","format":"standard","meta":{"_acf_changed":false,"inline_featured_image":false,"footnotes":""},"categories":[1816],"tags":[],"class_list":["post-54552","post","type-post","status-publish","format-standard","has-post-thumbnail","hentry","category-news","category-1816","description-off"],"acf":{"galleria":null},"yoast_head":"<!-- This site is optimized with the Yoast SEO plugin v25.5 - https:\/\/yoast.com\/wordpress\/plugins\/seo\/ -->\n<title>2 Aprile 2022, Giornata Mondiale della Consapevolezza sull\u2019Autismo - ASL ROMA 5<\/title>\n<meta name=\"robots\" content=\"index, follow, max-snippet:-1, max-image-preview:large, max-video-preview:-1\" \/>\n<link rel=\"canonical\" href=\"https:\/\/www.aslroma5.it\/2-aprile-2022-giornata-mondiale-della-consapevolezza-sull-autismo\/\" \/>\n<meta property=\"og:locale\" content=\"it_IT\" \/>\n<meta property=\"og:type\" content=\"article\" \/>\n<meta property=\"og:title\" content=\"2 Aprile 2022, Giornata Mondiale della Consapevolezza sull\u2019Autismo - ASL ROMA 5\" \/>\n<meta property=\"og:description\" content=\"\u201cNel blu dipinti di blu\u201d, nella ASL Roma 5 Open Day tutti i sabati di aprile &nbsp;Autismo, \u201cNel blu dipinti di blu\u201d, nella ASL Roma 5 Open Day tutti i sabati di aprile. La ASL Roma 5, aderendo all\u2019iniziativa della Regione Lazio: Open Day \u201cAprile Blu\u201d, per il sostegno dei bambini da 0-6 anni e&hellip;\" \/>\n<meta property=\"og:url\" content=\"https:\/\/www.aslroma5.it\/2-aprile-2022-giornata-mondiale-della-consapevolezza-sull-autismo\/\" \/>\n<meta property=\"og:site_name\" content=\"ASL ROMA 5\" \/>\n<meta property=\"article:published_time\" content=\"2022-03-29T08:46:44+00:00\" \/>\n<meta property=\"og:image\" content=\"https:\/\/www.aslroma5.it\/wp-content\/uploads\/2022\/03\/images_Documenti2022_locandina-autismo.png\" \/>\n\t<meta property=\"og:image:width\" content=\"400\" \/>\n\t<meta property=\"og:image:height\" content=\"566\" \/>\n\t<meta property=\"og:image:type\" content=\"image\/png\" \/>\n<meta name=\"author\" content=\"dot4all\" \/>\n<meta name=\"twitter:card\" content=\"summary_large_image\" \/>\n<meta name=\"twitter:label1\" content=\"Scritto da\" \/>\n\t<meta name=\"twitter:data1\" content=\"dot4all\" \/>\n\t<meta name=\"twitter:label2\" content=\"Tempo di lettura stimato\" \/>\n\t<meta name=\"twitter:data2\" content=\"2 minuti\" \/>\n<script type=\"application\/ld+json\" class=\"yoast-schema-graph\">{\"@context\":\"https:\/\/schema.org\",\"@graph\":[{\"@type\":\"Article\",\"@id\":\"https:\/\/www.aslroma5.it\/2-aprile-2022-giornata-mondiale-della-consapevolezza-sull-autismo\/#article\",\"isPartOf\":{\"@id\":\"https:\/\/www.aslroma5.it\/2-aprile-2022-giornata-mondiale-della-consapevolezza-sull-autismo\/\"},\"author\":{\"name\":\"dot4all\",\"@id\":\"https:\/\/www.aslroma5.it\/#\/schema\/person\/aae9591da64a4feb5cf19a10d69b634d\"},\"headline\":\"2 Aprile 2022, Giornata Mondiale della Consapevolezza sull\u2019Autismo\",\"datePublished\":\"2022-03-29T08:46:44+00:00\",\"mainEntityOfPage\":{\"@id\":\"https:\/\/www.aslroma5.it\/2-aprile-2022-giornata-mondiale-della-consapevolezza-sull-autismo\/\"},\"wordCount\":398,\"commentCount\":0,\"publisher\":{\"@id\":\"https:\/\/www.aslroma5.it\/#organization\"},\"image\":{\"@id\":\"https:\/\/www.aslroma5.it\/2-aprile-2022-giornata-mondiale-della-consapevolezza-sull-autismo\/#primaryimage\"},\"thumbnailUrl\":\"https:\/\/www.aslroma5.it\/wp-content\/uploads\/2022\/03\/images_Documenti2022_locandina-autismo.png\",\"articleSection\":[\"News\"],\"inLanguage\":\"it-IT\",\"potentialAction\":[{\"@type\":\"CommentAction\",\"name\":\"Comment\",\"target\":[\"https:\/\/www.aslroma5.it\/2-aprile-2022-giornata-mondiale-della-consapevolezza-sull-autismo\/#respond\"]}]},{\"@type\":\"WebPage\",\"@id\":\"https:\/\/www.aslroma5.it\/2-aprile-2022-giornata-mondiale-della-consapevolezza-sull-autismo\/\",\"url\":\"https:\/\/www.aslroma5.it\/2-aprile-2022-giornata-mondiale-della-consapevolezza-sull-autismo\/\",\"name\":\"2 Aprile 2022, Giornata Mondiale della Consapevolezza sull\u2019Autismo - ASL ROMA 5\",\"isPartOf\":{\"@id\":\"https:\/\/www.aslroma5.it\/#website\"},\"primaryImageOfPage\":{\"@id\":\"https:\/\/www.aslroma5.it\/2-aprile-2022-giornata-mondiale-della-consapevolezza-sull-autismo\/#primaryimage\"},\"image\":{\"@id\":\"https:\/\/www.aslroma5.it\/2-aprile-2022-giornata-mondiale-della-consapevolezza-sull-autismo\/#primaryimage\"},\"thumbnailUrl\":\"https:\/\/www.aslroma5.it\/wp-content\/uploads\/2022\/03\/images_Documenti2022_locandina-autismo.png\",\"datePublished\":\"2022-03-29T08:46:44+00:00\",\"breadcrumb\":{\"@id\":\"https:\/\/www.aslroma5.it\/2-aprile-2022-giornata-mondiale-della-consapevolezza-sull-autismo\/#breadcrumb\"},\"inLanguage\":\"it-IT\",\"potentialAction\":[{\"@type\":\"ReadAction\",\"target\":[\"https:\/\/www.aslroma5.it\/2-aprile-2022-giornata-mondiale-della-consapevolezza-sull-autismo\/\"]}]},{\"@type\":\"ImageObject\",\"inLanguage\":\"it-IT\",\"@id\":\"https:\/\/www.aslroma5.it\/2-aprile-2022-giornata-mondiale-della-consapevolezza-sull-autismo\/#primaryimage\",\"url\":\"https:\/\/www.aslroma5.it\/wp-content\/uploads\/2022\/03\/images_Documenti2022_locandina-autismo.png\",\"contentUrl\":\"https:\/\/www.aslroma5.it\/wp-content\/uploads\/2022\/03\/images_Documenti2022_locandina-autismo.png\",\"width\":400,\"height\":566},{\"@type\":\"BreadcrumbList\",\"@id\":\"https:\/\/www.aslroma5.it\/2-aprile-2022-giornata-mondiale-della-consapevolezza-sull-autismo\/#breadcrumb\",\"itemListElement\":[{\"@type\":\"ListItem\",\"position\":1,\"name\":\"Home\",\"item\":\"https:\/\/www.aslroma5.it\/\"},{\"@type\":\"ListItem\",\"position\":2,\"name\":\"2 Aprile 2022, Giornata Mondiale della Consapevolezza sull\u2019Autismo\"}]},{\"@type\":\"WebSite\",\"@id\":\"https:\/\/www.aslroma5.it\/#website\",\"url\":\"https:\/\/www.aslroma5.it\/\",\"name\":\"ASL ROMA 5\",\"description\":\"\",\"publisher\":{\"@id\":\"https:\/\/www.aslroma5.it\/#organization\"},\"potentialAction\":[{\"@type\":\"SearchAction\",\"target\":{\"@type\":\"EntryPoint\",\"urlTemplate\":\"https:\/\/www.aslroma5.it\/?s={search_term_string}\"},\"query-input\":{\"@type\":\"PropertyValueSpecification\",\"valueRequired\":true,\"valueName\":\"search_term_string\"}}],\"inLanguage\":\"it-IT\"},{\"@type\":\"Organization\",\"@id\":\"https:\/\/www.aslroma5.it\/#organization\",\"name\":\"ASL ROMA 5\",\"url\":\"https:\/\/www.aslroma5.it\/\",\"logo\":{\"@type\":\"ImageObject\",\"inLanguage\":\"it-IT\",\"@id\":\"https:\/\/www.aslroma5.it\/#\/schema\/logo\/image\/\",\"url\":\"https:\/\/www.aslroma5.it\/wp-content\/uploads\/2025\/07\/asl-roma5-logo-25.svg\",\"contentUrl\":\"https:\/\/www.aslroma5.it\/wp-content\/uploads\/2025\/07\/asl-roma5-logo-25.svg\",\"width\":328,\"height\":112,\"caption\":\"ASL ROMA 5\"},\"image\":{\"@id\":\"https:\/\/www.aslroma5.it\/#\/schema\/logo\/image\/\"}},{\"@type\":\"Person\",\"@id\":\"https:\/\/www.aslroma5.it\/#\/schema\/person\/aae9591da64a4feb5cf19a10d69b634d\",\"name\":\"dot4all\",\"image\":{\"@type\":\"ImageObject\",\"inLanguage\":\"it-IT\",\"@id\":\"https:\/\/www.aslroma5.it\/#\/schema\/person\/image\/\",\"url\":\"https:\/\/secure.gravatar.com\/avatar\/a228c250e89e00f48f7bae46b9a785bc5b3f509d86988952d9e01450e422a0cc?s=96&d=mm&r=g\",\"contentUrl\":\"https:\/\/secure.gravatar.com\/avatar\/a228c250e89e00f48f7bae46b9a785bc5b3f509d86988952d9e01450e422a0cc?s=96&d=mm&r=g\",\"caption\":\"dot4all\"},\"sameAs\":[\"https:\/\/www.aslroma5.info\/new2021\"]}]}<\/script>\n<!-- \/ Yoast SEO plugin. -->","yoast_head_json":{"title":"2 Aprile 2022, Giornata Mondiale della Consapevolezza sull\u2019Autismo - ASL ROMA 5","robots":{"index":"index","follow":"follow","max-snippet":"max-snippet:-1","max-image-preview":"max-image-preview:large","max-video-preview":"max-video-preview:-1"},"canonical":"https:\/\/www.aslroma5.it\/2-aprile-2022-giornata-mondiale-della-consapevolezza-sull-autismo\/","og_locale":"it_IT","og_type":"article","og_title":"2 Aprile 2022, Giornata Mondiale della Consapevolezza sull\u2019Autismo - ASL ROMA 5","og_description":"\u201cNel blu dipinti di blu\u201d, nella ASL Roma 5 Open Day tutti i sabati di aprile &nbsp;Autismo, \u201cNel blu dipinti di blu\u201d, nella ASL Roma 5 Open Day tutti i sabati di aprile. La ASL Roma 5, aderendo all\u2019iniziativa della Regione Lazio: Open Day \u201cAprile Blu\u201d, per il sostegno dei bambini da 0-6 anni e&hellip;","og_url":"https:\/\/www.aslroma5.it\/2-aprile-2022-giornata-mondiale-della-consapevolezza-sull-autismo\/","og_site_name":"ASL ROMA 5","article_published_time":"2022-03-29T08:46:44+00:00","og_image":[{"width":400,"height":566,"url":"https:\/\/www.aslroma5.it\/wp-content\/uploads\/2022\/03\/images_Documenti2022_locandina-autismo.png","type":"image\/png"}],"author":"dot4all","twitter_card":"summary_large_image","twitter_misc":{"Scritto da":"dot4all","Tempo di lettura stimato":"2 minuti"},"schema":{"@context":"https:\/\/schema.org","@graph":[{"@type":"Article","@id":"https:\/\/www.aslroma5.it\/2-aprile-2022-giornata-mondiale-della-consapevolezza-sull-autismo\/#article","isPartOf":{"@id":"https:\/\/www.aslroma5.it\/2-aprile-2022-giornata-mondiale-della-consapevolezza-sull-autismo\/"},"author":{"name":"dot4all","@id":"https:\/\/www.aslroma5.it\/#\/schema\/person\/aae9591da64a4feb5cf19a10d69b634d"},"headline":"2 Aprile 2022, Giornata Mondiale della Consapevolezza sull\u2019Autismo","datePublished":"2022-03-29T08:46:44+00:00","mainEntityOfPage":{"@id":"https:\/\/www.aslroma5.it\/2-aprile-2022-giornata-mondiale-della-consapevolezza-sull-autismo\/"},"wordCount":398,"commentCount":0,"publisher":{"@id":"https:\/\/www.aslroma5.it\/#organization"},"image":{"@id":"https:\/\/www.aslroma5.it\/2-aprile-2022-giornata-mondiale-della-consapevolezza-sull-autismo\/#primaryimage"},"thumbnailUrl":"https:\/\/www.aslroma5.it\/wp-content\/uploads\/2022\/03\/images_Documenti2022_locandina-autismo.png","articleSection":["News"],"inLanguage":"it-IT","potentialAction":[{"@type":"CommentAction","name":"Comment","target":["https:\/\/www.aslroma5.it\/2-aprile-2022-giornata-mondiale-della-consapevolezza-sull-autismo\/#respond"]}]},{"@type":"WebPage","@id":"https:\/\/www.aslroma5.it\/2-aprile-2022-giornata-mondiale-della-consapevolezza-sull-autismo\/","url":"https:\/\/www.aslroma5.it\/2-aprile-2022-giornata-mondiale-della-consapevolezza-sull-autismo\/","name":"2 Aprile 2022, Giornata Mondiale della Consapevolezza sull\u2019Autismo - ASL ROMA 5","isPartOf":{"@id":"https:\/\/www.aslroma5.it\/#website"},"primaryImageOfPage":{"@id":"https:\/\/www.aslroma5.it\/2-aprile-2022-giornata-mondiale-della-consapevolezza-sull-autismo\/#primaryimage"},"image":{"@id":"https:\/\/www.aslroma5.it\/2-aprile-2022-giornata-mondiale-della-consapevolezza-sull-autismo\/#primaryimage"},"thumbnailUrl":"https:\/\/www.aslroma5.it\/wp-content\/uploads\/2022\/03\/images_Documenti2022_locandina-autismo.png","datePublished":"2022-03-29T08:46:44+00:00","breadcrumb":{"@id":"https:\/\/www.aslroma5.it\/2-aprile-2022-giornata-mondiale-della-consapevolezza-sull-autismo\/#breadcrumb"},"inLanguage":"it-IT","potentialAction":[{"@type":"ReadAction","target":["https:\/\/www.aslroma5.it\/2-aprile-2022-giornata-mondiale-della-consapevolezza-sull-autismo\/"]}]},{"@type":"ImageObject","inLanguage":"it-IT","@id":"https:\/\/www.aslroma5.it\/2-aprile-2022-giornata-mondiale-della-consapevolezza-sull-autismo\/#primaryimage","url":"https:\/\/www.aslroma5.it\/wp-content\/uploads\/2022\/03\/images_Documenti2022_locandina-autismo.png","contentUrl":"https:\/\/www.aslroma5.it\/wp-content\/uploads\/2022\/03\/images_Documenti2022_locandina-autismo.png","width":400,"height":566},{"@type":"BreadcrumbList","@id":"https:\/\/www.aslroma5.it\/2-aprile-2022-giornata-mondiale-della-consapevolezza-sull-autismo\/#breadcrumb","itemListElement":[{"@type":"ListItem","position":1,"name":"Home","item":"https:\/\/www.aslroma5.it\/"},{"@type":"ListItem","position":2,"name":"2 Aprile 2022, Giornata Mondiale della Consapevolezza sull\u2019Autismo"}]},{"@type":"WebSite","@id":"https:\/\/www.aslroma5.it\/#website","url":"https:\/\/www.aslroma5.it\/","name":"ASL ROMA 5","description":"","publisher":{"@id":"https:\/\/www.aslroma5.it\/#organization"},"potentialAction":[{"@type":"SearchAction","target":{"@type":"EntryPoint","urlTemplate":"https:\/\/www.aslroma5.it\/?s={search_term_string}"},"query-input":{"@type":"PropertyValueSpecification","valueRequired":true,"valueName":"search_term_string"}}],"inLanguage":"it-IT"},{"@type":"Organization","@id":"https:\/\/www.aslroma5.it\/#organization","name":"ASL ROMA 5","url":"https:\/\/www.aslroma5.it\/","logo":{"@type":"ImageObject","inLanguage":"it-IT","@id":"https:\/\/www.aslroma5.it\/#\/schema\/logo\/image\/","url":"https:\/\/www.aslroma5.it\/wp-content\/uploads\/2025\/07\/asl-roma5-logo-25.svg","contentUrl":"https:\/\/www.aslroma5.it\/wp-content\/uploads\/2025\/07\/asl-roma5-logo-25.svg","width":328,"height":112,"caption":"ASL ROMA 5"},"image":{"@id":"https:\/\/www.aslroma5.it\/#\/schema\/logo\/image\/"}},{"@type":"Person","@id":"https:\/\/www.aslroma5.it\/#\/schema\/person\/aae9591da64a4feb5cf19a10d69b634d","name":"dot4all","image":{"@type":"ImageObject","inLanguage":"it-IT","@id":"https:\/\/www.aslroma5.it\/#\/schema\/person\/image\/","url":"https:\/\/secure.gravatar.com\/avatar\/a228c250e89e00f48f7bae46b9a785bc5b3f509d86988952d9e01450e422a0cc?s=96&d=mm&r=g","contentUrl":"https:\/\/secure.gravatar.com\/avatar\/a228c250e89e00f48f7bae46b9a785bc5b3f509d86988952d9e01450e422a0cc?s=96&d=mm&r=g","caption":"dot4all"},"sameAs":["https:\/\/www.aslroma5.info\/new2021"]}]}},"publishpress_future_action":{"enabled":false,"date":"2026-05-08 11:18:37","action":"change-status","newStatus":"draft","terms":[],"taxonomy":"category","extraData":[]},"publishpress_future_workflow_manual_trigger":{"enabledWorkflows":[]},"_links":{"self":[{"href":"https:\/\/www.aslroma5.it\/api\/wp\/v2\/posts\/54552","targetHints":{"allow":["GET"]}}],"collection":[{"href":"https:\/\/www.aslroma5.it\/api\/wp\/v2\/posts"}],"about":[{"href":"https:\/\/www.aslroma5.it\/api\/wp\/v2\/types\/post"}],"author":[{"embeddable":true,"href":"https:\/\/www.aslroma5.it\/api\/wp\/v2\/users\/1"}],"replies":[{"embeddable":true,"href":"https:\/\/www.aslroma5.it\/api\/wp\/v2\/comments?post=54552"}],"version-history":[{"count":0,"href":"https:\/\/www.aslroma5.it\/api\/wp\/v2\/posts\/54552\/revisions"}],"wp:featuredmedia":[{"embeddable":true,"href":"https:\/\/www.aslroma5.it\/api\/wp\/v2\/media\/54546"}],"wp:attachment":[{"href":"https:\/\/www.aslroma5.it\/api\/wp\/v2\/media?parent=54552"}],"wp:term":[{"taxonomy":"category","embeddable":true,"href":"https:\/\/www.aslroma5.it\/api\/wp\/v2\/categories?post=54552"},{"taxonomy":"post_tag","embeddable":true,"href":"https:\/\/www.aslroma5.it\/api\/wp\/v2\/tags?post=54552"}],"curies":[{"name":"wp","href":"https:\/\/api.w.org\/{rel}","templated":true}]}}