{"id":56476,"date":"2022-05-02T13:02:32","date_gmt":"2022-05-02T11:02:32","guid":{"rendered":"https:\/\/www.aslroma5.info\/new2021\/programmare-in-sinergia-con-i-comuni-i-servizi-alle-persone-prosegue-approvazione-piani-sociali-di-zona\/"},"modified":"2022-05-02T13:02:32","modified_gmt":"2022-05-02T11:02:32","slug":"programmare-in-sinergia-con-i-comuni-i-servizi-alle-persone-prosegue-approvazione-piani-sociali-di-zona","status":"publish","type":"post","link":"https:\/\/www.aslroma5.it\/programmare-in-sinergia-con-i-comuni-i-servizi-alle-persone-prosegue-approvazione-piani-sociali-di-zona\/","title":{"rendered":"Programmare in sinergia con i Comuni i servizi alle persone, prosegue approvazione Piani Sociali di Zona"},"content":{"rendered":"<p><strong>Santonocito: \u201c<\/strong><strong><em>L\u2019integrazione e la programmazione congiunta generano maggiore efficacia di cura e di sostegno, favoriscono un uso pi\u00f9 efficiente delle risorse e migliorano il rapporto con i servizi\u201d<\/em><\/strong><\/p>\n<p>Con l\u2019approvazione dei Piani Sociali di Zona (uno per ogni Distretto sanitario), prosegue l\u2019attivit\u00e0 di ascolto e di integrazione tra la ASL Roma 5 e le istituzioni locali.&nbsp;I processi di integrazione sociosanitaria puntano a garantire universali diritti di accesso all\u2019assistenza e omogenea appropriatezza di risposte, sia in termini di efficacia che di migliore distribuzione delle risorse.<\/p>\n<p>\u201c<em>L\u2019attenzione dedicata alla integrazione socio-sanitaria<\/em>&nbsp;\u2013 spiega il Direttore generale della ASL Roma 5, Giorgio Giulio&nbsp;<strong>Santonocito<\/strong>&nbsp;&#8211;&nbsp;<em>non \u00e8 soltanto effetto del dettato normativo nazionale e regionale, ma \u00e8 soprattutto conseguenza della maggiore consapevolezza che l\u2019integrazione rappresenta un fattore fondamentale di qualificazione della offerta dei servizi e prestazioni socio sanitarie: l\u2019integrazione e la programmazione congiunta generano maggiore efficacia di cura e di sostegno, favoriscono un uso pi\u00f9 efficiente delle risorse e riducono il disagio dei cittadini nel rapporto con i servizi\u201d.<\/em><\/p>\n<p>\u201c<em>Il Piano di zona<\/em>&nbsp;\u2013 conclude&nbsp;<strong>Santonocito<\/strong>&nbsp;&#8211;&nbsp;<em>\u00e8 l&#8217;occasione offerta alle comunit\u00e0 locali per leggere, valutare, programmare e guidare il proprio sviluppo e va visto e realizzato come piano regolatore del funzionamento dei servizi alle persone<\/em>\u201d.<\/p>\n<p><em>&nbsp;<\/em><\/p>\n<p><strong>COS\u2019\u00c8 IL PIANO SOCIALE DI ZONA<\/strong><\/p>\n<p>\u00c8 un documento programmatico,&nbsp;\u00e8 l&#8217;occasione offerta alle comunit\u00e0 locali per leggere, valutare, programmare e guidare il proprio sviluppo e va visto e realizzato come piano regolatore del funzionamento dei servizi alle persone. In particolare, il Piano di zona \u00e8 lo strumento promosso dai diversi soggetti istituzionali e comunitari per:<\/p>\n<ul>\n<li>analizzare i bisogni e i problemi della popolazione;<\/li>\n<li>riconoscere e mobilitare le risorse professionali, personali, strutturali, economiche pubbliche, private (profit e no profit) e del Volontariato;<\/li>\n<li>definire obiettivi e priorit\u00e0, nel triennio di durata del piano attorno a cui finalizzare le risorse;<\/li>\n<li>individuare le unit\u00e0 d&#8217;offerta e le forme organizzative congrue, nel rispetto dei vincoli normativi e delle specificit\u00e0 e caratteristiche proprie delle singole comunit\u00e0 locali;<\/li>\n<li>stabilire forme e modalit\u00e0 gestionali atte a garantire approcci integrati e interventi connotati in termini di efficacia, efficienza ed economicit\u00e0;<\/li>\n<li>prevedere sistemi, modalit\u00e0, responsabilit\u00e0 e tempi per la verifica e la valutazione dei programmi e dei servizi.<\/li>\n<\/ul>\n<p><em>Il primo passo per l\u2019integrazione gestionale<\/em>&nbsp;<em>\u00e8 la programmazione congiunta, funzione strategica che definisce, sulla base di priorit\u00e0 e obiettivi, gli interventi da mettere in campo, le risorse a disposizione, i processi e le procedure di attuazione. Alla funzione di programmazione spetta il compito di intercettare i nuovi e diversi bisogni che derivano dai mutamenti sociali, economici, normativi e culturali e, sulla base di essi, di indicare interventi e risposte assistenziali adeguate. Soltanto un approccio integrato, nell\u2019analisi dei bisogni, nelle scelte delle priorit\u00e0 d\u2019intervento e nell\u2019adozione degli strumenti di governo del sistema, pu\u00f2 rispondere in maniera adeguata alla complessit\u00e0 dei fenomeni e dei bisogni sociosanitari complessi.<\/em><\/p>\n<p><em>&nbsp;<\/em><\/p>\n<p><strong>COSA FA LA ASL<\/strong><\/p>\n<ul>\n<li>Ratifica della convenzione con i Comuni dei comuni afferenti ai singoli distretti sanitari;<\/li>\n<\/ul>\n<ul>\n<li>Co-progettazione di servizi e attivit\u00e0 territoriali sociali a valenza sanitaria (es. Centro diurno socio sanitario per disabili, centri diurni per adolescenti con problematiche comportamentali);<\/li>\n<li>Composizione del budget unico di distretto;<\/li>\n<li>Monitoraggio delle attivit\u00e0 progettuali;<\/li>\n<li>Valutazioni multidimensionali per accesso ai contributi regionali come la disabilit\u00e0 gravissima, Dopo di Noi ecc..<\/li>\n<li>Verifica delle azioni progettuali con il territorio e gli uffici di Piano.<\/li>\n<\/ul>\n<p>&nbsp;<\/p>\n","protected":false},"excerpt":{"rendered":"<p>Santonocito: \u201cL\u2019integrazione e la programmazione congiunta generano maggiore efficacia di cura e di sostegno, favoriscono un uso pi\u00f9 efficiente delle risorse e migliorano il rapporto con i servizi\u201d Con l\u2019approvazione dei Piani Sociali di Zona (uno per ogni Distretto sanitario), prosegue l\u2019attivit\u00e0 di ascolto e di integrazione tra la ASL Roma 5 e le istituzioni&hellip;<\/p>\n","protected":false},"author":1,"featured_media":56475,"comment_status":"open","ping_status":"closed","sticky":false,"template":"","format":"standard","meta":{"_acf_changed":false,"inline_featured_image":false,"footnotes":""},"categories":[1816],"tags":[],"class_list":["post-56476","post","type-post","status-publish","format-standard","has-post-thumbnail","hentry","category-news","category-1816","description-off"],"acf":{"galleria":null},"yoast_head":"<!-- This site is optimized with the Yoast SEO plugin v25.5 - https:\/\/yoast.com\/wordpress\/plugins\/seo\/ -->\n<title>Programmare in sinergia con i Comuni i servizi alle persone, prosegue approvazione Piani Sociali di Zona - ASL ROMA 5<\/title>\n<meta name=\"robots\" content=\"index, follow, max-snippet:-1, max-image-preview:large, max-video-preview:-1\" \/>\n<link rel=\"canonical\" href=\"https:\/\/www.aslroma5.it\/programmare-in-sinergia-con-i-comuni-i-servizi-alle-persone-prosegue-approvazione-piani-sociali-di-zona\/\" \/>\n<meta property=\"og:locale\" content=\"it_IT\" \/>\n<meta property=\"og:type\" content=\"article\" \/>\n<meta property=\"og:title\" content=\"Programmare in sinergia con i Comuni i servizi alle persone, prosegue approvazione Piani Sociali di Zona - ASL ROMA 5\" \/>\n<meta property=\"og:description\" content=\"Santonocito: \u201cL\u2019integrazione e la programmazione congiunta generano maggiore efficacia di cura e di sostegno, favoriscono un uso pi\u00f9 efficiente delle risorse e migliorano il rapporto con i servizi\u201d Con l\u2019approvazione dei Piani Sociali di Zona (uno per ogni Distretto sanitario), prosegue l\u2019attivit\u00e0 di ascolto e di integrazione tra la ASL Roma 5 e le istituzioni&hellip;\" \/>\n<meta property=\"og:url\" content=\"https:\/\/www.aslroma5.it\/programmare-in-sinergia-con-i-comuni-i-servizi-alle-persone-prosegue-approvazione-piani-sociali-di-zona\/\" \/>\n<meta property=\"og:site_name\" content=\"ASL ROMA 5\" \/>\n<meta property=\"article:published_time\" content=\"2022-05-02T11:02:32+00:00\" \/>\n<meta property=\"og:image\" content=\"https:\/\/www.aslroma5.it\/wp-content\/uploads\/2022\/05\/images_Documenti2022_tivoli_direzione_aziendale.jpg\" \/>\n\t<meta property=\"og:image:width\" content=\"1200\" \/>\n\t<meta property=\"og:image:height\" content=\"1600\" \/>\n\t<meta property=\"og:image:type\" content=\"image\/jpeg\" \/>\n<meta name=\"author\" content=\"dot4all\" \/>\n<meta name=\"twitter:card\" content=\"summary_large_image\" \/>\n<meta name=\"twitter:label1\" content=\"Scritto da\" \/>\n\t<meta name=\"twitter:data1\" content=\"dot4all\" \/>\n\t<meta name=\"twitter:label2\" content=\"Tempo di lettura stimato\" \/>\n\t<meta name=\"twitter:data2\" content=\"3 minuti\" \/>\n<script type=\"application\/ld+json\" class=\"yoast-schema-graph\">{\"@context\":\"https:\/\/schema.org\",\"@graph\":[{\"@type\":\"Article\",\"@id\":\"https:\/\/www.aslroma5.it\/programmare-in-sinergia-con-i-comuni-i-servizi-alle-persone-prosegue-approvazione-piani-sociali-di-zona\/#article\",\"isPartOf\":{\"@id\":\"https:\/\/www.aslroma5.it\/programmare-in-sinergia-con-i-comuni-i-servizi-alle-persone-prosegue-approvazione-piani-sociali-di-zona\/\"},\"author\":{\"name\":\"dot4all\",\"@id\":\"https:\/\/www.aslroma5.it\/#\/schema\/person\/aae9591da64a4feb5cf19a10d69b634d\"},\"headline\":\"Programmare in sinergia con i Comuni i servizi alle persone, prosegue approvazione Piani Sociali di Zona\",\"datePublished\":\"2022-05-02T11:02:32+00:00\",\"mainEntityOfPage\":{\"@id\":\"https:\/\/www.aslroma5.it\/programmare-in-sinergia-con-i-comuni-i-servizi-alle-persone-prosegue-approvazione-piani-sociali-di-zona\/\"},\"wordCount\":580,\"commentCount\":0,\"publisher\":{\"@id\":\"https:\/\/www.aslroma5.it\/#organization\"},\"image\":{\"@id\":\"https:\/\/www.aslroma5.it\/programmare-in-sinergia-con-i-comuni-i-servizi-alle-persone-prosegue-approvazione-piani-sociali-di-zona\/#primaryimage\"},\"thumbnailUrl\":\"https:\/\/www.aslroma5.it\/wp-content\/uploads\/2022\/05\/images_Documenti2022_tivoli_direzione_aziendale.jpg\",\"articleSection\":[\"News\"],\"inLanguage\":\"it-IT\",\"potentialAction\":[{\"@type\":\"CommentAction\",\"name\":\"Comment\",\"target\":[\"https:\/\/www.aslroma5.it\/programmare-in-sinergia-con-i-comuni-i-servizi-alle-persone-prosegue-approvazione-piani-sociali-di-zona\/#respond\"]}]},{\"@type\":\"WebPage\",\"@id\":\"https:\/\/www.aslroma5.it\/programmare-in-sinergia-con-i-comuni-i-servizi-alle-persone-prosegue-approvazione-piani-sociali-di-zona\/\",\"url\":\"https:\/\/www.aslroma5.it\/programmare-in-sinergia-con-i-comuni-i-servizi-alle-persone-prosegue-approvazione-piani-sociali-di-zona\/\",\"name\":\"Programmare in sinergia con i Comuni i servizi alle persone, prosegue approvazione Piani Sociali di Zona - ASL ROMA 5\",\"isPartOf\":{\"@id\":\"https:\/\/www.aslroma5.it\/#website\"},\"primaryImageOfPage\":{\"@id\":\"https:\/\/www.aslroma5.it\/programmare-in-sinergia-con-i-comuni-i-servizi-alle-persone-prosegue-approvazione-piani-sociali-di-zona\/#primaryimage\"},\"image\":{\"@id\":\"https:\/\/www.aslroma5.it\/programmare-in-sinergia-con-i-comuni-i-servizi-alle-persone-prosegue-approvazione-piani-sociali-di-zona\/#primaryimage\"},\"thumbnailUrl\":\"https:\/\/www.aslroma5.it\/wp-content\/uploads\/2022\/05\/images_Documenti2022_tivoli_direzione_aziendale.jpg\",\"datePublished\":\"2022-05-02T11:02:32+00:00\",\"breadcrumb\":{\"@id\":\"https:\/\/www.aslroma5.it\/programmare-in-sinergia-con-i-comuni-i-servizi-alle-persone-prosegue-approvazione-piani-sociali-di-zona\/#breadcrumb\"},\"inLanguage\":\"it-IT\",\"potentialAction\":[{\"@type\":\"ReadAction\",\"target\":[\"https:\/\/www.aslroma5.it\/programmare-in-sinergia-con-i-comuni-i-servizi-alle-persone-prosegue-approvazione-piani-sociali-di-zona\/\"]}]},{\"@type\":\"ImageObject\",\"inLanguage\":\"it-IT\",\"@id\":\"https:\/\/www.aslroma5.it\/programmare-in-sinergia-con-i-comuni-i-servizi-alle-persone-prosegue-approvazione-piani-sociali-di-zona\/#primaryimage\",\"url\":\"https:\/\/www.aslroma5.it\/wp-content\/uploads\/2022\/05\/images_Documenti2022_tivoli_direzione_aziendale.jpg\",\"contentUrl\":\"https:\/\/www.aslroma5.it\/wp-content\/uploads\/2022\/05\/images_Documenti2022_tivoli_direzione_aziendale.jpg\",\"width\":1200,\"height\":1600},{\"@type\":\"BreadcrumbList\",\"@id\":\"https:\/\/www.aslroma5.it\/programmare-in-sinergia-con-i-comuni-i-servizi-alle-persone-prosegue-approvazione-piani-sociali-di-zona\/#breadcrumb\",\"itemListElement\":[{\"@type\":\"ListItem\",\"position\":1,\"name\":\"Home\",\"item\":\"https:\/\/www.aslroma5.it\/\"},{\"@type\":\"ListItem\",\"position\":2,\"name\":\"Programmare in sinergia con i Comuni i servizi alle persone, prosegue approvazione Piani Sociali di Zona\"}]},{\"@type\":\"WebSite\",\"@id\":\"https:\/\/www.aslroma5.it\/#website\",\"url\":\"https:\/\/www.aslroma5.it\/\",\"name\":\"ASL ROMA 5\",\"description\":\"\",\"publisher\":{\"@id\":\"https:\/\/www.aslroma5.it\/#organization\"},\"potentialAction\":[{\"@type\":\"SearchAction\",\"target\":{\"@type\":\"EntryPoint\",\"urlTemplate\":\"https:\/\/www.aslroma5.it\/?s={search_term_string}\"},\"query-input\":{\"@type\":\"PropertyValueSpecification\",\"valueRequired\":true,\"valueName\":\"search_term_string\"}}],\"inLanguage\":\"it-IT\"},{\"@type\":\"Organization\",\"@id\":\"https:\/\/www.aslroma5.it\/#organization\",\"name\":\"ASL ROMA 5\",\"url\":\"https:\/\/www.aslroma5.it\/\",\"logo\":{\"@type\":\"ImageObject\",\"inLanguage\":\"it-IT\",\"@id\":\"https:\/\/www.aslroma5.it\/#\/schema\/logo\/image\/\",\"url\":\"https:\/\/www.aslroma5.it\/wp-content\/uploads\/2025\/07\/asl-roma5-logo-25.svg\",\"contentUrl\":\"https:\/\/www.aslroma5.it\/wp-content\/uploads\/2025\/07\/asl-roma5-logo-25.svg\",\"width\":328,\"height\":112,\"caption\":\"ASL ROMA 5\"},\"image\":{\"@id\":\"https:\/\/www.aslroma5.it\/#\/schema\/logo\/image\/\"}},{\"@type\":\"Person\",\"@id\":\"https:\/\/www.aslroma5.it\/#\/schema\/person\/aae9591da64a4feb5cf19a10d69b634d\",\"name\":\"dot4all\",\"image\":{\"@type\":\"ImageObject\",\"inLanguage\":\"it-IT\",\"@id\":\"https:\/\/www.aslroma5.it\/#\/schema\/person\/image\/\",\"url\":\"https:\/\/secure.gravatar.com\/avatar\/a228c250e89e00f48f7bae46b9a785bc5b3f509d86988952d9e01450e422a0cc?s=96&d=mm&r=g\",\"contentUrl\":\"https:\/\/secure.gravatar.com\/avatar\/a228c250e89e00f48f7bae46b9a785bc5b3f509d86988952d9e01450e422a0cc?s=96&d=mm&r=g\",\"caption\":\"dot4all\"},\"sameAs\":[\"https:\/\/www.aslroma5.info\/new2021\"]}]}<\/script>\n<!-- \/ Yoast SEO plugin. -->","yoast_head_json":{"title":"Programmare in sinergia con i Comuni i servizi alle persone, prosegue approvazione Piani Sociali di Zona - ASL ROMA 5","robots":{"index":"index","follow":"follow","max-snippet":"max-snippet:-1","max-image-preview":"max-image-preview:large","max-video-preview":"max-video-preview:-1"},"canonical":"https:\/\/www.aslroma5.it\/programmare-in-sinergia-con-i-comuni-i-servizi-alle-persone-prosegue-approvazione-piani-sociali-di-zona\/","og_locale":"it_IT","og_type":"article","og_title":"Programmare in sinergia con i Comuni i servizi alle persone, prosegue approvazione Piani Sociali di Zona - ASL ROMA 5","og_description":"Santonocito: \u201cL\u2019integrazione e la programmazione congiunta generano maggiore efficacia di cura e di sostegno, favoriscono un uso pi\u00f9 efficiente delle risorse e migliorano il rapporto con i servizi\u201d Con l\u2019approvazione dei Piani Sociali di Zona (uno per ogni Distretto sanitario), prosegue l\u2019attivit\u00e0 di ascolto e di integrazione tra la ASL Roma 5 e le istituzioni&hellip;","og_url":"https:\/\/www.aslroma5.it\/programmare-in-sinergia-con-i-comuni-i-servizi-alle-persone-prosegue-approvazione-piani-sociali-di-zona\/","og_site_name":"ASL ROMA 5","article_published_time":"2022-05-02T11:02:32+00:00","og_image":[{"width":1200,"height":1600,"url":"https:\/\/www.aslroma5.it\/wp-content\/uploads\/2022\/05\/images_Documenti2022_tivoli_direzione_aziendale.jpg","type":"image\/jpeg"}],"author":"dot4all","twitter_card":"summary_large_image","twitter_misc":{"Scritto da":"dot4all","Tempo di lettura stimato":"3 minuti"},"schema":{"@context":"https:\/\/schema.org","@graph":[{"@type":"Article","@id":"https:\/\/www.aslroma5.it\/programmare-in-sinergia-con-i-comuni-i-servizi-alle-persone-prosegue-approvazione-piani-sociali-di-zona\/#article","isPartOf":{"@id":"https:\/\/www.aslroma5.it\/programmare-in-sinergia-con-i-comuni-i-servizi-alle-persone-prosegue-approvazione-piani-sociali-di-zona\/"},"author":{"name":"dot4all","@id":"https:\/\/www.aslroma5.it\/#\/schema\/person\/aae9591da64a4feb5cf19a10d69b634d"},"headline":"Programmare in sinergia con i Comuni i servizi alle persone, prosegue approvazione Piani Sociali di Zona","datePublished":"2022-05-02T11:02:32+00:00","mainEntityOfPage":{"@id":"https:\/\/www.aslroma5.it\/programmare-in-sinergia-con-i-comuni-i-servizi-alle-persone-prosegue-approvazione-piani-sociali-di-zona\/"},"wordCount":580,"commentCount":0,"publisher":{"@id":"https:\/\/www.aslroma5.it\/#organization"},"image":{"@id":"https:\/\/www.aslroma5.it\/programmare-in-sinergia-con-i-comuni-i-servizi-alle-persone-prosegue-approvazione-piani-sociali-di-zona\/#primaryimage"},"thumbnailUrl":"https:\/\/www.aslroma5.it\/wp-content\/uploads\/2022\/05\/images_Documenti2022_tivoli_direzione_aziendale.jpg","articleSection":["News"],"inLanguage":"it-IT","potentialAction":[{"@type":"CommentAction","name":"Comment","target":["https:\/\/www.aslroma5.it\/programmare-in-sinergia-con-i-comuni-i-servizi-alle-persone-prosegue-approvazione-piani-sociali-di-zona\/#respond"]}]},{"@type":"WebPage","@id":"https:\/\/www.aslroma5.it\/programmare-in-sinergia-con-i-comuni-i-servizi-alle-persone-prosegue-approvazione-piani-sociali-di-zona\/","url":"https:\/\/www.aslroma5.it\/programmare-in-sinergia-con-i-comuni-i-servizi-alle-persone-prosegue-approvazione-piani-sociali-di-zona\/","name":"Programmare in sinergia con i Comuni i servizi alle persone, prosegue approvazione Piani Sociali di Zona - ASL ROMA 5","isPartOf":{"@id":"https:\/\/www.aslroma5.it\/#website"},"primaryImageOfPage":{"@id":"https:\/\/www.aslroma5.it\/programmare-in-sinergia-con-i-comuni-i-servizi-alle-persone-prosegue-approvazione-piani-sociali-di-zona\/#primaryimage"},"image":{"@id":"https:\/\/www.aslroma5.it\/programmare-in-sinergia-con-i-comuni-i-servizi-alle-persone-prosegue-approvazione-piani-sociali-di-zona\/#primaryimage"},"thumbnailUrl":"https:\/\/www.aslroma5.it\/wp-content\/uploads\/2022\/05\/images_Documenti2022_tivoli_direzione_aziendale.jpg","datePublished":"2022-05-02T11:02:32+00:00","breadcrumb":{"@id":"https:\/\/www.aslroma5.it\/programmare-in-sinergia-con-i-comuni-i-servizi-alle-persone-prosegue-approvazione-piani-sociali-di-zona\/#breadcrumb"},"inLanguage":"it-IT","potentialAction":[{"@type":"ReadAction","target":["https:\/\/www.aslroma5.it\/programmare-in-sinergia-con-i-comuni-i-servizi-alle-persone-prosegue-approvazione-piani-sociali-di-zona\/"]}]},{"@type":"ImageObject","inLanguage":"it-IT","@id":"https:\/\/www.aslroma5.it\/programmare-in-sinergia-con-i-comuni-i-servizi-alle-persone-prosegue-approvazione-piani-sociali-di-zona\/#primaryimage","url":"https:\/\/www.aslroma5.it\/wp-content\/uploads\/2022\/05\/images_Documenti2022_tivoli_direzione_aziendale.jpg","contentUrl":"https:\/\/www.aslroma5.it\/wp-content\/uploads\/2022\/05\/images_Documenti2022_tivoli_direzione_aziendale.jpg","width":1200,"height":1600},{"@type":"BreadcrumbList","@id":"https:\/\/www.aslroma5.it\/programmare-in-sinergia-con-i-comuni-i-servizi-alle-persone-prosegue-approvazione-piani-sociali-di-zona\/#breadcrumb","itemListElement":[{"@type":"ListItem","position":1,"name":"Home","item":"https:\/\/www.aslroma5.it\/"},{"@type":"ListItem","position":2,"name":"Programmare in sinergia con i Comuni i servizi alle persone, prosegue approvazione Piani Sociali di Zona"}]},{"@type":"WebSite","@id":"https:\/\/www.aslroma5.it\/#website","url":"https:\/\/www.aslroma5.it\/","name":"ASL ROMA 5","description":"","publisher":{"@id":"https:\/\/www.aslroma5.it\/#organization"},"potentialAction":[{"@type":"SearchAction","target":{"@type":"EntryPoint","urlTemplate":"https:\/\/www.aslroma5.it\/?s={search_term_string}"},"query-input":{"@type":"PropertyValueSpecification","valueRequired":true,"valueName":"search_term_string"}}],"inLanguage":"it-IT"},{"@type":"Organization","@id":"https:\/\/www.aslroma5.it\/#organization","name":"ASL ROMA 5","url":"https:\/\/www.aslroma5.it\/","logo":{"@type":"ImageObject","inLanguage":"it-IT","@id":"https:\/\/www.aslroma5.it\/#\/schema\/logo\/image\/","url":"https:\/\/www.aslroma5.it\/wp-content\/uploads\/2025\/07\/asl-roma5-logo-25.svg","contentUrl":"https:\/\/www.aslroma5.it\/wp-content\/uploads\/2025\/07\/asl-roma5-logo-25.svg","width":328,"height":112,"caption":"ASL ROMA 5"},"image":{"@id":"https:\/\/www.aslroma5.it\/#\/schema\/logo\/image\/"}},{"@type":"Person","@id":"https:\/\/www.aslroma5.it\/#\/schema\/person\/aae9591da64a4feb5cf19a10d69b634d","name":"dot4all","image":{"@type":"ImageObject","inLanguage":"it-IT","@id":"https:\/\/www.aslroma5.it\/#\/schema\/person\/image\/","url":"https:\/\/secure.gravatar.com\/avatar\/a228c250e89e00f48f7bae46b9a785bc5b3f509d86988952d9e01450e422a0cc?s=96&d=mm&r=g","contentUrl":"https:\/\/secure.gravatar.com\/avatar\/a228c250e89e00f48f7bae46b9a785bc5b3f509d86988952d9e01450e422a0cc?s=96&d=mm&r=g","caption":"dot4all"},"sameAs":["https:\/\/www.aslroma5.info\/new2021"]}]}},"publishpress_future_action":{"enabled":false,"date":"2026-05-07 16:30:58","action":"change-status","newStatus":"draft","terms":[],"taxonomy":"category","extraData":[]},"publishpress_future_workflow_manual_trigger":{"enabledWorkflows":[]},"_links":{"self":[{"href":"https:\/\/www.aslroma5.it\/api\/wp\/v2\/posts\/56476","targetHints":{"allow":["GET"]}}],"collection":[{"href":"https:\/\/www.aslroma5.it\/api\/wp\/v2\/posts"}],"about":[{"href":"https:\/\/www.aslroma5.it\/api\/wp\/v2\/types\/post"}],"author":[{"embeddable":true,"href":"https:\/\/www.aslroma5.it\/api\/wp\/v2\/users\/1"}],"replies":[{"embeddable":true,"href":"https:\/\/www.aslroma5.it\/api\/wp\/v2\/comments?post=56476"}],"version-history":[{"count":0,"href":"https:\/\/www.aslroma5.it\/api\/wp\/v2\/posts\/56476\/revisions"}],"wp:featuredmedia":[{"embeddable":true,"href":"https:\/\/www.aslroma5.it\/api\/wp\/v2\/media\/56475"}],"wp:attachment":[{"href":"https:\/\/www.aslroma5.it\/api\/wp\/v2\/media?parent=56476"}],"wp:term":[{"taxonomy":"category","embeddable":true,"href":"https:\/\/www.aslroma5.it\/api\/wp\/v2\/categories?post=56476"},{"taxonomy":"post_tag","embeddable":true,"href":"https:\/\/www.aslroma5.it\/api\/wp\/v2\/tags?post=56476"}],"curies":[{"name":"wp","href":"https:\/\/api.w.org\/{rel}","templated":true}]}}