{"id":56511,"date":"2022-05-16T16:31:26","date_gmt":"2022-05-16T14:31:26","guid":{"rendered":"https:\/\/www.aslroma5.info\/new2021\/affidamento-familiare-un-percorso-di-solidarieta\/"},"modified":"2022-05-16T16:31:26","modified_gmt":"2022-05-16T14:31:26","slug":"affidamento-familiare-un-percorso-di-solidarieta","status":"publish","type":"post","link":"https:\/\/www.aslroma5.it\/affidamento-familiare-un-percorso-di-solidarieta\/","title":{"rendered":"AFFIDAMENTO FAMILIARE, UN PERCORSO DI SOLIDARIET\u00c0"},"content":{"rendered":"<div style=\"color: #000000; font-family: arial, helvetica, sans-serif; font-size: 16px; font-style: normal; font-weight: 400; letter-spacing: normal; orphans: 2; text-align: start; text-indent: 0px; text-transform: none; white-space: normal; widows: 2; word-spacing: 0px; background-color: #ffffff;\"><strong>SETTEVILLE, 24&nbsp;<span id=\"OBJ_PREFIX_DWT185_com_zimbra_date\" class=\"Object\" style=\"color: #005a95; text-decoration: none; cursor: pointer;\">MAGGIO&nbsp;<\/span>INAUGURAZIONE SEDE SERVIZIO DISTRETTUALE PER L\u2019AFFIDAMENTO FAMILIARE&nbsp;<\/strong><\/div>\n<div style=\"color: #000000; font-family: arial, helvetica, sans-serif; font-size: 16px; font-style: normal; font-weight: 400; letter-spacing: normal; orphans: 2; text-align: start; text-indent: 0px; text-transform: none; white-space: normal; widows: 2; word-spacing: 0px; background-color: #ffffff;\">&nbsp;<\/div>\n<div style=\"color: #000000; font-family: arial, helvetica, sans-serif; font-size: 16px; font-style: normal; font-weight: 400; letter-spacing: normal; orphans: 2; text-align: start; text-indent: 0px; text-transform: none; white-space: normal; widows: 2; word-spacing: 0px; background-color: #ffffff;\"><strong>Sar\u00e0 inaugurata marted\u00ec 24&nbsp;<span id=\"OBJ_PREFIX_DWT186_com_zimbra_date\" class=\"Object\" style=\"color: #005a95; text-decoration: none; cursor: pointer;\">maggio&nbsp;<\/span>alle ore 15.30 presso il Consultorio familiare di Setteville di Guidonia (via Pascoli, 52) la sede del Servizio Distrettuale per l\u2019Affidamento Familiare.<\/strong><\/div>\n<div style=\"color: #000000; font-family: arial, helvetica, sans-serif; font-size: 16px; font-style: normal; font-weight: 400; letter-spacing: normal; orphans: 2; text-align: start; text-indent: 0px; text-transform: none; white-space: normal; widows: 2; word-spacing: 0px; background-color: #ffffff;\">&nbsp;<\/div>\n<div style=\"color: #000000; font-family: arial, helvetica, sans-serif; font-size: 16px; font-style: normal; font-weight: 400; letter-spacing: normal; orphans: 2; text-align: start; text-indent: 0px; text-transform: none; white-space: normal; widows: 2; word-spacing: 0px; background-color: #ffffff;\"><strong>COS\u2019\u00c8 L\u2019AFFIDAMENTO FAMILIARE<\/strong><\/div>\n<div style=\"color: #000000; font-family: arial, helvetica, sans-serif; font-size: 16px; font-style: normal; font-weight: 400; letter-spacing: normal; orphans: 2; text-align: start; text-indent: 0px; text-transform: none; white-space: normal; widows: 2; word-spacing: 0px; background-color: #ffffff;\">\u00c8 accogliere temporaneamente un minore la cui famiglia si trovi a vivere una situazione di difficolt\u00e0, come nel caso di genitori con dipendenze o con problemi psichiatrici o che vivono in condizioni di disagio ambientale e sociale; affiancare e sostenere un minore temporaneamente privo di un ambiente familiare che possa garantirgli un supporto psicologico, sanitario, sociale, giuridico, sapendo che la famiglia d\u2019origine potrebbe rappresentare una risorsa e un punto di riferimento per lui; un aiuto temporaneo che si attua attraverso azioni quotidiane, che possono assumere forme diverse a seconda delle esigenze del minore e della disponibilit\u00e0 offerta dagli affidatari; un intervento di promozione e tutela predisposto dai servizi sociali o dal Tribunale per i Minorenni, che consiste nell\u2019inserire all\u2019interno di un contesto familiare diverso da quello d\u2019origine, i minori che vivono situazioni di rischio o di danno fisico, affettivo, emotivo ed educativo.&nbsp;<\/div>\n<div style=\"color: #000000; font-family: arial, helvetica, sans-serif; font-size: 16px; font-style: normal; font-weight: 400; letter-spacing: normal; orphans: 2; text-align: start; text-indent: 0px; text-transform: none; white-space: normal; widows: 2; word-spacing: 0px; background-color: #ffffff;\">L\u2019affidamento non \u00e8 adozione perch\u00e9 le sue caratteristiche fondamentali sono la temporaneit\u00e0, il mantenimento dei rapporti con la famiglia d\u2019origine e la previsione del rientro del bambino o adolescente nella propria famiglia d\u2019origine.&nbsp;<\/div>\n<div style=\"color: #000000; font-family: arial, helvetica, sans-serif; font-size: 16px; font-style: normal; font-weight: 400; letter-spacing: normal; orphans: 2; text-align: start; text-indent: 0px; text-transform: none; white-space: normal; widows: 2; word-spacing: 0px; background-color: #ffffff;\">&nbsp;<\/div>\n<div style=\"color: #000000; font-family: arial, helvetica, sans-serif; font-size: 16px; font-style: normal; font-weight: 400; letter-spacing: normal; orphans: 2; text-align: start; text-indent: 0px; text-transform: none; white-space: normal; widows: 2; word-spacing: 0px; background-color: #ffffff;\"><strong>CHI SONO GLI AFFIDATARI?&nbsp;<\/strong><\/div>\n<div style=\"color: #000000; font-family: arial, helvetica, sans-serif; font-size: 16px; font-style: normal; font-weight: 400; letter-spacing: normal; orphans: 2; text-align: start; text-indent: 0px; text-transform: none; white-space: normal; widows: 2; word-spacing: 0px; background-color: #ffffff;\">Possono offrire la propria disponibilit\u00e0 famiglie, coppie, persone singole in grado di accudire, educare e sostenere il minore. L\u2019affidamento \u00e8 una scelta arricchente, ma impegnativa, perci\u00f2 agli affidatari \u00e8 richiesto:&nbsp;<\/div>\n<div style=\"color: #000000; font-family: arial, helvetica, sans-serif; font-size: 16px; font-style: normal; font-weight: 400; letter-spacing: normal; orphans: 2; text-align: start; text-indent: 0px; text-transform: none; white-space: normal; widows: 2; word-spacing: 0px; background-color: #ffffff;\">\u2022 uno spazio nella propria vita e nella propria casa per accogliere un altro componente con la sua storia;&nbsp;<\/div>\n<div style=\"color: #000000; font-family: arial, helvetica, sans-serif; font-size: 16px; font-style: normal; font-weight: 400; letter-spacing: normal; orphans: 2; text-align: start; text-indent: 0px; text-transform: none; white-space: normal; widows: 2; word-spacing: 0px; background-color: #ffffff;\">\u2022 la disponibilit\u00e0 affettiva e la volont\u00e0 di accompagnare per un tratto di strada pi\u00f9 o meno lungo un bambino o un ragazzo, senza la pretesa di cambiarlo, ma aiutandolo a sviluppare e valorizzare le sue potenzialit\u00e0 e risorse;&nbsp;<\/div>\n<div style=\"color: #000000; font-family: arial, helvetica, sans-serif; font-size: 16px; font-style: normal; font-weight: 400; letter-spacing: normal; orphans: 2; text-align: start; text-indent: 0px; text-transform: none; white-space: normal; widows: 2; word-spacing: 0px; background-color: #ffffff;\">\u2022 consapevolezza relativamente alla presenza e all\u2019importanza della famiglia d\u2019origine nella vita del minore in affido;&nbsp;<\/div>\n<div style=\"color: #000000; font-family: arial, helvetica, sans-serif; font-size: 16px; font-style: normal; font-weight: 400; letter-spacing: normal; orphans: 2; text-align: start; text-indent: 0px; text-transform: none; white-space: normal; widows: 2; word-spacing: 0px; background-color: #ffffff;\">\u2022 disponibilit\u00e0 a \u201cmettersi in gioco\u201d in modo da affrontare le situazioni emotive complesse con flessibilit\u00e0.&nbsp;<\/div>\n<div style=\"color: #000000; font-family: arial, helvetica, sans-serif; font-size: 16px; font-style: normal; font-weight: 400; letter-spacing: normal; orphans: 2; text-align: start; text-indent: 0px; text-transform: none; white-space: normal; widows: 2; word-spacing: 0px; background-color: #ffffff;\">&nbsp;<\/div>\n<div style=\"color: #000000; font-family: arial, helvetica, sans-serif; font-size: 16px; font-style: normal; font-weight: 400; letter-spacing: normal; orphans: 2; text-align: start; text-indent: 0px; text-transform: none; white-space: normal; widows: 2; word-spacing: 0px; background-color: #ffffff;\"><strong>COME FARE AFFIDAMENTO FAMILIARE?&nbsp;<\/strong><\/div>\n<div style=\"color: #000000; font-family: arial, helvetica, sans-serif; font-size: 16px; font-style: normal; font-weight: 400; letter-spacing: normal; orphans: 2; text-align: start; text-indent: 0px; text-transform: none; white-space: normal; widows: 2; word-spacing: 0px; background-color: #ffffff;\">Accogliendo il minore nella propria casa e famiglia a tempo pieno oppure per qualche ora del giorno. Passando con lui qualche fine settimana o il periodo di vacanze. Partecipando emotivamente e concretamente alle sue esperienze di vita quotidiana.&nbsp;<\/div>\n<div style=\"color: #000000; font-family: arial, helvetica, sans-serif; font-size: 16px; font-style: normal; font-weight: 400; letter-spacing: normal; orphans: 2; text-align: start; text-indent: 0px; text-transform: none; white-space: normal; widows: 2; word-spacing: 0px; background-color: #ffffff;\">&nbsp;<\/div>\n<div style=\"color: #000000; font-family: arial, helvetica, sans-serif; font-size: 16px; font-style: normal; font-weight: 400; letter-spacing: normal; orphans: 2; text-align: start; text-indent: 0px; text-transform: none; white-space: normal; widows: 2; word-spacing: 0px; background-color: #ffffff;\"><strong>A CHI RIVOLGERSI PER FARE AFFIDAMENTO?<\/strong><\/div>\n<div style=\"color: #000000; font-family: arial, helvetica, sans-serif; font-size: 16px; font-style: normal; font-weight: 400; letter-spacing: normal; orphans: 2; text-align: start; text-indent: 0px; text-transform: none; white-space: normal; widows: 2; word-spacing: 0px; background-color: #ffffff;\">&nbsp;Al Servizio Distrettuale per l\u2019Affidamento Familiare, un servizio territoriale in cui gli operatori sono pronti ad accogliere ed informare coloro che sono interessati all\u2019affido. Il Polo, infatti, \u00e8 il punto in cui si incontrano i bisogni e i diritti dei bambini, le disponibilit\u00e0 degli individui e delle famiglie, le esigenze e la professionalit\u00e0 degli operatori. \u00c8 lo spazio in cui si d\u00e0 voce ai bambini e alle loro necessit\u00e0.<\/div>\n<div>&nbsp;<\/div>\n<div><a href=\"https:\/\/www.aslroma5.it\/wp-content\/uploads\/2022\/05\/images_Documenti2022_locandina_Affido.pdf\" target=\"_blank\" rel=\"noopener\"><\/a><\/div>\n","protected":false},"excerpt":{"rendered":"<p>SETTEVILLE, 24&nbsp;MAGGIO&nbsp;INAUGURAZIONE SEDE SERVIZIO DISTRETTUALE PER L\u2019AFFIDAMENTO FAMILIARE&nbsp; &nbsp; Sar\u00e0 inaugurata marted\u00ec 24&nbsp;maggio&nbsp;alle ore 15.30 presso il Consultorio familiare di Setteville di Guidonia (via Pascoli, 52) la sede del Servizio Distrettuale per l\u2019Affidamento Familiare. &nbsp; COS\u2019\u00c8 L\u2019AFFIDAMENTO FAMILIARE \u00c8 accogliere temporaneamente un minore la cui famiglia si trovi a vivere una situazione di difficolt\u00e0, come&hellip;<\/p>\n","protected":false},"author":1,"featured_media":56509,"comment_status":"open","ping_status":"closed","sticky":false,"template":"","format":"standard","meta":{"_acf_changed":false,"inline_featured_image":false,"footnotes":""},"categories":[1816],"tags":[],"class_list":["post-56511","post","type-post","status-publish","format-standard","has-post-thumbnail","hentry","category-news","category-1816","description-off"],"acf":{"galleria":null},"yoast_head":"<!-- This site is optimized with the Yoast SEO plugin v25.5 - https:\/\/yoast.com\/wordpress\/plugins\/seo\/ -->\n<title>AFFIDAMENTO FAMILIARE, UN PERCORSO DI SOLIDARIET\u00c0 - ASL ROMA 5<\/title>\n<meta name=\"robots\" content=\"index, follow, max-snippet:-1, max-image-preview:large, max-video-preview:-1\" \/>\n<link rel=\"canonical\" href=\"https:\/\/www.aslroma5.it\/affidamento-familiare-un-percorso-di-solidarieta\/\" \/>\n<meta property=\"og:locale\" content=\"it_IT\" \/>\n<meta property=\"og:type\" content=\"article\" \/>\n<meta property=\"og:title\" content=\"AFFIDAMENTO FAMILIARE, UN PERCORSO DI SOLIDARIET\u00c0 - ASL ROMA 5\" \/>\n<meta property=\"og:description\" content=\"SETTEVILLE, 24&nbsp;MAGGIO&nbsp;INAUGURAZIONE SEDE SERVIZIO DISTRETTUALE PER L\u2019AFFIDAMENTO FAMILIARE&nbsp; &nbsp; Sar\u00e0 inaugurata marted\u00ec 24&nbsp;maggio&nbsp;alle ore 15.30 presso il Consultorio familiare di Setteville di Guidonia (via Pascoli, 52) la sede del Servizio Distrettuale per l\u2019Affidamento Familiare. &nbsp; COS\u2019\u00c8 L\u2019AFFIDAMENTO FAMILIARE \u00c8 accogliere temporaneamente un minore la cui famiglia si trovi a vivere una situazione di difficolt\u00e0, come&hellip;\" \/>\n<meta property=\"og:url\" content=\"https:\/\/www.aslroma5.it\/affidamento-familiare-un-percorso-di-solidarieta\/\" \/>\n<meta property=\"og:site_name\" content=\"ASL ROMA 5\" \/>\n<meta property=\"article:published_time\" content=\"2022-05-16T14:31:26+00:00\" \/>\n<meta property=\"og:image\" content=\"https:\/\/www.aslroma5.it\/wp-content\/uploads\/2022\/05\/images_Documenti2022_locandina-e-manifesto.png\" \/>\n\t<meta property=\"og:image:width\" content=\"600\" \/>\n\t<meta property=\"og:image:height\" content=\"849\" \/>\n\t<meta property=\"og:image:type\" content=\"image\/png\" \/>\n<meta name=\"author\" content=\"dot4all\" \/>\n<meta name=\"twitter:card\" content=\"summary_large_image\" \/>\n<meta name=\"twitter:label1\" content=\"Scritto da\" \/>\n\t<meta name=\"twitter:data1\" content=\"dot4all\" \/>\n\t<meta name=\"twitter:label2\" content=\"Tempo di lettura stimato\" \/>\n\t<meta name=\"twitter:data2\" content=\"2 minuti\" \/>\n<script type=\"application\/ld+json\" class=\"yoast-schema-graph\">{\"@context\":\"https:\/\/schema.org\",\"@graph\":[{\"@type\":\"Article\",\"@id\":\"https:\/\/www.aslroma5.it\/affidamento-familiare-un-percorso-di-solidarieta\/#article\",\"isPartOf\":{\"@id\":\"https:\/\/www.aslroma5.it\/affidamento-familiare-un-percorso-di-solidarieta\/\"},\"author\":{\"name\":\"dot4all\",\"@id\":\"https:\/\/www.aslroma5.it\/#\/schema\/person\/aae9591da64a4feb5cf19a10d69b634d\"},\"headline\":\"AFFIDAMENTO FAMILIARE, UN PERCORSO DI SOLIDARIET\u00c0\",\"datePublished\":\"2022-05-16T14:31:26+00:00\",\"mainEntityOfPage\":{\"@id\":\"https:\/\/www.aslroma5.it\/affidamento-familiare-un-percorso-di-solidarieta\/\"},\"wordCount\":485,\"commentCount\":0,\"publisher\":{\"@id\":\"https:\/\/www.aslroma5.it\/#organization\"},\"image\":{\"@id\":\"https:\/\/www.aslroma5.it\/affidamento-familiare-un-percorso-di-solidarieta\/#primaryimage\"},\"thumbnailUrl\":\"https:\/\/www.aslroma5.it\/wp-content\/uploads\/2022\/05\/images_Documenti2022_locandina-e-manifesto.png\",\"articleSection\":[\"News\"],\"inLanguage\":\"it-IT\",\"potentialAction\":[{\"@type\":\"CommentAction\",\"name\":\"Comment\",\"target\":[\"https:\/\/www.aslroma5.it\/affidamento-familiare-un-percorso-di-solidarieta\/#respond\"]}]},{\"@type\":\"WebPage\",\"@id\":\"https:\/\/www.aslroma5.it\/affidamento-familiare-un-percorso-di-solidarieta\/\",\"url\":\"https:\/\/www.aslroma5.it\/affidamento-familiare-un-percorso-di-solidarieta\/\",\"name\":\"AFFIDAMENTO FAMILIARE, UN PERCORSO DI SOLIDARIET\u00c0 - ASL ROMA 5\",\"isPartOf\":{\"@id\":\"https:\/\/www.aslroma5.it\/#website\"},\"primaryImageOfPage\":{\"@id\":\"https:\/\/www.aslroma5.it\/affidamento-familiare-un-percorso-di-solidarieta\/#primaryimage\"},\"image\":{\"@id\":\"https:\/\/www.aslroma5.it\/affidamento-familiare-un-percorso-di-solidarieta\/#primaryimage\"},\"thumbnailUrl\":\"https:\/\/www.aslroma5.it\/wp-content\/uploads\/2022\/05\/images_Documenti2022_locandina-e-manifesto.png\",\"datePublished\":\"2022-05-16T14:31:26+00:00\",\"breadcrumb\":{\"@id\":\"https:\/\/www.aslroma5.it\/affidamento-familiare-un-percorso-di-solidarieta\/#breadcrumb\"},\"inLanguage\":\"it-IT\",\"potentialAction\":[{\"@type\":\"ReadAction\",\"target\":[\"https:\/\/www.aslroma5.it\/affidamento-familiare-un-percorso-di-solidarieta\/\"]}]},{\"@type\":\"ImageObject\",\"inLanguage\":\"it-IT\",\"@id\":\"https:\/\/www.aslroma5.it\/affidamento-familiare-un-percorso-di-solidarieta\/#primaryimage\",\"url\":\"https:\/\/www.aslroma5.it\/wp-content\/uploads\/2022\/05\/images_Documenti2022_locandina-e-manifesto.png\",\"contentUrl\":\"https:\/\/www.aslroma5.it\/wp-content\/uploads\/2022\/05\/images_Documenti2022_locandina-e-manifesto.png\",\"width\":600,\"height\":849},{\"@type\":\"BreadcrumbList\",\"@id\":\"https:\/\/www.aslroma5.it\/affidamento-familiare-un-percorso-di-solidarieta\/#breadcrumb\",\"itemListElement\":[{\"@type\":\"ListItem\",\"position\":1,\"name\":\"Home\",\"item\":\"https:\/\/www.aslroma5.it\/\"},{\"@type\":\"ListItem\",\"position\":2,\"name\":\"AFFIDAMENTO FAMILIARE, UN PERCORSO DI SOLIDARIET\u00c0\"}]},{\"@type\":\"WebSite\",\"@id\":\"https:\/\/www.aslroma5.it\/#website\",\"url\":\"https:\/\/www.aslroma5.it\/\",\"name\":\"ASL ROMA 5\",\"description\":\"\",\"publisher\":{\"@id\":\"https:\/\/www.aslroma5.it\/#organization\"},\"potentialAction\":[{\"@type\":\"SearchAction\",\"target\":{\"@type\":\"EntryPoint\",\"urlTemplate\":\"https:\/\/www.aslroma5.it\/?s={search_term_string}\"},\"query-input\":{\"@type\":\"PropertyValueSpecification\",\"valueRequired\":true,\"valueName\":\"search_term_string\"}}],\"inLanguage\":\"it-IT\"},{\"@type\":\"Organization\",\"@id\":\"https:\/\/www.aslroma5.it\/#organization\",\"name\":\"ASL ROMA 5\",\"url\":\"https:\/\/www.aslroma5.it\/\",\"logo\":{\"@type\":\"ImageObject\",\"inLanguage\":\"it-IT\",\"@id\":\"https:\/\/www.aslroma5.it\/#\/schema\/logo\/image\/\",\"url\":\"https:\/\/www.aslroma5.it\/wp-content\/uploads\/2025\/07\/asl-roma5-logo-25.svg\",\"contentUrl\":\"https:\/\/www.aslroma5.it\/wp-content\/uploads\/2025\/07\/asl-roma5-logo-25.svg\",\"width\":328,\"height\":112,\"caption\":\"ASL ROMA 5\"},\"image\":{\"@id\":\"https:\/\/www.aslroma5.it\/#\/schema\/logo\/image\/\"}},{\"@type\":\"Person\",\"@id\":\"https:\/\/www.aslroma5.it\/#\/schema\/person\/aae9591da64a4feb5cf19a10d69b634d\",\"name\":\"dot4all\",\"image\":{\"@type\":\"ImageObject\",\"inLanguage\":\"it-IT\",\"@id\":\"https:\/\/www.aslroma5.it\/#\/schema\/person\/image\/\",\"url\":\"https:\/\/secure.gravatar.com\/avatar\/a228c250e89e00f48f7bae46b9a785bc5b3f509d86988952d9e01450e422a0cc?s=96&d=mm&r=g\",\"contentUrl\":\"https:\/\/secure.gravatar.com\/avatar\/a228c250e89e00f48f7bae46b9a785bc5b3f509d86988952d9e01450e422a0cc?s=96&d=mm&r=g\",\"caption\":\"dot4all\"},\"sameAs\":[\"https:\/\/www.aslroma5.info\/new2021\"]}]}<\/script>\n<!-- \/ Yoast SEO plugin. -->","yoast_head_json":{"title":"AFFIDAMENTO FAMILIARE, UN PERCORSO DI SOLIDARIET\u00c0 - ASL ROMA 5","robots":{"index":"index","follow":"follow","max-snippet":"max-snippet:-1","max-image-preview":"max-image-preview:large","max-video-preview":"max-video-preview:-1"},"canonical":"https:\/\/www.aslroma5.it\/affidamento-familiare-un-percorso-di-solidarieta\/","og_locale":"it_IT","og_type":"article","og_title":"AFFIDAMENTO FAMILIARE, UN PERCORSO DI SOLIDARIET\u00c0 - ASL ROMA 5","og_description":"SETTEVILLE, 24&nbsp;MAGGIO&nbsp;INAUGURAZIONE SEDE SERVIZIO DISTRETTUALE PER L\u2019AFFIDAMENTO FAMILIARE&nbsp; &nbsp; Sar\u00e0 inaugurata marted\u00ec 24&nbsp;maggio&nbsp;alle ore 15.30 presso il Consultorio familiare di Setteville di Guidonia (via Pascoli, 52) la sede del Servizio Distrettuale per l\u2019Affidamento Familiare. &nbsp; COS\u2019\u00c8 L\u2019AFFIDAMENTO FAMILIARE \u00c8 accogliere temporaneamente un minore la cui famiglia si trovi a vivere una situazione di difficolt\u00e0, come&hellip;","og_url":"https:\/\/www.aslroma5.it\/affidamento-familiare-un-percorso-di-solidarieta\/","og_site_name":"ASL ROMA 5","article_published_time":"2022-05-16T14:31:26+00:00","og_image":[{"width":600,"height":849,"url":"https:\/\/www.aslroma5.it\/wp-content\/uploads\/2022\/05\/images_Documenti2022_locandina-e-manifesto.png","type":"image\/png"}],"author":"dot4all","twitter_card":"summary_large_image","twitter_misc":{"Scritto da":"dot4all","Tempo di lettura stimato":"2 minuti"},"schema":{"@context":"https:\/\/schema.org","@graph":[{"@type":"Article","@id":"https:\/\/www.aslroma5.it\/affidamento-familiare-un-percorso-di-solidarieta\/#article","isPartOf":{"@id":"https:\/\/www.aslroma5.it\/affidamento-familiare-un-percorso-di-solidarieta\/"},"author":{"name":"dot4all","@id":"https:\/\/www.aslroma5.it\/#\/schema\/person\/aae9591da64a4feb5cf19a10d69b634d"},"headline":"AFFIDAMENTO FAMILIARE, UN PERCORSO DI SOLIDARIET\u00c0","datePublished":"2022-05-16T14:31:26+00:00","mainEntityOfPage":{"@id":"https:\/\/www.aslroma5.it\/affidamento-familiare-un-percorso-di-solidarieta\/"},"wordCount":485,"commentCount":0,"publisher":{"@id":"https:\/\/www.aslroma5.it\/#organization"},"image":{"@id":"https:\/\/www.aslroma5.it\/affidamento-familiare-un-percorso-di-solidarieta\/#primaryimage"},"thumbnailUrl":"https:\/\/www.aslroma5.it\/wp-content\/uploads\/2022\/05\/images_Documenti2022_locandina-e-manifesto.png","articleSection":["News"],"inLanguage":"it-IT","potentialAction":[{"@type":"CommentAction","name":"Comment","target":["https:\/\/www.aslroma5.it\/affidamento-familiare-un-percorso-di-solidarieta\/#respond"]}]},{"@type":"WebPage","@id":"https:\/\/www.aslroma5.it\/affidamento-familiare-un-percorso-di-solidarieta\/","url":"https:\/\/www.aslroma5.it\/affidamento-familiare-un-percorso-di-solidarieta\/","name":"AFFIDAMENTO FAMILIARE, UN PERCORSO DI SOLIDARIET\u00c0 - ASL ROMA 5","isPartOf":{"@id":"https:\/\/www.aslroma5.it\/#website"},"primaryImageOfPage":{"@id":"https:\/\/www.aslroma5.it\/affidamento-familiare-un-percorso-di-solidarieta\/#primaryimage"},"image":{"@id":"https:\/\/www.aslroma5.it\/affidamento-familiare-un-percorso-di-solidarieta\/#primaryimage"},"thumbnailUrl":"https:\/\/www.aslroma5.it\/wp-content\/uploads\/2022\/05\/images_Documenti2022_locandina-e-manifesto.png","datePublished":"2022-05-16T14:31:26+00:00","breadcrumb":{"@id":"https:\/\/www.aslroma5.it\/affidamento-familiare-un-percorso-di-solidarieta\/#breadcrumb"},"inLanguage":"it-IT","potentialAction":[{"@type":"ReadAction","target":["https:\/\/www.aslroma5.it\/affidamento-familiare-un-percorso-di-solidarieta\/"]}]},{"@type":"ImageObject","inLanguage":"it-IT","@id":"https:\/\/www.aslroma5.it\/affidamento-familiare-un-percorso-di-solidarieta\/#primaryimage","url":"https:\/\/www.aslroma5.it\/wp-content\/uploads\/2022\/05\/images_Documenti2022_locandina-e-manifesto.png","contentUrl":"https:\/\/www.aslroma5.it\/wp-content\/uploads\/2022\/05\/images_Documenti2022_locandina-e-manifesto.png","width":600,"height":849},{"@type":"BreadcrumbList","@id":"https:\/\/www.aslroma5.it\/affidamento-familiare-un-percorso-di-solidarieta\/#breadcrumb","itemListElement":[{"@type":"ListItem","position":1,"name":"Home","item":"https:\/\/www.aslroma5.it\/"},{"@type":"ListItem","position":2,"name":"AFFIDAMENTO FAMILIARE, UN PERCORSO DI SOLIDARIET\u00c0"}]},{"@type":"WebSite","@id":"https:\/\/www.aslroma5.it\/#website","url":"https:\/\/www.aslroma5.it\/","name":"ASL ROMA 5","description":"","publisher":{"@id":"https:\/\/www.aslroma5.it\/#organization"},"potentialAction":[{"@type":"SearchAction","target":{"@type":"EntryPoint","urlTemplate":"https:\/\/www.aslroma5.it\/?s={search_term_string}"},"query-input":{"@type":"PropertyValueSpecification","valueRequired":true,"valueName":"search_term_string"}}],"inLanguage":"it-IT"},{"@type":"Organization","@id":"https:\/\/www.aslroma5.it\/#organization","name":"ASL ROMA 5","url":"https:\/\/www.aslroma5.it\/","logo":{"@type":"ImageObject","inLanguage":"it-IT","@id":"https:\/\/www.aslroma5.it\/#\/schema\/logo\/image\/","url":"https:\/\/www.aslroma5.it\/wp-content\/uploads\/2025\/07\/asl-roma5-logo-25.svg","contentUrl":"https:\/\/www.aslroma5.it\/wp-content\/uploads\/2025\/07\/asl-roma5-logo-25.svg","width":328,"height":112,"caption":"ASL ROMA 5"},"image":{"@id":"https:\/\/www.aslroma5.it\/#\/schema\/logo\/image\/"}},{"@type":"Person","@id":"https:\/\/www.aslroma5.it\/#\/schema\/person\/aae9591da64a4feb5cf19a10d69b634d","name":"dot4all","image":{"@type":"ImageObject","inLanguage":"it-IT","@id":"https:\/\/www.aslroma5.it\/#\/schema\/person\/image\/","url":"https:\/\/secure.gravatar.com\/avatar\/a228c250e89e00f48f7bae46b9a785bc5b3f509d86988952d9e01450e422a0cc?s=96&d=mm&r=g","contentUrl":"https:\/\/secure.gravatar.com\/avatar\/a228c250e89e00f48f7bae46b9a785bc5b3f509d86988952d9e01450e422a0cc?s=96&d=mm&r=g","caption":"dot4all"},"sameAs":["https:\/\/www.aslroma5.info\/new2021"]}]}},"publishpress_future_action":{"enabled":false,"date":"2026-05-06 02:59:23","action":"change-status","newStatus":"draft","terms":[],"taxonomy":"category","extraData":[]},"publishpress_future_workflow_manual_trigger":{"enabledWorkflows":[]},"_links":{"self":[{"href":"https:\/\/www.aslroma5.it\/api\/wp\/v2\/posts\/56511","targetHints":{"allow":["GET"]}}],"collection":[{"href":"https:\/\/www.aslroma5.it\/api\/wp\/v2\/posts"}],"about":[{"href":"https:\/\/www.aslroma5.it\/api\/wp\/v2\/types\/post"}],"author":[{"embeddable":true,"href":"https:\/\/www.aslroma5.it\/api\/wp\/v2\/users\/1"}],"replies":[{"embeddable":true,"href":"https:\/\/www.aslroma5.it\/api\/wp\/v2\/comments?post=56511"}],"version-history":[{"count":0,"href":"https:\/\/www.aslroma5.it\/api\/wp\/v2\/posts\/56511\/revisions"}],"wp:featuredmedia":[{"embeddable":true,"href":"https:\/\/www.aslroma5.it\/api\/wp\/v2\/media\/56509"}],"wp:attachment":[{"href":"https:\/\/www.aslroma5.it\/api\/wp\/v2\/media?parent=56511"}],"wp:term":[{"taxonomy":"category","embeddable":true,"href":"https:\/\/www.aslroma5.it\/api\/wp\/v2\/categories?post=56511"},{"taxonomy":"post_tag","embeddable":true,"href":"https:\/\/www.aslroma5.it\/api\/wp\/v2\/tags?post=56511"}],"curies":[{"name":"wp","href":"https:\/\/api.w.org\/{rel}","templated":true}]}}