{"id":56549,"date":"2022-06-03T13:08:16","date_gmt":"2022-06-03T11:08:16","guid":{"rendered":"https:\/\/www.aslroma5.info\/new2021\/workshop-benessere-a-scuola-la-salute-mentale-degli-studenti\/"},"modified":"2022-06-03T13:08:16","modified_gmt":"2022-06-03T11:08:16","slug":"workshop-benessere-a-scuola-la-salute-mentale-degli-studenti","status":"publish","type":"post","link":"https:\/\/www.aslroma5.it\/workshop-benessere-a-scuola-la-salute-mentale-degli-studenti\/","title":{"rendered":"Workshop  \u00a0Benessere a scuola:  La salute mentale degli studenti"},"content":{"rendered":"<p><strong><em>I risultati di un programma pilota<\/em><\/strong><\/p>\n<p><em><\/em><strong>Convitto Nazionale Amedeo di Savoia Duca d&#8217;Aosta<\/strong><\/p>\n<p><strong>TIVOLI&nbsp;&nbsp;8 GIUGNO 2022&nbsp;<\/strong><strong>9:00- 12:30<\/strong><\/p>\n<\/p>\n<p>Il workshop organizzato esprime la sensibilit\u00e0 della ASL Roma 5 per le iniziative di prevenzione e salute mentale. Verranno illustrati i percorsi innovativi ed integrati di progetto-intervento sul&nbsp;<strong>benessere scolastico&nbsp;<\/strong>e la&nbsp;<strong>prevenzione del disagio in et\u00e0 evolutiva<\/strong>&nbsp;della ASL Roma 5. Il tema della salute mentale e degli interventi precoci in et\u00e0 evolutiva \u00e8 diventato tema centrale e prioritario sia nell&#8217;agenda sanitaria che scolastica.<\/p>\n<p>Le iniziative messe in campo e che in questa fase hanno riguardato solo alcuni Istituti scolastici hanno avuto lo scopo di&nbsp;<strong>incrementare nuove conoscenze&nbsp;<\/strong>nel corpo docente, finalizzate al&nbsp;<strong>riconoscimento precoce di possibili sintomi psicopatologici in et\u00e0 evolutiva e in adolescenza.<\/strong><\/p>\n<p>Infatti, riconoscere i&nbsp;<strong>segnali di disagio&nbsp;<\/strong>che esprime un bambino, un adolescente o un giovane adulto permette la possibilit\u00e0 di mettere in atto una molteplicit\u00e0 di interventi, scolastici, sanitari, e sociali; tale obiettivo \u00e8 perseguibile attraverso&nbsp;<strong>l\u2019integrazione di conoscenze tra diversi professionisti,&nbsp;<\/strong>che lavorano nell\u2019area dell\u2019<strong>educazione&nbsp;<\/strong>e della&nbsp;<strong>salute mentale<\/strong>.<\/p>\n<p>Il&nbsp;<strong>supporto&nbsp;<\/strong>degli&nbsp;<strong>insegnanti&nbsp;<\/strong>e dei&nbsp;<strong>genitori&nbsp;<\/strong>\u00e8 di fondamentale importanza, in quanto risultano essere i&nbsp;<strong>maggiori esperti&nbsp;<\/strong>dei loro bambini e adolescenti.<\/p>\n<p>Grazie ai fondi stanziati del Progetto Nazionale\/regionale di prevenzione dal Dipartimento di Prevenzione in questi primi due anni di progetto sono state coinvolte le scuole target (Istituto Comprensivo Statale \u00abRaffaello Giovagnoli\u00bb, Monterotondo (RM);&nbsp;Istituto Comprensivo Statale \u00abDon Milani\u00bb , Guidonia (RM);&nbsp; Liceo Statale Marconi, Colleferro (RM);&nbsp;Istituto Cannizzaro, Colleferro (RM);&nbsp;Istituto Tecnico Enzo Gigli, Valmontone (RM), con l\u2019obiettivo di poter estendere l\u2019iniziativa a tutti gli istituti del territorio.<\/p>\n<p>Su un campione di&nbsp;<strong>4894&nbsp;<\/strong>studenti sono circa&nbsp;<strong>200&nbsp;<\/strong>i bambini\/adolescenti\/giovani adulti, opportunamente segnalati dagli insegnanti (concordemente con i loro genitori) a cui \u00e8 stata garantita una presa in carico multi-contestuale con esiti positivi nella gran parte dei casi. Questa iniziativa sar\u00e0 capillarizzata sul tutto il territorio della Asl Roma 5 e potr\u00e0 divenire un modello regionale di intervento.&nbsp;&nbsp;&nbsp;&nbsp;<\/p>\n<p>Hanno contribuito alla realizzazione del progetto:<em>&nbsp;Dr.ssa Anna Maria Ardito, Dr.ssa Maura Coia, Dr.ssa Luisa De Risio, Dr.ssa Claudia Di Pasquale, Dr.ssa Francesca Lagan\u00e0, Dr.ssa Beatrice Mantovani, Dr. Giuseppe Nicol\u00f2, Dr. Alberto Perra, Dr. Enrico Pompili, Dr. Giovanni Riccardi, Dr.ssa Elena Rossi, Dr.ssa Federica Rossi, Dr.ssa Federica Tarallo.<\/em><\/p>\n<p><a href=\"https:\/\/www.aslroma5.it\/wp-content\/uploads\/2022\/06\/images_Documenti2022_workshop_benessere_a_scuola.pdf\" title=\"Schermata 2022 06 03 Alle 13.05.11\" target=\"_blank\" rel=\"noopener\"><img fetchpriority=\"high\" decoding=\"async\" class=\" size-full wp-image-56548\" src=\"https:\/\/www.aslroma5.it\/wp-content\/uploads\/2022\/06\/images_Documenti2022_Schermata_2022-06-03_alle_13.05.11.png\" alt=\"Schermata 2022 06 03 alle 13.05.11\" width=\"350\" height=\"492\" style=\"margin-top: 10px;\" srcset=\"https:\/\/www.aslroma5.it\/wp-content\/uploads\/2022\/06\/images_Documenti2022_Schermata_2022-06-03_alle_13.05.11.png 1078w, https:\/\/www.aslroma5.it\/wp-content\/uploads\/2022\/06\/images_Documenti2022_Schermata_2022-06-03_alle_13.05.11-213x300.png 213w, https:\/\/www.aslroma5.it\/wp-content\/uploads\/2022\/06\/images_Documenti2022_Schermata_2022-06-03_alle_13.05.11-728x1024.png 728w, https:\/\/www.aslroma5.it\/wp-content\/uploads\/2022\/06\/images_Documenti2022_Schermata_2022-06-03_alle_13.05.11-768x1080.png 768w\" sizes=\"(max-width: 350px) 100vw, 350px\" \/><\/a><\/p>\n","protected":false},"excerpt":{"rendered":"<p>I risultati di un programma pilota Convitto Nazionale Amedeo di Savoia Duca d&#8217;Aosta TIVOLI&nbsp;&nbsp;8 GIUGNO 2022&nbsp;9:00- 12:30 Il workshop organizzato esprime la sensibilit\u00e0 della ASL Roma 5 per le iniziative di prevenzione e salute mentale. Verranno illustrati i percorsi innovativi ed integrati di progetto-intervento sul&nbsp;benessere scolastico&nbsp;e la&nbsp;prevenzione del disagio in et\u00e0 evolutiva&nbsp;della ASL Roma 5.&hellip;<\/p>\n","protected":false},"author":1,"featured_media":56546,"comment_status":"open","ping_status":"closed","sticky":false,"template":"","format":"standard","meta":{"_acf_changed":false,"inline_featured_image":false,"footnotes":""},"categories":[1816],"tags":[],"class_list":["post-56549","post","type-post","status-publish","format-standard","has-post-thumbnail","hentry","category-news","category-1816","description-off"],"acf":{"galleria":null},"yoast_head":"<!-- This site is optimized with the Yoast SEO plugin v25.5 - https:\/\/yoast.com\/wordpress\/plugins\/seo\/ -->\n<title>Workshop \u00a0Benessere a scuola: La salute mentale degli studenti - ASL ROMA 5<\/title>\n<meta name=\"robots\" content=\"index, follow, max-snippet:-1, max-image-preview:large, max-video-preview:-1\" \/>\n<link rel=\"canonical\" href=\"https:\/\/www.aslroma5.it\/workshop-benessere-a-scuola-la-salute-mentale-degli-studenti\/\" \/>\n<meta property=\"og:locale\" content=\"it_IT\" \/>\n<meta property=\"og:type\" content=\"article\" \/>\n<meta property=\"og:title\" content=\"Workshop \u00a0Benessere a scuola: La salute mentale degli studenti - ASL ROMA 5\" \/>\n<meta property=\"og:description\" content=\"I risultati di un programma pilota Convitto Nazionale Amedeo di Savoia Duca d&#8217;Aosta TIVOLI&nbsp;&nbsp;8 GIUGNO 2022&nbsp;9:00- 12:30 Il workshop organizzato esprime la sensibilit\u00e0 della ASL Roma 5 per le iniziative di prevenzione e salute mentale. Verranno illustrati i percorsi innovativi ed integrati di progetto-intervento sul&nbsp;benessere scolastico&nbsp;e la&nbsp;prevenzione del disagio in et\u00e0 evolutiva&nbsp;della ASL Roma 5.&hellip;\" \/>\n<meta property=\"og:url\" content=\"https:\/\/www.aslroma5.it\/workshop-benessere-a-scuola-la-salute-mentale-degli-studenti\/\" \/>\n<meta property=\"og:site_name\" content=\"ASL ROMA 5\" \/>\n<meta property=\"article:published_time\" content=\"2022-06-03T11:08:16+00:00\" \/>\n<meta property=\"og:image\" content=\"https:\/\/www.aslroma5.it\/wp-content\/uploads\/2022\/06\/images_Documenti2022_benessera-a-scuola-copertina.png\" \/>\n\t<meta property=\"og:image:width\" content=\"1066\" \/>\n\t<meta property=\"og:image:height\" content=\"414\" \/>\n\t<meta property=\"og:image:type\" content=\"image\/png\" \/>\n<meta name=\"author\" content=\"dot4all\" \/>\n<meta name=\"twitter:card\" content=\"summary_large_image\" \/>\n<meta name=\"twitter:label1\" content=\"Scritto da\" \/>\n\t<meta name=\"twitter:data1\" content=\"dot4all\" \/>\n\t<meta name=\"twitter:label2\" content=\"Tempo di lettura stimato\" \/>\n\t<meta name=\"twitter:data2\" content=\"2 minuti\" \/>\n<script type=\"application\/ld+json\" class=\"yoast-schema-graph\">{\"@context\":\"https:\/\/schema.org\",\"@graph\":[{\"@type\":\"Article\",\"@id\":\"https:\/\/www.aslroma5.it\/workshop-benessere-a-scuola-la-salute-mentale-degli-studenti\/#article\",\"isPartOf\":{\"@id\":\"https:\/\/www.aslroma5.it\/workshop-benessere-a-scuola-la-salute-mentale-degli-studenti\/\"},\"author\":{\"name\":\"dot4all\",\"@id\":\"https:\/\/www.aslroma5.it\/#\/schema\/person\/aae9591da64a4feb5cf19a10d69b634d\"},\"headline\":\"Workshop \u00a0Benessere a scuola: La salute mentale degli studenti\",\"datePublished\":\"2022-06-03T11:08:16+00:00\",\"mainEntityOfPage\":{\"@id\":\"https:\/\/www.aslroma5.it\/workshop-benessere-a-scuola-la-salute-mentale-degli-studenti\/\"},\"wordCount\":425,\"commentCount\":0,\"publisher\":{\"@id\":\"https:\/\/www.aslroma5.it\/#organization\"},\"image\":{\"@id\":\"https:\/\/www.aslroma5.it\/workshop-benessere-a-scuola-la-salute-mentale-degli-studenti\/#primaryimage\"},\"thumbnailUrl\":\"https:\/\/www.aslroma5.it\/wp-content\/uploads\/2022\/06\/images_Documenti2022_benessera-a-scuola-copertina.png\",\"articleSection\":[\"News\"],\"inLanguage\":\"it-IT\",\"potentialAction\":[{\"@type\":\"CommentAction\",\"name\":\"Comment\",\"target\":[\"https:\/\/www.aslroma5.it\/workshop-benessere-a-scuola-la-salute-mentale-degli-studenti\/#respond\"]}]},{\"@type\":\"WebPage\",\"@id\":\"https:\/\/www.aslroma5.it\/workshop-benessere-a-scuola-la-salute-mentale-degli-studenti\/\",\"url\":\"https:\/\/www.aslroma5.it\/workshop-benessere-a-scuola-la-salute-mentale-degli-studenti\/\",\"name\":\"Workshop \u00a0Benessere a scuola: La salute mentale degli studenti - ASL ROMA 5\",\"isPartOf\":{\"@id\":\"https:\/\/www.aslroma5.it\/#website\"},\"primaryImageOfPage\":{\"@id\":\"https:\/\/www.aslroma5.it\/workshop-benessere-a-scuola-la-salute-mentale-degli-studenti\/#primaryimage\"},\"image\":{\"@id\":\"https:\/\/www.aslroma5.it\/workshop-benessere-a-scuola-la-salute-mentale-degli-studenti\/#primaryimage\"},\"thumbnailUrl\":\"https:\/\/www.aslroma5.it\/wp-content\/uploads\/2022\/06\/images_Documenti2022_benessera-a-scuola-copertina.png\",\"datePublished\":\"2022-06-03T11:08:16+00:00\",\"breadcrumb\":{\"@id\":\"https:\/\/www.aslroma5.it\/workshop-benessere-a-scuola-la-salute-mentale-degli-studenti\/#breadcrumb\"},\"inLanguage\":\"it-IT\",\"potentialAction\":[{\"@type\":\"ReadAction\",\"target\":[\"https:\/\/www.aslroma5.it\/workshop-benessere-a-scuola-la-salute-mentale-degli-studenti\/\"]}]},{\"@type\":\"ImageObject\",\"inLanguage\":\"it-IT\",\"@id\":\"https:\/\/www.aslroma5.it\/workshop-benessere-a-scuola-la-salute-mentale-degli-studenti\/#primaryimage\",\"url\":\"https:\/\/www.aslroma5.it\/wp-content\/uploads\/2022\/06\/images_Documenti2022_benessera-a-scuola-copertina.png\",\"contentUrl\":\"https:\/\/www.aslroma5.it\/wp-content\/uploads\/2022\/06\/images_Documenti2022_benessera-a-scuola-copertina.png\",\"width\":1066,\"height\":414},{\"@type\":\"BreadcrumbList\",\"@id\":\"https:\/\/www.aslroma5.it\/workshop-benessere-a-scuola-la-salute-mentale-degli-studenti\/#breadcrumb\",\"itemListElement\":[{\"@type\":\"ListItem\",\"position\":1,\"name\":\"Home\",\"item\":\"https:\/\/www.aslroma5.it\/\"},{\"@type\":\"ListItem\",\"position\":2,\"name\":\"Workshop \u00a0Benessere a scuola: La salute mentale degli studenti\"}]},{\"@type\":\"WebSite\",\"@id\":\"https:\/\/www.aslroma5.it\/#website\",\"url\":\"https:\/\/www.aslroma5.it\/\",\"name\":\"ASL ROMA 5\",\"description\":\"\",\"publisher\":{\"@id\":\"https:\/\/www.aslroma5.it\/#organization\"},\"potentialAction\":[{\"@type\":\"SearchAction\",\"target\":{\"@type\":\"EntryPoint\",\"urlTemplate\":\"https:\/\/www.aslroma5.it\/?s={search_term_string}\"},\"query-input\":{\"@type\":\"PropertyValueSpecification\",\"valueRequired\":true,\"valueName\":\"search_term_string\"}}],\"inLanguage\":\"it-IT\"},{\"@type\":\"Organization\",\"@id\":\"https:\/\/www.aslroma5.it\/#organization\",\"name\":\"ASL ROMA 5\",\"url\":\"https:\/\/www.aslroma5.it\/\",\"logo\":{\"@type\":\"ImageObject\",\"inLanguage\":\"it-IT\",\"@id\":\"https:\/\/www.aslroma5.it\/#\/schema\/logo\/image\/\",\"url\":\"https:\/\/www.aslroma5.it\/wp-content\/uploads\/2025\/07\/asl-roma5-logo-25.svg\",\"contentUrl\":\"https:\/\/www.aslroma5.it\/wp-content\/uploads\/2025\/07\/asl-roma5-logo-25.svg\",\"width\":328,\"height\":112,\"caption\":\"ASL ROMA 5\"},\"image\":{\"@id\":\"https:\/\/www.aslroma5.it\/#\/schema\/logo\/image\/\"}},{\"@type\":\"Person\",\"@id\":\"https:\/\/www.aslroma5.it\/#\/schema\/person\/aae9591da64a4feb5cf19a10d69b634d\",\"name\":\"dot4all\",\"image\":{\"@type\":\"ImageObject\",\"inLanguage\":\"it-IT\",\"@id\":\"https:\/\/www.aslroma5.it\/#\/schema\/person\/image\/\",\"url\":\"https:\/\/secure.gravatar.com\/avatar\/a228c250e89e00f48f7bae46b9a785bc5b3f509d86988952d9e01450e422a0cc?s=96&d=mm&r=g\",\"contentUrl\":\"https:\/\/secure.gravatar.com\/avatar\/a228c250e89e00f48f7bae46b9a785bc5b3f509d86988952d9e01450e422a0cc?s=96&d=mm&r=g\",\"caption\":\"dot4all\"},\"sameAs\":[\"https:\/\/www.aslroma5.info\/new2021\"]}]}<\/script>\n<!-- \/ Yoast SEO plugin. -->","yoast_head_json":{"title":"Workshop \u00a0Benessere a scuola: La salute mentale degli studenti - ASL ROMA 5","robots":{"index":"index","follow":"follow","max-snippet":"max-snippet:-1","max-image-preview":"max-image-preview:large","max-video-preview":"max-video-preview:-1"},"canonical":"https:\/\/www.aslroma5.it\/workshop-benessere-a-scuola-la-salute-mentale-degli-studenti\/","og_locale":"it_IT","og_type":"article","og_title":"Workshop \u00a0Benessere a scuola: La salute mentale degli studenti - ASL ROMA 5","og_description":"I risultati di un programma pilota Convitto Nazionale Amedeo di Savoia Duca d&#8217;Aosta TIVOLI&nbsp;&nbsp;8 GIUGNO 2022&nbsp;9:00- 12:30 Il workshop organizzato esprime la sensibilit\u00e0 della ASL Roma 5 per le iniziative di prevenzione e salute mentale. Verranno illustrati i percorsi innovativi ed integrati di progetto-intervento sul&nbsp;benessere scolastico&nbsp;e la&nbsp;prevenzione del disagio in et\u00e0 evolutiva&nbsp;della ASL Roma 5.&hellip;","og_url":"https:\/\/www.aslroma5.it\/workshop-benessere-a-scuola-la-salute-mentale-degli-studenti\/","og_site_name":"ASL ROMA 5","article_published_time":"2022-06-03T11:08:16+00:00","og_image":[{"width":1066,"height":414,"url":"https:\/\/www.aslroma5.it\/wp-content\/uploads\/2022\/06\/images_Documenti2022_benessera-a-scuola-copertina.png","type":"image\/png"}],"author":"dot4all","twitter_card":"summary_large_image","twitter_misc":{"Scritto da":"dot4all","Tempo di lettura stimato":"2 minuti"},"schema":{"@context":"https:\/\/schema.org","@graph":[{"@type":"Article","@id":"https:\/\/www.aslroma5.it\/workshop-benessere-a-scuola-la-salute-mentale-degli-studenti\/#article","isPartOf":{"@id":"https:\/\/www.aslroma5.it\/workshop-benessere-a-scuola-la-salute-mentale-degli-studenti\/"},"author":{"name":"dot4all","@id":"https:\/\/www.aslroma5.it\/#\/schema\/person\/aae9591da64a4feb5cf19a10d69b634d"},"headline":"Workshop \u00a0Benessere a scuola: La salute mentale degli studenti","datePublished":"2022-06-03T11:08:16+00:00","mainEntityOfPage":{"@id":"https:\/\/www.aslroma5.it\/workshop-benessere-a-scuola-la-salute-mentale-degli-studenti\/"},"wordCount":425,"commentCount":0,"publisher":{"@id":"https:\/\/www.aslroma5.it\/#organization"},"image":{"@id":"https:\/\/www.aslroma5.it\/workshop-benessere-a-scuola-la-salute-mentale-degli-studenti\/#primaryimage"},"thumbnailUrl":"https:\/\/www.aslroma5.it\/wp-content\/uploads\/2022\/06\/images_Documenti2022_benessera-a-scuola-copertina.png","articleSection":["News"],"inLanguage":"it-IT","potentialAction":[{"@type":"CommentAction","name":"Comment","target":["https:\/\/www.aslroma5.it\/workshop-benessere-a-scuola-la-salute-mentale-degli-studenti\/#respond"]}]},{"@type":"WebPage","@id":"https:\/\/www.aslroma5.it\/workshop-benessere-a-scuola-la-salute-mentale-degli-studenti\/","url":"https:\/\/www.aslroma5.it\/workshop-benessere-a-scuola-la-salute-mentale-degli-studenti\/","name":"Workshop \u00a0Benessere a scuola: La salute mentale degli studenti - ASL ROMA 5","isPartOf":{"@id":"https:\/\/www.aslroma5.it\/#website"},"primaryImageOfPage":{"@id":"https:\/\/www.aslroma5.it\/workshop-benessere-a-scuola-la-salute-mentale-degli-studenti\/#primaryimage"},"image":{"@id":"https:\/\/www.aslroma5.it\/workshop-benessere-a-scuola-la-salute-mentale-degli-studenti\/#primaryimage"},"thumbnailUrl":"https:\/\/www.aslroma5.it\/wp-content\/uploads\/2022\/06\/images_Documenti2022_benessera-a-scuola-copertina.png","datePublished":"2022-06-03T11:08:16+00:00","breadcrumb":{"@id":"https:\/\/www.aslroma5.it\/workshop-benessere-a-scuola-la-salute-mentale-degli-studenti\/#breadcrumb"},"inLanguage":"it-IT","potentialAction":[{"@type":"ReadAction","target":["https:\/\/www.aslroma5.it\/workshop-benessere-a-scuola-la-salute-mentale-degli-studenti\/"]}]},{"@type":"ImageObject","inLanguage":"it-IT","@id":"https:\/\/www.aslroma5.it\/workshop-benessere-a-scuola-la-salute-mentale-degli-studenti\/#primaryimage","url":"https:\/\/www.aslroma5.it\/wp-content\/uploads\/2022\/06\/images_Documenti2022_benessera-a-scuola-copertina.png","contentUrl":"https:\/\/www.aslroma5.it\/wp-content\/uploads\/2022\/06\/images_Documenti2022_benessera-a-scuola-copertina.png","width":1066,"height":414},{"@type":"BreadcrumbList","@id":"https:\/\/www.aslroma5.it\/workshop-benessere-a-scuola-la-salute-mentale-degli-studenti\/#breadcrumb","itemListElement":[{"@type":"ListItem","position":1,"name":"Home","item":"https:\/\/www.aslroma5.it\/"},{"@type":"ListItem","position":2,"name":"Workshop \u00a0Benessere a scuola: La salute mentale degli studenti"}]},{"@type":"WebSite","@id":"https:\/\/www.aslroma5.it\/#website","url":"https:\/\/www.aslroma5.it\/","name":"ASL ROMA 5","description":"","publisher":{"@id":"https:\/\/www.aslroma5.it\/#organization"},"potentialAction":[{"@type":"SearchAction","target":{"@type":"EntryPoint","urlTemplate":"https:\/\/www.aslroma5.it\/?s={search_term_string}"},"query-input":{"@type":"PropertyValueSpecification","valueRequired":true,"valueName":"search_term_string"}}],"inLanguage":"it-IT"},{"@type":"Organization","@id":"https:\/\/www.aslroma5.it\/#organization","name":"ASL ROMA 5","url":"https:\/\/www.aslroma5.it\/","logo":{"@type":"ImageObject","inLanguage":"it-IT","@id":"https:\/\/www.aslroma5.it\/#\/schema\/logo\/image\/","url":"https:\/\/www.aslroma5.it\/wp-content\/uploads\/2025\/07\/asl-roma5-logo-25.svg","contentUrl":"https:\/\/www.aslroma5.it\/wp-content\/uploads\/2025\/07\/asl-roma5-logo-25.svg","width":328,"height":112,"caption":"ASL ROMA 5"},"image":{"@id":"https:\/\/www.aslroma5.it\/#\/schema\/logo\/image\/"}},{"@type":"Person","@id":"https:\/\/www.aslroma5.it\/#\/schema\/person\/aae9591da64a4feb5cf19a10d69b634d","name":"dot4all","image":{"@type":"ImageObject","inLanguage":"it-IT","@id":"https:\/\/www.aslroma5.it\/#\/schema\/person\/image\/","url":"https:\/\/secure.gravatar.com\/avatar\/a228c250e89e00f48f7bae46b9a785bc5b3f509d86988952d9e01450e422a0cc?s=96&d=mm&r=g","contentUrl":"https:\/\/secure.gravatar.com\/avatar\/a228c250e89e00f48f7bae46b9a785bc5b3f509d86988952d9e01450e422a0cc?s=96&d=mm&r=g","caption":"dot4all"},"sameAs":["https:\/\/www.aslroma5.info\/new2021"]}]}},"publishpress_future_action":{"enabled":false,"date":"2026-05-04 17:58:55","action":"change-status","newStatus":"draft","terms":[],"taxonomy":"category","extraData":[]},"publishpress_future_workflow_manual_trigger":{"enabledWorkflows":[]},"_links":{"self":[{"href":"https:\/\/www.aslroma5.it\/api\/wp\/v2\/posts\/56549","targetHints":{"allow":["GET"]}}],"collection":[{"href":"https:\/\/www.aslroma5.it\/api\/wp\/v2\/posts"}],"about":[{"href":"https:\/\/www.aslroma5.it\/api\/wp\/v2\/types\/post"}],"author":[{"embeddable":true,"href":"https:\/\/www.aslroma5.it\/api\/wp\/v2\/users\/1"}],"replies":[{"embeddable":true,"href":"https:\/\/www.aslroma5.it\/api\/wp\/v2\/comments?post=56549"}],"version-history":[{"count":0,"href":"https:\/\/www.aslroma5.it\/api\/wp\/v2\/posts\/56549\/revisions"}],"wp:featuredmedia":[{"embeddable":true,"href":"https:\/\/www.aslroma5.it\/api\/wp\/v2\/media\/56546"}],"wp:attachment":[{"href":"https:\/\/www.aslroma5.it\/api\/wp\/v2\/media?parent=56549"}],"wp:term":[{"taxonomy":"category","embeddable":true,"href":"https:\/\/www.aslroma5.it\/api\/wp\/v2\/categories?post=56549"},{"taxonomy":"post_tag","embeddable":true,"href":"https:\/\/www.aslroma5.it\/api\/wp\/v2\/tags?post=56549"}],"curies":[{"name":"wp","href":"https:\/\/api.w.org\/{rel}","templated":true}]}}