{"id":60089,"date":"2022-10-01T15:10:48","date_gmt":"2022-10-01T13:10:48","guid":{"rendered":"https:\/\/www.aslroma5.info\/new2021\/pronto-soccorso-di-palestrina-terminati-i-lavori-di-ripavimentazione-e-approvato-il-progetto-esecutivo-per-i-lavori-di-ampliamento\/"},"modified":"2022-10-01T15:10:48","modified_gmt":"2022-10-01T13:10:48","slug":"pronto-soccorso-di-palestrina-terminati-i-lavori-di-ripavimentazione-e-approvato-il-progetto-esecutivo-per-i-lavori-di-ampliamento","status":"publish","type":"post","link":"https:\/\/www.aslroma5.it\/pronto-soccorso-di-palestrina-terminati-i-lavori-di-ripavimentazione-e-approvato-il-progetto-esecutivo-per-i-lavori-di-ampliamento\/","title":{"rendered":"PRONTO SOCCORSO DI PALESTRINA, TERMINATI I LAVORI DI RIPAVIMENTAZIONE E APPROVATO IL PROGETTO ESECUTIVO PER I LAVORI DI AMPLIAMENTO"},"content":{"rendered":"<div style=\"color: #000000; font-family: arial, helvetica, sans-serif; font-size: 16px; font-style: normal; font-weight: 400; letter-spacing: normal; orphans: 2; text-indent: 0px; text-transform: none; white-space: normal; widows: 2; word-spacing: 0px; background-color: #ffffff; text-align: justify;\"><span style=\"text-align: start;\">\u201c<\/span><em style=\"text-align: start;\">Cos\u00ec come anticipato ad agosto era prevista per il mese di settembre l\u2019approvazione del progetto esecutivo per i lavori di ampliamento del Pronto Soccorso di Palestrina. Ora si proceder\u00e0 con l\u2019affidamento dei lavori. Nel frattempo \u00e8 stato completato il rifacimento della pavimentazione dell\u2019attuale Pronto Soccorso, uno spazio che diventer\u00e0 un nuovo reparto dopo l\u2019apertura del nuovo Pronto Soccorso. Il progetto di ampliamento prevede la realizzazione di una nuova struttura in vetro e acciaio adiacente al presidio esistente. La struttura sar\u00e0 realizzata nello spazio aperto attualmente adibito ad aiuole e aree pedonali. La nuova struttura si estender\u00e0 su una superficie di 650 mq su un unico piano per ospitare le funzioni di accesso, attesa, accoglienza, visita, assistenza e cura dei pazienti alla quale si aggiunger\u00e0 un\u2019ulteriore sezione OBI (Osservazione Breve Intensit\u00e0) di ulteriori 650 mq che porter\u00e0 l\u2019estensione complessiva del nuovo Pronto Soccorso a oltre 1.300 mq, raddoppiando per tanto l\u2019area del PS che attualmente \u00e8 di soli 650 mq. Ci\u00f2 consentir\u00e0 di razionalizzare i percorsi della struttura, anche in caso di accesso di pazienti con patologie infettivo diffusive. Strategica sar\u00e0 la prossimit\u00e0 con la Radiologia. Prevista una razionalizzazione degli accessi con percorsi dedicati ad ogni codice. Oltre alla camera calda, alla sala d\u2019attesa, allo spazio dedicato al triage per la raccolta dati, saranno realizzati&nbsp;<strong>percorsi specifici per il codice rosso, arancione, azzurro, verde e bianco<\/strong><\/em><strong style=\"text-align: start;\">\u201d<\/strong><span style=\"text-align: start;\">, cos\u00ec in una nota il Direttore Generale della ASL Roma 5,&nbsp;<\/span><strong style=\"text-align: start;\">Giorgio Giulio Santonocito<\/strong><span style=\"text-align: start;\">.<\/span><\/div>\n<div>&nbsp;<\/div>\n<div>\n<table>\n<tbody>\n<tr>\n<td>&nbsp;<\/td>\n<td><img fetchpriority=\"high\" decoding=\"async\" class=\" size-full wp-image-60088\" src=\"https:\/\/www.aslroma5.it\/wp-content\/uploads\/2022\/10\/images_Documenti2022_ps_palestrina_interno.jpg\" alt=\"ps palestrina interno\" width=\"350\" height=\"263\" style=\"margin-top: 10px;\" srcset=\"https:\/\/www.aslroma5.it\/wp-content\/uploads\/2022\/10\/images_Documenti2022_ps_palestrina_interno.jpg 1024w, https:\/\/www.aslroma5.it\/wp-content\/uploads\/2022\/10\/images_Documenti2022_ps_palestrina_interno-300x225.jpg 300w, https:\/\/www.aslroma5.it\/wp-content\/uploads\/2022\/10\/images_Documenti2022_ps_palestrina_interno-768x576.jpg 768w\" sizes=\"(max-width: 350px) 100vw, 350px\" \/>&nbsp;<\/td>\n<\/tr>\n<\/tbody>\n<\/table><\/div>\n","protected":false},"excerpt":{"rendered":"<p>\u201cCos\u00ec come anticipato ad agosto era prevista per il mese di settembre l\u2019approvazione del progetto esecutivo per i lavori di ampliamento del Pronto Soccorso di Palestrina. Ora si proceder\u00e0 con l\u2019affidamento dei lavori. Nel frattempo \u00e8 stato completato il rifacimento della pavimentazione dell\u2019attuale Pronto Soccorso, uno spazio che diventer\u00e0 un nuovo reparto dopo l\u2019apertura del&hellip;<\/p>\n","protected":false},"author":1,"featured_media":60087,"comment_status":"open","ping_status":"closed","sticky":false,"template":"","format":"standard","meta":{"_acf_changed":false,"inline_featured_image":false,"footnotes":""},"categories":[1816],"tags":[],"class_list":["post-60089","post","type-post","status-publish","format-standard","has-post-thumbnail","hentry","category-news","category-1816","description-off"],"acf":{"galleria":null},"yoast_head":"<!-- This site is optimized with the Yoast SEO plugin v25.5 - https:\/\/yoast.com\/wordpress\/plugins\/seo\/ -->\n<title>PRONTO SOCCORSO DI PALESTRINA, TERMINATI I LAVORI DI RIPAVIMENTAZIONE E APPROVATO IL PROGETTO ESECUTIVO PER I LAVORI DI AMPLIAMENTO - ASL ROMA 5<\/title>\n<meta name=\"robots\" content=\"index, follow, max-snippet:-1, max-image-preview:large, max-video-preview:-1\" \/>\n<link rel=\"canonical\" href=\"https:\/\/www.aslroma5.it\/pronto-soccorso-di-palestrina-terminati-i-lavori-di-ripavimentazione-e-approvato-il-progetto-esecutivo-per-i-lavori-di-ampliamento\/\" \/>\n<meta property=\"og:locale\" content=\"it_IT\" \/>\n<meta property=\"og:type\" content=\"article\" \/>\n<meta property=\"og:title\" content=\"PRONTO SOCCORSO DI PALESTRINA, TERMINATI I LAVORI DI RIPAVIMENTAZIONE E APPROVATO IL PROGETTO ESECUTIVO PER I LAVORI DI AMPLIAMENTO - ASL ROMA 5\" \/>\n<meta property=\"og:description\" content=\"\u201cCos\u00ec come anticipato ad agosto era prevista per il mese di settembre l\u2019approvazione del progetto esecutivo per i lavori di ampliamento del Pronto Soccorso di Palestrina. Ora si proceder\u00e0 con l\u2019affidamento dei lavori. Nel frattempo \u00e8 stato completato il rifacimento della pavimentazione dell\u2019attuale Pronto Soccorso, uno spazio che diventer\u00e0 un nuovo reparto dopo l\u2019apertura del&hellip;\" \/>\n<meta property=\"og:url\" content=\"https:\/\/www.aslroma5.it\/pronto-soccorso-di-palestrina-terminati-i-lavori-di-ripavimentazione-e-approvato-il-progetto-esecutivo-per-i-lavori-di-ampliamento\/\" \/>\n<meta property=\"og:site_name\" content=\"ASL ROMA 5\" \/>\n<meta property=\"article:published_time\" content=\"2022-10-01T13:10:48+00:00\" \/>\n<meta property=\"og:image\" content=\"https:\/\/www.aslroma5.it\/wp-content\/uploads\/2022\/10\/images_Documenti2022_ps_palestrina.jpg\" \/>\n\t<meta property=\"og:image:width\" content=\"1024\" \/>\n\t<meta property=\"og:image:height\" content=\"768\" \/>\n\t<meta property=\"og:image:type\" content=\"image\/jpeg\" \/>\n<meta name=\"author\" content=\"dot4all\" \/>\n<meta name=\"twitter:card\" content=\"summary_large_image\" \/>\n<meta name=\"twitter:label1\" content=\"Scritto da\" \/>\n\t<meta name=\"twitter:data1\" content=\"dot4all\" \/>\n\t<meta name=\"twitter:label2\" content=\"Tempo di lettura stimato\" \/>\n\t<meta name=\"twitter:data2\" content=\"1 minuto\" \/>\n<script type=\"application\/ld+json\" class=\"yoast-schema-graph\">{\"@context\":\"https:\/\/schema.org\",\"@graph\":[{\"@type\":\"Article\",\"@id\":\"https:\/\/www.aslroma5.it\/pronto-soccorso-di-palestrina-terminati-i-lavori-di-ripavimentazione-e-approvato-il-progetto-esecutivo-per-i-lavori-di-ampliamento\/#article\",\"isPartOf\":{\"@id\":\"https:\/\/www.aslroma5.it\/pronto-soccorso-di-palestrina-terminati-i-lavori-di-ripavimentazione-e-approvato-il-progetto-esecutivo-per-i-lavori-di-ampliamento\/\"},\"author\":{\"name\":\"dot4all\",\"@id\":\"https:\/\/www.aslroma5.it\/#\/schema\/person\/aae9591da64a4feb5cf19a10d69b634d\"},\"headline\":\"PRONTO SOCCORSO DI PALESTRINA, TERMINATI I LAVORI DI RIPAVIMENTAZIONE E APPROVATO IL PROGETTO ESECUTIVO PER I LAVORI DI AMPLIAMENTO\",\"datePublished\":\"2022-10-01T13:10:48+00:00\",\"mainEntityOfPage\":{\"@id\":\"https:\/\/www.aslroma5.it\/pronto-soccorso-di-palestrina-terminati-i-lavori-di-ripavimentazione-e-approvato-il-progetto-esecutivo-per-i-lavori-di-ampliamento\/\"},\"wordCount\":264,\"commentCount\":0,\"publisher\":{\"@id\":\"https:\/\/www.aslroma5.it\/#organization\"},\"image\":{\"@id\":\"https:\/\/www.aslroma5.it\/pronto-soccorso-di-palestrina-terminati-i-lavori-di-ripavimentazione-e-approvato-il-progetto-esecutivo-per-i-lavori-di-ampliamento\/#primaryimage\"},\"thumbnailUrl\":\"https:\/\/www.aslroma5.it\/wp-content\/uploads\/2022\/10\/images_Documenti2022_ps_palestrina.jpg\",\"articleSection\":[\"News\"],\"inLanguage\":\"it-IT\",\"potentialAction\":[{\"@type\":\"CommentAction\",\"name\":\"Comment\",\"target\":[\"https:\/\/www.aslroma5.it\/pronto-soccorso-di-palestrina-terminati-i-lavori-di-ripavimentazione-e-approvato-il-progetto-esecutivo-per-i-lavori-di-ampliamento\/#respond\"]}]},{\"@type\":\"WebPage\",\"@id\":\"https:\/\/www.aslroma5.it\/pronto-soccorso-di-palestrina-terminati-i-lavori-di-ripavimentazione-e-approvato-il-progetto-esecutivo-per-i-lavori-di-ampliamento\/\",\"url\":\"https:\/\/www.aslroma5.it\/pronto-soccorso-di-palestrina-terminati-i-lavori-di-ripavimentazione-e-approvato-il-progetto-esecutivo-per-i-lavori-di-ampliamento\/\",\"name\":\"PRONTO SOCCORSO DI PALESTRINA, TERMINATI I LAVORI DI RIPAVIMENTAZIONE E APPROVATO IL PROGETTO ESECUTIVO PER I LAVORI DI AMPLIAMENTO - ASL ROMA 5\",\"isPartOf\":{\"@id\":\"https:\/\/www.aslroma5.it\/#website\"},\"primaryImageOfPage\":{\"@id\":\"https:\/\/www.aslroma5.it\/pronto-soccorso-di-palestrina-terminati-i-lavori-di-ripavimentazione-e-approvato-il-progetto-esecutivo-per-i-lavori-di-ampliamento\/#primaryimage\"},\"image\":{\"@id\":\"https:\/\/www.aslroma5.it\/pronto-soccorso-di-palestrina-terminati-i-lavori-di-ripavimentazione-e-approvato-il-progetto-esecutivo-per-i-lavori-di-ampliamento\/#primaryimage\"},\"thumbnailUrl\":\"https:\/\/www.aslroma5.it\/wp-content\/uploads\/2022\/10\/images_Documenti2022_ps_palestrina.jpg\",\"datePublished\":\"2022-10-01T13:10:48+00:00\",\"breadcrumb\":{\"@id\":\"https:\/\/www.aslroma5.it\/pronto-soccorso-di-palestrina-terminati-i-lavori-di-ripavimentazione-e-approvato-il-progetto-esecutivo-per-i-lavori-di-ampliamento\/#breadcrumb\"},\"inLanguage\":\"it-IT\",\"potentialAction\":[{\"@type\":\"ReadAction\",\"target\":[\"https:\/\/www.aslroma5.it\/pronto-soccorso-di-palestrina-terminati-i-lavori-di-ripavimentazione-e-approvato-il-progetto-esecutivo-per-i-lavori-di-ampliamento\/\"]}]},{\"@type\":\"ImageObject\",\"inLanguage\":\"it-IT\",\"@id\":\"https:\/\/www.aslroma5.it\/pronto-soccorso-di-palestrina-terminati-i-lavori-di-ripavimentazione-e-approvato-il-progetto-esecutivo-per-i-lavori-di-ampliamento\/#primaryimage\",\"url\":\"https:\/\/www.aslroma5.it\/wp-content\/uploads\/2022\/10\/images_Documenti2022_ps_palestrina.jpg\",\"contentUrl\":\"https:\/\/www.aslroma5.it\/wp-content\/uploads\/2022\/10\/images_Documenti2022_ps_palestrina.jpg\",\"width\":1024,\"height\":768},{\"@type\":\"BreadcrumbList\",\"@id\":\"https:\/\/www.aslroma5.it\/pronto-soccorso-di-palestrina-terminati-i-lavori-di-ripavimentazione-e-approvato-il-progetto-esecutivo-per-i-lavori-di-ampliamento\/#breadcrumb\",\"itemListElement\":[{\"@type\":\"ListItem\",\"position\":1,\"name\":\"Home\",\"item\":\"https:\/\/www.aslroma5.it\/\"},{\"@type\":\"ListItem\",\"position\":2,\"name\":\"PRONTO SOCCORSO DI PALESTRINA, TERMINATI I LAVORI DI RIPAVIMENTAZIONE E APPROVATO IL PROGETTO ESECUTIVO PER I LAVORI DI AMPLIAMENTO\"}]},{\"@type\":\"WebSite\",\"@id\":\"https:\/\/www.aslroma5.it\/#website\",\"url\":\"https:\/\/www.aslroma5.it\/\",\"name\":\"ASL ROMA 5\",\"description\":\"\",\"publisher\":{\"@id\":\"https:\/\/www.aslroma5.it\/#organization\"},\"potentialAction\":[{\"@type\":\"SearchAction\",\"target\":{\"@type\":\"EntryPoint\",\"urlTemplate\":\"https:\/\/www.aslroma5.it\/?s={search_term_string}\"},\"query-input\":{\"@type\":\"PropertyValueSpecification\",\"valueRequired\":true,\"valueName\":\"search_term_string\"}}],\"inLanguage\":\"it-IT\"},{\"@type\":\"Organization\",\"@id\":\"https:\/\/www.aslroma5.it\/#organization\",\"name\":\"ASL ROMA 5\",\"url\":\"https:\/\/www.aslroma5.it\/\",\"logo\":{\"@type\":\"ImageObject\",\"inLanguage\":\"it-IT\",\"@id\":\"https:\/\/www.aslroma5.it\/#\/schema\/logo\/image\/\",\"url\":\"https:\/\/www.aslroma5.it\/wp-content\/uploads\/2025\/07\/asl-roma5-logo-25.svg\",\"contentUrl\":\"https:\/\/www.aslroma5.it\/wp-content\/uploads\/2025\/07\/asl-roma5-logo-25.svg\",\"width\":328,\"height\":112,\"caption\":\"ASL ROMA 5\"},\"image\":{\"@id\":\"https:\/\/www.aslroma5.it\/#\/schema\/logo\/image\/\"}},{\"@type\":\"Person\",\"@id\":\"https:\/\/www.aslroma5.it\/#\/schema\/person\/aae9591da64a4feb5cf19a10d69b634d\",\"name\":\"dot4all\",\"image\":{\"@type\":\"ImageObject\",\"inLanguage\":\"it-IT\",\"@id\":\"https:\/\/www.aslroma5.it\/#\/schema\/person\/image\/\",\"url\":\"https:\/\/secure.gravatar.com\/avatar\/a228c250e89e00f48f7bae46b9a785bc5b3f509d86988952d9e01450e422a0cc?s=96&d=mm&r=g\",\"contentUrl\":\"https:\/\/secure.gravatar.com\/avatar\/a228c250e89e00f48f7bae46b9a785bc5b3f509d86988952d9e01450e422a0cc?s=96&d=mm&r=g\",\"caption\":\"dot4all\"},\"sameAs\":[\"https:\/\/www.aslroma5.info\/new2021\"]}]}<\/script>\n<!-- \/ Yoast SEO plugin. -->","yoast_head_json":{"title":"PRONTO SOCCORSO DI PALESTRINA, TERMINATI I LAVORI DI RIPAVIMENTAZIONE E APPROVATO IL PROGETTO ESECUTIVO PER I LAVORI DI AMPLIAMENTO - ASL ROMA 5","robots":{"index":"index","follow":"follow","max-snippet":"max-snippet:-1","max-image-preview":"max-image-preview:large","max-video-preview":"max-video-preview:-1"},"canonical":"https:\/\/www.aslroma5.it\/pronto-soccorso-di-palestrina-terminati-i-lavori-di-ripavimentazione-e-approvato-il-progetto-esecutivo-per-i-lavori-di-ampliamento\/","og_locale":"it_IT","og_type":"article","og_title":"PRONTO SOCCORSO DI PALESTRINA, TERMINATI I LAVORI DI RIPAVIMENTAZIONE E APPROVATO IL PROGETTO ESECUTIVO PER I LAVORI DI AMPLIAMENTO - ASL ROMA 5","og_description":"\u201cCos\u00ec come anticipato ad agosto era prevista per il mese di settembre l\u2019approvazione del progetto esecutivo per i lavori di ampliamento del Pronto Soccorso di Palestrina. Ora si proceder\u00e0 con l\u2019affidamento dei lavori. Nel frattempo \u00e8 stato completato il rifacimento della pavimentazione dell\u2019attuale Pronto Soccorso, uno spazio che diventer\u00e0 un nuovo reparto dopo l\u2019apertura del&hellip;","og_url":"https:\/\/www.aslroma5.it\/pronto-soccorso-di-palestrina-terminati-i-lavori-di-ripavimentazione-e-approvato-il-progetto-esecutivo-per-i-lavori-di-ampliamento\/","og_site_name":"ASL ROMA 5","article_published_time":"2022-10-01T13:10:48+00:00","og_image":[{"width":1024,"height":768,"url":"https:\/\/www.aslroma5.it\/wp-content\/uploads\/2022\/10\/images_Documenti2022_ps_palestrina.jpg","type":"image\/jpeg"}],"author":"dot4all","twitter_card":"summary_large_image","twitter_misc":{"Scritto da":"dot4all","Tempo di lettura stimato":"1 minuto"},"schema":{"@context":"https:\/\/schema.org","@graph":[{"@type":"Article","@id":"https:\/\/www.aslroma5.it\/pronto-soccorso-di-palestrina-terminati-i-lavori-di-ripavimentazione-e-approvato-il-progetto-esecutivo-per-i-lavori-di-ampliamento\/#article","isPartOf":{"@id":"https:\/\/www.aslroma5.it\/pronto-soccorso-di-palestrina-terminati-i-lavori-di-ripavimentazione-e-approvato-il-progetto-esecutivo-per-i-lavori-di-ampliamento\/"},"author":{"name":"dot4all","@id":"https:\/\/www.aslroma5.it\/#\/schema\/person\/aae9591da64a4feb5cf19a10d69b634d"},"headline":"PRONTO SOCCORSO DI PALESTRINA, TERMINATI I LAVORI DI RIPAVIMENTAZIONE E APPROVATO IL PROGETTO ESECUTIVO PER I LAVORI DI AMPLIAMENTO","datePublished":"2022-10-01T13:10:48+00:00","mainEntityOfPage":{"@id":"https:\/\/www.aslroma5.it\/pronto-soccorso-di-palestrina-terminati-i-lavori-di-ripavimentazione-e-approvato-il-progetto-esecutivo-per-i-lavori-di-ampliamento\/"},"wordCount":264,"commentCount":0,"publisher":{"@id":"https:\/\/www.aslroma5.it\/#organization"},"image":{"@id":"https:\/\/www.aslroma5.it\/pronto-soccorso-di-palestrina-terminati-i-lavori-di-ripavimentazione-e-approvato-il-progetto-esecutivo-per-i-lavori-di-ampliamento\/#primaryimage"},"thumbnailUrl":"https:\/\/www.aslroma5.it\/wp-content\/uploads\/2022\/10\/images_Documenti2022_ps_palestrina.jpg","articleSection":["News"],"inLanguage":"it-IT","potentialAction":[{"@type":"CommentAction","name":"Comment","target":["https:\/\/www.aslroma5.it\/pronto-soccorso-di-palestrina-terminati-i-lavori-di-ripavimentazione-e-approvato-il-progetto-esecutivo-per-i-lavori-di-ampliamento\/#respond"]}]},{"@type":"WebPage","@id":"https:\/\/www.aslroma5.it\/pronto-soccorso-di-palestrina-terminati-i-lavori-di-ripavimentazione-e-approvato-il-progetto-esecutivo-per-i-lavori-di-ampliamento\/","url":"https:\/\/www.aslroma5.it\/pronto-soccorso-di-palestrina-terminati-i-lavori-di-ripavimentazione-e-approvato-il-progetto-esecutivo-per-i-lavori-di-ampliamento\/","name":"PRONTO SOCCORSO DI PALESTRINA, TERMINATI I LAVORI DI RIPAVIMENTAZIONE E APPROVATO IL PROGETTO ESECUTIVO PER I LAVORI DI AMPLIAMENTO - ASL ROMA 5","isPartOf":{"@id":"https:\/\/www.aslroma5.it\/#website"},"primaryImageOfPage":{"@id":"https:\/\/www.aslroma5.it\/pronto-soccorso-di-palestrina-terminati-i-lavori-di-ripavimentazione-e-approvato-il-progetto-esecutivo-per-i-lavori-di-ampliamento\/#primaryimage"},"image":{"@id":"https:\/\/www.aslroma5.it\/pronto-soccorso-di-palestrina-terminati-i-lavori-di-ripavimentazione-e-approvato-il-progetto-esecutivo-per-i-lavori-di-ampliamento\/#primaryimage"},"thumbnailUrl":"https:\/\/www.aslroma5.it\/wp-content\/uploads\/2022\/10\/images_Documenti2022_ps_palestrina.jpg","datePublished":"2022-10-01T13:10:48+00:00","breadcrumb":{"@id":"https:\/\/www.aslroma5.it\/pronto-soccorso-di-palestrina-terminati-i-lavori-di-ripavimentazione-e-approvato-il-progetto-esecutivo-per-i-lavori-di-ampliamento\/#breadcrumb"},"inLanguage":"it-IT","potentialAction":[{"@type":"ReadAction","target":["https:\/\/www.aslroma5.it\/pronto-soccorso-di-palestrina-terminati-i-lavori-di-ripavimentazione-e-approvato-il-progetto-esecutivo-per-i-lavori-di-ampliamento\/"]}]},{"@type":"ImageObject","inLanguage":"it-IT","@id":"https:\/\/www.aslroma5.it\/pronto-soccorso-di-palestrina-terminati-i-lavori-di-ripavimentazione-e-approvato-il-progetto-esecutivo-per-i-lavori-di-ampliamento\/#primaryimage","url":"https:\/\/www.aslroma5.it\/wp-content\/uploads\/2022\/10\/images_Documenti2022_ps_palestrina.jpg","contentUrl":"https:\/\/www.aslroma5.it\/wp-content\/uploads\/2022\/10\/images_Documenti2022_ps_palestrina.jpg","width":1024,"height":768},{"@type":"BreadcrumbList","@id":"https:\/\/www.aslroma5.it\/pronto-soccorso-di-palestrina-terminati-i-lavori-di-ripavimentazione-e-approvato-il-progetto-esecutivo-per-i-lavori-di-ampliamento\/#breadcrumb","itemListElement":[{"@type":"ListItem","position":1,"name":"Home","item":"https:\/\/www.aslroma5.it\/"},{"@type":"ListItem","position":2,"name":"PRONTO SOCCORSO DI PALESTRINA, TERMINATI I LAVORI DI RIPAVIMENTAZIONE E APPROVATO IL PROGETTO ESECUTIVO PER I LAVORI DI AMPLIAMENTO"}]},{"@type":"WebSite","@id":"https:\/\/www.aslroma5.it\/#website","url":"https:\/\/www.aslroma5.it\/","name":"ASL ROMA 5","description":"","publisher":{"@id":"https:\/\/www.aslroma5.it\/#organization"},"potentialAction":[{"@type":"SearchAction","target":{"@type":"EntryPoint","urlTemplate":"https:\/\/www.aslroma5.it\/?s={search_term_string}"},"query-input":{"@type":"PropertyValueSpecification","valueRequired":true,"valueName":"search_term_string"}}],"inLanguage":"it-IT"},{"@type":"Organization","@id":"https:\/\/www.aslroma5.it\/#organization","name":"ASL ROMA 5","url":"https:\/\/www.aslroma5.it\/","logo":{"@type":"ImageObject","inLanguage":"it-IT","@id":"https:\/\/www.aslroma5.it\/#\/schema\/logo\/image\/","url":"https:\/\/www.aslroma5.it\/wp-content\/uploads\/2025\/07\/asl-roma5-logo-25.svg","contentUrl":"https:\/\/www.aslroma5.it\/wp-content\/uploads\/2025\/07\/asl-roma5-logo-25.svg","width":328,"height":112,"caption":"ASL ROMA 5"},"image":{"@id":"https:\/\/www.aslroma5.it\/#\/schema\/logo\/image\/"}},{"@type":"Person","@id":"https:\/\/www.aslroma5.it\/#\/schema\/person\/aae9591da64a4feb5cf19a10d69b634d","name":"dot4all","image":{"@type":"ImageObject","inLanguage":"it-IT","@id":"https:\/\/www.aslroma5.it\/#\/schema\/person\/image\/","url":"https:\/\/secure.gravatar.com\/avatar\/a228c250e89e00f48f7bae46b9a785bc5b3f509d86988952d9e01450e422a0cc?s=96&d=mm&r=g","contentUrl":"https:\/\/secure.gravatar.com\/avatar\/a228c250e89e00f48f7bae46b9a785bc5b3f509d86988952d9e01450e422a0cc?s=96&d=mm&r=g","caption":"dot4all"},"sameAs":["https:\/\/www.aslroma5.info\/new2021"]}]}},"publishpress_future_action":{"enabled":false,"date":"2026-05-09 07:46:21","action":"change-status","newStatus":"draft","terms":[],"taxonomy":"category","extraData":[]},"publishpress_future_workflow_manual_trigger":{"enabledWorkflows":[]},"_links":{"self":[{"href":"https:\/\/www.aslroma5.it\/api\/wp\/v2\/posts\/60089","targetHints":{"allow":["GET"]}}],"collection":[{"href":"https:\/\/www.aslroma5.it\/api\/wp\/v2\/posts"}],"about":[{"href":"https:\/\/www.aslroma5.it\/api\/wp\/v2\/types\/post"}],"author":[{"embeddable":true,"href":"https:\/\/www.aslroma5.it\/api\/wp\/v2\/users\/1"}],"replies":[{"embeddable":true,"href":"https:\/\/www.aslroma5.it\/api\/wp\/v2\/comments?post=60089"}],"version-history":[{"count":0,"href":"https:\/\/www.aslroma5.it\/api\/wp\/v2\/posts\/60089\/revisions"}],"wp:featuredmedia":[{"embeddable":true,"href":"https:\/\/www.aslroma5.it\/api\/wp\/v2\/media\/60087"}],"wp:attachment":[{"href":"https:\/\/www.aslroma5.it\/api\/wp\/v2\/media?parent=60089"}],"wp:term":[{"taxonomy":"category","embeddable":true,"href":"https:\/\/www.aslroma5.it\/api\/wp\/v2\/categories?post=60089"},{"taxonomy":"post_tag","embeddable":true,"href":"https:\/\/www.aslroma5.it\/api\/wp\/v2\/tags?post=60089"}],"curies":[{"name":"wp","href":"https:\/\/api.w.org\/{rel}","templated":true}]}}