{"id":72417,"date":"2023-10-10T16:49:08","date_gmt":"2023-10-10T14:49:08","guid":{"rendered":"https:\/\/www.aslroma5.it\/?p=72417"},"modified":"2026-02-24T13:47:29","modified_gmt":"2026-02-24T12:47:29","slug":"sanita-rocca-puntiamo-al-rafforzamento-di-colleferro-e-del-territorio","status":"publish","type":"post","link":"https:\/\/www.aslroma5.it\/sanita-rocca-puntiamo-al-rafforzamento-di-colleferro-e-del-territorio\/","title":{"rendered":"SANIT\u00c0, ROCCA: PUNTIAMO AL RAFFORZAMENTO DI COLLEFERRO E DEL TERRITORIO"},"content":{"rendered":"<p>Colleferro,\u00a09 ottobre 2023 \u2013 Il presidente della Regione Lazio Francesco Rocca si \u00e8 recato\u00a0questa mattina in visita ufficiale all\u2019ospedale \u201cLeopoldo Parodi Delfino\u201d di Colleferro. Accompagnato dal direttore generale della Asl Roma 5, Giorgio Giulio Santonocito, e dall&#8217;equipe medica, ha fatto tappa al Pronto soccorso e ai reparti di Gastroenterologia e Ortopedia.<\/p>\n<p>Accolto dai sindaci della zona, Rocca ha assicurato alle autorit\u00e0 locali l\u2019impegno della Regione Lazio per la salute dei cittadini. In particolare, per il pronto soccorso che \u00e8 stato oggetto di una significativa trasformazione, con l&#8217;aggiunta di una zona dedicata alla raccolta dei dati e al triage dei pazienti. Questa area comprende sezioni per il &#8220;Codice Rosso,&#8221; &#8220;Codice Arancione,&#8221; &#8220;Codice Azzurro\/Verde&#8221;. E un percorso specifico per le vittime di violenza di genere, insieme a una zona dedicata all&#8217;ecografo.<\/p>\n<p>Il presidente, nel corso dell\u2019incontro, ha evidenziato come la Gastroenterologia e l&#8217;Ortopedia abbiano subito miglioramenti significativi grazie ai lavori di ristrutturazione. La prima \u00e8 ora dotata di due sale operatorie, completate il\u00a021 agosto 2023, e una stanza per l&#8217;osservazione post interventi. Nella seconda sono state apportate migliorie alle stanze per la degenza, con l&#8217;aggiunta di bagni interni, e sono state create nuove aree per il personale. Inoltre, \u00e8 stata realizzata una stanza dedicata al ricovero dei pazienti.<\/p>\n<p>La ristrutturazione messa in atto contribuir\u00e0 pertanto a fornire un livello ancora pi\u00f9 elevato di assistenza medica a Colleferro e nelle zone circostanti.<\/p>\n<p>Il presidio ospedaliero conta ora su <strong>134 posti letto, 12 reparti, 110 medici, 376 operatori tra\u00a0infermieri e operatori soci sanitari, 29 unit\u00e0 fra tecnici e amministrativi<\/strong>. Vengono effettuati<strong> 4mila ricoveri l\u2019anno <\/strong>(3.300 programmati e 700 Dh). Centrale nella provincia di Roma, in particolare in <strong>nove Comuni<\/strong> (Artena, Carpineto Romano, Colleferro, Gavignano, Gorga, Labico, Montelanico, Segni, Valmontone) serve un bacino di oltre <strong>75mila abitanti<\/strong>. Sono in atto ristrutturazioni del reparto di Medicina interna (la chiusura dei lavori \u00e8 prevista per il prossimo novembre) e del reparto di Nefrologia e Dialisi.<\/p>\n<p>Il \u201c<strong>Leopoldo Parodi Delfino<\/strong>\u201d sar\u00e0 sempre pi\u00f9 oggetto di significativi interventi del patrimonio tecnologico, cos\u00ec da rispondere alle esigenze dell\u2019utenza. Prevista l\u2019acquisizione di due risonanza magnetica in vista del Giubileo del 2025: garantiranno prestazioni che al momento non sono soddisfatte all\u2019interno della Asl Roma 5.<\/p>\n<p>\u00ab<em>C&#8217;\u00e8 una grande attenzione della Regione per l&#8217;Ospedale di Colleferro. Ho respirato un buon clima di collaborazione istituzionale anche con il Sindaco e mi auguro continui cos\u00ec sempre: noi dobbiamo dare risposte ai territori e dobbiamo farlo insieme, in sinergia. Un ringraziamento particolare al direttore generale che ha ricordato l&#8217;importanza del lavoro di squadra, senza il quale non si va da nessuna parte. Qualit\u00e0, tecnologie moderne, spazi adeguati. Questa \u00e8 la grande sfida: lavorare per consentire ai presidi ospedalieri dei territori di avere tutti gli strumenti degli ospedali delle grandi citt\u00e0. Continuer\u00e0 questo lavoro di attenzione sulle province, perch\u00e9 la Sanit\u00e0 del Lazio \u00e8 ancora troppo romanocentrica. La gente non deve essere pi\u00f9 costretta a fare centinaia di chilometri per ottenere cure adeguate. Il Piano Sanitario che presenteremo a breve va proprio in questa direzione. Abbiamo pagato un prezzo molto alto per la politicizzazione della sanit\u00e0. Mai pi\u00f9 dobbiamo assistere a interventi sull&#8217;organizzazione delle strutture ospedaliere. Mai pi\u00f9 ingerenze. C&#8217;\u00e8 un grande lavoro da fare<\/em>\u00bb. Ha affermato il presidente della Regione Lazio <strong>Francesco Rocca<\/strong>.<\/p>\n<p>\u00ab<em>La ristrutturazione del Pronto Soccorso e dei reparti di Gastroenterologia e Ortopedia ha migliorato la funzionalit\u00e0 operativa dell\u2019Ospedale di Colleferro che gestisce oltre 25 mila accessi di pronto soccorso annui. Si tratta di una struttura fondamentale per i cittadini che ne usufruiscono e che pu\u00f2 essere considerato un vero e proprio presidio di democrazia per l\u2019intero territorio. L\u2019attenzione verso quest\u2019area \u00e8 dimostrata, inoltre, dal presidente Rocca che,\u00a0oggi, ha confermato l\u2019acquisizione di due unit\u00e0 per la risonanza magnetica (una delle due destinata a Tivoli), sottolineando quindi l\u2019impegno a migliorare i servizi messi a disposizione della sua comunit\u00e0<\/em>\u00bb. Ha aggiunto il direttore generale della Asl Roma 5, <strong>Giorgio Giulio Santonocito<\/strong>.<\/p>\n","protected":false},"excerpt":{"rendered":"<p>Colleferro,\u00a09 ottobre 2023 \u2013 Il presidente della Regione Lazio Francesco Rocca si \u00e8 recato\u00a0questa mattina in visita ufficiale all\u2019ospedale \u201cLeopoldo Parodi Delfino\u201d di Colleferro. Accompagnato dal direttore generale della Asl Roma 5, Giorgio Giulio Santonocito, e dall&#8217;equipe medica, ha fatto tappa al Pronto soccorso e ai reparti di Gastroenterologia e Ortopedia. Accolto dai sindaci della&hellip;<\/p>\n","protected":false},"author":1,"featured_media":72420,"comment_status":"closed","ping_status":"closed","sticky":false,"template":"","format":"standard","meta":{"_acf_changed":false,"inline_featured_image":false,"footnotes":""},"categories":[1816,2210],"tags":[2285],"class_list":["post-72417","post","type-post","status-publish","format-standard","has-post-thumbnail","hentry","category-news","category-ospedale-di-colleferro","tag-comunicato-stampa","category-1816","category-2210","description-off"],"acf":{"galleria":[72418,72419]},"yoast_head":"<!-- This site is optimized with the Yoast SEO plugin v25.5 - https:\/\/yoast.com\/wordpress\/plugins\/seo\/ -->\n<title>SANIT\u00c0, ROCCA: PUNTIAMO AL RAFFORZAMENTO DI COLLEFERRO E DEL TERRITORIO - ASL ROMA 5<\/title>\n<meta name=\"robots\" content=\"index, follow, max-snippet:-1, max-image-preview:large, max-video-preview:-1\" \/>\n<link rel=\"canonical\" href=\"https:\/\/www.aslroma5.it\/sanita-rocca-puntiamo-al-rafforzamento-di-colleferro-e-del-territorio\/\" \/>\n<meta property=\"og:locale\" content=\"it_IT\" \/>\n<meta property=\"og:type\" content=\"article\" \/>\n<meta property=\"og:title\" content=\"SANIT\u00c0, ROCCA: PUNTIAMO AL RAFFORZAMENTO DI COLLEFERRO E DEL TERRITORIO - ASL ROMA 5\" \/>\n<meta property=\"og:description\" content=\"Colleferro,\u00a09 ottobre 2023 \u2013 Il presidente della Regione Lazio Francesco Rocca si \u00e8 recato\u00a0questa mattina in visita ufficiale all\u2019ospedale \u201cLeopoldo Parodi Delfino\u201d di Colleferro. Accompagnato dal direttore generale della Asl Roma 5, Giorgio Giulio Santonocito, e dall&#8217;equipe medica, ha fatto tappa al Pronto soccorso e ai reparti di Gastroenterologia e Ortopedia. Accolto dai sindaci della&hellip;\" \/>\n<meta property=\"og:url\" content=\"https:\/\/www.aslroma5.it\/sanita-rocca-puntiamo-al-rafforzamento-di-colleferro-e-del-territorio\/\" \/>\n<meta property=\"og:site_name\" content=\"ASL ROMA 5\" \/>\n<meta property=\"article:published_time\" content=\"2023-10-10T14:49:08+00:00\" \/>\n<meta property=\"article:modified_time\" content=\"2026-02-24T12:47:29+00:00\" \/>\n<meta property=\"og:image\" content=\"https:\/\/www.aslroma5.it\/wp-content\/uploads\/2023\/10\/colleferro-sindaco-presidente-direttore-091023.jpeg\" \/>\n\t<meta property=\"og:image:width\" content=\"1772\" \/>\n\t<meta property=\"og:image:height\" content=\"1035\" \/>\n\t<meta property=\"og:image:type\" content=\"image\/jpeg\" \/>\n<meta name=\"author\" content=\"dot4all\" \/>\n<meta name=\"twitter:card\" content=\"summary_large_image\" \/>\n<meta name=\"twitter:label1\" content=\"Scritto da\" \/>\n\t<meta name=\"twitter:data1\" content=\"dot4all\" \/>\n\t<meta name=\"twitter:label2\" content=\"Tempo di lettura stimato\" \/>\n\t<meta name=\"twitter:data2\" content=\"4 minuti\" \/>\n<script type=\"application\/ld+json\" class=\"yoast-schema-graph\">{\"@context\":\"https:\/\/schema.org\",\"@graph\":[{\"@type\":\"Article\",\"@id\":\"https:\/\/www.aslroma5.it\/sanita-rocca-puntiamo-al-rafforzamento-di-colleferro-e-del-territorio\/#article\",\"isPartOf\":{\"@id\":\"https:\/\/www.aslroma5.it\/sanita-rocca-puntiamo-al-rafforzamento-di-colleferro-e-del-territorio\/\"},\"author\":{\"name\":\"dot4all\",\"@id\":\"https:\/\/www.aslroma5.it\/#\/schema\/person\/aae9591da64a4feb5cf19a10d69b634d\"},\"headline\":\"SANIT\u00c0, ROCCA: PUNTIAMO AL RAFFORZAMENTO DI COLLEFERRO E DEL TERRITORIO\",\"datePublished\":\"2023-10-10T14:49:08+00:00\",\"dateModified\":\"2026-02-24T12:47:29+00:00\",\"mainEntityOfPage\":{\"@id\":\"https:\/\/www.aslroma5.it\/sanita-rocca-puntiamo-al-rafforzamento-di-colleferro-e-del-territorio\/\"},\"wordCount\":658,\"publisher\":{\"@id\":\"https:\/\/www.aslroma5.it\/#organization\"},\"image\":{\"@id\":\"https:\/\/www.aslroma5.it\/sanita-rocca-puntiamo-al-rafforzamento-di-colleferro-e-del-territorio\/#primaryimage\"},\"thumbnailUrl\":\"https:\/\/www.aslroma5.it\/wp-content\/uploads\/2023\/10\/colleferro-sindaco-presidente-direttore-091023.jpeg\",\"keywords\":[\"Comunicato stampa\"],\"articleSection\":[\"News\",\"Ospedale di Colleferro\"],\"inLanguage\":\"it-IT\"},{\"@type\":\"WebPage\",\"@id\":\"https:\/\/www.aslroma5.it\/sanita-rocca-puntiamo-al-rafforzamento-di-colleferro-e-del-territorio\/\",\"url\":\"https:\/\/www.aslroma5.it\/sanita-rocca-puntiamo-al-rafforzamento-di-colleferro-e-del-territorio\/\",\"name\":\"SANIT\u00c0, ROCCA: PUNTIAMO AL RAFFORZAMENTO DI COLLEFERRO E DEL TERRITORIO - ASL ROMA 5\",\"isPartOf\":{\"@id\":\"https:\/\/www.aslroma5.it\/#website\"},\"primaryImageOfPage\":{\"@id\":\"https:\/\/www.aslroma5.it\/sanita-rocca-puntiamo-al-rafforzamento-di-colleferro-e-del-territorio\/#primaryimage\"},\"image\":{\"@id\":\"https:\/\/www.aslroma5.it\/sanita-rocca-puntiamo-al-rafforzamento-di-colleferro-e-del-territorio\/#primaryimage\"},\"thumbnailUrl\":\"https:\/\/www.aslroma5.it\/wp-content\/uploads\/2023\/10\/colleferro-sindaco-presidente-direttore-091023.jpeg\",\"datePublished\":\"2023-10-10T14:49:08+00:00\",\"dateModified\":\"2026-02-24T12:47:29+00:00\",\"breadcrumb\":{\"@id\":\"https:\/\/www.aslroma5.it\/sanita-rocca-puntiamo-al-rafforzamento-di-colleferro-e-del-territorio\/#breadcrumb\"},\"inLanguage\":\"it-IT\",\"potentialAction\":[{\"@type\":\"ReadAction\",\"target\":[\"https:\/\/www.aslroma5.it\/sanita-rocca-puntiamo-al-rafforzamento-di-colleferro-e-del-territorio\/\"]}]},{\"@type\":\"ImageObject\",\"inLanguage\":\"it-IT\",\"@id\":\"https:\/\/www.aslroma5.it\/sanita-rocca-puntiamo-al-rafforzamento-di-colleferro-e-del-territorio\/#primaryimage\",\"url\":\"https:\/\/www.aslroma5.it\/wp-content\/uploads\/2023\/10\/colleferro-sindaco-presidente-direttore-091023.jpeg\",\"contentUrl\":\"https:\/\/www.aslroma5.it\/wp-content\/uploads\/2023\/10\/colleferro-sindaco-presidente-direttore-091023.jpeg\",\"width\":1772,\"height\":1035},{\"@type\":\"BreadcrumbList\",\"@id\":\"https:\/\/www.aslroma5.it\/sanita-rocca-puntiamo-al-rafforzamento-di-colleferro-e-del-territorio\/#breadcrumb\",\"itemListElement\":[{\"@type\":\"ListItem\",\"position\":1,\"name\":\"Home\",\"item\":\"https:\/\/www.aslroma5.it\/\"},{\"@type\":\"ListItem\",\"position\":2,\"name\":\"SANIT\u00c0, ROCCA: PUNTIAMO AL RAFFORZAMENTO DI COLLEFERRO E DEL TERRITORIO\"}]},{\"@type\":\"WebSite\",\"@id\":\"https:\/\/www.aslroma5.it\/#website\",\"url\":\"https:\/\/www.aslroma5.it\/\",\"name\":\"ASL ROMA 5\",\"description\":\"\",\"publisher\":{\"@id\":\"https:\/\/www.aslroma5.it\/#organization\"},\"potentialAction\":[{\"@type\":\"SearchAction\",\"target\":{\"@type\":\"EntryPoint\",\"urlTemplate\":\"https:\/\/www.aslroma5.it\/?s={search_term_string}\"},\"query-input\":{\"@type\":\"PropertyValueSpecification\",\"valueRequired\":true,\"valueName\":\"search_term_string\"}}],\"inLanguage\":\"it-IT\"},{\"@type\":\"Organization\",\"@id\":\"https:\/\/www.aslroma5.it\/#organization\",\"name\":\"ASL ROMA 5\",\"url\":\"https:\/\/www.aslroma5.it\/\",\"logo\":{\"@type\":\"ImageObject\",\"inLanguage\":\"it-IT\",\"@id\":\"https:\/\/www.aslroma5.it\/#\/schema\/logo\/image\/\",\"url\":\"https:\/\/www.aslroma5.it\/wp-content\/uploads\/2025\/07\/asl-roma5-logo-25.svg\",\"contentUrl\":\"https:\/\/www.aslroma5.it\/wp-content\/uploads\/2025\/07\/asl-roma5-logo-25.svg\",\"width\":328,\"height\":112,\"caption\":\"ASL ROMA 5\"},\"image\":{\"@id\":\"https:\/\/www.aslroma5.it\/#\/schema\/logo\/image\/\"}},{\"@type\":\"Person\",\"@id\":\"https:\/\/www.aslroma5.it\/#\/schema\/person\/aae9591da64a4feb5cf19a10d69b634d\",\"name\":\"dot4all\",\"image\":{\"@type\":\"ImageObject\",\"inLanguage\":\"it-IT\",\"@id\":\"https:\/\/www.aslroma5.it\/#\/schema\/person\/image\/\",\"url\":\"https:\/\/secure.gravatar.com\/avatar\/a228c250e89e00f48f7bae46b9a785bc5b3f509d86988952d9e01450e422a0cc?s=96&d=mm&r=g\",\"contentUrl\":\"https:\/\/secure.gravatar.com\/avatar\/a228c250e89e00f48f7bae46b9a785bc5b3f509d86988952d9e01450e422a0cc?s=96&d=mm&r=g\",\"caption\":\"dot4all\"},\"sameAs\":[\"https:\/\/www.aslroma5.info\/new2021\"]}]}<\/script>\n<!-- \/ Yoast SEO plugin. -->","yoast_head_json":{"title":"SANIT\u00c0, ROCCA: PUNTIAMO AL RAFFORZAMENTO DI COLLEFERRO E DEL TERRITORIO - ASL ROMA 5","robots":{"index":"index","follow":"follow","max-snippet":"max-snippet:-1","max-image-preview":"max-image-preview:large","max-video-preview":"max-video-preview:-1"},"canonical":"https:\/\/www.aslroma5.it\/sanita-rocca-puntiamo-al-rafforzamento-di-colleferro-e-del-territorio\/","og_locale":"it_IT","og_type":"article","og_title":"SANIT\u00c0, ROCCA: PUNTIAMO AL RAFFORZAMENTO DI COLLEFERRO E DEL TERRITORIO - ASL ROMA 5","og_description":"Colleferro,\u00a09 ottobre 2023 \u2013 Il presidente della Regione Lazio Francesco Rocca si \u00e8 recato\u00a0questa mattina in visita ufficiale all\u2019ospedale \u201cLeopoldo Parodi Delfino\u201d di Colleferro. Accompagnato dal direttore generale della Asl Roma 5, Giorgio Giulio Santonocito, e dall&#8217;equipe medica, ha fatto tappa al Pronto soccorso e ai reparti di Gastroenterologia e Ortopedia. Accolto dai sindaci della&hellip;","og_url":"https:\/\/www.aslroma5.it\/sanita-rocca-puntiamo-al-rafforzamento-di-colleferro-e-del-territorio\/","og_site_name":"ASL ROMA 5","article_published_time":"2023-10-10T14:49:08+00:00","article_modified_time":"2026-02-24T12:47:29+00:00","og_image":[{"width":1772,"height":1035,"url":"https:\/\/www.aslroma5.it\/wp-content\/uploads\/2023\/10\/colleferro-sindaco-presidente-direttore-091023.jpeg","type":"image\/jpeg"}],"author":"dot4all","twitter_card":"summary_large_image","twitter_misc":{"Scritto da":"dot4all","Tempo di lettura stimato":"4 minuti"},"schema":{"@context":"https:\/\/schema.org","@graph":[{"@type":"Article","@id":"https:\/\/www.aslroma5.it\/sanita-rocca-puntiamo-al-rafforzamento-di-colleferro-e-del-territorio\/#article","isPartOf":{"@id":"https:\/\/www.aslroma5.it\/sanita-rocca-puntiamo-al-rafforzamento-di-colleferro-e-del-territorio\/"},"author":{"name":"dot4all","@id":"https:\/\/www.aslroma5.it\/#\/schema\/person\/aae9591da64a4feb5cf19a10d69b634d"},"headline":"SANIT\u00c0, ROCCA: PUNTIAMO AL RAFFORZAMENTO DI COLLEFERRO E DEL TERRITORIO","datePublished":"2023-10-10T14:49:08+00:00","dateModified":"2026-02-24T12:47:29+00:00","mainEntityOfPage":{"@id":"https:\/\/www.aslroma5.it\/sanita-rocca-puntiamo-al-rafforzamento-di-colleferro-e-del-territorio\/"},"wordCount":658,"publisher":{"@id":"https:\/\/www.aslroma5.it\/#organization"},"image":{"@id":"https:\/\/www.aslroma5.it\/sanita-rocca-puntiamo-al-rafforzamento-di-colleferro-e-del-territorio\/#primaryimage"},"thumbnailUrl":"https:\/\/www.aslroma5.it\/wp-content\/uploads\/2023\/10\/colleferro-sindaco-presidente-direttore-091023.jpeg","keywords":["Comunicato stampa"],"articleSection":["News","Ospedale di Colleferro"],"inLanguage":"it-IT"},{"@type":"WebPage","@id":"https:\/\/www.aslroma5.it\/sanita-rocca-puntiamo-al-rafforzamento-di-colleferro-e-del-territorio\/","url":"https:\/\/www.aslroma5.it\/sanita-rocca-puntiamo-al-rafforzamento-di-colleferro-e-del-territorio\/","name":"SANIT\u00c0, ROCCA: PUNTIAMO AL RAFFORZAMENTO DI COLLEFERRO E DEL TERRITORIO - ASL ROMA 5","isPartOf":{"@id":"https:\/\/www.aslroma5.it\/#website"},"primaryImageOfPage":{"@id":"https:\/\/www.aslroma5.it\/sanita-rocca-puntiamo-al-rafforzamento-di-colleferro-e-del-territorio\/#primaryimage"},"image":{"@id":"https:\/\/www.aslroma5.it\/sanita-rocca-puntiamo-al-rafforzamento-di-colleferro-e-del-territorio\/#primaryimage"},"thumbnailUrl":"https:\/\/www.aslroma5.it\/wp-content\/uploads\/2023\/10\/colleferro-sindaco-presidente-direttore-091023.jpeg","datePublished":"2023-10-10T14:49:08+00:00","dateModified":"2026-02-24T12:47:29+00:00","breadcrumb":{"@id":"https:\/\/www.aslroma5.it\/sanita-rocca-puntiamo-al-rafforzamento-di-colleferro-e-del-territorio\/#breadcrumb"},"inLanguage":"it-IT","potentialAction":[{"@type":"ReadAction","target":["https:\/\/www.aslroma5.it\/sanita-rocca-puntiamo-al-rafforzamento-di-colleferro-e-del-territorio\/"]}]},{"@type":"ImageObject","inLanguage":"it-IT","@id":"https:\/\/www.aslroma5.it\/sanita-rocca-puntiamo-al-rafforzamento-di-colleferro-e-del-territorio\/#primaryimage","url":"https:\/\/www.aslroma5.it\/wp-content\/uploads\/2023\/10\/colleferro-sindaco-presidente-direttore-091023.jpeg","contentUrl":"https:\/\/www.aslroma5.it\/wp-content\/uploads\/2023\/10\/colleferro-sindaco-presidente-direttore-091023.jpeg","width":1772,"height":1035},{"@type":"BreadcrumbList","@id":"https:\/\/www.aslroma5.it\/sanita-rocca-puntiamo-al-rafforzamento-di-colleferro-e-del-territorio\/#breadcrumb","itemListElement":[{"@type":"ListItem","position":1,"name":"Home","item":"https:\/\/www.aslroma5.it\/"},{"@type":"ListItem","position":2,"name":"SANIT\u00c0, ROCCA: PUNTIAMO AL RAFFORZAMENTO DI COLLEFERRO E DEL TERRITORIO"}]},{"@type":"WebSite","@id":"https:\/\/www.aslroma5.it\/#website","url":"https:\/\/www.aslroma5.it\/","name":"ASL ROMA 5","description":"","publisher":{"@id":"https:\/\/www.aslroma5.it\/#organization"},"potentialAction":[{"@type":"SearchAction","target":{"@type":"EntryPoint","urlTemplate":"https:\/\/www.aslroma5.it\/?s={search_term_string}"},"query-input":{"@type":"PropertyValueSpecification","valueRequired":true,"valueName":"search_term_string"}}],"inLanguage":"it-IT"},{"@type":"Organization","@id":"https:\/\/www.aslroma5.it\/#organization","name":"ASL ROMA 5","url":"https:\/\/www.aslroma5.it\/","logo":{"@type":"ImageObject","inLanguage":"it-IT","@id":"https:\/\/www.aslroma5.it\/#\/schema\/logo\/image\/","url":"https:\/\/www.aslroma5.it\/wp-content\/uploads\/2025\/07\/asl-roma5-logo-25.svg","contentUrl":"https:\/\/www.aslroma5.it\/wp-content\/uploads\/2025\/07\/asl-roma5-logo-25.svg","width":328,"height":112,"caption":"ASL ROMA 5"},"image":{"@id":"https:\/\/www.aslroma5.it\/#\/schema\/logo\/image\/"}},{"@type":"Person","@id":"https:\/\/www.aslroma5.it\/#\/schema\/person\/aae9591da64a4feb5cf19a10d69b634d","name":"dot4all","image":{"@type":"ImageObject","inLanguage":"it-IT","@id":"https:\/\/www.aslroma5.it\/#\/schema\/person\/image\/","url":"https:\/\/secure.gravatar.com\/avatar\/a228c250e89e00f48f7bae46b9a785bc5b3f509d86988952d9e01450e422a0cc?s=96&d=mm&r=g","contentUrl":"https:\/\/secure.gravatar.com\/avatar\/a228c250e89e00f48f7bae46b9a785bc5b3f509d86988952d9e01450e422a0cc?s=96&d=mm&r=g","caption":"dot4all"},"sameAs":["https:\/\/www.aslroma5.info\/new2021"]}]}},"publishpress_future_action":{"enabled":false,"date":"2026-05-09 11:42:16","action":"change-status","newStatus":"draft","terms":[],"taxonomy":"category","extraData":[]},"publishpress_future_workflow_manual_trigger":{"enabledWorkflows":[]},"_links":{"self":[{"href":"https:\/\/www.aslroma5.it\/api\/wp\/v2\/posts\/72417","targetHints":{"allow":["GET"]}}],"collection":[{"href":"https:\/\/www.aslroma5.it\/api\/wp\/v2\/posts"}],"about":[{"href":"https:\/\/www.aslroma5.it\/api\/wp\/v2\/types\/post"}],"author":[{"embeddable":true,"href":"https:\/\/www.aslroma5.it\/api\/wp\/v2\/users\/1"}],"replies":[{"embeddable":true,"href":"https:\/\/www.aslroma5.it\/api\/wp\/v2\/comments?post=72417"}],"version-history":[{"count":0,"href":"https:\/\/www.aslroma5.it\/api\/wp\/v2\/posts\/72417\/revisions"}],"acf:attachment":[{"embeddable":true,"href":"https:\/\/www.aslroma5.it\/api\/wp\/v2\/media\/72419"},{"embeddable":true,"href":"https:\/\/www.aslroma5.it\/api\/wp\/v2\/media\/72418"}],"wp:featuredmedia":[{"embeddable":true,"href":"https:\/\/www.aslroma5.it\/api\/wp\/v2\/media\/72420"}],"wp:attachment":[{"href":"https:\/\/www.aslroma5.it\/api\/wp\/v2\/media?parent=72417"}],"wp:term":[{"taxonomy":"category","embeddable":true,"href":"https:\/\/www.aslroma5.it\/api\/wp\/v2\/categories?post=72417"},{"taxonomy":"post_tag","embeddable":true,"href":"https:\/\/www.aslroma5.it\/api\/wp\/v2\/tags?post=72417"}],"curies":[{"name":"wp","href":"https:\/\/api.w.org\/{rel}","templated":true}]}}