{"id":72522,"date":"2023-10-16T17:11:09","date_gmt":"2023-10-16T15:11:09","guid":{"rendered":"https:\/\/www.aslroma5.it\/?p=72522"},"modified":"2023-10-25T09:31:16","modified_gmt":"2023-10-25T07:31:16","slug":"colleferro-parte-la-campagna-screening-dellipertensione-rivolta-alla-popolazione-tra-i-45-e-i-59-anni","status":"publish","type":"post","link":"https:\/\/www.aslroma5.it\/colleferro-parte-la-campagna-screening-dellipertensione-rivolta-alla-popolazione-tra-i-45-e-i-59-anni\/","title":{"rendered":"Colleferro: parte la campagna screening dell&#8217;ipertensione rivolta alla popolazione tra i 45 e i 59 anni"},"content":{"rendered":"<p>Colleferro,\u00a016 ottobre 2023\u00a0&#8211; Ottobre \u00e8 il mese scelto per l\u2019avvio di una campagna di screening, trattamento e prevenzione dell\u2019ipertensione arteriosa, indirizzata a tutta la popolazione di et\u00e0 compresa tra i 45 e i 59 anni. Colleferro \u2013 una delle aree prioritarie di intervento nel piano di Equit\u00e0 Aziendale \u2013 \u00e8 il primo distretto interessato a questo progetto, attuato nell\u2019ambito del PNRR a favore dell&#8217;equit\u00e0 delle cure (determinazione regionale 05812 del\u00a012 maggio 2022).<\/p>\n<p>A tale scopo, sono stati fissati degli open day gratuiti per la valutazione del profilo di rischio di ipertensione. Ci\u00f2 avverr\u00e0 attraverso la somministrazione di questionari sui fattori di rischio, misurazione della pressione arteriosa e del profilo lipidico. La\u00a0stratificazione\u00a0del rischio\u00a0cardiovascolare\u00a0degli utenti permetter\u00e0 di fornire una presa in carico\u00a0personalizzata, nei servizi territoriali, finalizzata all&#8217;adozione di stili di vita sani e a un monitoraggio attivo\u00a0dei rischi.<\/p>\n<p>L&#8217;obiettivo dello screening \u00e8 l&#8217;identificazione delle persone tra i 45 e i 59 anni ipertesi. Le persone individuate verranno indirizzate verso idonei percorsi terapeutico-assistenziali multidisciplinari. Un\u2019adeguata adesione dei partecipanti consentir\u00e0, infatti, di ridurre il rischio di disabilit\u00e0, mortalit\u00e0 e la spesa pubblica e privata.<\/p>\n<p>Data l&#8217;accessibilit\u00e0 limitata legata alle caratteristiche geografiche del distretto, la partecipazione della popolazione \u00e8 essenziale anche per il miglioramento duraturo dei servizi, con accesso pi\u00f9 rapido. La diffusione delle informazioni riguardanti l&#8217;intervento fornir\u00e0, inoltre, maggiore consapevolezza sulle misure di prevenzione e, a lungo termine, una diminuzione dell&#8217;incidenza di ipertensione.<\/p>\n<p>\u201cLe diagnosi precoci sono fondamentali per ridurre l\u2019incidenza e i rischi collegati a questa patologia. Ricoprono quindi grande importanza le campagne di screening che permettono interventi tempestivi e promuovono la cultura della prevenzione tra i cittadini. Aderirvi \u00e8 un passo importante verso la cura di s\u00e9 che mostra, inoltre, una sanit\u00e0 territoriale sempre pi\u00f9 vicina e accessibile\u201d, ha commentato\u00a0il Direttore Generale della Asl Roma 5,\u00a0<strong>Giorgio Giulio Santonocito<\/strong>.<\/p>\n<p><a href=\"https:\/\/www.aslroma5.it\/wp-content\/uploads\/2023\/10\/colleferro-screening-ipertensione-2023.jpg\" title=\"Scarica La Locandina\" target=\"_blank\" rel=\"noopener\">Scarica la locandina<\/a><\/p>\n","protected":false},"excerpt":{"rendered":"<p>Colleferro,\u00a016 ottobre 2023\u00a0&#8211; Ottobre \u00e8 il mese scelto per l\u2019avvio di una campagna di screening, trattamento e prevenzione dell\u2019ipertensione arteriosa, indirizzata a tutta la popolazione di et\u00e0 compresa tra i 45 e i 59 anni. Colleferro \u2013 una delle aree prioritarie di intervento nel piano di Equit\u00e0 Aziendale \u2013 \u00e8 il primo distretto interessato a&hellip;<\/p>\n","protected":false},"author":1,"featured_media":72524,"comment_status":"closed","ping_status":"closed","sticky":false,"template":"","format":"standard","meta":{"_acf_changed":false,"inline_featured_image":false,"footnotes":""},"categories":[2204,2190,2210],"tags":[2285],"class_list":["post-72522","post","type-post","status-publish","format-standard","has-post-thumbnail","hentry","category-distretto-di-colleferro","category-in-evidenza","category-ospedale-di-colleferro","tag-comunicato-stampa","category-2204","category-2190","category-2210","description-off"],"acf":{"galleria":""},"yoast_head":"<!-- This site is optimized with the Yoast SEO plugin v25.5 - https:\/\/yoast.com\/wordpress\/plugins\/seo\/ -->\n<title>Colleferro: parte la campagna screening dell&#039;ipertensione rivolta alla popolazione tra i 45 e i 59 anni - ASL ROMA 5<\/title>\n<meta name=\"robots\" content=\"index, follow, max-snippet:-1, max-image-preview:large, max-video-preview:-1\" \/>\n<link rel=\"canonical\" href=\"https:\/\/www.aslroma5.it\/colleferro-parte-la-campagna-screening-dellipertensione-rivolta-alla-popolazione-tra-i-45-e-i-59-anni\/\" \/>\n<meta property=\"og:locale\" content=\"it_IT\" \/>\n<meta property=\"og:type\" content=\"article\" \/>\n<meta property=\"og:title\" content=\"Colleferro: parte la campagna screening dell&#039;ipertensione rivolta alla popolazione tra i 45 e i 59 anni - ASL ROMA 5\" \/>\n<meta property=\"og:description\" content=\"Colleferro,\u00a016 ottobre 2023\u00a0&#8211; Ottobre \u00e8 il mese scelto per l\u2019avvio di una campagna di screening, trattamento e prevenzione dell\u2019ipertensione arteriosa, indirizzata a tutta la popolazione di et\u00e0 compresa tra i 45 e i 59 anni. Colleferro \u2013 una delle aree prioritarie di intervento nel piano di Equit\u00e0 Aziendale \u2013 \u00e8 il primo distretto interessato a&hellip;\" \/>\n<meta property=\"og:url\" content=\"https:\/\/www.aslroma5.it\/colleferro-parte-la-campagna-screening-dellipertensione-rivolta-alla-popolazione-tra-i-45-e-i-59-anni\/\" \/>\n<meta property=\"og:site_name\" content=\"ASL ROMA 5\" \/>\n<meta property=\"article:published_time\" content=\"2023-10-16T15:11:09+00:00\" \/>\n<meta property=\"article:modified_time\" content=\"2023-10-25T07:31:16+00:00\" \/>\n<meta property=\"og:image\" content=\"https:\/\/www.aslroma5.it\/wp-content\/uploads\/2023\/10\/screening-ipertensione-colleferro-cop.png\" \/>\n\t<meta property=\"og:image:width\" content=\"1040\" \/>\n\t<meta property=\"og:image:height\" content=\"464\" \/>\n\t<meta property=\"og:image:type\" content=\"image\/png\" \/>\n<meta name=\"author\" content=\"dot4all\" \/>\n<meta name=\"twitter:card\" content=\"summary_large_image\" \/>\n<meta name=\"twitter:label1\" content=\"Scritto da\" \/>\n\t<meta name=\"twitter:data1\" content=\"dot4all\" \/>\n\t<meta name=\"twitter:label2\" content=\"Tempo di lettura stimato\" \/>\n\t<meta name=\"twitter:data2\" content=\"2 minuti\" \/>\n<script type=\"application\/ld+json\" class=\"yoast-schema-graph\">{\"@context\":\"https:\/\/schema.org\",\"@graph\":[{\"@type\":\"Article\",\"@id\":\"https:\/\/www.aslroma5.it\/colleferro-parte-la-campagna-screening-dellipertensione-rivolta-alla-popolazione-tra-i-45-e-i-59-anni\/#article\",\"isPartOf\":{\"@id\":\"https:\/\/www.aslroma5.it\/colleferro-parte-la-campagna-screening-dellipertensione-rivolta-alla-popolazione-tra-i-45-e-i-59-anni\/\"},\"author\":{\"name\":\"dot4all\",\"@id\":\"https:\/\/www.aslroma5.it\/#\/schema\/person\/aae9591da64a4feb5cf19a10d69b634d\"},\"headline\":\"Colleferro: parte la campagna screening dell&#8217;ipertensione rivolta alla popolazione tra i 45 e i 59 anni\",\"datePublished\":\"2023-10-16T15:11:09+00:00\",\"dateModified\":\"2023-10-25T07:31:16+00:00\",\"mainEntityOfPage\":{\"@id\":\"https:\/\/www.aslroma5.it\/colleferro-parte-la-campagna-screening-dellipertensione-rivolta-alla-popolazione-tra-i-45-e-i-59-anni\/\"},\"wordCount\":320,\"publisher\":{\"@id\":\"https:\/\/www.aslroma5.it\/#organization\"},\"image\":{\"@id\":\"https:\/\/www.aslroma5.it\/colleferro-parte-la-campagna-screening-dellipertensione-rivolta-alla-popolazione-tra-i-45-e-i-59-anni\/#primaryimage\"},\"thumbnailUrl\":\"https:\/\/www.aslroma5.it\/wp-content\/uploads\/2023\/10\/screening-ipertensione-colleferro-cop.png\",\"keywords\":[\"Comunicato stampa\"],\"articleSection\":[\"Distretto di Colleferro\",\"In evidenza\",\"Ospedale di Colleferro\"],\"inLanguage\":\"it-IT\"},{\"@type\":\"WebPage\",\"@id\":\"https:\/\/www.aslroma5.it\/colleferro-parte-la-campagna-screening-dellipertensione-rivolta-alla-popolazione-tra-i-45-e-i-59-anni\/\",\"url\":\"https:\/\/www.aslroma5.it\/colleferro-parte-la-campagna-screening-dellipertensione-rivolta-alla-popolazione-tra-i-45-e-i-59-anni\/\",\"name\":\"Colleferro: parte la campagna screening dell'ipertensione rivolta alla popolazione tra i 45 e i 59 anni - ASL ROMA 5\",\"isPartOf\":{\"@id\":\"https:\/\/www.aslroma5.it\/#website\"},\"primaryImageOfPage\":{\"@id\":\"https:\/\/www.aslroma5.it\/colleferro-parte-la-campagna-screening-dellipertensione-rivolta-alla-popolazione-tra-i-45-e-i-59-anni\/#primaryimage\"},\"image\":{\"@id\":\"https:\/\/www.aslroma5.it\/colleferro-parte-la-campagna-screening-dellipertensione-rivolta-alla-popolazione-tra-i-45-e-i-59-anni\/#primaryimage\"},\"thumbnailUrl\":\"https:\/\/www.aslroma5.it\/wp-content\/uploads\/2023\/10\/screening-ipertensione-colleferro-cop.png\",\"datePublished\":\"2023-10-16T15:11:09+00:00\",\"dateModified\":\"2023-10-25T07:31:16+00:00\",\"breadcrumb\":{\"@id\":\"https:\/\/www.aslroma5.it\/colleferro-parte-la-campagna-screening-dellipertensione-rivolta-alla-popolazione-tra-i-45-e-i-59-anni\/#breadcrumb\"},\"inLanguage\":\"it-IT\",\"potentialAction\":[{\"@type\":\"ReadAction\",\"target\":[\"https:\/\/www.aslroma5.it\/colleferro-parte-la-campagna-screening-dellipertensione-rivolta-alla-popolazione-tra-i-45-e-i-59-anni\/\"]}]},{\"@type\":\"ImageObject\",\"inLanguage\":\"it-IT\",\"@id\":\"https:\/\/www.aslroma5.it\/colleferro-parte-la-campagna-screening-dellipertensione-rivolta-alla-popolazione-tra-i-45-e-i-59-anni\/#primaryimage\",\"url\":\"https:\/\/www.aslroma5.it\/wp-content\/uploads\/2023\/10\/screening-ipertensione-colleferro-cop.png\",\"contentUrl\":\"https:\/\/www.aslroma5.it\/wp-content\/uploads\/2023\/10\/screening-ipertensione-colleferro-cop.png\",\"width\":1040,\"height\":464},{\"@type\":\"BreadcrumbList\",\"@id\":\"https:\/\/www.aslroma5.it\/colleferro-parte-la-campagna-screening-dellipertensione-rivolta-alla-popolazione-tra-i-45-e-i-59-anni\/#breadcrumb\",\"itemListElement\":[{\"@type\":\"ListItem\",\"position\":1,\"name\":\"Home\",\"item\":\"https:\/\/www.aslroma5.it\/\"},{\"@type\":\"ListItem\",\"position\":2,\"name\":\"Colleferro: parte la campagna screening dell&#8217;ipertensione rivolta alla popolazione tra i 45 e i 59 anni\"}]},{\"@type\":\"WebSite\",\"@id\":\"https:\/\/www.aslroma5.it\/#website\",\"url\":\"https:\/\/www.aslroma5.it\/\",\"name\":\"ASL ROMA 5\",\"description\":\"\",\"publisher\":{\"@id\":\"https:\/\/www.aslroma5.it\/#organization\"},\"potentialAction\":[{\"@type\":\"SearchAction\",\"target\":{\"@type\":\"EntryPoint\",\"urlTemplate\":\"https:\/\/www.aslroma5.it\/?s={search_term_string}\"},\"query-input\":{\"@type\":\"PropertyValueSpecification\",\"valueRequired\":true,\"valueName\":\"search_term_string\"}}],\"inLanguage\":\"it-IT\"},{\"@type\":\"Organization\",\"@id\":\"https:\/\/www.aslroma5.it\/#organization\",\"name\":\"ASL ROMA 5\",\"url\":\"https:\/\/www.aslroma5.it\/\",\"logo\":{\"@type\":\"ImageObject\",\"inLanguage\":\"it-IT\",\"@id\":\"https:\/\/www.aslroma5.it\/#\/schema\/logo\/image\/\",\"url\":\"https:\/\/www.aslroma5.it\/wp-content\/uploads\/2025\/07\/asl-roma5-logo-25.svg\",\"contentUrl\":\"https:\/\/www.aslroma5.it\/wp-content\/uploads\/2025\/07\/asl-roma5-logo-25.svg\",\"width\":328,\"height\":112,\"caption\":\"ASL ROMA 5\"},\"image\":{\"@id\":\"https:\/\/www.aslroma5.it\/#\/schema\/logo\/image\/\"}},{\"@type\":\"Person\",\"@id\":\"https:\/\/www.aslroma5.it\/#\/schema\/person\/aae9591da64a4feb5cf19a10d69b634d\",\"name\":\"dot4all\",\"image\":{\"@type\":\"ImageObject\",\"inLanguage\":\"it-IT\",\"@id\":\"https:\/\/www.aslroma5.it\/#\/schema\/person\/image\/\",\"url\":\"https:\/\/secure.gravatar.com\/avatar\/a228c250e89e00f48f7bae46b9a785bc5b3f509d86988952d9e01450e422a0cc?s=96&d=mm&r=g\",\"contentUrl\":\"https:\/\/secure.gravatar.com\/avatar\/a228c250e89e00f48f7bae46b9a785bc5b3f509d86988952d9e01450e422a0cc?s=96&d=mm&r=g\",\"caption\":\"dot4all\"},\"sameAs\":[\"https:\/\/www.aslroma5.info\/new2021\"]}]}<\/script>\n<!-- \/ Yoast SEO plugin. -->","yoast_head_json":{"title":"Colleferro: parte la campagna screening dell'ipertensione rivolta alla popolazione tra i 45 e i 59 anni - ASL ROMA 5","robots":{"index":"index","follow":"follow","max-snippet":"max-snippet:-1","max-image-preview":"max-image-preview:large","max-video-preview":"max-video-preview:-1"},"canonical":"https:\/\/www.aslroma5.it\/colleferro-parte-la-campagna-screening-dellipertensione-rivolta-alla-popolazione-tra-i-45-e-i-59-anni\/","og_locale":"it_IT","og_type":"article","og_title":"Colleferro: parte la campagna screening dell'ipertensione rivolta alla popolazione tra i 45 e i 59 anni - ASL ROMA 5","og_description":"Colleferro,\u00a016 ottobre 2023\u00a0&#8211; Ottobre \u00e8 il mese scelto per l\u2019avvio di una campagna di screening, trattamento e prevenzione dell\u2019ipertensione arteriosa, indirizzata a tutta la popolazione di et\u00e0 compresa tra i 45 e i 59 anni. Colleferro \u2013 una delle aree prioritarie di intervento nel piano di Equit\u00e0 Aziendale \u2013 \u00e8 il primo distretto interessato a&hellip;","og_url":"https:\/\/www.aslroma5.it\/colleferro-parte-la-campagna-screening-dellipertensione-rivolta-alla-popolazione-tra-i-45-e-i-59-anni\/","og_site_name":"ASL ROMA 5","article_published_time":"2023-10-16T15:11:09+00:00","article_modified_time":"2023-10-25T07:31:16+00:00","og_image":[{"width":1040,"height":464,"url":"https:\/\/www.aslroma5.it\/wp-content\/uploads\/2023\/10\/screening-ipertensione-colleferro-cop.png","type":"image\/png"}],"author":"dot4all","twitter_card":"summary_large_image","twitter_misc":{"Scritto da":"dot4all","Tempo di lettura stimato":"2 minuti"},"schema":{"@context":"https:\/\/schema.org","@graph":[{"@type":"Article","@id":"https:\/\/www.aslroma5.it\/colleferro-parte-la-campagna-screening-dellipertensione-rivolta-alla-popolazione-tra-i-45-e-i-59-anni\/#article","isPartOf":{"@id":"https:\/\/www.aslroma5.it\/colleferro-parte-la-campagna-screening-dellipertensione-rivolta-alla-popolazione-tra-i-45-e-i-59-anni\/"},"author":{"name":"dot4all","@id":"https:\/\/www.aslroma5.it\/#\/schema\/person\/aae9591da64a4feb5cf19a10d69b634d"},"headline":"Colleferro: parte la campagna screening dell&#8217;ipertensione rivolta alla popolazione tra i 45 e i 59 anni","datePublished":"2023-10-16T15:11:09+00:00","dateModified":"2023-10-25T07:31:16+00:00","mainEntityOfPage":{"@id":"https:\/\/www.aslroma5.it\/colleferro-parte-la-campagna-screening-dellipertensione-rivolta-alla-popolazione-tra-i-45-e-i-59-anni\/"},"wordCount":320,"publisher":{"@id":"https:\/\/www.aslroma5.it\/#organization"},"image":{"@id":"https:\/\/www.aslroma5.it\/colleferro-parte-la-campagna-screening-dellipertensione-rivolta-alla-popolazione-tra-i-45-e-i-59-anni\/#primaryimage"},"thumbnailUrl":"https:\/\/www.aslroma5.it\/wp-content\/uploads\/2023\/10\/screening-ipertensione-colleferro-cop.png","keywords":["Comunicato stampa"],"articleSection":["Distretto di Colleferro","In evidenza","Ospedale di Colleferro"],"inLanguage":"it-IT"},{"@type":"WebPage","@id":"https:\/\/www.aslroma5.it\/colleferro-parte-la-campagna-screening-dellipertensione-rivolta-alla-popolazione-tra-i-45-e-i-59-anni\/","url":"https:\/\/www.aslroma5.it\/colleferro-parte-la-campagna-screening-dellipertensione-rivolta-alla-popolazione-tra-i-45-e-i-59-anni\/","name":"Colleferro: parte la campagna screening dell'ipertensione rivolta alla popolazione tra i 45 e i 59 anni - ASL ROMA 5","isPartOf":{"@id":"https:\/\/www.aslroma5.it\/#website"},"primaryImageOfPage":{"@id":"https:\/\/www.aslroma5.it\/colleferro-parte-la-campagna-screening-dellipertensione-rivolta-alla-popolazione-tra-i-45-e-i-59-anni\/#primaryimage"},"image":{"@id":"https:\/\/www.aslroma5.it\/colleferro-parte-la-campagna-screening-dellipertensione-rivolta-alla-popolazione-tra-i-45-e-i-59-anni\/#primaryimage"},"thumbnailUrl":"https:\/\/www.aslroma5.it\/wp-content\/uploads\/2023\/10\/screening-ipertensione-colleferro-cop.png","datePublished":"2023-10-16T15:11:09+00:00","dateModified":"2023-10-25T07:31:16+00:00","breadcrumb":{"@id":"https:\/\/www.aslroma5.it\/colleferro-parte-la-campagna-screening-dellipertensione-rivolta-alla-popolazione-tra-i-45-e-i-59-anni\/#breadcrumb"},"inLanguage":"it-IT","potentialAction":[{"@type":"ReadAction","target":["https:\/\/www.aslroma5.it\/colleferro-parte-la-campagna-screening-dellipertensione-rivolta-alla-popolazione-tra-i-45-e-i-59-anni\/"]}]},{"@type":"ImageObject","inLanguage":"it-IT","@id":"https:\/\/www.aslroma5.it\/colleferro-parte-la-campagna-screening-dellipertensione-rivolta-alla-popolazione-tra-i-45-e-i-59-anni\/#primaryimage","url":"https:\/\/www.aslroma5.it\/wp-content\/uploads\/2023\/10\/screening-ipertensione-colleferro-cop.png","contentUrl":"https:\/\/www.aslroma5.it\/wp-content\/uploads\/2023\/10\/screening-ipertensione-colleferro-cop.png","width":1040,"height":464},{"@type":"BreadcrumbList","@id":"https:\/\/www.aslroma5.it\/colleferro-parte-la-campagna-screening-dellipertensione-rivolta-alla-popolazione-tra-i-45-e-i-59-anni\/#breadcrumb","itemListElement":[{"@type":"ListItem","position":1,"name":"Home","item":"https:\/\/www.aslroma5.it\/"},{"@type":"ListItem","position":2,"name":"Colleferro: parte la campagna screening dell&#8217;ipertensione rivolta alla popolazione tra i 45 e i 59 anni"}]},{"@type":"WebSite","@id":"https:\/\/www.aslroma5.it\/#website","url":"https:\/\/www.aslroma5.it\/","name":"ASL ROMA 5","description":"","publisher":{"@id":"https:\/\/www.aslroma5.it\/#organization"},"potentialAction":[{"@type":"SearchAction","target":{"@type":"EntryPoint","urlTemplate":"https:\/\/www.aslroma5.it\/?s={search_term_string}"},"query-input":{"@type":"PropertyValueSpecification","valueRequired":true,"valueName":"search_term_string"}}],"inLanguage":"it-IT"},{"@type":"Organization","@id":"https:\/\/www.aslroma5.it\/#organization","name":"ASL ROMA 5","url":"https:\/\/www.aslroma5.it\/","logo":{"@type":"ImageObject","inLanguage":"it-IT","@id":"https:\/\/www.aslroma5.it\/#\/schema\/logo\/image\/","url":"https:\/\/www.aslroma5.it\/wp-content\/uploads\/2025\/07\/asl-roma5-logo-25.svg","contentUrl":"https:\/\/www.aslroma5.it\/wp-content\/uploads\/2025\/07\/asl-roma5-logo-25.svg","width":328,"height":112,"caption":"ASL ROMA 5"},"image":{"@id":"https:\/\/www.aslroma5.it\/#\/schema\/logo\/image\/"}},{"@type":"Person","@id":"https:\/\/www.aslroma5.it\/#\/schema\/person\/aae9591da64a4feb5cf19a10d69b634d","name":"dot4all","image":{"@type":"ImageObject","inLanguage":"it-IT","@id":"https:\/\/www.aslroma5.it\/#\/schema\/person\/image\/","url":"https:\/\/secure.gravatar.com\/avatar\/a228c250e89e00f48f7bae46b9a785bc5b3f509d86988952d9e01450e422a0cc?s=96&d=mm&r=g","contentUrl":"https:\/\/secure.gravatar.com\/avatar\/a228c250e89e00f48f7bae46b9a785bc5b3f509d86988952d9e01450e422a0cc?s=96&d=mm&r=g","caption":"dot4all"},"sameAs":["https:\/\/www.aslroma5.info\/new2021"]}]}},"publishpress_future_action":{"enabled":false,"date":"2026-05-07 09:25:47","action":"change-status","newStatus":"draft","terms":[],"taxonomy":"category","extraData":[]},"publishpress_future_workflow_manual_trigger":{"enabledWorkflows":[]},"_links":{"self":[{"href":"https:\/\/www.aslroma5.it\/api\/wp\/v2\/posts\/72522","targetHints":{"allow":["GET"]}}],"collection":[{"href":"https:\/\/www.aslroma5.it\/api\/wp\/v2\/posts"}],"about":[{"href":"https:\/\/www.aslroma5.it\/api\/wp\/v2\/types\/post"}],"author":[{"embeddable":true,"href":"https:\/\/www.aslroma5.it\/api\/wp\/v2\/users\/1"}],"replies":[{"embeddable":true,"href":"https:\/\/www.aslroma5.it\/api\/wp\/v2\/comments?post=72522"}],"version-history":[{"count":0,"href":"https:\/\/www.aslroma5.it\/api\/wp\/v2\/posts\/72522\/revisions"}],"wp:featuredmedia":[{"embeddable":true,"href":"https:\/\/www.aslroma5.it\/api\/wp\/v2\/media\/72524"}],"wp:attachment":[{"href":"https:\/\/www.aslroma5.it\/api\/wp\/v2\/media?parent=72522"}],"wp:term":[{"taxonomy":"category","embeddable":true,"href":"https:\/\/www.aslroma5.it\/api\/wp\/v2\/categories?post=72522"},{"taxonomy":"post_tag","embeddable":true,"href":"https:\/\/www.aslroma5.it\/api\/wp\/v2\/tags?post=72522"}],"curies":[{"name":"wp","href":"https:\/\/api.w.org\/{rel}","templated":true}]}}