{"id":72905,"date":"2023-11-06T14:02:40","date_gmt":"2023-11-06T13:02:40","guid":{"rendered":"https:\/\/www.aslroma5.it\/?p=72905"},"modified":"2023-11-06T14:02:40","modified_gmt":"2023-11-06T13:02:40","slug":"a-vivaro-romano-prima-tappa-del-presidio-itinerante-del-progetto-di-presa-in-carico-per-over-65-e-fragili","status":"publish","type":"post","link":"https:\/\/www.aslroma5.it\/a-vivaro-romano-prima-tappa-del-presidio-itinerante-del-progetto-di-presa-in-carico-per-over-65-e-fragili\/","title":{"rendered":"A Vivaro Romano, prima tappa del presidio itinerante del progetto di presa in carico per over 65 e fragili"},"content":{"rendered":"<p>Nell\u2019ambito del progetto di potenziamento dei sistemi di presa in carico della popolazione residente over 65 e fragile, avviato dalla ASL Roma 5, \u00e8 partita oggi, 6 novembre, l\u2019attivit\u00e0 di presidio itinerante che interesser\u00e0 ben 70 comuni. Il primo coinvolto \u00e8 quello di Vivaro Romano dove, nella giornata odierna, nel \u201cCentro sociale terza et\u00e0\u201d comunale, \u00e8 stata accolta dal personale medico e infermieristico l\u2019utenza interessata. In questa sede, vengono valutati i bisogni e le esigenze di ogni singolo paziente al fine di intraprendere le giuste iniziative per migliorarne benessere fisico e psicologico.<\/p>\n<p>Questa iniziativa intrapresa dall\u2019Asl Roma 5 vede il coinvolgimento della Centrale Operativa Territoriale, degli Infermieri di famiglia e comunit\u00e0, dei CAD distrettuali e dei medici di medicina generale. Inoltre, in alcuni comuni, vi sar\u00e0 anche un\u2019azione congiunta tra Asl, Servizi Sociali e l\u2019Associazione \u201cI sogni di Italo\u201d per valutare non solo i bisogni sanitari del paziente, ma anche quelli sociali.<\/p>\n","protected":false},"excerpt":{"rendered":"<p>Nell\u2019ambito del progetto di potenziamento dei sistemi di presa in carico della popolazione residente over 65 e fragile, avviato dalla ASL Roma 5, \u00e8 partita oggi, 6 novembre, l\u2019attivit\u00e0 di presidio itinerante che interesser\u00e0 ben 70 comuni. Il primo coinvolto \u00e8 quello di Vivaro Romano dove, nella giornata odierna, nel \u201cCentro sociale terza et\u00e0\u201d comunale,&hellip;<\/p>\n","protected":false},"author":1,"featured_media":72908,"comment_status":"closed","ping_status":"closed","sticky":false,"template":"","format":"standard","meta":{"_acf_changed":false,"inline_featured_image":false,"footnotes":""},"categories":[2189],"tags":[],"class_list":["post-72905","post","type-post","status-publish","format-standard","has-post-thumbnail","hentry","category-in-primo-piano","category-2189","description-off"],"acf":{"galleria":[72906,72907]},"yoast_head":"<!-- This site is optimized with the Yoast SEO plugin v25.5 - https:\/\/yoast.com\/wordpress\/plugins\/seo\/ -->\n<title>A Vivaro Romano, prima tappa del presidio itinerante del progetto di presa in carico per over 65 e fragili - ASL ROMA 5<\/title>\n<meta name=\"robots\" content=\"index, follow, max-snippet:-1, max-image-preview:large, max-video-preview:-1\" \/>\n<link rel=\"canonical\" href=\"https:\/\/www.aslroma5.it\/a-vivaro-romano-prima-tappa-del-presidio-itinerante-del-progetto-di-presa-in-carico-per-over-65-e-fragili\/\" \/>\n<meta property=\"og:locale\" content=\"it_IT\" \/>\n<meta property=\"og:type\" content=\"article\" \/>\n<meta property=\"og:title\" content=\"A Vivaro Romano, prima tappa del presidio itinerante del progetto di presa in carico per over 65 e fragili - ASL ROMA 5\" \/>\n<meta property=\"og:description\" content=\"Nell\u2019ambito del progetto di potenziamento dei sistemi di presa in carico della popolazione residente over 65 e fragile, avviato dalla ASL Roma 5, \u00e8 partita oggi, 6 novembre, l\u2019attivit\u00e0 di presidio itinerante che interesser\u00e0 ben 70 comuni. Il primo coinvolto \u00e8 quello di Vivaro Romano dove, nella giornata odierna, nel \u201cCentro sociale terza et\u00e0\u201d comunale,&hellip;\" \/>\n<meta property=\"og:url\" content=\"https:\/\/www.aslroma5.it\/a-vivaro-romano-prima-tappa-del-presidio-itinerante-del-progetto-di-presa-in-carico-per-over-65-e-fragili\/\" \/>\n<meta property=\"og:site_name\" content=\"ASL ROMA 5\" \/>\n<meta property=\"article:published_time\" content=\"2023-11-06T13:02:40+00:00\" \/>\n<meta property=\"og:image\" content=\"https:\/\/www.aslroma5.it\/wp-content\/uploads\/2023\/11\/uno.jpg\" \/>\n\t<meta property=\"og:image:width\" content=\"829\" \/>\n\t<meta property=\"og:image:height\" content=\"746\" \/>\n\t<meta property=\"og:image:type\" content=\"image\/jpeg\" \/>\n<meta name=\"author\" content=\"dot4all\" \/>\n<meta name=\"twitter:card\" content=\"summary_large_image\" \/>\n<meta name=\"twitter:label1\" content=\"Scritto da\" \/>\n\t<meta name=\"twitter:data1\" content=\"dot4all\" \/>\n\t<meta name=\"twitter:label2\" content=\"Tempo di lettura stimato\" \/>\n\t<meta name=\"twitter:data2\" content=\"1 minuto\" \/>\n<script type=\"application\/ld+json\" class=\"yoast-schema-graph\">{\"@context\":\"https:\/\/schema.org\",\"@graph\":[{\"@type\":\"Article\",\"@id\":\"https:\/\/www.aslroma5.it\/a-vivaro-romano-prima-tappa-del-presidio-itinerante-del-progetto-di-presa-in-carico-per-over-65-e-fragili\/#article\",\"isPartOf\":{\"@id\":\"https:\/\/www.aslroma5.it\/a-vivaro-romano-prima-tappa-del-presidio-itinerante-del-progetto-di-presa-in-carico-per-over-65-e-fragili\/\"},\"author\":{\"name\":\"dot4all\",\"@id\":\"https:\/\/www.aslroma5.it\/#\/schema\/person\/aae9591da64a4feb5cf19a10d69b634d\"},\"headline\":\"A Vivaro Romano, prima tappa del presidio itinerante del progetto di presa in carico per over 65 e fragili\",\"datePublished\":\"2023-11-06T13:02:40+00:00\",\"mainEntityOfPage\":{\"@id\":\"https:\/\/www.aslroma5.it\/a-vivaro-romano-prima-tappa-del-presidio-itinerante-del-progetto-di-presa-in-carico-per-over-65-e-fragili\/\"},\"wordCount\":168,\"publisher\":{\"@id\":\"https:\/\/www.aslroma5.it\/#organization\"},\"image\":{\"@id\":\"https:\/\/www.aslroma5.it\/a-vivaro-romano-prima-tappa-del-presidio-itinerante-del-progetto-di-presa-in-carico-per-over-65-e-fragili\/#primaryimage\"},\"thumbnailUrl\":\"https:\/\/www.aslroma5.it\/wp-content\/uploads\/2023\/11\/uno.jpg\",\"articleSection\":[\"In primo piano\"],\"inLanguage\":\"it-IT\"},{\"@type\":\"WebPage\",\"@id\":\"https:\/\/www.aslroma5.it\/a-vivaro-romano-prima-tappa-del-presidio-itinerante-del-progetto-di-presa-in-carico-per-over-65-e-fragili\/\",\"url\":\"https:\/\/www.aslroma5.it\/a-vivaro-romano-prima-tappa-del-presidio-itinerante-del-progetto-di-presa-in-carico-per-over-65-e-fragili\/\",\"name\":\"A Vivaro Romano, prima tappa del presidio itinerante del progetto di presa in carico per over 65 e fragili - ASL ROMA 5\",\"isPartOf\":{\"@id\":\"https:\/\/www.aslroma5.it\/#website\"},\"primaryImageOfPage\":{\"@id\":\"https:\/\/www.aslroma5.it\/a-vivaro-romano-prima-tappa-del-presidio-itinerante-del-progetto-di-presa-in-carico-per-over-65-e-fragili\/#primaryimage\"},\"image\":{\"@id\":\"https:\/\/www.aslroma5.it\/a-vivaro-romano-prima-tappa-del-presidio-itinerante-del-progetto-di-presa-in-carico-per-over-65-e-fragili\/#primaryimage\"},\"thumbnailUrl\":\"https:\/\/www.aslroma5.it\/wp-content\/uploads\/2023\/11\/uno.jpg\",\"datePublished\":\"2023-11-06T13:02:40+00:00\",\"breadcrumb\":{\"@id\":\"https:\/\/www.aslroma5.it\/a-vivaro-romano-prima-tappa-del-presidio-itinerante-del-progetto-di-presa-in-carico-per-over-65-e-fragili\/#breadcrumb\"},\"inLanguage\":\"it-IT\",\"potentialAction\":[{\"@type\":\"ReadAction\",\"target\":[\"https:\/\/www.aslroma5.it\/a-vivaro-romano-prima-tappa-del-presidio-itinerante-del-progetto-di-presa-in-carico-per-over-65-e-fragili\/\"]}]},{\"@type\":\"ImageObject\",\"inLanguage\":\"it-IT\",\"@id\":\"https:\/\/www.aslroma5.it\/a-vivaro-romano-prima-tappa-del-presidio-itinerante-del-progetto-di-presa-in-carico-per-over-65-e-fragili\/#primaryimage\",\"url\":\"https:\/\/www.aslroma5.it\/wp-content\/uploads\/2023\/11\/uno.jpg\",\"contentUrl\":\"https:\/\/www.aslroma5.it\/wp-content\/uploads\/2023\/11\/uno.jpg\",\"width\":829,\"height\":746},{\"@type\":\"BreadcrumbList\",\"@id\":\"https:\/\/www.aslroma5.it\/a-vivaro-romano-prima-tappa-del-presidio-itinerante-del-progetto-di-presa-in-carico-per-over-65-e-fragili\/#breadcrumb\",\"itemListElement\":[{\"@type\":\"ListItem\",\"position\":1,\"name\":\"Home\",\"item\":\"https:\/\/www.aslroma5.it\/\"},{\"@type\":\"ListItem\",\"position\":2,\"name\":\"A Vivaro Romano, prima tappa del presidio itinerante del progetto di presa in carico per over 65 e fragili\"}]},{\"@type\":\"WebSite\",\"@id\":\"https:\/\/www.aslroma5.it\/#website\",\"url\":\"https:\/\/www.aslroma5.it\/\",\"name\":\"ASL ROMA 5\",\"description\":\"\",\"publisher\":{\"@id\":\"https:\/\/www.aslroma5.it\/#organization\"},\"potentialAction\":[{\"@type\":\"SearchAction\",\"target\":{\"@type\":\"EntryPoint\",\"urlTemplate\":\"https:\/\/www.aslroma5.it\/?s={search_term_string}\"},\"query-input\":{\"@type\":\"PropertyValueSpecification\",\"valueRequired\":true,\"valueName\":\"search_term_string\"}}],\"inLanguage\":\"it-IT\"},{\"@type\":\"Organization\",\"@id\":\"https:\/\/www.aslroma5.it\/#organization\",\"name\":\"ASL ROMA 5\",\"url\":\"https:\/\/www.aslroma5.it\/\",\"logo\":{\"@type\":\"ImageObject\",\"inLanguage\":\"it-IT\",\"@id\":\"https:\/\/www.aslroma5.it\/#\/schema\/logo\/image\/\",\"url\":\"https:\/\/www.aslroma5.it\/wp-content\/uploads\/2025\/07\/asl-roma5-logo-25.svg\",\"contentUrl\":\"https:\/\/www.aslroma5.it\/wp-content\/uploads\/2025\/07\/asl-roma5-logo-25.svg\",\"width\":328,\"height\":112,\"caption\":\"ASL ROMA 5\"},\"image\":{\"@id\":\"https:\/\/www.aslroma5.it\/#\/schema\/logo\/image\/\"}},{\"@type\":\"Person\",\"@id\":\"https:\/\/www.aslroma5.it\/#\/schema\/person\/aae9591da64a4feb5cf19a10d69b634d\",\"name\":\"dot4all\",\"image\":{\"@type\":\"ImageObject\",\"inLanguage\":\"it-IT\",\"@id\":\"https:\/\/www.aslroma5.it\/#\/schema\/person\/image\/\",\"url\":\"https:\/\/secure.gravatar.com\/avatar\/a228c250e89e00f48f7bae46b9a785bc5b3f509d86988952d9e01450e422a0cc?s=96&d=mm&r=g\",\"contentUrl\":\"https:\/\/secure.gravatar.com\/avatar\/a228c250e89e00f48f7bae46b9a785bc5b3f509d86988952d9e01450e422a0cc?s=96&d=mm&r=g\",\"caption\":\"dot4all\"},\"sameAs\":[\"https:\/\/www.aslroma5.info\/new2021\"]}]}<\/script>\n<!-- \/ Yoast SEO plugin. -->","yoast_head_json":{"title":"A Vivaro Romano, prima tappa del presidio itinerante del progetto di presa in carico per over 65 e fragili - ASL ROMA 5","robots":{"index":"index","follow":"follow","max-snippet":"max-snippet:-1","max-image-preview":"max-image-preview:large","max-video-preview":"max-video-preview:-1"},"canonical":"https:\/\/www.aslroma5.it\/a-vivaro-romano-prima-tappa-del-presidio-itinerante-del-progetto-di-presa-in-carico-per-over-65-e-fragili\/","og_locale":"it_IT","og_type":"article","og_title":"A Vivaro Romano, prima tappa del presidio itinerante del progetto di presa in carico per over 65 e fragili - ASL ROMA 5","og_description":"Nell\u2019ambito del progetto di potenziamento dei sistemi di presa in carico della popolazione residente over 65 e fragile, avviato dalla ASL Roma 5, \u00e8 partita oggi, 6 novembre, l\u2019attivit\u00e0 di presidio itinerante che interesser\u00e0 ben 70 comuni. Il primo coinvolto \u00e8 quello di Vivaro Romano dove, nella giornata odierna, nel \u201cCentro sociale terza et\u00e0\u201d comunale,&hellip;","og_url":"https:\/\/www.aslroma5.it\/a-vivaro-romano-prima-tappa-del-presidio-itinerante-del-progetto-di-presa-in-carico-per-over-65-e-fragili\/","og_site_name":"ASL ROMA 5","article_published_time":"2023-11-06T13:02:40+00:00","og_image":[{"width":829,"height":746,"url":"https:\/\/www.aslroma5.it\/wp-content\/uploads\/2023\/11\/uno.jpg","type":"image\/jpeg"}],"author":"dot4all","twitter_card":"summary_large_image","twitter_misc":{"Scritto da":"dot4all","Tempo di lettura stimato":"1 minuto"},"schema":{"@context":"https:\/\/schema.org","@graph":[{"@type":"Article","@id":"https:\/\/www.aslroma5.it\/a-vivaro-romano-prima-tappa-del-presidio-itinerante-del-progetto-di-presa-in-carico-per-over-65-e-fragili\/#article","isPartOf":{"@id":"https:\/\/www.aslroma5.it\/a-vivaro-romano-prima-tappa-del-presidio-itinerante-del-progetto-di-presa-in-carico-per-over-65-e-fragili\/"},"author":{"name":"dot4all","@id":"https:\/\/www.aslroma5.it\/#\/schema\/person\/aae9591da64a4feb5cf19a10d69b634d"},"headline":"A Vivaro Romano, prima tappa del presidio itinerante del progetto di presa in carico per over 65 e fragili","datePublished":"2023-11-06T13:02:40+00:00","mainEntityOfPage":{"@id":"https:\/\/www.aslroma5.it\/a-vivaro-romano-prima-tappa-del-presidio-itinerante-del-progetto-di-presa-in-carico-per-over-65-e-fragili\/"},"wordCount":168,"publisher":{"@id":"https:\/\/www.aslroma5.it\/#organization"},"image":{"@id":"https:\/\/www.aslroma5.it\/a-vivaro-romano-prima-tappa-del-presidio-itinerante-del-progetto-di-presa-in-carico-per-over-65-e-fragili\/#primaryimage"},"thumbnailUrl":"https:\/\/www.aslroma5.it\/wp-content\/uploads\/2023\/11\/uno.jpg","articleSection":["In primo piano"],"inLanguage":"it-IT"},{"@type":"WebPage","@id":"https:\/\/www.aslroma5.it\/a-vivaro-romano-prima-tappa-del-presidio-itinerante-del-progetto-di-presa-in-carico-per-over-65-e-fragili\/","url":"https:\/\/www.aslroma5.it\/a-vivaro-romano-prima-tappa-del-presidio-itinerante-del-progetto-di-presa-in-carico-per-over-65-e-fragili\/","name":"A Vivaro Romano, prima tappa del presidio itinerante del progetto di presa in carico per over 65 e fragili - ASL ROMA 5","isPartOf":{"@id":"https:\/\/www.aslroma5.it\/#website"},"primaryImageOfPage":{"@id":"https:\/\/www.aslroma5.it\/a-vivaro-romano-prima-tappa-del-presidio-itinerante-del-progetto-di-presa-in-carico-per-over-65-e-fragili\/#primaryimage"},"image":{"@id":"https:\/\/www.aslroma5.it\/a-vivaro-romano-prima-tappa-del-presidio-itinerante-del-progetto-di-presa-in-carico-per-over-65-e-fragili\/#primaryimage"},"thumbnailUrl":"https:\/\/www.aslroma5.it\/wp-content\/uploads\/2023\/11\/uno.jpg","datePublished":"2023-11-06T13:02:40+00:00","breadcrumb":{"@id":"https:\/\/www.aslroma5.it\/a-vivaro-romano-prima-tappa-del-presidio-itinerante-del-progetto-di-presa-in-carico-per-over-65-e-fragili\/#breadcrumb"},"inLanguage":"it-IT","potentialAction":[{"@type":"ReadAction","target":["https:\/\/www.aslroma5.it\/a-vivaro-romano-prima-tappa-del-presidio-itinerante-del-progetto-di-presa-in-carico-per-over-65-e-fragili\/"]}]},{"@type":"ImageObject","inLanguage":"it-IT","@id":"https:\/\/www.aslroma5.it\/a-vivaro-romano-prima-tappa-del-presidio-itinerante-del-progetto-di-presa-in-carico-per-over-65-e-fragili\/#primaryimage","url":"https:\/\/www.aslroma5.it\/wp-content\/uploads\/2023\/11\/uno.jpg","contentUrl":"https:\/\/www.aslroma5.it\/wp-content\/uploads\/2023\/11\/uno.jpg","width":829,"height":746},{"@type":"BreadcrumbList","@id":"https:\/\/www.aslroma5.it\/a-vivaro-romano-prima-tappa-del-presidio-itinerante-del-progetto-di-presa-in-carico-per-over-65-e-fragili\/#breadcrumb","itemListElement":[{"@type":"ListItem","position":1,"name":"Home","item":"https:\/\/www.aslroma5.it\/"},{"@type":"ListItem","position":2,"name":"A Vivaro Romano, prima tappa del presidio itinerante del progetto di presa in carico per over 65 e fragili"}]},{"@type":"WebSite","@id":"https:\/\/www.aslroma5.it\/#website","url":"https:\/\/www.aslroma5.it\/","name":"ASL ROMA 5","description":"","publisher":{"@id":"https:\/\/www.aslroma5.it\/#organization"},"potentialAction":[{"@type":"SearchAction","target":{"@type":"EntryPoint","urlTemplate":"https:\/\/www.aslroma5.it\/?s={search_term_string}"},"query-input":{"@type":"PropertyValueSpecification","valueRequired":true,"valueName":"search_term_string"}}],"inLanguage":"it-IT"},{"@type":"Organization","@id":"https:\/\/www.aslroma5.it\/#organization","name":"ASL ROMA 5","url":"https:\/\/www.aslroma5.it\/","logo":{"@type":"ImageObject","inLanguage":"it-IT","@id":"https:\/\/www.aslroma5.it\/#\/schema\/logo\/image\/","url":"https:\/\/www.aslroma5.it\/wp-content\/uploads\/2025\/07\/asl-roma5-logo-25.svg","contentUrl":"https:\/\/www.aslroma5.it\/wp-content\/uploads\/2025\/07\/asl-roma5-logo-25.svg","width":328,"height":112,"caption":"ASL ROMA 5"},"image":{"@id":"https:\/\/www.aslroma5.it\/#\/schema\/logo\/image\/"}},{"@type":"Person","@id":"https:\/\/www.aslroma5.it\/#\/schema\/person\/aae9591da64a4feb5cf19a10d69b634d","name":"dot4all","image":{"@type":"ImageObject","inLanguage":"it-IT","@id":"https:\/\/www.aslroma5.it\/#\/schema\/person\/image\/","url":"https:\/\/secure.gravatar.com\/avatar\/a228c250e89e00f48f7bae46b9a785bc5b3f509d86988952d9e01450e422a0cc?s=96&d=mm&r=g","contentUrl":"https:\/\/secure.gravatar.com\/avatar\/a228c250e89e00f48f7bae46b9a785bc5b3f509d86988952d9e01450e422a0cc?s=96&d=mm&r=g","caption":"dot4all"},"sameAs":["https:\/\/www.aslroma5.info\/new2021"]}]}},"publishpress_future_action":{"enabled":false,"date":"2026-05-06 20:54:41","action":"change-status","newStatus":"draft","terms":[],"taxonomy":"category","extraData":[]},"publishpress_future_workflow_manual_trigger":{"enabledWorkflows":[]},"_links":{"self":[{"href":"https:\/\/www.aslroma5.it\/api\/wp\/v2\/posts\/72905","targetHints":{"allow":["GET"]}}],"collection":[{"href":"https:\/\/www.aslroma5.it\/api\/wp\/v2\/posts"}],"about":[{"href":"https:\/\/www.aslroma5.it\/api\/wp\/v2\/types\/post"}],"author":[{"embeddable":true,"href":"https:\/\/www.aslroma5.it\/api\/wp\/v2\/users\/1"}],"replies":[{"embeddable":true,"href":"https:\/\/www.aslroma5.it\/api\/wp\/v2\/comments?post=72905"}],"version-history":[{"count":0,"href":"https:\/\/www.aslroma5.it\/api\/wp\/v2\/posts\/72905\/revisions"}],"acf:attachment":[{"embeddable":true,"href":"https:\/\/www.aslroma5.it\/api\/wp\/v2\/media\/72907"},{"embeddable":true,"href":"https:\/\/www.aslroma5.it\/api\/wp\/v2\/media\/72906"}],"wp:featuredmedia":[{"embeddable":true,"href":"https:\/\/www.aslroma5.it\/api\/wp\/v2\/media\/72908"}],"wp:attachment":[{"href":"https:\/\/www.aslroma5.it\/api\/wp\/v2\/media?parent=72905"}],"wp:term":[{"taxonomy":"category","embeddable":true,"href":"https:\/\/www.aslroma5.it\/api\/wp\/v2\/categories?post=72905"},{"taxonomy":"post_tag","embeddable":true,"href":"https:\/\/www.aslroma5.it\/api\/wp\/v2\/tags?post=72905"}],"curies":[{"name":"wp","href":"https:\/\/api.w.org\/{rel}","templated":true}]}}