{"id":72970,"date":"2023-11-08T15:34:42","date_gmt":"2023-11-08T14:34:42","guid":{"rendered":"https:\/\/www.aslroma5.it\/?p=72970"},"modified":"2023-11-08T15:35:04","modified_gmt":"2023-11-08T14:35:04","slug":"riattivata-la-ginecologia-del-po-di-palestrina","status":"publish","type":"post","link":"https:\/\/www.aslroma5.it\/riattivata-la-ginecologia-del-po-di-palestrina\/","title":{"rendered":"Riattivata la Ginecologia del PO di Palestrina"},"content":{"rendered":"<p>A partire dal 6 novembre \u00e8 stata riattivata la Ginecologia del PO di Palestrina. Il direttore generale, Giorgio Giulio Santonocito, ha espresso grande soddisfazione per una riapertura che restituisce al territorio di Palestrina e all\u2019ospedale che tanto si \u00e8 speso durante l\u2019emergenza pandemica, un importante presidio sanitario.<\/p>\n<p>L\u2019attivit\u00e0 si svolge nella modalit\u00e0 Day Surgery con servizio 08.00-20.00 dal luned\u00ec al venerd\u00ec per il trattamento di patologie ginecologiche con approccio endoscopico e patologie del basso tratto genitale femminile.<\/p>\n<p><span style=\"text-decoration: underline;\">Sono attivi i seguenti servizi ambulatoriali<\/span>: visite ginecologiche, ecografie ginecologiche, servizio di colposcopia e patologia cervico-vaginale (quest\u2019ultimo in diretta correlazione con il programma di screening del carcinoma della cervice afferente alla UOC di Ostetricia e Ginecologia del PO di Tivoli), isteroscopia diagnostica ed un ambulatorio in cui si effettueranno visite ostetriche ed ecografie ostetriche del 1 e 3 trimestre.<\/p>\n<p>Sono previsti ricoveri esclusivamente ginecologici in regime di day surgery (08.00-20.00).<\/p>\n<p>Non \u00e8 presente attivit\u00e0 di assistenza al parto.<\/p>\n","protected":false},"excerpt":{"rendered":"<p>A partire dal 6 novembre \u00e8 stata riattivata la Ginecologia del PO di Palestrina. Il direttore generale, Giorgio Giulio Santonocito, ha espresso grande soddisfazione per una riapertura che restituisce al territorio di Palestrina e all\u2019ospedale che tanto si \u00e8 speso durante l\u2019emergenza pandemica, un importante presidio sanitario. L\u2019attivit\u00e0 si svolge nella modalit\u00e0 Day Surgery con&hellip;<\/p>\n","protected":false},"author":1,"featured_media":53165,"comment_status":"closed","ping_status":"closed","sticky":false,"template":"","format":"standard","meta":{"_acf_changed":false,"inline_featured_image":false,"footnotes":""},"categories":[2189,2212],"tags":[2285,2219],"class_list":["post-72970","post","type-post","status-publish","format-standard","has-post-thumbnail","hentry","category-in-primo-piano","category-ospedale-di-palestrina","tag-comunicato-stampa","tag-ufficio-stampa","category-2189","category-2212","description-off"],"acf":{"galleria":""},"yoast_head":"<!-- This site is optimized with the Yoast SEO plugin v25.5 - https:\/\/yoast.com\/wordpress\/plugins\/seo\/ -->\n<title>Riattivata la Ginecologia del PO di Palestrina - ASL ROMA 5<\/title>\n<meta name=\"robots\" content=\"index, follow, max-snippet:-1, max-image-preview:large, max-video-preview:-1\" \/>\n<link rel=\"canonical\" href=\"https:\/\/www.aslroma5.it\/riattivata-la-ginecologia-del-po-di-palestrina\/\" \/>\n<meta property=\"og:locale\" content=\"it_IT\" \/>\n<meta property=\"og:type\" content=\"article\" \/>\n<meta property=\"og:title\" content=\"Riattivata la Ginecologia del PO di Palestrina - ASL ROMA 5\" \/>\n<meta property=\"og:description\" content=\"A partire dal 6 novembre \u00e8 stata riattivata la Ginecologia del PO di Palestrina. Il direttore generale, Giorgio Giulio Santonocito, ha espresso grande soddisfazione per una riapertura che restituisce al territorio di Palestrina e all\u2019ospedale che tanto si \u00e8 speso durante l\u2019emergenza pandemica, un importante presidio sanitario. L\u2019attivit\u00e0 si svolge nella modalit\u00e0 Day Surgery con&hellip;\" \/>\n<meta property=\"og:url\" content=\"https:\/\/www.aslroma5.it\/riattivata-la-ginecologia-del-po-di-palestrina\/\" \/>\n<meta property=\"og:site_name\" content=\"ASL ROMA 5\" \/>\n<meta property=\"article:published_time\" content=\"2023-11-08T14:34:42+00:00\" \/>\n<meta property=\"article:modified_time\" content=\"2023-11-08T14:35:04+00:00\" \/>\n<meta property=\"og:image\" content=\"https:\/\/www.aslroma5.it\/wp-content\/uploads\/2022\/01\/images_Documenti2022_palestrina-ospedale.jpg\" \/>\n\t<meta property=\"og:image:width\" content=\"550\" \/>\n\t<meta property=\"og:image:height\" content=\"232\" \/>\n\t<meta property=\"og:image:type\" content=\"image\/jpeg\" \/>\n<meta name=\"author\" content=\"dot4all\" \/>\n<meta name=\"twitter:card\" content=\"summary_large_image\" \/>\n<meta name=\"twitter:label1\" content=\"Scritto da\" \/>\n\t<meta name=\"twitter:data1\" content=\"dot4all\" \/>\n\t<meta name=\"twitter:label2\" content=\"Tempo di lettura stimato\" \/>\n\t<meta name=\"twitter:data2\" content=\"1 minuto\" \/>\n<script type=\"application\/ld+json\" class=\"yoast-schema-graph\">{\"@context\":\"https:\/\/schema.org\",\"@graph\":[{\"@type\":\"Article\",\"@id\":\"https:\/\/www.aslroma5.it\/riattivata-la-ginecologia-del-po-di-palestrina\/#article\",\"isPartOf\":{\"@id\":\"https:\/\/www.aslroma5.it\/riattivata-la-ginecologia-del-po-di-palestrina\/\"},\"author\":{\"name\":\"dot4all\",\"@id\":\"https:\/\/www.aslroma5.it\/#\/schema\/person\/aae9591da64a4feb5cf19a10d69b634d\"},\"headline\":\"Riattivata la Ginecologia del PO di Palestrina\",\"datePublished\":\"2023-11-08T14:34:42+00:00\",\"dateModified\":\"2023-11-08T14:35:04+00:00\",\"mainEntityOfPage\":{\"@id\":\"https:\/\/www.aslroma5.it\/riattivata-la-ginecologia-del-po-di-palestrina\/\"},\"wordCount\":160,\"publisher\":{\"@id\":\"https:\/\/www.aslroma5.it\/#organization\"},\"image\":{\"@id\":\"https:\/\/www.aslroma5.it\/riattivata-la-ginecologia-del-po-di-palestrina\/#primaryimage\"},\"thumbnailUrl\":\"https:\/\/www.aslroma5.it\/wp-content\/uploads\/2022\/01\/images_Documenti2022_palestrina-ospedale.jpg\",\"keywords\":[\"Comunicato stampa\",\"Ufficio stampa\"],\"articleSection\":[\"In primo piano\",\"Ospedale di Palestrina\"],\"inLanguage\":\"it-IT\"},{\"@type\":\"WebPage\",\"@id\":\"https:\/\/www.aslroma5.it\/riattivata-la-ginecologia-del-po-di-palestrina\/\",\"url\":\"https:\/\/www.aslroma5.it\/riattivata-la-ginecologia-del-po-di-palestrina\/\",\"name\":\"Riattivata la Ginecologia del PO di Palestrina - ASL ROMA 5\",\"isPartOf\":{\"@id\":\"https:\/\/www.aslroma5.it\/#website\"},\"primaryImageOfPage\":{\"@id\":\"https:\/\/www.aslroma5.it\/riattivata-la-ginecologia-del-po-di-palestrina\/#primaryimage\"},\"image\":{\"@id\":\"https:\/\/www.aslroma5.it\/riattivata-la-ginecologia-del-po-di-palestrina\/#primaryimage\"},\"thumbnailUrl\":\"https:\/\/www.aslroma5.it\/wp-content\/uploads\/2022\/01\/images_Documenti2022_palestrina-ospedale.jpg\",\"datePublished\":\"2023-11-08T14:34:42+00:00\",\"dateModified\":\"2023-11-08T14:35:04+00:00\",\"breadcrumb\":{\"@id\":\"https:\/\/www.aslroma5.it\/riattivata-la-ginecologia-del-po-di-palestrina\/#breadcrumb\"},\"inLanguage\":\"it-IT\",\"potentialAction\":[{\"@type\":\"ReadAction\",\"target\":[\"https:\/\/www.aslroma5.it\/riattivata-la-ginecologia-del-po-di-palestrina\/\"]}]},{\"@type\":\"ImageObject\",\"inLanguage\":\"it-IT\",\"@id\":\"https:\/\/www.aslroma5.it\/riattivata-la-ginecologia-del-po-di-palestrina\/#primaryimage\",\"url\":\"https:\/\/www.aslroma5.it\/wp-content\/uploads\/2022\/01\/images_Documenti2022_palestrina-ospedale.jpg\",\"contentUrl\":\"https:\/\/www.aslroma5.it\/wp-content\/uploads\/2022\/01\/images_Documenti2022_palestrina-ospedale.jpg\",\"width\":550,\"height\":232},{\"@type\":\"BreadcrumbList\",\"@id\":\"https:\/\/www.aslroma5.it\/riattivata-la-ginecologia-del-po-di-palestrina\/#breadcrumb\",\"itemListElement\":[{\"@type\":\"ListItem\",\"position\":1,\"name\":\"Home\",\"item\":\"https:\/\/www.aslroma5.it\/\"},{\"@type\":\"ListItem\",\"position\":2,\"name\":\"Riattivata la Ginecologia del PO di Palestrina\"}]},{\"@type\":\"WebSite\",\"@id\":\"https:\/\/www.aslroma5.it\/#website\",\"url\":\"https:\/\/www.aslroma5.it\/\",\"name\":\"ASL ROMA 5\",\"description\":\"\",\"publisher\":{\"@id\":\"https:\/\/www.aslroma5.it\/#organization\"},\"potentialAction\":[{\"@type\":\"SearchAction\",\"target\":{\"@type\":\"EntryPoint\",\"urlTemplate\":\"https:\/\/www.aslroma5.it\/?s={search_term_string}\"},\"query-input\":{\"@type\":\"PropertyValueSpecification\",\"valueRequired\":true,\"valueName\":\"search_term_string\"}}],\"inLanguage\":\"it-IT\"},{\"@type\":\"Organization\",\"@id\":\"https:\/\/www.aslroma5.it\/#organization\",\"name\":\"ASL ROMA 5\",\"url\":\"https:\/\/www.aslroma5.it\/\",\"logo\":{\"@type\":\"ImageObject\",\"inLanguage\":\"it-IT\",\"@id\":\"https:\/\/www.aslroma5.it\/#\/schema\/logo\/image\/\",\"url\":\"https:\/\/www.aslroma5.it\/wp-content\/uploads\/2025\/07\/asl-roma5-logo-25.svg\",\"contentUrl\":\"https:\/\/www.aslroma5.it\/wp-content\/uploads\/2025\/07\/asl-roma5-logo-25.svg\",\"width\":328,\"height\":112,\"caption\":\"ASL ROMA 5\"},\"image\":{\"@id\":\"https:\/\/www.aslroma5.it\/#\/schema\/logo\/image\/\"}},{\"@type\":\"Person\",\"@id\":\"https:\/\/www.aslroma5.it\/#\/schema\/person\/aae9591da64a4feb5cf19a10d69b634d\",\"name\":\"dot4all\",\"image\":{\"@type\":\"ImageObject\",\"inLanguage\":\"it-IT\",\"@id\":\"https:\/\/www.aslroma5.it\/#\/schema\/person\/image\/\",\"url\":\"https:\/\/secure.gravatar.com\/avatar\/a228c250e89e00f48f7bae46b9a785bc5b3f509d86988952d9e01450e422a0cc?s=96&d=mm&r=g\",\"contentUrl\":\"https:\/\/secure.gravatar.com\/avatar\/a228c250e89e00f48f7bae46b9a785bc5b3f509d86988952d9e01450e422a0cc?s=96&d=mm&r=g\",\"caption\":\"dot4all\"},\"sameAs\":[\"https:\/\/www.aslroma5.info\/new2021\"]}]}<\/script>\n<!-- \/ Yoast SEO plugin. -->","yoast_head_json":{"title":"Riattivata la Ginecologia del PO di Palestrina - ASL ROMA 5","robots":{"index":"index","follow":"follow","max-snippet":"max-snippet:-1","max-image-preview":"max-image-preview:large","max-video-preview":"max-video-preview:-1"},"canonical":"https:\/\/www.aslroma5.it\/riattivata-la-ginecologia-del-po-di-palestrina\/","og_locale":"it_IT","og_type":"article","og_title":"Riattivata la Ginecologia del PO di Palestrina - ASL ROMA 5","og_description":"A partire dal 6 novembre \u00e8 stata riattivata la Ginecologia del PO di Palestrina. Il direttore generale, Giorgio Giulio Santonocito, ha espresso grande soddisfazione per una riapertura che restituisce al territorio di Palestrina e all\u2019ospedale che tanto si \u00e8 speso durante l\u2019emergenza pandemica, un importante presidio sanitario. L\u2019attivit\u00e0 si svolge nella modalit\u00e0 Day Surgery con&hellip;","og_url":"https:\/\/www.aslroma5.it\/riattivata-la-ginecologia-del-po-di-palestrina\/","og_site_name":"ASL ROMA 5","article_published_time":"2023-11-08T14:34:42+00:00","article_modified_time":"2023-11-08T14:35:04+00:00","og_image":[{"width":550,"height":232,"url":"https:\/\/www.aslroma5.it\/wp-content\/uploads\/2022\/01\/images_Documenti2022_palestrina-ospedale.jpg","type":"image\/jpeg"}],"author":"dot4all","twitter_card":"summary_large_image","twitter_misc":{"Scritto da":"dot4all","Tempo di lettura stimato":"1 minuto"},"schema":{"@context":"https:\/\/schema.org","@graph":[{"@type":"Article","@id":"https:\/\/www.aslroma5.it\/riattivata-la-ginecologia-del-po-di-palestrina\/#article","isPartOf":{"@id":"https:\/\/www.aslroma5.it\/riattivata-la-ginecologia-del-po-di-palestrina\/"},"author":{"name":"dot4all","@id":"https:\/\/www.aslroma5.it\/#\/schema\/person\/aae9591da64a4feb5cf19a10d69b634d"},"headline":"Riattivata la Ginecologia del PO di Palestrina","datePublished":"2023-11-08T14:34:42+00:00","dateModified":"2023-11-08T14:35:04+00:00","mainEntityOfPage":{"@id":"https:\/\/www.aslroma5.it\/riattivata-la-ginecologia-del-po-di-palestrina\/"},"wordCount":160,"publisher":{"@id":"https:\/\/www.aslroma5.it\/#organization"},"image":{"@id":"https:\/\/www.aslroma5.it\/riattivata-la-ginecologia-del-po-di-palestrina\/#primaryimage"},"thumbnailUrl":"https:\/\/www.aslroma5.it\/wp-content\/uploads\/2022\/01\/images_Documenti2022_palestrina-ospedale.jpg","keywords":["Comunicato stampa","Ufficio stampa"],"articleSection":["In primo piano","Ospedale di Palestrina"],"inLanguage":"it-IT"},{"@type":"WebPage","@id":"https:\/\/www.aslroma5.it\/riattivata-la-ginecologia-del-po-di-palestrina\/","url":"https:\/\/www.aslroma5.it\/riattivata-la-ginecologia-del-po-di-palestrina\/","name":"Riattivata la Ginecologia del PO di Palestrina - ASL ROMA 5","isPartOf":{"@id":"https:\/\/www.aslroma5.it\/#website"},"primaryImageOfPage":{"@id":"https:\/\/www.aslroma5.it\/riattivata-la-ginecologia-del-po-di-palestrina\/#primaryimage"},"image":{"@id":"https:\/\/www.aslroma5.it\/riattivata-la-ginecologia-del-po-di-palestrina\/#primaryimage"},"thumbnailUrl":"https:\/\/www.aslroma5.it\/wp-content\/uploads\/2022\/01\/images_Documenti2022_palestrina-ospedale.jpg","datePublished":"2023-11-08T14:34:42+00:00","dateModified":"2023-11-08T14:35:04+00:00","breadcrumb":{"@id":"https:\/\/www.aslroma5.it\/riattivata-la-ginecologia-del-po-di-palestrina\/#breadcrumb"},"inLanguage":"it-IT","potentialAction":[{"@type":"ReadAction","target":["https:\/\/www.aslroma5.it\/riattivata-la-ginecologia-del-po-di-palestrina\/"]}]},{"@type":"ImageObject","inLanguage":"it-IT","@id":"https:\/\/www.aslroma5.it\/riattivata-la-ginecologia-del-po-di-palestrina\/#primaryimage","url":"https:\/\/www.aslroma5.it\/wp-content\/uploads\/2022\/01\/images_Documenti2022_palestrina-ospedale.jpg","contentUrl":"https:\/\/www.aslroma5.it\/wp-content\/uploads\/2022\/01\/images_Documenti2022_palestrina-ospedale.jpg","width":550,"height":232},{"@type":"BreadcrumbList","@id":"https:\/\/www.aslroma5.it\/riattivata-la-ginecologia-del-po-di-palestrina\/#breadcrumb","itemListElement":[{"@type":"ListItem","position":1,"name":"Home","item":"https:\/\/www.aslroma5.it\/"},{"@type":"ListItem","position":2,"name":"Riattivata la Ginecologia del PO di Palestrina"}]},{"@type":"WebSite","@id":"https:\/\/www.aslroma5.it\/#website","url":"https:\/\/www.aslroma5.it\/","name":"ASL ROMA 5","description":"","publisher":{"@id":"https:\/\/www.aslroma5.it\/#organization"},"potentialAction":[{"@type":"SearchAction","target":{"@type":"EntryPoint","urlTemplate":"https:\/\/www.aslroma5.it\/?s={search_term_string}"},"query-input":{"@type":"PropertyValueSpecification","valueRequired":true,"valueName":"search_term_string"}}],"inLanguage":"it-IT"},{"@type":"Organization","@id":"https:\/\/www.aslroma5.it\/#organization","name":"ASL ROMA 5","url":"https:\/\/www.aslroma5.it\/","logo":{"@type":"ImageObject","inLanguage":"it-IT","@id":"https:\/\/www.aslroma5.it\/#\/schema\/logo\/image\/","url":"https:\/\/www.aslroma5.it\/wp-content\/uploads\/2025\/07\/asl-roma5-logo-25.svg","contentUrl":"https:\/\/www.aslroma5.it\/wp-content\/uploads\/2025\/07\/asl-roma5-logo-25.svg","width":328,"height":112,"caption":"ASL ROMA 5"},"image":{"@id":"https:\/\/www.aslroma5.it\/#\/schema\/logo\/image\/"}},{"@type":"Person","@id":"https:\/\/www.aslroma5.it\/#\/schema\/person\/aae9591da64a4feb5cf19a10d69b634d","name":"dot4all","image":{"@type":"ImageObject","inLanguage":"it-IT","@id":"https:\/\/www.aslroma5.it\/#\/schema\/person\/image\/","url":"https:\/\/secure.gravatar.com\/avatar\/a228c250e89e00f48f7bae46b9a785bc5b3f509d86988952d9e01450e422a0cc?s=96&d=mm&r=g","contentUrl":"https:\/\/secure.gravatar.com\/avatar\/a228c250e89e00f48f7bae46b9a785bc5b3f509d86988952d9e01450e422a0cc?s=96&d=mm&r=g","caption":"dot4all"},"sameAs":["https:\/\/www.aslroma5.info\/new2021"]}]}},"publishpress_future_action":{"enabled":false,"date":"2026-05-07 18:25:01","action":"change-status","newStatus":"draft","terms":[],"taxonomy":"category","extraData":[]},"publishpress_future_workflow_manual_trigger":{"enabledWorkflows":[]},"_links":{"self":[{"href":"https:\/\/www.aslroma5.it\/api\/wp\/v2\/posts\/72970","targetHints":{"allow":["GET"]}}],"collection":[{"href":"https:\/\/www.aslroma5.it\/api\/wp\/v2\/posts"}],"about":[{"href":"https:\/\/www.aslroma5.it\/api\/wp\/v2\/types\/post"}],"author":[{"embeddable":true,"href":"https:\/\/www.aslroma5.it\/api\/wp\/v2\/users\/1"}],"replies":[{"embeddable":true,"href":"https:\/\/www.aslroma5.it\/api\/wp\/v2\/comments?post=72970"}],"version-history":[{"count":0,"href":"https:\/\/www.aslroma5.it\/api\/wp\/v2\/posts\/72970\/revisions"}],"wp:featuredmedia":[{"embeddable":true,"href":"https:\/\/www.aslroma5.it\/api\/wp\/v2\/media\/53165"}],"wp:attachment":[{"href":"https:\/\/www.aslroma5.it\/api\/wp\/v2\/media?parent=72970"}],"wp:term":[{"taxonomy":"category","embeddable":true,"href":"https:\/\/www.aslroma5.it\/api\/wp\/v2\/categories?post=72970"},{"taxonomy":"post_tag","embeddable":true,"href":"https:\/\/www.aslroma5.it\/api\/wp\/v2\/tags?post=72970"}],"curies":[{"name":"wp","href":"https:\/\/api.w.org\/{rel}","templated":true}]}}