{"id":73029,"date":"2023-11-10T16:57:24","date_gmt":"2023-11-10T15:57:24","guid":{"rendered":"https:\/\/www.aslroma5.it\/?p=73029"},"modified":"2023-11-10T16:57:24","modified_gmt":"2023-11-10T15:57:24","slug":"presentato-alla-convention-nazionale-fiaso-il-piano-attuazione-aziendale-del-pnrr-e-del-dm77-della-asl-roma-5","status":"publish","type":"post","link":"https:\/\/www.aslroma5.it\/presentato-alla-convention-nazionale-fiaso-il-piano-attuazione-aziendale-del-pnrr-e-del-dm77-della-asl-roma-5\/","title":{"rendered":"Presentato alla Convention Nazionale Fiaso il piano attuazione aziendale del PNRR e del DM77 della ASL Roma 5"},"content":{"rendered":"<p>Questa mattina alla 25\u00aa Convention Nazionale FIASO, tenutasi al Palazzo dei Congressi di Roma, il Dott. Gennaro Cerone, delegato dalla Direzione Strategica della ASL Roma 5, ha presentato il piano di attuazione aziendale del PNRR e del DM77.<\/p>\n<p>In particolare la discussione si \u00e8 focalizzata, oltre che sugli interventi gi\u00e0 previsti e approvati dai livelli ministeriali e regionali, su tutte le attivit\u00e0 messe in campo dalla ASL per potenziare i sistemi di presa in carico della popolazione fragile, con riguardo alla medicina di prossimit\u00e0 e alla medicina di iniziativa. Degni di nota i risultati presentati, relativi alla fase di avvio delle operazioni, che hanno fatto registrare in meno di un mese &#8211; grazie al lavoro congiunto di Infermieri di Famiglia e Comunit\u00e0, COT, CAD e Distretti Sanitari, Medici di Medicina Generale e Comuni &#8211; un incremento di oltre 1000 prese in carico sul territorio aziendale.<\/p>\n","protected":false},"excerpt":{"rendered":"<p>Questa mattina alla 25\u00aa Convention Nazionale FIASO, tenutasi al Palazzo dei Congressi di Roma, il Dott. Gennaro Cerone, delegato dalla Direzione Strategica della ASL Roma 5, ha presentato il piano di attuazione aziendale del PNRR e del DM77. In particolare la discussione si \u00e8 focalizzata, oltre che sugli interventi gi\u00e0 previsti e approvati dai livelli&hellip;<\/p>\n","protected":false},"author":1,"featured_media":73030,"comment_status":"closed","ping_status":"closed","sticky":false,"template":"","format":"standard","meta":{"_acf_changed":false,"inline_featured_image":false,"footnotes":""},"categories":[2189],"tags":[2285],"class_list":["post-73029","post","type-post","status-publish","format-standard","has-post-thumbnail","hentry","category-in-primo-piano","tag-comunicato-stampa","category-2189","description-off"],"acf":{"galleria":[73031,73032]},"yoast_head":"<!-- This site is optimized with the Yoast SEO plugin v25.5 - https:\/\/yoast.com\/wordpress\/plugins\/seo\/ -->\n<title>Presentato alla Convention Nazionale Fiaso il piano attuazione aziendale del PNRR e del DM77 della ASL Roma 5 - ASL ROMA 5<\/title>\n<meta name=\"robots\" content=\"index, follow, max-snippet:-1, max-image-preview:large, max-video-preview:-1\" \/>\n<link rel=\"canonical\" href=\"https:\/\/www.aslroma5.it\/presentato-alla-convention-nazionale-fiaso-il-piano-attuazione-aziendale-del-pnrr-e-del-dm77-della-asl-roma-5\/\" \/>\n<meta property=\"og:locale\" content=\"it_IT\" \/>\n<meta property=\"og:type\" content=\"article\" \/>\n<meta property=\"og:title\" content=\"Presentato alla Convention Nazionale Fiaso il piano attuazione aziendale del PNRR e del DM77 della ASL Roma 5 - ASL ROMA 5\" \/>\n<meta property=\"og:description\" content=\"Questa mattina alla 25\u00aa Convention Nazionale FIASO, tenutasi al Palazzo dei Congressi di Roma, il Dott. Gennaro Cerone, delegato dalla Direzione Strategica della ASL Roma 5, ha presentato il piano di attuazione aziendale del PNRR e del DM77. In particolare la discussione si \u00e8 focalizzata, oltre che sugli interventi gi\u00e0 previsti e approvati dai livelli&hellip;\" \/>\n<meta property=\"og:url\" content=\"https:\/\/www.aslroma5.it\/presentato-alla-convention-nazionale-fiaso-il-piano-attuazione-aziendale-del-pnrr-e-del-dm77-della-asl-roma-5\/\" \/>\n<meta property=\"og:site_name\" content=\"ASL ROMA 5\" \/>\n<meta property=\"article:published_time\" content=\"2023-11-10T15:57:24+00:00\" \/>\n<meta property=\"og:image\" content=\"https:\/\/www.aslroma5.it\/wp-content\/uploads\/2023\/11\/fiaso-2023-foto1.jpeg\" \/>\n\t<meta property=\"og:image:width\" content=\"806\" \/>\n\t<meta property=\"og:image:height\" content=\"519\" \/>\n\t<meta property=\"og:image:type\" content=\"image\/jpeg\" \/>\n<meta name=\"author\" content=\"dot4all\" \/>\n<meta name=\"twitter:card\" content=\"summary_large_image\" \/>\n<meta name=\"twitter:label1\" content=\"Scritto da\" \/>\n\t<meta name=\"twitter:data1\" content=\"dot4all\" \/>\n\t<meta name=\"twitter:label2\" content=\"Tempo di lettura stimato\" \/>\n\t<meta name=\"twitter:data2\" content=\"1 minuto\" \/>\n<script type=\"application\/ld+json\" class=\"yoast-schema-graph\">{\"@context\":\"https:\/\/schema.org\",\"@graph\":[{\"@type\":\"Article\",\"@id\":\"https:\/\/www.aslroma5.it\/presentato-alla-convention-nazionale-fiaso-il-piano-attuazione-aziendale-del-pnrr-e-del-dm77-della-asl-roma-5\/#article\",\"isPartOf\":{\"@id\":\"https:\/\/www.aslroma5.it\/presentato-alla-convention-nazionale-fiaso-il-piano-attuazione-aziendale-del-pnrr-e-del-dm77-della-asl-roma-5\/\"},\"author\":{\"name\":\"dot4all\",\"@id\":\"https:\/\/www.aslroma5.it\/#\/schema\/person\/aae9591da64a4feb5cf19a10d69b634d\"},\"headline\":\"Presentato alla Convention Nazionale Fiaso il piano attuazione aziendale del PNRR e del DM77 della ASL Roma 5\",\"datePublished\":\"2023-11-10T15:57:24+00:00\",\"mainEntityOfPage\":{\"@id\":\"https:\/\/www.aslroma5.it\/presentato-alla-convention-nazionale-fiaso-il-piano-attuazione-aziendale-del-pnrr-e-del-dm77-della-asl-roma-5\/\"},\"wordCount\":158,\"publisher\":{\"@id\":\"https:\/\/www.aslroma5.it\/#organization\"},\"image\":{\"@id\":\"https:\/\/www.aslroma5.it\/presentato-alla-convention-nazionale-fiaso-il-piano-attuazione-aziendale-del-pnrr-e-del-dm77-della-asl-roma-5\/#primaryimage\"},\"thumbnailUrl\":\"https:\/\/www.aslroma5.it\/wp-content\/uploads\/2023\/11\/fiaso-2023-foto1.jpeg\",\"keywords\":[\"Comunicato stampa\"],\"articleSection\":[\"In primo piano\"],\"inLanguage\":\"it-IT\"},{\"@type\":\"WebPage\",\"@id\":\"https:\/\/www.aslroma5.it\/presentato-alla-convention-nazionale-fiaso-il-piano-attuazione-aziendale-del-pnrr-e-del-dm77-della-asl-roma-5\/\",\"url\":\"https:\/\/www.aslroma5.it\/presentato-alla-convention-nazionale-fiaso-il-piano-attuazione-aziendale-del-pnrr-e-del-dm77-della-asl-roma-5\/\",\"name\":\"Presentato alla Convention Nazionale Fiaso il piano attuazione aziendale del PNRR e del DM77 della ASL Roma 5 - ASL ROMA 5\",\"isPartOf\":{\"@id\":\"https:\/\/www.aslroma5.it\/#website\"},\"primaryImageOfPage\":{\"@id\":\"https:\/\/www.aslroma5.it\/presentato-alla-convention-nazionale-fiaso-il-piano-attuazione-aziendale-del-pnrr-e-del-dm77-della-asl-roma-5\/#primaryimage\"},\"image\":{\"@id\":\"https:\/\/www.aslroma5.it\/presentato-alla-convention-nazionale-fiaso-il-piano-attuazione-aziendale-del-pnrr-e-del-dm77-della-asl-roma-5\/#primaryimage\"},\"thumbnailUrl\":\"https:\/\/www.aslroma5.it\/wp-content\/uploads\/2023\/11\/fiaso-2023-foto1.jpeg\",\"datePublished\":\"2023-11-10T15:57:24+00:00\",\"breadcrumb\":{\"@id\":\"https:\/\/www.aslroma5.it\/presentato-alla-convention-nazionale-fiaso-il-piano-attuazione-aziendale-del-pnrr-e-del-dm77-della-asl-roma-5\/#breadcrumb\"},\"inLanguage\":\"it-IT\",\"potentialAction\":[{\"@type\":\"ReadAction\",\"target\":[\"https:\/\/www.aslroma5.it\/presentato-alla-convention-nazionale-fiaso-il-piano-attuazione-aziendale-del-pnrr-e-del-dm77-della-asl-roma-5\/\"]}]},{\"@type\":\"ImageObject\",\"inLanguage\":\"it-IT\",\"@id\":\"https:\/\/www.aslroma5.it\/presentato-alla-convention-nazionale-fiaso-il-piano-attuazione-aziendale-del-pnrr-e-del-dm77-della-asl-roma-5\/#primaryimage\",\"url\":\"https:\/\/www.aslroma5.it\/wp-content\/uploads\/2023\/11\/fiaso-2023-foto1.jpeg\",\"contentUrl\":\"https:\/\/www.aslroma5.it\/wp-content\/uploads\/2023\/11\/fiaso-2023-foto1.jpeg\",\"width\":806,\"height\":519},{\"@type\":\"BreadcrumbList\",\"@id\":\"https:\/\/www.aslroma5.it\/presentato-alla-convention-nazionale-fiaso-il-piano-attuazione-aziendale-del-pnrr-e-del-dm77-della-asl-roma-5\/#breadcrumb\",\"itemListElement\":[{\"@type\":\"ListItem\",\"position\":1,\"name\":\"Home\",\"item\":\"https:\/\/www.aslroma5.it\/\"},{\"@type\":\"ListItem\",\"position\":2,\"name\":\"Presentato alla Convention Nazionale Fiaso il piano attuazione aziendale del PNRR e del DM77 della ASL Roma 5\"}]},{\"@type\":\"WebSite\",\"@id\":\"https:\/\/www.aslroma5.it\/#website\",\"url\":\"https:\/\/www.aslroma5.it\/\",\"name\":\"ASL ROMA 5\",\"description\":\"\",\"publisher\":{\"@id\":\"https:\/\/www.aslroma5.it\/#organization\"},\"potentialAction\":[{\"@type\":\"SearchAction\",\"target\":{\"@type\":\"EntryPoint\",\"urlTemplate\":\"https:\/\/www.aslroma5.it\/?s={search_term_string}\"},\"query-input\":{\"@type\":\"PropertyValueSpecification\",\"valueRequired\":true,\"valueName\":\"search_term_string\"}}],\"inLanguage\":\"it-IT\"},{\"@type\":\"Organization\",\"@id\":\"https:\/\/www.aslroma5.it\/#organization\",\"name\":\"ASL ROMA 5\",\"url\":\"https:\/\/www.aslroma5.it\/\",\"logo\":{\"@type\":\"ImageObject\",\"inLanguage\":\"it-IT\",\"@id\":\"https:\/\/www.aslroma5.it\/#\/schema\/logo\/image\/\",\"url\":\"https:\/\/www.aslroma5.it\/wp-content\/uploads\/2025\/07\/asl-roma5-logo-25.svg\",\"contentUrl\":\"https:\/\/www.aslroma5.it\/wp-content\/uploads\/2025\/07\/asl-roma5-logo-25.svg\",\"width\":328,\"height\":112,\"caption\":\"ASL ROMA 5\"},\"image\":{\"@id\":\"https:\/\/www.aslroma5.it\/#\/schema\/logo\/image\/\"}},{\"@type\":\"Person\",\"@id\":\"https:\/\/www.aslroma5.it\/#\/schema\/person\/aae9591da64a4feb5cf19a10d69b634d\",\"name\":\"dot4all\",\"image\":{\"@type\":\"ImageObject\",\"inLanguage\":\"it-IT\",\"@id\":\"https:\/\/www.aslroma5.it\/#\/schema\/person\/image\/\",\"url\":\"https:\/\/secure.gravatar.com\/avatar\/a228c250e89e00f48f7bae46b9a785bc5b3f509d86988952d9e01450e422a0cc?s=96&d=mm&r=g\",\"contentUrl\":\"https:\/\/secure.gravatar.com\/avatar\/a228c250e89e00f48f7bae46b9a785bc5b3f509d86988952d9e01450e422a0cc?s=96&d=mm&r=g\",\"caption\":\"dot4all\"},\"sameAs\":[\"https:\/\/www.aslroma5.info\/new2021\"]}]}<\/script>\n<!-- \/ Yoast SEO plugin. -->","yoast_head_json":{"title":"Presentato alla Convention Nazionale Fiaso il piano attuazione aziendale del PNRR e del DM77 della ASL Roma 5 - ASL ROMA 5","robots":{"index":"index","follow":"follow","max-snippet":"max-snippet:-1","max-image-preview":"max-image-preview:large","max-video-preview":"max-video-preview:-1"},"canonical":"https:\/\/www.aslroma5.it\/presentato-alla-convention-nazionale-fiaso-il-piano-attuazione-aziendale-del-pnrr-e-del-dm77-della-asl-roma-5\/","og_locale":"it_IT","og_type":"article","og_title":"Presentato alla Convention Nazionale Fiaso il piano attuazione aziendale del PNRR e del DM77 della ASL Roma 5 - ASL ROMA 5","og_description":"Questa mattina alla 25\u00aa Convention Nazionale FIASO, tenutasi al Palazzo dei Congressi di Roma, il Dott. Gennaro Cerone, delegato dalla Direzione Strategica della ASL Roma 5, ha presentato il piano di attuazione aziendale del PNRR e del DM77. In particolare la discussione si \u00e8 focalizzata, oltre che sugli interventi gi\u00e0 previsti e approvati dai livelli&hellip;","og_url":"https:\/\/www.aslroma5.it\/presentato-alla-convention-nazionale-fiaso-il-piano-attuazione-aziendale-del-pnrr-e-del-dm77-della-asl-roma-5\/","og_site_name":"ASL ROMA 5","article_published_time":"2023-11-10T15:57:24+00:00","og_image":[{"width":806,"height":519,"url":"https:\/\/www.aslroma5.it\/wp-content\/uploads\/2023\/11\/fiaso-2023-foto1.jpeg","type":"image\/jpeg"}],"author":"dot4all","twitter_card":"summary_large_image","twitter_misc":{"Scritto da":"dot4all","Tempo di lettura stimato":"1 minuto"},"schema":{"@context":"https:\/\/schema.org","@graph":[{"@type":"Article","@id":"https:\/\/www.aslroma5.it\/presentato-alla-convention-nazionale-fiaso-il-piano-attuazione-aziendale-del-pnrr-e-del-dm77-della-asl-roma-5\/#article","isPartOf":{"@id":"https:\/\/www.aslroma5.it\/presentato-alla-convention-nazionale-fiaso-il-piano-attuazione-aziendale-del-pnrr-e-del-dm77-della-asl-roma-5\/"},"author":{"name":"dot4all","@id":"https:\/\/www.aslroma5.it\/#\/schema\/person\/aae9591da64a4feb5cf19a10d69b634d"},"headline":"Presentato alla Convention Nazionale Fiaso il piano attuazione aziendale del PNRR e del DM77 della ASL Roma 5","datePublished":"2023-11-10T15:57:24+00:00","mainEntityOfPage":{"@id":"https:\/\/www.aslroma5.it\/presentato-alla-convention-nazionale-fiaso-il-piano-attuazione-aziendale-del-pnrr-e-del-dm77-della-asl-roma-5\/"},"wordCount":158,"publisher":{"@id":"https:\/\/www.aslroma5.it\/#organization"},"image":{"@id":"https:\/\/www.aslroma5.it\/presentato-alla-convention-nazionale-fiaso-il-piano-attuazione-aziendale-del-pnrr-e-del-dm77-della-asl-roma-5\/#primaryimage"},"thumbnailUrl":"https:\/\/www.aslroma5.it\/wp-content\/uploads\/2023\/11\/fiaso-2023-foto1.jpeg","keywords":["Comunicato stampa"],"articleSection":["In primo piano"],"inLanguage":"it-IT"},{"@type":"WebPage","@id":"https:\/\/www.aslroma5.it\/presentato-alla-convention-nazionale-fiaso-il-piano-attuazione-aziendale-del-pnrr-e-del-dm77-della-asl-roma-5\/","url":"https:\/\/www.aslroma5.it\/presentato-alla-convention-nazionale-fiaso-il-piano-attuazione-aziendale-del-pnrr-e-del-dm77-della-asl-roma-5\/","name":"Presentato alla Convention Nazionale Fiaso il piano attuazione aziendale del PNRR e del DM77 della ASL Roma 5 - ASL ROMA 5","isPartOf":{"@id":"https:\/\/www.aslroma5.it\/#website"},"primaryImageOfPage":{"@id":"https:\/\/www.aslroma5.it\/presentato-alla-convention-nazionale-fiaso-il-piano-attuazione-aziendale-del-pnrr-e-del-dm77-della-asl-roma-5\/#primaryimage"},"image":{"@id":"https:\/\/www.aslroma5.it\/presentato-alla-convention-nazionale-fiaso-il-piano-attuazione-aziendale-del-pnrr-e-del-dm77-della-asl-roma-5\/#primaryimage"},"thumbnailUrl":"https:\/\/www.aslroma5.it\/wp-content\/uploads\/2023\/11\/fiaso-2023-foto1.jpeg","datePublished":"2023-11-10T15:57:24+00:00","breadcrumb":{"@id":"https:\/\/www.aslroma5.it\/presentato-alla-convention-nazionale-fiaso-il-piano-attuazione-aziendale-del-pnrr-e-del-dm77-della-asl-roma-5\/#breadcrumb"},"inLanguage":"it-IT","potentialAction":[{"@type":"ReadAction","target":["https:\/\/www.aslroma5.it\/presentato-alla-convention-nazionale-fiaso-il-piano-attuazione-aziendale-del-pnrr-e-del-dm77-della-asl-roma-5\/"]}]},{"@type":"ImageObject","inLanguage":"it-IT","@id":"https:\/\/www.aslroma5.it\/presentato-alla-convention-nazionale-fiaso-il-piano-attuazione-aziendale-del-pnrr-e-del-dm77-della-asl-roma-5\/#primaryimage","url":"https:\/\/www.aslroma5.it\/wp-content\/uploads\/2023\/11\/fiaso-2023-foto1.jpeg","contentUrl":"https:\/\/www.aslroma5.it\/wp-content\/uploads\/2023\/11\/fiaso-2023-foto1.jpeg","width":806,"height":519},{"@type":"BreadcrumbList","@id":"https:\/\/www.aslroma5.it\/presentato-alla-convention-nazionale-fiaso-il-piano-attuazione-aziendale-del-pnrr-e-del-dm77-della-asl-roma-5\/#breadcrumb","itemListElement":[{"@type":"ListItem","position":1,"name":"Home","item":"https:\/\/www.aslroma5.it\/"},{"@type":"ListItem","position":2,"name":"Presentato alla Convention Nazionale Fiaso il piano attuazione aziendale del PNRR e del DM77 della ASL Roma 5"}]},{"@type":"WebSite","@id":"https:\/\/www.aslroma5.it\/#website","url":"https:\/\/www.aslroma5.it\/","name":"ASL ROMA 5","description":"","publisher":{"@id":"https:\/\/www.aslroma5.it\/#organization"},"potentialAction":[{"@type":"SearchAction","target":{"@type":"EntryPoint","urlTemplate":"https:\/\/www.aslroma5.it\/?s={search_term_string}"},"query-input":{"@type":"PropertyValueSpecification","valueRequired":true,"valueName":"search_term_string"}}],"inLanguage":"it-IT"},{"@type":"Organization","@id":"https:\/\/www.aslroma5.it\/#organization","name":"ASL ROMA 5","url":"https:\/\/www.aslroma5.it\/","logo":{"@type":"ImageObject","inLanguage":"it-IT","@id":"https:\/\/www.aslroma5.it\/#\/schema\/logo\/image\/","url":"https:\/\/www.aslroma5.it\/wp-content\/uploads\/2025\/07\/asl-roma5-logo-25.svg","contentUrl":"https:\/\/www.aslroma5.it\/wp-content\/uploads\/2025\/07\/asl-roma5-logo-25.svg","width":328,"height":112,"caption":"ASL ROMA 5"},"image":{"@id":"https:\/\/www.aslroma5.it\/#\/schema\/logo\/image\/"}},{"@type":"Person","@id":"https:\/\/www.aslroma5.it\/#\/schema\/person\/aae9591da64a4feb5cf19a10d69b634d","name":"dot4all","image":{"@type":"ImageObject","inLanguage":"it-IT","@id":"https:\/\/www.aslroma5.it\/#\/schema\/person\/image\/","url":"https:\/\/secure.gravatar.com\/avatar\/a228c250e89e00f48f7bae46b9a785bc5b3f509d86988952d9e01450e422a0cc?s=96&d=mm&r=g","contentUrl":"https:\/\/secure.gravatar.com\/avatar\/a228c250e89e00f48f7bae46b9a785bc5b3f509d86988952d9e01450e422a0cc?s=96&d=mm&r=g","caption":"dot4all"},"sameAs":["https:\/\/www.aslroma5.info\/new2021"]}]}},"publishpress_future_action":{"enabled":false,"date":"2026-05-07 14:24:41","action":"change-status","newStatus":"draft","terms":[],"taxonomy":"category","extraData":[]},"publishpress_future_workflow_manual_trigger":{"enabledWorkflows":[]},"_links":{"self":[{"href":"https:\/\/www.aslroma5.it\/api\/wp\/v2\/posts\/73029","targetHints":{"allow":["GET"]}}],"collection":[{"href":"https:\/\/www.aslroma5.it\/api\/wp\/v2\/posts"}],"about":[{"href":"https:\/\/www.aslroma5.it\/api\/wp\/v2\/types\/post"}],"author":[{"embeddable":true,"href":"https:\/\/www.aslroma5.it\/api\/wp\/v2\/users\/1"}],"replies":[{"embeddable":true,"href":"https:\/\/www.aslroma5.it\/api\/wp\/v2\/comments?post=73029"}],"version-history":[{"count":0,"href":"https:\/\/www.aslroma5.it\/api\/wp\/v2\/posts\/73029\/revisions"}],"acf:attachment":[{"embeddable":true,"href":"https:\/\/www.aslroma5.it\/api\/wp\/v2\/media\/73032"},{"embeddable":true,"href":"https:\/\/www.aslroma5.it\/api\/wp\/v2\/media\/73031"}],"wp:featuredmedia":[{"embeddable":true,"href":"https:\/\/www.aslroma5.it\/api\/wp\/v2\/media\/73030"}],"wp:attachment":[{"href":"https:\/\/www.aslroma5.it\/api\/wp\/v2\/media?parent=73029"}],"wp:term":[{"taxonomy":"category","embeddable":true,"href":"https:\/\/www.aslroma5.it\/api\/wp\/v2\/categories?post=73029"},{"taxonomy":"post_tag","embeddable":true,"href":"https:\/\/www.aslroma5.it\/api\/wp\/v2\/tags?post=73029"}],"curies":[{"name":"wp","href":"https:\/\/api.w.org\/{rel}","templated":true}]}}