{"id":73390,"date":"2023-11-29T10:28:26","date_gmt":"2023-11-29T09:28:26","guid":{"rendered":"https:\/\/www.aslroma5.it\/?p=73390"},"modified":"2023-11-29T10:30:23","modified_gmt":"2023-11-29T09:30:23","slug":"stati-mentali-a-rischio-dipendenze-nei-giovani-adulti","status":"publish","type":"post","link":"https:\/\/www.aslroma5.it\/stati-mentali-a-rischio-dipendenze-nei-giovani-adulti\/","title":{"rendered":"Stati mentali a rischio dipendenze nei giovani adulti"},"content":{"rendered":"<h3>Il contributo del Servizio Sociale nella ricerca di risposte innovative.<\/h3>\n<p>Ai Centri di Salute Mentale e ai SER.D., oggi, \u00e8 richiesto di progettare percorsi terapeutici e socio-sanitari in grado di trasformare in senso evolutivo bisogni di salute sempre pi\u00f9 complessi. Tale complessit\u00e0 chiama in causa la responsabilit\u00e0 dell\u2019intera comunit\u00e0 territoriale in tutte le sue componenti: istituzionali, del Terzo settore, informali, ecc. E\u2019 nel tessuto della comunit\u00e0 locale che ogni azione di welfare, ogni movimento teso alla promozione della salute e del benessere dei cittadini, trova il suo fondamento umano e culturale. Per questo \u00e8 importante creare occasioni e luoghi in cui il confronto, anche difficile, tra conoscenze, idee, visioni e bisogni diversi, possa essere volano di crescita di una comunit\u00e0 civile impegnata nella sua stessa cura.<\/p>\n<p>Luned\u00ec 11 Dicembre 2023<br \/>\nOre 8:30 &#8211; 15:00<\/p>\n<p>Palazzo Cianti<br \/>\nVia Parozzani (Tivoli)<\/p>\n<p>&nbsp;<\/p>\n<p><a href=\"https:\/\/www.aslroma5.it\/wp-content\/uploads\/2023\/11\/stati-mentali-a-rischio-dipendenze-nei-giovani-adulti-2023.pdf\" title=\"Scarica Il Programma\" target=\"_blank\" rel=\"noopener\">Scarica il programma<\/a><\/p>\n","protected":false},"excerpt":{"rendered":"<p>Il contributo del Servizio Sociale nella ricerca di risposte innovative. Ai Centri di Salute Mentale e ai SER.D., oggi, \u00e8 richiesto di progettare percorsi terapeutici e socio-sanitari in grado di trasformare in senso evolutivo bisogni di salute sempre pi\u00f9 complessi. Tale complessit\u00e0 chiama in causa la responsabilit\u00e0 dell\u2019intera comunit\u00e0 territoriale in tutte le sue componenti:&hellip;<\/p>\n","protected":false},"author":1,"featured_media":0,"comment_status":"closed","ping_status":"closed","sticky":false,"template":"","format":"standard","meta":{"_acf_changed":false,"inline_featured_image":false,"footnotes":""},"categories":[2243,2190],"tags":[2286,2283],"class_list":["post-73390","post","type-post","status-publish","format-standard","hentry","category-dsmdp","category-in-evidenza","tag-corso","tag-evento","category-2243","category-2190","description-off"],"acf":{"galleria":""},"yoast_head":"<!-- This site is optimized with the Yoast SEO plugin v25.5 - https:\/\/yoast.com\/wordpress\/plugins\/seo\/ -->\n<title>Stati mentali a rischio dipendenze nei giovani adulti - ASL ROMA 5<\/title>\n<meta name=\"robots\" content=\"index, follow, max-snippet:-1, max-image-preview:large, max-video-preview:-1\" \/>\n<link rel=\"canonical\" href=\"https:\/\/www.aslroma5.it\/stati-mentali-a-rischio-dipendenze-nei-giovani-adulti\/\" \/>\n<meta property=\"og:locale\" content=\"it_IT\" \/>\n<meta property=\"og:type\" content=\"article\" \/>\n<meta property=\"og:title\" content=\"Stati mentali a rischio dipendenze nei giovani adulti - ASL ROMA 5\" \/>\n<meta property=\"og:description\" content=\"Il contributo del Servizio Sociale nella ricerca di risposte innovative. Ai Centri di Salute Mentale e ai SER.D., oggi, \u00e8 richiesto di progettare percorsi terapeutici e socio-sanitari in grado di trasformare in senso evolutivo bisogni di salute sempre pi\u00f9 complessi. Tale complessit\u00e0 chiama in causa la responsabilit\u00e0 dell\u2019intera comunit\u00e0 territoriale in tutte le sue componenti:&hellip;\" \/>\n<meta property=\"og:url\" content=\"https:\/\/www.aslroma5.it\/stati-mentali-a-rischio-dipendenze-nei-giovani-adulti\/\" \/>\n<meta property=\"og:site_name\" content=\"ASL ROMA 5\" \/>\n<meta property=\"article:published_time\" content=\"2023-11-29T09:28:26+00:00\" \/>\n<meta property=\"article:modified_time\" content=\"2023-11-29T09:30:23+00:00\" \/>\n<meta name=\"author\" content=\"dot4all\" \/>\n<meta name=\"twitter:card\" content=\"summary_large_image\" \/>\n<meta name=\"twitter:label1\" content=\"Scritto da\" \/>\n\t<meta name=\"twitter:data1\" content=\"dot4all\" \/>\n\t<meta name=\"twitter:label2\" content=\"Tempo di lettura stimato\" \/>\n\t<meta name=\"twitter:data2\" content=\"1 minuto\" \/>\n<script type=\"application\/ld+json\" class=\"yoast-schema-graph\">{\"@context\":\"https:\/\/schema.org\",\"@graph\":[{\"@type\":\"Article\",\"@id\":\"https:\/\/www.aslroma5.it\/stati-mentali-a-rischio-dipendenze-nei-giovani-adulti\/#article\",\"isPartOf\":{\"@id\":\"https:\/\/www.aslroma5.it\/stati-mentali-a-rischio-dipendenze-nei-giovani-adulti\/\"},\"author\":{\"name\":\"dot4all\",\"@id\":\"https:\/\/www.aslroma5.it\/#\/schema\/person\/aae9591da64a4feb5cf19a10d69b634d\"},\"headline\":\"Stati mentali a rischio dipendenze nei giovani adulti\",\"datePublished\":\"2023-11-29T09:28:26+00:00\",\"dateModified\":\"2023-11-29T09:30:23+00:00\",\"mainEntityOfPage\":{\"@id\":\"https:\/\/www.aslroma5.it\/stati-mentali-a-rischio-dipendenze-nei-giovani-adulti\/\"},\"wordCount\":147,\"publisher\":{\"@id\":\"https:\/\/www.aslroma5.it\/#organization\"},\"keywords\":[\"Corso\",\"Evento\"],\"articleSection\":[\"DSMDP\",\"In evidenza\"],\"inLanguage\":\"it-IT\"},{\"@type\":\"WebPage\",\"@id\":\"https:\/\/www.aslroma5.it\/stati-mentali-a-rischio-dipendenze-nei-giovani-adulti\/\",\"url\":\"https:\/\/www.aslroma5.it\/stati-mentali-a-rischio-dipendenze-nei-giovani-adulti\/\",\"name\":\"Stati mentali a rischio dipendenze nei giovani adulti - ASL ROMA 5\",\"isPartOf\":{\"@id\":\"https:\/\/www.aslroma5.it\/#website\"},\"datePublished\":\"2023-11-29T09:28:26+00:00\",\"dateModified\":\"2023-11-29T09:30:23+00:00\",\"breadcrumb\":{\"@id\":\"https:\/\/www.aslroma5.it\/stati-mentali-a-rischio-dipendenze-nei-giovani-adulti\/#breadcrumb\"},\"inLanguage\":\"it-IT\",\"potentialAction\":[{\"@type\":\"ReadAction\",\"target\":[\"https:\/\/www.aslroma5.it\/stati-mentali-a-rischio-dipendenze-nei-giovani-adulti\/\"]}]},{\"@type\":\"BreadcrumbList\",\"@id\":\"https:\/\/www.aslroma5.it\/stati-mentali-a-rischio-dipendenze-nei-giovani-adulti\/#breadcrumb\",\"itemListElement\":[{\"@type\":\"ListItem\",\"position\":1,\"name\":\"Home\",\"item\":\"https:\/\/www.aslroma5.it\/\"},{\"@type\":\"ListItem\",\"position\":2,\"name\":\"Stati mentali a rischio dipendenze nei giovani adulti\"}]},{\"@type\":\"WebSite\",\"@id\":\"https:\/\/www.aslroma5.it\/#website\",\"url\":\"https:\/\/www.aslroma5.it\/\",\"name\":\"ASL ROMA 5\",\"description\":\"\",\"publisher\":{\"@id\":\"https:\/\/www.aslroma5.it\/#organization\"},\"potentialAction\":[{\"@type\":\"SearchAction\",\"target\":{\"@type\":\"EntryPoint\",\"urlTemplate\":\"https:\/\/www.aslroma5.it\/?s={search_term_string}\"},\"query-input\":{\"@type\":\"PropertyValueSpecification\",\"valueRequired\":true,\"valueName\":\"search_term_string\"}}],\"inLanguage\":\"it-IT\"},{\"@type\":\"Organization\",\"@id\":\"https:\/\/www.aslroma5.it\/#organization\",\"name\":\"ASL ROMA 5\",\"url\":\"https:\/\/www.aslroma5.it\/\",\"logo\":{\"@type\":\"ImageObject\",\"inLanguage\":\"it-IT\",\"@id\":\"https:\/\/www.aslroma5.it\/#\/schema\/logo\/image\/\",\"url\":\"https:\/\/www.aslroma5.it\/wp-content\/uploads\/2025\/07\/asl-roma5-logo-25.svg\",\"contentUrl\":\"https:\/\/www.aslroma5.it\/wp-content\/uploads\/2025\/07\/asl-roma5-logo-25.svg\",\"width\":328,\"height\":112,\"caption\":\"ASL ROMA 5\"},\"image\":{\"@id\":\"https:\/\/www.aslroma5.it\/#\/schema\/logo\/image\/\"}},{\"@type\":\"Person\",\"@id\":\"https:\/\/www.aslroma5.it\/#\/schema\/person\/aae9591da64a4feb5cf19a10d69b634d\",\"name\":\"dot4all\",\"image\":{\"@type\":\"ImageObject\",\"inLanguage\":\"it-IT\",\"@id\":\"https:\/\/www.aslroma5.it\/#\/schema\/person\/image\/\",\"url\":\"https:\/\/secure.gravatar.com\/avatar\/a228c250e89e00f48f7bae46b9a785bc5b3f509d86988952d9e01450e422a0cc?s=96&d=mm&r=g\",\"contentUrl\":\"https:\/\/secure.gravatar.com\/avatar\/a228c250e89e00f48f7bae46b9a785bc5b3f509d86988952d9e01450e422a0cc?s=96&d=mm&r=g\",\"caption\":\"dot4all\"},\"sameAs\":[\"https:\/\/www.aslroma5.info\/new2021\"]}]}<\/script>\n<!-- \/ Yoast SEO plugin. -->","yoast_head_json":{"title":"Stati mentali a rischio dipendenze nei giovani adulti - ASL ROMA 5","robots":{"index":"index","follow":"follow","max-snippet":"max-snippet:-1","max-image-preview":"max-image-preview:large","max-video-preview":"max-video-preview:-1"},"canonical":"https:\/\/www.aslroma5.it\/stati-mentali-a-rischio-dipendenze-nei-giovani-adulti\/","og_locale":"it_IT","og_type":"article","og_title":"Stati mentali a rischio dipendenze nei giovani adulti - ASL ROMA 5","og_description":"Il contributo del Servizio Sociale nella ricerca di risposte innovative. Ai Centri di Salute Mentale e ai SER.D., oggi, \u00e8 richiesto di progettare percorsi terapeutici e socio-sanitari in grado di trasformare in senso evolutivo bisogni di salute sempre pi\u00f9 complessi. Tale complessit\u00e0 chiama in causa la responsabilit\u00e0 dell\u2019intera comunit\u00e0 territoriale in tutte le sue componenti:&hellip;","og_url":"https:\/\/www.aslroma5.it\/stati-mentali-a-rischio-dipendenze-nei-giovani-adulti\/","og_site_name":"ASL ROMA 5","article_published_time":"2023-11-29T09:28:26+00:00","article_modified_time":"2023-11-29T09:30:23+00:00","author":"dot4all","twitter_card":"summary_large_image","twitter_misc":{"Scritto da":"dot4all","Tempo di lettura stimato":"1 minuto"},"schema":{"@context":"https:\/\/schema.org","@graph":[{"@type":"Article","@id":"https:\/\/www.aslroma5.it\/stati-mentali-a-rischio-dipendenze-nei-giovani-adulti\/#article","isPartOf":{"@id":"https:\/\/www.aslroma5.it\/stati-mentali-a-rischio-dipendenze-nei-giovani-adulti\/"},"author":{"name":"dot4all","@id":"https:\/\/www.aslroma5.it\/#\/schema\/person\/aae9591da64a4feb5cf19a10d69b634d"},"headline":"Stati mentali a rischio dipendenze nei giovani adulti","datePublished":"2023-11-29T09:28:26+00:00","dateModified":"2023-11-29T09:30:23+00:00","mainEntityOfPage":{"@id":"https:\/\/www.aslroma5.it\/stati-mentali-a-rischio-dipendenze-nei-giovani-adulti\/"},"wordCount":147,"publisher":{"@id":"https:\/\/www.aslroma5.it\/#organization"},"keywords":["Corso","Evento"],"articleSection":["DSMDP","In evidenza"],"inLanguage":"it-IT"},{"@type":"WebPage","@id":"https:\/\/www.aslroma5.it\/stati-mentali-a-rischio-dipendenze-nei-giovani-adulti\/","url":"https:\/\/www.aslroma5.it\/stati-mentali-a-rischio-dipendenze-nei-giovani-adulti\/","name":"Stati mentali a rischio dipendenze nei giovani adulti - ASL ROMA 5","isPartOf":{"@id":"https:\/\/www.aslroma5.it\/#website"},"datePublished":"2023-11-29T09:28:26+00:00","dateModified":"2023-11-29T09:30:23+00:00","breadcrumb":{"@id":"https:\/\/www.aslroma5.it\/stati-mentali-a-rischio-dipendenze-nei-giovani-adulti\/#breadcrumb"},"inLanguage":"it-IT","potentialAction":[{"@type":"ReadAction","target":["https:\/\/www.aslroma5.it\/stati-mentali-a-rischio-dipendenze-nei-giovani-adulti\/"]}]},{"@type":"BreadcrumbList","@id":"https:\/\/www.aslroma5.it\/stati-mentali-a-rischio-dipendenze-nei-giovani-adulti\/#breadcrumb","itemListElement":[{"@type":"ListItem","position":1,"name":"Home","item":"https:\/\/www.aslroma5.it\/"},{"@type":"ListItem","position":2,"name":"Stati mentali a rischio dipendenze nei giovani adulti"}]},{"@type":"WebSite","@id":"https:\/\/www.aslroma5.it\/#website","url":"https:\/\/www.aslroma5.it\/","name":"ASL ROMA 5","description":"","publisher":{"@id":"https:\/\/www.aslroma5.it\/#organization"},"potentialAction":[{"@type":"SearchAction","target":{"@type":"EntryPoint","urlTemplate":"https:\/\/www.aslroma5.it\/?s={search_term_string}"},"query-input":{"@type":"PropertyValueSpecification","valueRequired":true,"valueName":"search_term_string"}}],"inLanguage":"it-IT"},{"@type":"Organization","@id":"https:\/\/www.aslroma5.it\/#organization","name":"ASL ROMA 5","url":"https:\/\/www.aslroma5.it\/","logo":{"@type":"ImageObject","inLanguage":"it-IT","@id":"https:\/\/www.aslroma5.it\/#\/schema\/logo\/image\/","url":"https:\/\/www.aslroma5.it\/wp-content\/uploads\/2025\/07\/asl-roma5-logo-25.svg","contentUrl":"https:\/\/www.aslroma5.it\/wp-content\/uploads\/2025\/07\/asl-roma5-logo-25.svg","width":328,"height":112,"caption":"ASL ROMA 5"},"image":{"@id":"https:\/\/www.aslroma5.it\/#\/schema\/logo\/image\/"}},{"@type":"Person","@id":"https:\/\/www.aslroma5.it\/#\/schema\/person\/aae9591da64a4feb5cf19a10d69b634d","name":"dot4all","image":{"@type":"ImageObject","inLanguage":"it-IT","@id":"https:\/\/www.aslroma5.it\/#\/schema\/person\/image\/","url":"https:\/\/secure.gravatar.com\/avatar\/a228c250e89e00f48f7bae46b9a785bc5b3f509d86988952d9e01450e422a0cc?s=96&d=mm&r=g","contentUrl":"https:\/\/secure.gravatar.com\/avatar\/a228c250e89e00f48f7bae46b9a785bc5b3f509d86988952d9e01450e422a0cc?s=96&d=mm&r=g","caption":"dot4all"},"sameAs":["https:\/\/www.aslroma5.info\/new2021"]}]}},"publishpress_future_action":{"enabled":false,"date":"2026-05-08 07:10:55","action":"change-status","newStatus":"draft","terms":[],"taxonomy":"category","extraData":[]},"publishpress_future_workflow_manual_trigger":{"enabledWorkflows":[]},"_links":{"self":[{"href":"https:\/\/www.aslroma5.it\/api\/wp\/v2\/posts\/73390","targetHints":{"allow":["GET"]}}],"collection":[{"href":"https:\/\/www.aslroma5.it\/api\/wp\/v2\/posts"}],"about":[{"href":"https:\/\/www.aslroma5.it\/api\/wp\/v2\/types\/post"}],"author":[{"embeddable":true,"href":"https:\/\/www.aslroma5.it\/api\/wp\/v2\/users\/1"}],"replies":[{"embeddable":true,"href":"https:\/\/www.aslroma5.it\/api\/wp\/v2\/comments?post=73390"}],"version-history":[{"count":0,"href":"https:\/\/www.aslroma5.it\/api\/wp\/v2\/posts\/73390\/revisions"}],"wp:attachment":[{"href":"https:\/\/www.aslroma5.it\/api\/wp\/v2\/media?parent=73390"}],"wp:term":[{"taxonomy":"category","embeddable":true,"href":"https:\/\/www.aslroma5.it\/api\/wp\/v2\/categories?post=73390"},{"taxonomy":"post_tag","embeddable":true,"href":"https:\/\/www.aslroma5.it\/api\/wp\/v2\/tags?post=73390"}],"curies":[{"name":"wp","href":"https:\/\/api.w.org\/{rel}","templated":true}]}}