{"id":74304,"date":"2024-01-08T16:40:37","date_gmt":"2024-01-08T15:40:37","guid":{"rendered":"https:\/\/www.aslroma5.it\/?p=74304"},"modified":"2024-01-08T16:40:37","modified_gmt":"2024-01-08T15:40:37","slug":"riattivato-lambulatorio-oncologico-del-p-o-di-tivoli","status":"publish","type":"post","link":"https:\/\/www.aslroma5.it\/riattivato-lambulatorio-oncologico-del-p-o-di-tivoli\/","title":{"rendered":"Riattivato l\u2019ambulatorio oncologico del P.O. di Tivoli"},"content":{"rendered":"<p>Da oggi, luned\u00ec 8 gennaio, l\u2019intera attivit\u00e0 ambulatoriale oncologica \u00e8 stata ripristinata nell\u2019Ala C dell\u2019Ospedale San Giovanni Evangelista di Tivoli. Per i pazienti, quindi, saranno disponibili le seguenti prestazioni:<\/p>\n<ul>\n<li>Prime visite oncologiche (prenotabili tramite CUP): dal luned\u00ec al venerd\u00ec alle 8.30, 9 e 11.30<\/li>\n<li>Visite di follow up (prenotabili tramite CUP): dal luned\u00ec al venerd\u00ec alle 9.30, 10, 10.30 e 11.<\/li>\n<li>Ambulatorio BREAST, per attivit\u00e0 di prevenzione e cura del cancro al seno (non prenotabile tramite CUP)<\/li>\n<li>Visite oncologiche per rivalutazione malattia (non prenotabili tramite CUP): dal luned\u00ec al venerd\u00ec<\/li>\n<li>Medicazione PICC (non prenotabile tramite CUP): esclusivamente il marted\u00ec<\/li>\n<li>Lavaggio PORT A CATH (prenotabile tramite CUP): marted\u00ec e gioved\u00ec, dalle ore 12 alle 13<\/li>\n<li>Visite oncologiche per somministrazione di farmaci antiblastici da assumere per via orale (non prenotabili tramite CUP): dal luned\u00ec al venerd\u00ec<\/li>\n<\/ul>\n<p>Inoltre, per le attivit\u00e0 chemioterapiche infusionali da domani, marted\u00ec 9 gennaio, sar\u00e0 attivo il DH Oncologico presso l\u2019Ospedale A. Angelucci di Subiaco, dal luned\u00ec al venerd\u00ec, a partire dalle 8.30. Nello specifico, la somministrazione dei farmaci antiblastici per via infusionale avverr\u00e0 dal luned\u00ec al venerd\u00ec, dalle 8.30 alle 16, al piano \u2013 1, nei locali dell\u2019ex centro vaccinale.<\/p>\n<p>Per avere ulteriori informazioni e indicazioni, l\u2019utenza pu\u00f2 contattare i seguenti numeri: 07748115295, per il DH Oncologico, disponibile durante gli orari di apertura; e 3312698918, dal luned\u00ec al venerd\u00ec, dalle 8 alle 16.<\/p>\n","protected":false},"excerpt":{"rendered":"<p>Da oggi, luned\u00ec 8 gennaio, l\u2019intera attivit\u00e0 ambulatoriale oncologica \u00e8 stata ripristinata nell\u2019Ala C dell\u2019Ospedale San Giovanni Evangelista di Tivoli. Per i pazienti, quindi, saranno disponibili le seguenti prestazioni: Prime visite oncologiche (prenotabili tramite CUP): dal luned\u00ec al venerd\u00ec alle 8.30, 9 e 11.30 Visite di follow up (prenotabili tramite CUP): dal luned\u00ec al venerd\u00ec&hellip;<\/p>\n","protected":false},"author":1,"featured_media":74305,"comment_status":"closed","ping_status":"closed","sticky":false,"template":"","format":"standard","meta":{"_acf_changed":false,"inline_featured_image":false,"footnotes":""},"categories":[2189],"tags":[2285],"class_list":["post-74304","post","type-post","status-publish","format-standard","has-post-thumbnail","hentry","category-in-primo-piano","tag-comunicato-stampa","category-2189","description-off"],"acf":{"galleria":""},"yoast_head":"<!-- This site is optimized with the Yoast SEO plugin v25.5 - https:\/\/yoast.com\/wordpress\/plugins\/seo\/ -->\n<title>Riattivato l\u2019ambulatorio oncologico del P.O. di Tivoli - ASL ROMA 5<\/title>\n<meta name=\"robots\" content=\"index, follow, max-snippet:-1, max-image-preview:large, max-video-preview:-1\" \/>\n<link rel=\"canonical\" href=\"https:\/\/www.aslroma5.it\/riattivato-lambulatorio-oncologico-del-p-o-di-tivoli\/\" \/>\n<meta property=\"og:locale\" content=\"it_IT\" \/>\n<meta property=\"og:type\" content=\"article\" \/>\n<meta property=\"og:title\" content=\"Riattivato l\u2019ambulatorio oncologico del P.O. di Tivoli - ASL ROMA 5\" \/>\n<meta property=\"og:description\" content=\"Da oggi, luned\u00ec 8 gennaio, l\u2019intera attivit\u00e0 ambulatoriale oncologica \u00e8 stata ripristinata nell\u2019Ala C dell\u2019Ospedale San Giovanni Evangelista di Tivoli. Per i pazienti, quindi, saranno disponibili le seguenti prestazioni: Prime visite oncologiche (prenotabili tramite CUP): dal luned\u00ec al venerd\u00ec alle 8.30, 9 e 11.30 Visite di follow up (prenotabili tramite CUP): dal luned\u00ec al venerd\u00ec&hellip;\" \/>\n<meta property=\"og:url\" content=\"https:\/\/www.aslroma5.it\/riattivato-lambulatorio-oncologico-del-p-o-di-tivoli\/\" \/>\n<meta property=\"og:site_name\" content=\"ASL ROMA 5\" \/>\n<meta property=\"article:published_time\" content=\"2024-01-08T15:40:37+00:00\" \/>\n<meta property=\"og:image\" content=\"https:\/\/www.aslroma5.it\/wp-content\/uploads\/2024\/01\/Ambulatorio.jpg\" \/>\n\t<meta property=\"og:image:width\" content=\"1080\" \/>\n\t<meta property=\"og:image:height\" content=\"1080\" \/>\n\t<meta property=\"og:image:type\" content=\"image\/jpeg\" \/>\n<meta name=\"author\" content=\"dot4all\" \/>\n<meta name=\"twitter:card\" content=\"summary_large_image\" \/>\n<meta name=\"twitter:label1\" content=\"Scritto da\" \/>\n\t<meta name=\"twitter:data1\" content=\"dot4all\" \/>\n\t<meta name=\"twitter:label2\" content=\"Tempo di lettura stimato\" \/>\n\t<meta name=\"twitter:data2\" content=\"2 minuti\" \/>\n<script type=\"application\/ld+json\" class=\"yoast-schema-graph\">{\"@context\":\"https:\/\/schema.org\",\"@graph\":[{\"@type\":\"Article\",\"@id\":\"https:\/\/www.aslroma5.it\/riattivato-lambulatorio-oncologico-del-p-o-di-tivoli\/#article\",\"isPartOf\":{\"@id\":\"https:\/\/www.aslroma5.it\/riattivato-lambulatorio-oncologico-del-p-o-di-tivoli\/\"},\"author\":{\"name\":\"dot4all\",\"@id\":\"https:\/\/www.aslroma5.it\/#\/schema\/person\/aae9591da64a4feb5cf19a10d69b634d\"},\"headline\":\"Riattivato l\u2019ambulatorio oncologico del P.O. di Tivoli\",\"datePublished\":\"2024-01-08T15:40:37+00:00\",\"mainEntityOfPage\":{\"@id\":\"https:\/\/www.aslroma5.it\/riattivato-lambulatorio-oncologico-del-p-o-di-tivoli\/\"},\"wordCount\":219,\"publisher\":{\"@id\":\"https:\/\/www.aslroma5.it\/#organization\"},\"image\":{\"@id\":\"https:\/\/www.aslroma5.it\/riattivato-lambulatorio-oncologico-del-p-o-di-tivoli\/#primaryimage\"},\"thumbnailUrl\":\"https:\/\/www.aslroma5.it\/wp-content\/uploads\/2024\/01\/Ambulatorio.jpg\",\"keywords\":[\"Comunicato stampa\"],\"articleSection\":[\"In primo piano\"],\"inLanguage\":\"it-IT\"},{\"@type\":\"WebPage\",\"@id\":\"https:\/\/www.aslroma5.it\/riattivato-lambulatorio-oncologico-del-p-o-di-tivoli\/\",\"url\":\"https:\/\/www.aslroma5.it\/riattivato-lambulatorio-oncologico-del-p-o-di-tivoli\/\",\"name\":\"Riattivato l\u2019ambulatorio oncologico del P.O. di Tivoli - ASL ROMA 5\",\"isPartOf\":{\"@id\":\"https:\/\/www.aslroma5.it\/#website\"},\"primaryImageOfPage\":{\"@id\":\"https:\/\/www.aslroma5.it\/riattivato-lambulatorio-oncologico-del-p-o-di-tivoli\/#primaryimage\"},\"image\":{\"@id\":\"https:\/\/www.aslroma5.it\/riattivato-lambulatorio-oncologico-del-p-o-di-tivoli\/#primaryimage\"},\"thumbnailUrl\":\"https:\/\/www.aslroma5.it\/wp-content\/uploads\/2024\/01\/Ambulatorio.jpg\",\"datePublished\":\"2024-01-08T15:40:37+00:00\",\"breadcrumb\":{\"@id\":\"https:\/\/www.aslroma5.it\/riattivato-lambulatorio-oncologico-del-p-o-di-tivoli\/#breadcrumb\"},\"inLanguage\":\"it-IT\",\"potentialAction\":[{\"@type\":\"ReadAction\",\"target\":[\"https:\/\/www.aslroma5.it\/riattivato-lambulatorio-oncologico-del-p-o-di-tivoli\/\"]}]},{\"@type\":\"ImageObject\",\"inLanguage\":\"it-IT\",\"@id\":\"https:\/\/www.aslroma5.it\/riattivato-lambulatorio-oncologico-del-p-o-di-tivoli\/#primaryimage\",\"url\":\"https:\/\/www.aslroma5.it\/wp-content\/uploads\/2024\/01\/Ambulatorio.jpg\",\"contentUrl\":\"https:\/\/www.aslroma5.it\/wp-content\/uploads\/2024\/01\/Ambulatorio.jpg\",\"width\":1080,\"height\":1080},{\"@type\":\"BreadcrumbList\",\"@id\":\"https:\/\/www.aslroma5.it\/riattivato-lambulatorio-oncologico-del-p-o-di-tivoli\/#breadcrumb\",\"itemListElement\":[{\"@type\":\"ListItem\",\"position\":1,\"name\":\"Home\",\"item\":\"https:\/\/www.aslroma5.it\/\"},{\"@type\":\"ListItem\",\"position\":2,\"name\":\"Riattivato l\u2019ambulatorio oncologico del P.O. di Tivoli\"}]},{\"@type\":\"WebSite\",\"@id\":\"https:\/\/www.aslroma5.it\/#website\",\"url\":\"https:\/\/www.aslroma5.it\/\",\"name\":\"ASL ROMA 5\",\"description\":\"\",\"publisher\":{\"@id\":\"https:\/\/www.aslroma5.it\/#organization\"},\"potentialAction\":[{\"@type\":\"SearchAction\",\"target\":{\"@type\":\"EntryPoint\",\"urlTemplate\":\"https:\/\/www.aslroma5.it\/?s={search_term_string}\"},\"query-input\":{\"@type\":\"PropertyValueSpecification\",\"valueRequired\":true,\"valueName\":\"search_term_string\"}}],\"inLanguage\":\"it-IT\"},{\"@type\":\"Organization\",\"@id\":\"https:\/\/www.aslroma5.it\/#organization\",\"name\":\"ASL ROMA 5\",\"url\":\"https:\/\/www.aslroma5.it\/\",\"logo\":{\"@type\":\"ImageObject\",\"inLanguage\":\"it-IT\",\"@id\":\"https:\/\/www.aslroma5.it\/#\/schema\/logo\/image\/\",\"url\":\"https:\/\/www.aslroma5.it\/wp-content\/uploads\/2025\/07\/asl-roma5-logo-25.svg\",\"contentUrl\":\"https:\/\/www.aslroma5.it\/wp-content\/uploads\/2025\/07\/asl-roma5-logo-25.svg\",\"width\":328,\"height\":112,\"caption\":\"ASL ROMA 5\"},\"image\":{\"@id\":\"https:\/\/www.aslroma5.it\/#\/schema\/logo\/image\/\"}},{\"@type\":\"Person\",\"@id\":\"https:\/\/www.aslroma5.it\/#\/schema\/person\/aae9591da64a4feb5cf19a10d69b634d\",\"name\":\"dot4all\",\"image\":{\"@type\":\"ImageObject\",\"inLanguage\":\"it-IT\",\"@id\":\"https:\/\/www.aslroma5.it\/#\/schema\/person\/image\/\",\"url\":\"https:\/\/secure.gravatar.com\/avatar\/a228c250e89e00f48f7bae46b9a785bc5b3f509d86988952d9e01450e422a0cc?s=96&d=mm&r=g\",\"contentUrl\":\"https:\/\/secure.gravatar.com\/avatar\/a228c250e89e00f48f7bae46b9a785bc5b3f509d86988952d9e01450e422a0cc?s=96&d=mm&r=g\",\"caption\":\"dot4all\"},\"sameAs\":[\"https:\/\/www.aslroma5.info\/new2021\"]}]}<\/script>\n<!-- \/ Yoast SEO plugin. -->","yoast_head_json":{"title":"Riattivato l\u2019ambulatorio oncologico del P.O. di Tivoli - ASL ROMA 5","robots":{"index":"index","follow":"follow","max-snippet":"max-snippet:-1","max-image-preview":"max-image-preview:large","max-video-preview":"max-video-preview:-1"},"canonical":"https:\/\/www.aslroma5.it\/riattivato-lambulatorio-oncologico-del-p-o-di-tivoli\/","og_locale":"it_IT","og_type":"article","og_title":"Riattivato l\u2019ambulatorio oncologico del P.O. di Tivoli - ASL ROMA 5","og_description":"Da oggi, luned\u00ec 8 gennaio, l\u2019intera attivit\u00e0 ambulatoriale oncologica \u00e8 stata ripristinata nell\u2019Ala C dell\u2019Ospedale San Giovanni Evangelista di Tivoli. Per i pazienti, quindi, saranno disponibili le seguenti prestazioni: Prime visite oncologiche (prenotabili tramite CUP): dal luned\u00ec al venerd\u00ec alle 8.30, 9 e 11.30 Visite di follow up (prenotabili tramite CUP): dal luned\u00ec al venerd\u00ec&hellip;","og_url":"https:\/\/www.aslroma5.it\/riattivato-lambulatorio-oncologico-del-p-o-di-tivoli\/","og_site_name":"ASL ROMA 5","article_published_time":"2024-01-08T15:40:37+00:00","og_image":[{"width":1080,"height":1080,"url":"https:\/\/www.aslroma5.it\/wp-content\/uploads\/2024\/01\/Ambulatorio.jpg","type":"image\/jpeg"}],"author":"dot4all","twitter_card":"summary_large_image","twitter_misc":{"Scritto da":"dot4all","Tempo di lettura stimato":"2 minuti"},"schema":{"@context":"https:\/\/schema.org","@graph":[{"@type":"Article","@id":"https:\/\/www.aslroma5.it\/riattivato-lambulatorio-oncologico-del-p-o-di-tivoli\/#article","isPartOf":{"@id":"https:\/\/www.aslroma5.it\/riattivato-lambulatorio-oncologico-del-p-o-di-tivoli\/"},"author":{"name":"dot4all","@id":"https:\/\/www.aslroma5.it\/#\/schema\/person\/aae9591da64a4feb5cf19a10d69b634d"},"headline":"Riattivato l\u2019ambulatorio oncologico del P.O. di Tivoli","datePublished":"2024-01-08T15:40:37+00:00","mainEntityOfPage":{"@id":"https:\/\/www.aslroma5.it\/riattivato-lambulatorio-oncologico-del-p-o-di-tivoli\/"},"wordCount":219,"publisher":{"@id":"https:\/\/www.aslroma5.it\/#organization"},"image":{"@id":"https:\/\/www.aslroma5.it\/riattivato-lambulatorio-oncologico-del-p-o-di-tivoli\/#primaryimage"},"thumbnailUrl":"https:\/\/www.aslroma5.it\/wp-content\/uploads\/2024\/01\/Ambulatorio.jpg","keywords":["Comunicato stampa"],"articleSection":["In primo piano"],"inLanguage":"it-IT"},{"@type":"WebPage","@id":"https:\/\/www.aslroma5.it\/riattivato-lambulatorio-oncologico-del-p-o-di-tivoli\/","url":"https:\/\/www.aslroma5.it\/riattivato-lambulatorio-oncologico-del-p-o-di-tivoli\/","name":"Riattivato l\u2019ambulatorio oncologico del P.O. di Tivoli - ASL ROMA 5","isPartOf":{"@id":"https:\/\/www.aslroma5.it\/#website"},"primaryImageOfPage":{"@id":"https:\/\/www.aslroma5.it\/riattivato-lambulatorio-oncologico-del-p-o-di-tivoli\/#primaryimage"},"image":{"@id":"https:\/\/www.aslroma5.it\/riattivato-lambulatorio-oncologico-del-p-o-di-tivoli\/#primaryimage"},"thumbnailUrl":"https:\/\/www.aslroma5.it\/wp-content\/uploads\/2024\/01\/Ambulatorio.jpg","datePublished":"2024-01-08T15:40:37+00:00","breadcrumb":{"@id":"https:\/\/www.aslroma5.it\/riattivato-lambulatorio-oncologico-del-p-o-di-tivoli\/#breadcrumb"},"inLanguage":"it-IT","potentialAction":[{"@type":"ReadAction","target":["https:\/\/www.aslroma5.it\/riattivato-lambulatorio-oncologico-del-p-o-di-tivoli\/"]}]},{"@type":"ImageObject","inLanguage":"it-IT","@id":"https:\/\/www.aslroma5.it\/riattivato-lambulatorio-oncologico-del-p-o-di-tivoli\/#primaryimage","url":"https:\/\/www.aslroma5.it\/wp-content\/uploads\/2024\/01\/Ambulatorio.jpg","contentUrl":"https:\/\/www.aslroma5.it\/wp-content\/uploads\/2024\/01\/Ambulatorio.jpg","width":1080,"height":1080},{"@type":"BreadcrumbList","@id":"https:\/\/www.aslroma5.it\/riattivato-lambulatorio-oncologico-del-p-o-di-tivoli\/#breadcrumb","itemListElement":[{"@type":"ListItem","position":1,"name":"Home","item":"https:\/\/www.aslroma5.it\/"},{"@type":"ListItem","position":2,"name":"Riattivato l\u2019ambulatorio oncologico del P.O. di Tivoli"}]},{"@type":"WebSite","@id":"https:\/\/www.aslroma5.it\/#website","url":"https:\/\/www.aslroma5.it\/","name":"ASL ROMA 5","description":"","publisher":{"@id":"https:\/\/www.aslroma5.it\/#organization"},"potentialAction":[{"@type":"SearchAction","target":{"@type":"EntryPoint","urlTemplate":"https:\/\/www.aslroma5.it\/?s={search_term_string}"},"query-input":{"@type":"PropertyValueSpecification","valueRequired":true,"valueName":"search_term_string"}}],"inLanguage":"it-IT"},{"@type":"Organization","@id":"https:\/\/www.aslroma5.it\/#organization","name":"ASL ROMA 5","url":"https:\/\/www.aslroma5.it\/","logo":{"@type":"ImageObject","inLanguage":"it-IT","@id":"https:\/\/www.aslroma5.it\/#\/schema\/logo\/image\/","url":"https:\/\/www.aslroma5.it\/wp-content\/uploads\/2025\/07\/asl-roma5-logo-25.svg","contentUrl":"https:\/\/www.aslroma5.it\/wp-content\/uploads\/2025\/07\/asl-roma5-logo-25.svg","width":328,"height":112,"caption":"ASL ROMA 5"},"image":{"@id":"https:\/\/www.aslroma5.it\/#\/schema\/logo\/image\/"}},{"@type":"Person","@id":"https:\/\/www.aslroma5.it\/#\/schema\/person\/aae9591da64a4feb5cf19a10d69b634d","name":"dot4all","image":{"@type":"ImageObject","inLanguage":"it-IT","@id":"https:\/\/www.aslroma5.it\/#\/schema\/person\/image\/","url":"https:\/\/secure.gravatar.com\/avatar\/a228c250e89e00f48f7bae46b9a785bc5b3f509d86988952d9e01450e422a0cc?s=96&d=mm&r=g","contentUrl":"https:\/\/secure.gravatar.com\/avatar\/a228c250e89e00f48f7bae46b9a785bc5b3f509d86988952d9e01450e422a0cc?s=96&d=mm&r=g","caption":"dot4all"},"sameAs":["https:\/\/www.aslroma5.info\/new2021"]}]}},"publishpress_future_action":{"enabled":false,"date":"2026-05-07 21:35:19","action":"change-status","newStatus":"draft","terms":[],"taxonomy":"category","extraData":[]},"publishpress_future_workflow_manual_trigger":{"enabledWorkflows":[]},"_links":{"self":[{"href":"https:\/\/www.aslroma5.it\/api\/wp\/v2\/posts\/74304","targetHints":{"allow":["GET"]}}],"collection":[{"href":"https:\/\/www.aslroma5.it\/api\/wp\/v2\/posts"}],"about":[{"href":"https:\/\/www.aslroma5.it\/api\/wp\/v2\/types\/post"}],"author":[{"embeddable":true,"href":"https:\/\/www.aslroma5.it\/api\/wp\/v2\/users\/1"}],"replies":[{"embeddable":true,"href":"https:\/\/www.aslroma5.it\/api\/wp\/v2\/comments?post=74304"}],"version-history":[{"count":0,"href":"https:\/\/www.aslroma5.it\/api\/wp\/v2\/posts\/74304\/revisions"}],"wp:featuredmedia":[{"embeddable":true,"href":"https:\/\/www.aslroma5.it\/api\/wp\/v2\/media\/74305"}],"wp:attachment":[{"href":"https:\/\/www.aslroma5.it\/api\/wp\/v2\/media?parent=74304"}],"wp:term":[{"taxonomy":"category","embeddable":true,"href":"https:\/\/www.aslroma5.it\/api\/wp\/v2\/categories?post=74304"},{"taxonomy":"post_tag","embeddable":true,"href":"https:\/\/www.aslroma5.it\/api\/wp\/v2\/tags?post=74304"}],"curies":[{"name":"wp","href":"https:\/\/api.w.org\/{rel}","templated":true}]}}