{"id":77567,"date":"2024-03-08T11:09:03","date_gmt":"2024-03-08T10:09:03","guid":{"rendered":"https:\/\/www.aslroma5.it\/?p=77567"},"modified":"2024-03-08T11:09:03","modified_gmt":"2024-03-08T10:09:03","slug":"comunicato-della-rete-dei-cug-per-l8-marzo-2024","status":"publish","type":"post","link":"https:\/\/www.aslroma5.it\/comunicato-della-rete-dei-cug-per-l8-marzo-2024\/","title":{"rendered":"Comunicato della Rete dei CUG per l\u20198 marzo 2024"},"content":{"rendered":"<p>L\u20198 marzo si celebra il tutto il mondo la giornata internazionale delle donne. \u00c8 l\u2019occasione per ricordare le conquiste economiche, politiche e sociali ottenute nel tempo dalle donne, ma anche per riflettere sugli ostacoli e le barriere culturali che impediscono condizioni sostanziali di uguaglianza tra i sessi e che tutt\u2019oggi ancorano la figura femminile a precisi ruoli e professioni, spesso subalterne e meno remunerate.<br \/>\nIl cammino per la parit\u00e0 di genere \u00e8 infatti ancora lungo. In Italia, l\u2019occupazione femminile \u00e8 tra le pi\u00f9 basse in Europa e persiste, nel settore privato, un divario salariare tra donne e uomini di circa il 12,7%.<\/p>\n<p>La partecipazione politica femminile \u00e8 minima e serpeggiano nel Paese, anche tra i giovani, stereotipi sessisti limitanti.<\/p>\n<p>Le Pubbliche Amministrazioni, con la collaborazione dei Comitati Unici di Garanzia, svolgono un ruolo importante nel promuovere il cambiamento culturale e nel contribuire a creare una societ\u00e0 pi\u00f9 equa, che riconosca nella piena parit\u00e0 tra donne e uomini e nella valorizzazione dei rispettivi punti di vista un motore trainante della societ\u00e0 e delle organizzazioni, capace di portare innovazione e di favorire la crescita sostenibile.<\/p>\n<p>La Rete nazionale dei Comitati Unici di Garanzia (CUG), che annovera oggi l\u2019adesione di oltre 400 CUG di amministrazioni pubbliche, \u00e8 un importante catalizzatore e moltiplicatore di energie, competenze e potenzialit\u00e0 dei vari enti, in grado di contribuire in modo significativo, superando le solitudini, alla realizzazione di questi fondamentali obiettivi.<br \/>\nIn occasione della Giornata internazionale della donna, la Rete promuove oggi il convegno \u201cPA in azione \u2013 Insieme contro la violenza sulle donne\u201d, che si terr\u00e0 il 18 marzo 2024 a Roma, a Palazzo Vidoni.<\/p>\n<p>Saranno presenti il ministro per la PA Paolo Zangrillo e la ministra per le Pari Opportunit\u00e0 e la Famiglia Eugenia Maria Roccella. Si parler\u00e0 del ruolo dei CUG per il riconoscimento, la prevenzione e il superamento della violenza contro le donne in tutte le sue forme e di come contribuire alla cultura del rispetto e della non discriminazione.<\/p>\n","protected":false},"excerpt":{"rendered":"<p>L\u20198 marzo si celebra il tutto il mondo la giornata internazionale delle donne. \u00c8 l\u2019occasione per ricordare le conquiste economiche, politiche e sociali ottenute nel tempo dalle donne, ma anche per riflettere sugli ostacoli e le barriere culturali che impediscono condizioni sostanziali di uguaglianza tra i sessi e che tutt\u2019oggi ancorano la figura femminile a&hellip;<\/p>\n","protected":false},"author":1,"featured_media":0,"comment_status":"closed","ping_status":"closed","sticky":false,"template":"","format":"standard","meta":{"_acf_changed":false,"inline_featured_image":false,"footnotes":""},"categories":[2190],"tags":[2285],"class_list":["post-77567","post","type-post","status-publish","format-standard","hentry","category-in-evidenza","tag-comunicato-stampa","category-2190","description-off"],"acf":{"galleria":""},"yoast_head":"<!-- This site is optimized with the Yoast SEO plugin v25.5 - https:\/\/yoast.com\/wordpress\/plugins\/seo\/ -->\n<title>Comunicato della Rete dei CUG per l\u20198 marzo 2024 - ASL ROMA 5<\/title>\n<meta name=\"robots\" content=\"index, follow, max-snippet:-1, max-image-preview:large, max-video-preview:-1\" \/>\n<link rel=\"canonical\" href=\"https:\/\/www.aslroma5.it\/comunicato-della-rete-dei-cug-per-l8-marzo-2024\/\" \/>\n<meta property=\"og:locale\" content=\"it_IT\" \/>\n<meta property=\"og:type\" content=\"article\" \/>\n<meta property=\"og:title\" content=\"Comunicato della Rete dei CUG per l\u20198 marzo 2024 - ASL ROMA 5\" \/>\n<meta property=\"og:description\" content=\"L\u20198 marzo si celebra il tutto il mondo la giornata internazionale delle donne. \u00c8 l\u2019occasione per ricordare le conquiste economiche, politiche e sociali ottenute nel tempo dalle donne, ma anche per riflettere sugli ostacoli e le barriere culturali che impediscono condizioni sostanziali di uguaglianza tra i sessi e che tutt\u2019oggi ancorano la figura femminile a&hellip;\" \/>\n<meta property=\"og:url\" content=\"https:\/\/www.aslroma5.it\/comunicato-della-rete-dei-cug-per-l8-marzo-2024\/\" \/>\n<meta property=\"og:site_name\" content=\"ASL ROMA 5\" \/>\n<meta property=\"article:published_time\" content=\"2024-03-08T10:09:03+00:00\" \/>\n<meta name=\"author\" content=\"dot4all\" \/>\n<meta name=\"twitter:card\" content=\"summary_large_image\" \/>\n<meta name=\"twitter:label1\" content=\"Scritto da\" \/>\n\t<meta name=\"twitter:data1\" content=\"dot4all\" \/>\n\t<meta name=\"twitter:label2\" content=\"Tempo di lettura stimato\" \/>\n\t<meta name=\"twitter:data2\" content=\"2 minuti\" \/>\n<script type=\"application\/ld+json\" class=\"yoast-schema-graph\">{\"@context\":\"https:\/\/schema.org\",\"@graph\":[{\"@type\":\"Article\",\"@id\":\"https:\/\/www.aslroma5.it\/comunicato-della-rete-dei-cug-per-l8-marzo-2024\/#article\",\"isPartOf\":{\"@id\":\"https:\/\/www.aslroma5.it\/comunicato-della-rete-dei-cug-per-l8-marzo-2024\/\"},\"author\":{\"name\":\"dot4all\",\"@id\":\"https:\/\/www.aslroma5.it\/#\/schema\/person\/aae9591da64a4feb5cf19a10d69b634d\"},\"headline\":\"Comunicato della Rete dei CUG per l\u20198 marzo 2024\",\"datePublished\":\"2024-03-08T10:09:03+00:00\",\"mainEntityOfPage\":{\"@id\":\"https:\/\/www.aslroma5.it\/comunicato-della-rete-dei-cug-per-l8-marzo-2024\/\"},\"wordCount\":328,\"publisher\":{\"@id\":\"https:\/\/www.aslroma5.it\/#organization\"},\"keywords\":[\"Comunicato stampa\"],\"articleSection\":[\"In evidenza\"],\"inLanguage\":\"it-IT\"},{\"@type\":\"WebPage\",\"@id\":\"https:\/\/www.aslroma5.it\/comunicato-della-rete-dei-cug-per-l8-marzo-2024\/\",\"url\":\"https:\/\/www.aslroma5.it\/comunicato-della-rete-dei-cug-per-l8-marzo-2024\/\",\"name\":\"Comunicato della Rete dei CUG per l\u20198 marzo 2024 - ASL ROMA 5\",\"isPartOf\":{\"@id\":\"https:\/\/www.aslroma5.it\/#website\"},\"datePublished\":\"2024-03-08T10:09:03+00:00\",\"breadcrumb\":{\"@id\":\"https:\/\/www.aslroma5.it\/comunicato-della-rete-dei-cug-per-l8-marzo-2024\/#breadcrumb\"},\"inLanguage\":\"it-IT\",\"potentialAction\":[{\"@type\":\"ReadAction\",\"target\":[\"https:\/\/www.aslroma5.it\/comunicato-della-rete-dei-cug-per-l8-marzo-2024\/\"]}]},{\"@type\":\"BreadcrumbList\",\"@id\":\"https:\/\/www.aslroma5.it\/comunicato-della-rete-dei-cug-per-l8-marzo-2024\/#breadcrumb\",\"itemListElement\":[{\"@type\":\"ListItem\",\"position\":1,\"name\":\"Home\",\"item\":\"https:\/\/www.aslroma5.it\/\"},{\"@type\":\"ListItem\",\"position\":2,\"name\":\"Comunicato della Rete dei CUG per l\u20198 marzo 2024\"}]},{\"@type\":\"WebSite\",\"@id\":\"https:\/\/www.aslroma5.it\/#website\",\"url\":\"https:\/\/www.aslroma5.it\/\",\"name\":\"ASL ROMA 5\",\"description\":\"\",\"publisher\":{\"@id\":\"https:\/\/www.aslroma5.it\/#organization\"},\"potentialAction\":[{\"@type\":\"SearchAction\",\"target\":{\"@type\":\"EntryPoint\",\"urlTemplate\":\"https:\/\/www.aslroma5.it\/?s={search_term_string}\"},\"query-input\":{\"@type\":\"PropertyValueSpecification\",\"valueRequired\":true,\"valueName\":\"search_term_string\"}}],\"inLanguage\":\"it-IT\"},{\"@type\":\"Organization\",\"@id\":\"https:\/\/www.aslroma5.it\/#organization\",\"name\":\"ASL ROMA 5\",\"url\":\"https:\/\/www.aslroma5.it\/\",\"logo\":{\"@type\":\"ImageObject\",\"inLanguage\":\"it-IT\",\"@id\":\"https:\/\/www.aslroma5.it\/#\/schema\/logo\/image\/\",\"url\":\"https:\/\/www.aslroma5.it\/wp-content\/uploads\/2025\/07\/asl-roma5-logo-25.svg\",\"contentUrl\":\"https:\/\/www.aslroma5.it\/wp-content\/uploads\/2025\/07\/asl-roma5-logo-25.svg\",\"width\":328,\"height\":112,\"caption\":\"ASL ROMA 5\"},\"image\":{\"@id\":\"https:\/\/www.aslroma5.it\/#\/schema\/logo\/image\/\"}},{\"@type\":\"Person\",\"@id\":\"https:\/\/www.aslroma5.it\/#\/schema\/person\/aae9591da64a4feb5cf19a10d69b634d\",\"name\":\"dot4all\",\"image\":{\"@type\":\"ImageObject\",\"inLanguage\":\"it-IT\",\"@id\":\"https:\/\/www.aslroma5.it\/#\/schema\/person\/image\/\",\"url\":\"https:\/\/secure.gravatar.com\/avatar\/a228c250e89e00f48f7bae46b9a785bc5b3f509d86988952d9e01450e422a0cc?s=96&d=mm&r=g\",\"contentUrl\":\"https:\/\/secure.gravatar.com\/avatar\/a228c250e89e00f48f7bae46b9a785bc5b3f509d86988952d9e01450e422a0cc?s=96&d=mm&r=g\",\"caption\":\"dot4all\"},\"sameAs\":[\"https:\/\/www.aslroma5.info\/new2021\"]}]}<\/script>\n<!-- \/ Yoast SEO plugin. -->","yoast_head_json":{"title":"Comunicato della Rete dei CUG per l\u20198 marzo 2024 - ASL ROMA 5","robots":{"index":"index","follow":"follow","max-snippet":"max-snippet:-1","max-image-preview":"max-image-preview:large","max-video-preview":"max-video-preview:-1"},"canonical":"https:\/\/www.aslroma5.it\/comunicato-della-rete-dei-cug-per-l8-marzo-2024\/","og_locale":"it_IT","og_type":"article","og_title":"Comunicato della Rete dei CUG per l\u20198 marzo 2024 - ASL ROMA 5","og_description":"L\u20198 marzo si celebra il tutto il mondo la giornata internazionale delle donne. \u00c8 l\u2019occasione per ricordare le conquiste economiche, politiche e sociali ottenute nel tempo dalle donne, ma anche per riflettere sugli ostacoli e le barriere culturali che impediscono condizioni sostanziali di uguaglianza tra i sessi e che tutt\u2019oggi ancorano la figura femminile a&hellip;","og_url":"https:\/\/www.aslroma5.it\/comunicato-della-rete-dei-cug-per-l8-marzo-2024\/","og_site_name":"ASL ROMA 5","article_published_time":"2024-03-08T10:09:03+00:00","author":"dot4all","twitter_card":"summary_large_image","twitter_misc":{"Scritto da":"dot4all","Tempo di lettura stimato":"2 minuti"},"schema":{"@context":"https:\/\/schema.org","@graph":[{"@type":"Article","@id":"https:\/\/www.aslroma5.it\/comunicato-della-rete-dei-cug-per-l8-marzo-2024\/#article","isPartOf":{"@id":"https:\/\/www.aslroma5.it\/comunicato-della-rete-dei-cug-per-l8-marzo-2024\/"},"author":{"name":"dot4all","@id":"https:\/\/www.aslroma5.it\/#\/schema\/person\/aae9591da64a4feb5cf19a10d69b634d"},"headline":"Comunicato della Rete dei CUG per l\u20198 marzo 2024","datePublished":"2024-03-08T10:09:03+00:00","mainEntityOfPage":{"@id":"https:\/\/www.aslroma5.it\/comunicato-della-rete-dei-cug-per-l8-marzo-2024\/"},"wordCount":328,"publisher":{"@id":"https:\/\/www.aslroma5.it\/#organization"},"keywords":["Comunicato stampa"],"articleSection":["In evidenza"],"inLanguage":"it-IT"},{"@type":"WebPage","@id":"https:\/\/www.aslroma5.it\/comunicato-della-rete-dei-cug-per-l8-marzo-2024\/","url":"https:\/\/www.aslroma5.it\/comunicato-della-rete-dei-cug-per-l8-marzo-2024\/","name":"Comunicato della Rete dei CUG per l\u20198 marzo 2024 - ASL ROMA 5","isPartOf":{"@id":"https:\/\/www.aslroma5.it\/#website"},"datePublished":"2024-03-08T10:09:03+00:00","breadcrumb":{"@id":"https:\/\/www.aslroma5.it\/comunicato-della-rete-dei-cug-per-l8-marzo-2024\/#breadcrumb"},"inLanguage":"it-IT","potentialAction":[{"@type":"ReadAction","target":["https:\/\/www.aslroma5.it\/comunicato-della-rete-dei-cug-per-l8-marzo-2024\/"]}]},{"@type":"BreadcrumbList","@id":"https:\/\/www.aslroma5.it\/comunicato-della-rete-dei-cug-per-l8-marzo-2024\/#breadcrumb","itemListElement":[{"@type":"ListItem","position":1,"name":"Home","item":"https:\/\/www.aslroma5.it\/"},{"@type":"ListItem","position":2,"name":"Comunicato della Rete dei CUG per l\u20198 marzo 2024"}]},{"@type":"WebSite","@id":"https:\/\/www.aslroma5.it\/#website","url":"https:\/\/www.aslroma5.it\/","name":"ASL ROMA 5","description":"","publisher":{"@id":"https:\/\/www.aslroma5.it\/#organization"},"potentialAction":[{"@type":"SearchAction","target":{"@type":"EntryPoint","urlTemplate":"https:\/\/www.aslroma5.it\/?s={search_term_string}"},"query-input":{"@type":"PropertyValueSpecification","valueRequired":true,"valueName":"search_term_string"}}],"inLanguage":"it-IT"},{"@type":"Organization","@id":"https:\/\/www.aslroma5.it\/#organization","name":"ASL ROMA 5","url":"https:\/\/www.aslroma5.it\/","logo":{"@type":"ImageObject","inLanguage":"it-IT","@id":"https:\/\/www.aslroma5.it\/#\/schema\/logo\/image\/","url":"https:\/\/www.aslroma5.it\/wp-content\/uploads\/2025\/07\/asl-roma5-logo-25.svg","contentUrl":"https:\/\/www.aslroma5.it\/wp-content\/uploads\/2025\/07\/asl-roma5-logo-25.svg","width":328,"height":112,"caption":"ASL ROMA 5"},"image":{"@id":"https:\/\/www.aslroma5.it\/#\/schema\/logo\/image\/"}},{"@type":"Person","@id":"https:\/\/www.aslroma5.it\/#\/schema\/person\/aae9591da64a4feb5cf19a10d69b634d","name":"dot4all","image":{"@type":"ImageObject","inLanguage":"it-IT","@id":"https:\/\/www.aslroma5.it\/#\/schema\/person\/image\/","url":"https:\/\/secure.gravatar.com\/avatar\/a228c250e89e00f48f7bae46b9a785bc5b3f509d86988952d9e01450e422a0cc?s=96&d=mm&r=g","contentUrl":"https:\/\/secure.gravatar.com\/avatar\/a228c250e89e00f48f7bae46b9a785bc5b3f509d86988952d9e01450e422a0cc?s=96&d=mm&r=g","caption":"dot4all"},"sameAs":["https:\/\/www.aslroma5.info\/new2021"]}]}},"publishpress_future_action":{"enabled":false,"date":"2026-05-07 06:43:27","action":"change-status","newStatus":"draft","terms":[],"taxonomy":"category","extraData":[]},"publishpress_future_workflow_manual_trigger":{"enabledWorkflows":[]},"_links":{"self":[{"href":"https:\/\/www.aslroma5.it\/api\/wp\/v2\/posts\/77567","targetHints":{"allow":["GET"]}}],"collection":[{"href":"https:\/\/www.aslroma5.it\/api\/wp\/v2\/posts"}],"about":[{"href":"https:\/\/www.aslroma5.it\/api\/wp\/v2\/types\/post"}],"author":[{"embeddable":true,"href":"https:\/\/www.aslroma5.it\/api\/wp\/v2\/users\/1"}],"replies":[{"embeddable":true,"href":"https:\/\/www.aslroma5.it\/api\/wp\/v2\/comments?post=77567"}],"version-history":[{"count":0,"href":"https:\/\/www.aslroma5.it\/api\/wp\/v2\/posts\/77567\/revisions"}],"wp:attachment":[{"href":"https:\/\/www.aslroma5.it\/api\/wp\/v2\/media?parent=77567"}],"wp:term":[{"taxonomy":"category","embeddable":true,"href":"https:\/\/www.aslroma5.it\/api\/wp\/v2\/categories?post=77567"},{"taxonomy":"post_tag","embeddable":true,"href":"https:\/\/www.aslroma5.it\/api\/wp\/v2\/tags?post=77567"}],"curies":[{"name":"wp","href":"https:\/\/api.w.org\/{rel}","templated":true}]}}