{"id":78219,"date":"2024-03-28T18:58:43","date_gmt":"2024-03-28T17:58:43","guid":{"rendered":"https:\/\/www.aslroma5.it\/?p=78219"},"modified":"2024-04-02T10:24:40","modified_gmt":"2024-04-02T08:24:40","slug":"giornata-mondiale-per-la-consapevolezza-sullautismo-lasl-roma-5-celebra-il-2-aprile-con-una-serie-di-attivita-ed-eventi-di-sensibilizzazione-e-conoscenza","status":"publish","type":"post","link":"https:\/\/www.aslroma5.it\/giornata-mondiale-per-la-consapevolezza-sullautismo-lasl-roma-5-celebra-il-2-aprile-con-una-serie-di-attivita-ed-eventi-di-sensibilizzazione-e-conoscenza\/","title":{"rendered":"Giornata Mondiale per la Consapevolezza sull\u2019Autismo"},"content":{"rendered":"<p>l\u2019ASL Roma 5 celebra il 2 aprile con una serie di attivit\u00e0 ed eventi di sensibilizzazione e conoscenza<\/p>\n<p><em>Open day nei centri TSMREE, stand di sensibilizzazione, diretta Facebook con esperti, video pillole sui canali social aziendali e illuminazione a tema dei principali monumenti cittadini territoriali<\/em><\/p>\n<p>La data del 2 aprile \u00e8 stata scelta dall\u2019Assemblea Generale dell\u2019Onu come la Giornata Mondiale per la Consapevolezza sull\u2019Autismo. In questa occasione, l\u2019Asl Roma 5 ha organizzato una serie di eventi volti a sensibilizzare e a informare i cittadini:<\/p>\n<ul>\n<li>6 open day, dislocati nei centri TSMREE del territorio (Mentana, Subiaco, Tivoli, Palestrina, Guidonia e Colleferro), in cui il personale sanitario specializzato, dalle 10 alle 13, si occuper\u00e0 di rispondere alle domande di familiari e pazienti, informando e chiarendo sui principali dubbi e problematiche legate a questa patologia;<\/li>\n<li>una diretta Facebook, sul <a href=\"https:\/\/www.facebook.com\/ASLRM5\" title=\"Facebook\" title=\"Canale Ufficiale Dell\u00e2\u0080\u0099Asl Roma 5\" target=\"_blank\" rel=\"noopener\">canale ufficiale dell\u2019Asl Roma 5<\/a>, dalle 10 alle 11.30, in cui esperti medici e sanitari rispondono alle domande degli utenti;<\/li>\n<li>uno stand, allestito a Tivoli, dove professionisti del settore si occuperanno della distribuzione di materiale informativo, approfondendo i temi trattati con i cittadini.<\/li>\n<\/ul>\n<p>Sui canali social aziendali (<a href=\"https:\/\/www.facebook.com\/ASLRM5\" title=\"Facebook\" title=\"Canale Ufficiale Dell\u00e2\u0080\u0099Asl Roma 5\" target=\"_blank\" rel=\"noopener\">Facebook<\/a>, <a href=\"https:\/\/www.instagram.com\/aslroma5\/\" title=\"Instagram\" target=\"_blank\" rel=\"noopener\">Instagram<\/a>, <a href=\"https:\/\/www.linkedin.com\/company\/asl-roma-5\" title=\"LinkedIn\" target=\"_blank\" rel=\"noopener\">LinkedIn<\/a> e <a href=\"https:\/\/www.youtube.com\/@aslroma5official749\" title=\"YouTube\" target=\"_blank\" rel=\"noopener\">YouTube<\/a>), saranno anche disponibili diversi materiali audio e i video, riuniti sotto il titolo \u201cAutismo in pillole\u201d, messi a disposizione delle famiglie e delle persone affette da autismo. Inoltre, i palazzi municipali e i principali monumenti cittadini dei comuni del territorio dell\u2019Asl Roma 5 saranno illuminati per celebrare questa giornata.<\/p>\n<p>In Italia, si stima che un 1 bambino su 77 presenti questo disturbo, caratterizzato da difficolt\u00e0 nella comunicazione e socializzazione e da attivit\u00e0, comportamenti o interessi ristretti e ripetitivi. In caso di un sospetto clinico, \u00e8 necessario rivolgersi a <a href=\"https:\/\/www.aslroma5.it\/dsmdp-dipartimento-di-salute-mentale-e-delle-dipendenze-patologiche\/cosa-sono-i-tsmree\/\" title=\"Un Servizio TSMREE Territoriale\" target=\"_blank\" rel=\"noopener\">un servizio TSMREE territoriale<\/a> che, grazie alla presenza di un neuropsichiatra infantile, indirizzer\u00e0 la persona interessata e la sua famiglia verso il Polo Aziendale Autismo. In questa sede, verr\u00e0 formulata un\u2019eventuale diagnosi a cui seguir\u00e0 la compilazione di un Percorso Diagnostico Terapeutico Assistenziale (PDTA).<\/p>\n<p>L\u2019Asl Roma 5 \u00e8 saldamente impegnata nell\u2019assistenza e sostegno delle persone affette da autismo. Da tempo, sono stati attivati interventi riabilitativi a orientamento cognitivo-comportamentale individuali, di gruppo e counseling per i genitori e per gli insegnanti. Dallo scorso anno, \u00e8 inoltre possibile usufruire dell\u2019erogazione di trattamenti riabilitativi, anche domiciliari, con metodologia comportamentale ABA.<\/p>\n<p><strong>OPEN DAY<\/strong><br \/>\n<em>presso i TSMREE dalle 10:00 alle 13:00<\/em><\/p>\n<p>MENTANA: via Reatina (angolo via E.Fermi)<br \/>\nSUBIACO: largo G.Mazzini<br \/>\nTIVOLI: piazza Massimo, 1<br \/>\nPALESTRINA: via Porta San Martino<br \/>\nGUIDONIA: via dei Castagni, 20\/22<br \/>\nCOLLEFERRO: via Degli Esplosivi, 9<\/p>\n<p><strong>STAND DI SENSIBILIZZAZIONE<\/strong><br \/>\nTIVOLI: piazza Massimo, 1<\/p>\n<p><em>Il Commissario Straordinario, la dott.ssa Silvia Cavalli, e il Direttore del Dipartimento di Salute Mentale e Dipendenze Patologiche, il dott. Giuseppe Nicol\u00f2<\/em><\/p>\n<p><a href=\"https:\/\/www.aslroma5.it\/wp-content\/uploads\/2024\/03\/giornata-autismo-20424-brochure.pdf\" title=\"Scarica La Brochure\" target=\"_blank\" rel=\"noopener\">Scarica la brochure<\/a><\/p>\n<p><a href=\"https:\/\/www.aslroma5.it\/wp-content\/uploads\/2024\/03\/giornata-autismo-020424-locandina.pdf\" title=\"Scarica La Locandina\" target=\"_blank\" rel=\"noopener\">Scarica la locandina<\/a><\/p>\n","protected":false},"excerpt":{"rendered":"<p>l\u2019ASL Roma 5 celebra il 2 aprile con una serie di attivit\u00e0 ed eventi di sensibilizzazione e conoscenza Open day nei centri TSMREE, stand di sensibilizzazione, diretta Facebook con esperti, video pillole sui canali social aziendali e illuminazione a tema dei principali monumenti cittadini territoriali La data del 2 aprile \u00e8 stata scelta dall\u2019Assemblea Generale&hellip;<\/p>\n","protected":false},"author":1,"featured_media":78220,"comment_status":"closed","ping_status":"closed","sticky":false,"template":"","format":"standard","meta":{"_acf_changed":false,"inline_featured_image":false,"footnotes":""},"categories":[2204,2205,2206,2207,2208,2209,2243,1816],"tags":[2285,2219],"class_list":["post-78219","post","type-post","status-publish","format-standard","has-post-thumbnail","hentry","category-distretto-di-colleferro","category-distretto-di-guidonia","category-distretto-di-monterotondo","category-distretto-di-palestrina","category-distretto-di-subiaco","category-distretto-di-tivoli","category-dsmdp","category-news","tag-comunicato-stampa","tag-ufficio-stampa","category-2204","category-2205","category-2206","category-2207","category-2208","category-2209","category-2243","category-1816","description-off"],"acf":{"galleria":""},"yoast_head":"<!-- This site is optimized with the Yoast SEO plugin v25.5 - https:\/\/yoast.com\/wordpress\/plugins\/seo\/ -->\n<title>Giornata Mondiale per la Consapevolezza sull\u2019Autismo - ASL ROMA 5<\/title>\n<meta name=\"robots\" content=\"index, follow, max-snippet:-1, max-image-preview:large, max-video-preview:-1\" \/>\n<link rel=\"canonical\" href=\"https:\/\/www.aslroma5.it\/giornata-mondiale-per-la-consapevolezza-sullautismo-lasl-roma-5-celebra-il-2-aprile-con-una-serie-di-attivita-ed-eventi-di-sensibilizzazione-e-conoscenza\/\" \/>\n<meta property=\"og:locale\" content=\"it_IT\" \/>\n<meta property=\"og:type\" content=\"article\" \/>\n<meta property=\"og:title\" content=\"Giornata Mondiale per la Consapevolezza sull\u2019Autismo - ASL ROMA 5\" \/>\n<meta property=\"og:description\" content=\"l\u2019ASL Roma 5 celebra il 2 aprile con una serie di attivit\u00e0 ed eventi di sensibilizzazione e conoscenza Open day nei centri TSMREE, stand di sensibilizzazione, diretta Facebook con esperti, video pillole sui canali social aziendali e illuminazione a tema dei principali monumenti cittadini territoriali La data del 2 aprile \u00e8 stata scelta dall\u2019Assemblea Generale&hellip;\" \/>\n<meta property=\"og:url\" content=\"https:\/\/www.aslroma5.it\/giornata-mondiale-per-la-consapevolezza-sullautismo-lasl-roma-5-celebra-il-2-aprile-con-una-serie-di-attivita-ed-eventi-di-sensibilizzazione-e-conoscenza\/\" \/>\n<meta property=\"og:site_name\" content=\"ASL ROMA 5\" \/>\n<meta property=\"article:published_time\" content=\"2024-03-28T17:58:43+00:00\" \/>\n<meta property=\"article:modified_time\" content=\"2024-04-02T08:24:40+00:00\" \/>\n<meta property=\"og:image\" content=\"https:\/\/www.aslroma5.it\/wp-content\/uploads\/2024\/03\/card-autismo-2024.jpeg\" \/>\n\t<meta property=\"og:image:width\" content=\"1080\" \/>\n\t<meta property=\"og:image:height\" content=\"1080\" \/>\n\t<meta property=\"og:image:type\" content=\"image\/jpeg\" \/>\n<meta name=\"author\" content=\"dot4all\" \/>\n<meta name=\"twitter:card\" content=\"summary_large_image\" \/>\n<meta name=\"twitter:label1\" content=\"Scritto da\" \/>\n\t<meta name=\"twitter:data1\" content=\"dot4all\" \/>\n\t<meta name=\"twitter:label2\" content=\"Tempo di lettura stimato\" \/>\n\t<meta name=\"twitter:data2\" content=\"3 minuti\" \/>\n<script type=\"application\/ld+json\" class=\"yoast-schema-graph\">{\"@context\":\"https:\/\/schema.org\",\"@graph\":[{\"@type\":\"Article\",\"@id\":\"https:\/\/www.aslroma5.it\/giornata-mondiale-per-la-consapevolezza-sullautismo-lasl-roma-5-celebra-il-2-aprile-con-una-serie-di-attivita-ed-eventi-di-sensibilizzazione-e-conoscenza\/#article\",\"isPartOf\":{\"@id\":\"https:\/\/www.aslroma5.it\/giornata-mondiale-per-la-consapevolezza-sullautismo-lasl-roma-5-celebra-il-2-aprile-con-una-serie-di-attivita-ed-eventi-di-sensibilizzazione-e-conoscenza\/\"},\"author\":{\"name\":\"dot4all\",\"@id\":\"https:\/\/www.aslroma5.it\/#\/schema\/person\/aae9591da64a4feb5cf19a10d69b634d\"},\"headline\":\"Giornata Mondiale per la Consapevolezza sull\u2019Autismo\",\"datePublished\":\"2024-03-28T17:58:43+00:00\",\"dateModified\":\"2024-04-02T08:24:40+00:00\",\"mainEntityOfPage\":{\"@id\":\"https:\/\/www.aslroma5.it\/giornata-mondiale-per-la-consapevolezza-sullautismo-lasl-roma-5-celebra-il-2-aprile-con-una-serie-di-attivita-ed-eventi-di-sensibilizzazione-e-conoscenza\/\"},\"wordCount\":442,\"publisher\":{\"@id\":\"https:\/\/www.aslroma5.it\/#organization\"},\"image\":{\"@id\":\"https:\/\/www.aslroma5.it\/giornata-mondiale-per-la-consapevolezza-sullautismo-lasl-roma-5-celebra-il-2-aprile-con-una-serie-di-attivita-ed-eventi-di-sensibilizzazione-e-conoscenza\/#primaryimage\"},\"thumbnailUrl\":\"https:\/\/www.aslroma5.it\/wp-content\/uploads\/2024\/03\/card-autismo-2024.jpeg\",\"keywords\":[\"Comunicato stampa\",\"Ufficio stampa\"],\"articleSection\":[\"Distretto di Colleferro\",\"Distretto di Guidonia\",\"Distretto di Monterotondo\",\"Distretto di Palestrina\",\"Distretto di Subiaco\",\"Distretto di Tivoli\",\"DSMDP\",\"News\"],\"inLanguage\":\"it-IT\"},{\"@type\":\"WebPage\",\"@id\":\"https:\/\/www.aslroma5.it\/giornata-mondiale-per-la-consapevolezza-sullautismo-lasl-roma-5-celebra-il-2-aprile-con-una-serie-di-attivita-ed-eventi-di-sensibilizzazione-e-conoscenza\/\",\"url\":\"https:\/\/www.aslroma5.it\/giornata-mondiale-per-la-consapevolezza-sullautismo-lasl-roma-5-celebra-il-2-aprile-con-una-serie-di-attivita-ed-eventi-di-sensibilizzazione-e-conoscenza\/\",\"name\":\"Giornata Mondiale per la Consapevolezza sull\u2019Autismo - ASL ROMA 5\",\"isPartOf\":{\"@id\":\"https:\/\/www.aslroma5.it\/#website\"},\"primaryImageOfPage\":{\"@id\":\"https:\/\/www.aslroma5.it\/giornata-mondiale-per-la-consapevolezza-sullautismo-lasl-roma-5-celebra-il-2-aprile-con-una-serie-di-attivita-ed-eventi-di-sensibilizzazione-e-conoscenza\/#primaryimage\"},\"image\":{\"@id\":\"https:\/\/www.aslroma5.it\/giornata-mondiale-per-la-consapevolezza-sullautismo-lasl-roma-5-celebra-il-2-aprile-con-una-serie-di-attivita-ed-eventi-di-sensibilizzazione-e-conoscenza\/#primaryimage\"},\"thumbnailUrl\":\"https:\/\/www.aslroma5.it\/wp-content\/uploads\/2024\/03\/card-autismo-2024.jpeg\",\"datePublished\":\"2024-03-28T17:58:43+00:00\",\"dateModified\":\"2024-04-02T08:24:40+00:00\",\"breadcrumb\":{\"@id\":\"https:\/\/www.aslroma5.it\/giornata-mondiale-per-la-consapevolezza-sullautismo-lasl-roma-5-celebra-il-2-aprile-con-una-serie-di-attivita-ed-eventi-di-sensibilizzazione-e-conoscenza\/#breadcrumb\"},\"inLanguage\":\"it-IT\",\"potentialAction\":[{\"@type\":\"ReadAction\",\"target\":[\"https:\/\/www.aslroma5.it\/giornata-mondiale-per-la-consapevolezza-sullautismo-lasl-roma-5-celebra-il-2-aprile-con-una-serie-di-attivita-ed-eventi-di-sensibilizzazione-e-conoscenza\/\"]}]},{\"@type\":\"ImageObject\",\"inLanguage\":\"it-IT\",\"@id\":\"https:\/\/www.aslroma5.it\/giornata-mondiale-per-la-consapevolezza-sullautismo-lasl-roma-5-celebra-il-2-aprile-con-una-serie-di-attivita-ed-eventi-di-sensibilizzazione-e-conoscenza\/#primaryimage\",\"url\":\"https:\/\/www.aslroma5.it\/wp-content\/uploads\/2024\/03\/card-autismo-2024.jpeg\",\"contentUrl\":\"https:\/\/www.aslroma5.it\/wp-content\/uploads\/2024\/03\/card-autismo-2024.jpeg\",\"width\":1080,\"height\":1080},{\"@type\":\"BreadcrumbList\",\"@id\":\"https:\/\/www.aslroma5.it\/giornata-mondiale-per-la-consapevolezza-sullautismo-lasl-roma-5-celebra-il-2-aprile-con-una-serie-di-attivita-ed-eventi-di-sensibilizzazione-e-conoscenza\/#breadcrumb\",\"itemListElement\":[{\"@type\":\"ListItem\",\"position\":1,\"name\":\"Home\",\"item\":\"https:\/\/www.aslroma5.it\/\"},{\"@type\":\"ListItem\",\"position\":2,\"name\":\"Giornata Mondiale per la Consapevolezza sull\u2019Autismo\"}]},{\"@type\":\"WebSite\",\"@id\":\"https:\/\/www.aslroma5.it\/#website\",\"url\":\"https:\/\/www.aslroma5.it\/\",\"name\":\"ASL ROMA 5\",\"description\":\"\",\"publisher\":{\"@id\":\"https:\/\/www.aslroma5.it\/#organization\"},\"potentialAction\":[{\"@type\":\"SearchAction\",\"target\":{\"@type\":\"EntryPoint\",\"urlTemplate\":\"https:\/\/www.aslroma5.it\/?s={search_term_string}\"},\"query-input\":{\"@type\":\"PropertyValueSpecification\",\"valueRequired\":true,\"valueName\":\"search_term_string\"}}],\"inLanguage\":\"it-IT\"},{\"@type\":\"Organization\",\"@id\":\"https:\/\/www.aslroma5.it\/#organization\",\"name\":\"ASL ROMA 5\",\"url\":\"https:\/\/www.aslroma5.it\/\",\"logo\":{\"@type\":\"ImageObject\",\"inLanguage\":\"it-IT\",\"@id\":\"https:\/\/www.aslroma5.it\/#\/schema\/logo\/image\/\",\"url\":\"https:\/\/www.aslroma5.it\/wp-content\/uploads\/2025\/07\/asl-roma5-logo-25.svg\",\"contentUrl\":\"https:\/\/www.aslroma5.it\/wp-content\/uploads\/2025\/07\/asl-roma5-logo-25.svg\",\"width\":328,\"height\":112,\"caption\":\"ASL ROMA 5\"},\"image\":{\"@id\":\"https:\/\/www.aslroma5.it\/#\/schema\/logo\/image\/\"}},{\"@type\":\"Person\",\"@id\":\"https:\/\/www.aslroma5.it\/#\/schema\/person\/aae9591da64a4feb5cf19a10d69b634d\",\"name\":\"dot4all\",\"image\":{\"@type\":\"ImageObject\",\"inLanguage\":\"it-IT\",\"@id\":\"https:\/\/www.aslroma5.it\/#\/schema\/person\/image\/\",\"url\":\"https:\/\/secure.gravatar.com\/avatar\/a228c250e89e00f48f7bae46b9a785bc5b3f509d86988952d9e01450e422a0cc?s=96&d=mm&r=g\",\"contentUrl\":\"https:\/\/secure.gravatar.com\/avatar\/a228c250e89e00f48f7bae46b9a785bc5b3f509d86988952d9e01450e422a0cc?s=96&d=mm&r=g\",\"caption\":\"dot4all\"},\"sameAs\":[\"https:\/\/www.aslroma5.info\/new2021\"]}]}<\/script>\n<!-- \/ Yoast SEO plugin. -->","yoast_head_json":{"title":"Giornata Mondiale per la Consapevolezza sull\u2019Autismo - ASL ROMA 5","robots":{"index":"index","follow":"follow","max-snippet":"max-snippet:-1","max-image-preview":"max-image-preview:large","max-video-preview":"max-video-preview:-1"},"canonical":"https:\/\/www.aslroma5.it\/giornata-mondiale-per-la-consapevolezza-sullautismo-lasl-roma-5-celebra-il-2-aprile-con-una-serie-di-attivita-ed-eventi-di-sensibilizzazione-e-conoscenza\/","og_locale":"it_IT","og_type":"article","og_title":"Giornata Mondiale per la Consapevolezza sull\u2019Autismo - ASL ROMA 5","og_description":"l\u2019ASL Roma 5 celebra il 2 aprile con una serie di attivit\u00e0 ed eventi di sensibilizzazione e conoscenza Open day nei centri TSMREE, stand di sensibilizzazione, diretta Facebook con esperti, video pillole sui canali social aziendali e illuminazione a tema dei principali monumenti cittadini territoriali La data del 2 aprile \u00e8 stata scelta dall\u2019Assemblea Generale&hellip;","og_url":"https:\/\/www.aslroma5.it\/giornata-mondiale-per-la-consapevolezza-sullautismo-lasl-roma-5-celebra-il-2-aprile-con-una-serie-di-attivita-ed-eventi-di-sensibilizzazione-e-conoscenza\/","og_site_name":"ASL ROMA 5","article_published_time":"2024-03-28T17:58:43+00:00","article_modified_time":"2024-04-02T08:24:40+00:00","og_image":[{"width":1080,"height":1080,"url":"https:\/\/www.aslroma5.it\/wp-content\/uploads\/2024\/03\/card-autismo-2024.jpeg","type":"image\/jpeg"}],"author":"dot4all","twitter_card":"summary_large_image","twitter_misc":{"Scritto da":"dot4all","Tempo di lettura stimato":"3 minuti"},"schema":{"@context":"https:\/\/schema.org","@graph":[{"@type":"Article","@id":"https:\/\/www.aslroma5.it\/giornata-mondiale-per-la-consapevolezza-sullautismo-lasl-roma-5-celebra-il-2-aprile-con-una-serie-di-attivita-ed-eventi-di-sensibilizzazione-e-conoscenza\/#article","isPartOf":{"@id":"https:\/\/www.aslroma5.it\/giornata-mondiale-per-la-consapevolezza-sullautismo-lasl-roma-5-celebra-il-2-aprile-con-una-serie-di-attivita-ed-eventi-di-sensibilizzazione-e-conoscenza\/"},"author":{"name":"dot4all","@id":"https:\/\/www.aslroma5.it\/#\/schema\/person\/aae9591da64a4feb5cf19a10d69b634d"},"headline":"Giornata Mondiale per la Consapevolezza sull\u2019Autismo","datePublished":"2024-03-28T17:58:43+00:00","dateModified":"2024-04-02T08:24:40+00:00","mainEntityOfPage":{"@id":"https:\/\/www.aslroma5.it\/giornata-mondiale-per-la-consapevolezza-sullautismo-lasl-roma-5-celebra-il-2-aprile-con-una-serie-di-attivita-ed-eventi-di-sensibilizzazione-e-conoscenza\/"},"wordCount":442,"publisher":{"@id":"https:\/\/www.aslroma5.it\/#organization"},"image":{"@id":"https:\/\/www.aslroma5.it\/giornata-mondiale-per-la-consapevolezza-sullautismo-lasl-roma-5-celebra-il-2-aprile-con-una-serie-di-attivita-ed-eventi-di-sensibilizzazione-e-conoscenza\/#primaryimage"},"thumbnailUrl":"https:\/\/www.aslroma5.it\/wp-content\/uploads\/2024\/03\/card-autismo-2024.jpeg","keywords":["Comunicato stampa","Ufficio stampa"],"articleSection":["Distretto di Colleferro","Distretto di Guidonia","Distretto di Monterotondo","Distretto di Palestrina","Distretto di Subiaco","Distretto di Tivoli","DSMDP","News"],"inLanguage":"it-IT"},{"@type":"WebPage","@id":"https:\/\/www.aslroma5.it\/giornata-mondiale-per-la-consapevolezza-sullautismo-lasl-roma-5-celebra-il-2-aprile-con-una-serie-di-attivita-ed-eventi-di-sensibilizzazione-e-conoscenza\/","url":"https:\/\/www.aslroma5.it\/giornata-mondiale-per-la-consapevolezza-sullautismo-lasl-roma-5-celebra-il-2-aprile-con-una-serie-di-attivita-ed-eventi-di-sensibilizzazione-e-conoscenza\/","name":"Giornata Mondiale per la Consapevolezza sull\u2019Autismo - ASL ROMA 5","isPartOf":{"@id":"https:\/\/www.aslroma5.it\/#website"},"primaryImageOfPage":{"@id":"https:\/\/www.aslroma5.it\/giornata-mondiale-per-la-consapevolezza-sullautismo-lasl-roma-5-celebra-il-2-aprile-con-una-serie-di-attivita-ed-eventi-di-sensibilizzazione-e-conoscenza\/#primaryimage"},"image":{"@id":"https:\/\/www.aslroma5.it\/giornata-mondiale-per-la-consapevolezza-sullautismo-lasl-roma-5-celebra-il-2-aprile-con-una-serie-di-attivita-ed-eventi-di-sensibilizzazione-e-conoscenza\/#primaryimage"},"thumbnailUrl":"https:\/\/www.aslroma5.it\/wp-content\/uploads\/2024\/03\/card-autismo-2024.jpeg","datePublished":"2024-03-28T17:58:43+00:00","dateModified":"2024-04-02T08:24:40+00:00","breadcrumb":{"@id":"https:\/\/www.aslroma5.it\/giornata-mondiale-per-la-consapevolezza-sullautismo-lasl-roma-5-celebra-il-2-aprile-con-una-serie-di-attivita-ed-eventi-di-sensibilizzazione-e-conoscenza\/#breadcrumb"},"inLanguage":"it-IT","potentialAction":[{"@type":"ReadAction","target":["https:\/\/www.aslroma5.it\/giornata-mondiale-per-la-consapevolezza-sullautismo-lasl-roma-5-celebra-il-2-aprile-con-una-serie-di-attivita-ed-eventi-di-sensibilizzazione-e-conoscenza\/"]}]},{"@type":"ImageObject","inLanguage":"it-IT","@id":"https:\/\/www.aslroma5.it\/giornata-mondiale-per-la-consapevolezza-sullautismo-lasl-roma-5-celebra-il-2-aprile-con-una-serie-di-attivita-ed-eventi-di-sensibilizzazione-e-conoscenza\/#primaryimage","url":"https:\/\/www.aslroma5.it\/wp-content\/uploads\/2024\/03\/card-autismo-2024.jpeg","contentUrl":"https:\/\/www.aslroma5.it\/wp-content\/uploads\/2024\/03\/card-autismo-2024.jpeg","width":1080,"height":1080},{"@type":"BreadcrumbList","@id":"https:\/\/www.aslroma5.it\/giornata-mondiale-per-la-consapevolezza-sullautismo-lasl-roma-5-celebra-il-2-aprile-con-una-serie-di-attivita-ed-eventi-di-sensibilizzazione-e-conoscenza\/#breadcrumb","itemListElement":[{"@type":"ListItem","position":1,"name":"Home","item":"https:\/\/www.aslroma5.it\/"},{"@type":"ListItem","position":2,"name":"Giornata Mondiale per la Consapevolezza sull\u2019Autismo"}]},{"@type":"WebSite","@id":"https:\/\/www.aslroma5.it\/#website","url":"https:\/\/www.aslroma5.it\/","name":"ASL ROMA 5","description":"","publisher":{"@id":"https:\/\/www.aslroma5.it\/#organization"},"potentialAction":[{"@type":"SearchAction","target":{"@type":"EntryPoint","urlTemplate":"https:\/\/www.aslroma5.it\/?s={search_term_string}"},"query-input":{"@type":"PropertyValueSpecification","valueRequired":true,"valueName":"search_term_string"}}],"inLanguage":"it-IT"},{"@type":"Organization","@id":"https:\/\/www.aslroma5.it\/#organization","name":"ASL ROMA 5","url":"https:\/\/www.aslroma5.it\/","logo":{"@type":"ImageObject","inLanguage":"it-IT","@id":"https:\/\/www.aslroma5.it\/#\/schema\/logo\/image\/","url":"https:\/\/www.aslroma5.it\/wp-content\/uploads\/2025\/07\/asl-roma5-logo-25.svg","contentUrl":"https:\/\/www.aslroma5.it\/wp-content\/uploads\/2025\/07\/asl-roma5-logo-25.svg","width":328,"height":112,"caption":"ASL ROMA 5"},"image":{"@id":"https:\/\/www.aslroma5.it\/#\/schema\/logo\/image\/"}},{"@type":"Person","@id":"https:\/\/www.aslroma5.it\/#\/schema\/person\/aae9591da64a4feb5cf19a10d69b634d","name":"dot4all","image":{"@type":"ImageObject","inLanguage":"it-IT","@id":"https:\/\/www.aslroma5.it\/#\/schema\/person\/image\/","url":"https:\/\/secure.gravatar.com\/avatar\/a228c250e89e00f48f7bae46b9a785bc5b3f509d86988952d9e01450e422a0cc?s=96&d=mm&r=g","contentUrl":"https:\/\/secure.gravatar.com\/avatar\/a228c250e89e00f48f7bae46b9a785bc5b3f509d86988952d9e01450e422a0cc?s=96&d=mm&r=g","caption":"dot4all"},"sameAs":["https:\/\/www.aslroma5.info\/new2021"]}]}},"publishpress_future_action":{"enabled":false,"date":"2026-05-08 05:21:03","action":"change-status","newStatus":"draft","terms":[],"taxonomy":"category","extraData":[]},"publishpress_future_workflow_manual_trigger":{"enabledWorkflows":[]},"_links":{"self":[{"href":"https:\/\/www.aslroma5.it\/api\/wp\/v2\/posts\/78219","targetHints":{"allow":["GET"]}}],"collection":[{"href":"https:\/\/www.aslroma5.it\/api\/wp\/v2\/posts"}],"about":[{"href":"https:\/\/www.aslroma5.it\/api\/wp\/v2\/types\/post"}],"author":[{"embeddable":true,"href":"https:\/\/www.aslroma5.it\/api\/wp\/v2\/users\/1"}],"replies":[{"embeddable":true,"href":"https:\/\/www.aslroma5.it\/api\/wp\/v2\/comments?post=78219"}],"version-history":[{"count":0,"href":"https:\/\/www.aslroma5.it\/api\/wp\/v2\/posts\/78219\/revisions"}],"wp:featuredmedia":[{"embeddable":true,"href":"https:\/\/www.aslroma5.it\/api\/wp\/v2\/media\/78220"}],"wp:attachment":[{"href":"https:\/\/www.aslroma5.it\/api\/wp\/v2\/media?parent=78219"}],"wp:term":[{"taxonomy":"category","embeddable":true,"href":"https:\/\/www.aslroma5.it\/api\/wp\/v2\/categories?post=78219"},{"taxonomy":"post_tag","embeddable":true,"href":"https:\/\/www.aslroma5.it\/api\/wp\/v2\/tags?post=78219"}],"curies":[{"name":"wp","href":"https:\/\/api.w.org\/{rel}","templated":true}]}}