{"id":79304,"date":"2024-05-06T10:04:08","date_gmt":"2024-05-06T08:04:08","guid":{"rendered":"https:\/\/www.aslroma5.it\/?p=79304"},"modified":"2024-05-14T13:43:13","modified_gmt":"2024-05-14T11:43:13","slug":"giornata-mondiale-delligiene-delle-mani-050524","status":"publish","type":"post","link":"https:\/\/www.aslroma5.it\/giornata-mondiale-delligiene-delle-mani-050524\/","title":{"rendered":"Giornata mondiale dell&#8217;igiene delle mani"},"content":{"rendered":"<p>Le iniziative della ASL Roma 5 per la giornata mondiale dell&#8217;igiene delle mani con lo scopo di:<\/p>\n<ul>\n<li>favorire la promozione degli interventi legati all\u2019igiene delle mani al fine di prevenire le infezioni trasmissibili negli ambienti ospedalieri nei luoghi di cura, di lavoro e di socializzazione,<\/li>\n<li>prevenire le infezioni da parte di microrganismi potenzialmente patogeni attraverso simulazioni pratiche,<\/li>\n<li>incrementare le conoscenze dei cittadini al fine di ridurre la diffusione di microrganismi potenzialmente patogeni nell\u2019ambiente sanitario e non, attraverso la distribuzione e diffusione di materiale informativo.<\/li>\n<\/ul>\n<p>\u201c<strong>La Sicurezza passa per le tue mani<\/strong>\u201d<br \/>\nOggi 06 maggio 2024 il personale sanitario insieme agli studenti del III\u00b0 anno di Laurea in Infermieristica dell\u2019Universit\u00e0 Tor Vergata sar\u00e0 presente all\u2019ingresso del presidio ospedaliero di Tivoli e dei distretti sanitari di Tivoli e Guidonia dalle ore 9:00 alle ore 13:00 per informare i cittadini sulle corrette pratiche nell&#8217;igiene delle mani.<\/p>\n<p><a href=\"https:\/\/www.aslroma5.it\/wp-content\/uploads\/2024\/05\/Giornata-Mondiale-Igiene-delle-mani-2024-informazioni.pdf\" target=\"_blank\" rel=\"noopener\">Scarica la locandina<\/a><\/p>\n<p>&nbsp;<\/p>\n<p><strong>Il mio superpotere? Mi lavo le mani<br \/>\n<\/strong>Al via il contest per la produzione di materiale cartaceo\/multimediale sull\u2019igiene delle mani all&#8217;interno degli istituti scolastici.<\/p>\n<p>L&#8217;obiettivo \u00e8 quello di insegnare e promuovere l&#8217;igiene delle mani nelle scuole primarie e secondarie di primo grado ritenuto fondamentale per ridurre la trasmissione di infezioni all&#8217;interno della comunit\u00e0 scolastica. I bambini in questo modo potranno acquisire importanti principi di responsabilit\u00e0 personale e sociale e portare con s\u00e9 questa sana abitudine per tutta la vita, contribuendo cos\u00ec al loro benessere e alla salute della comunit\u00e0 nel lungo termine.<\/p>\n<p>La partecipazione al contest avr\u00e0 inizio con la produzione di materiale cartaceo\/multimediale che promuova l\u2019igiene delle mani da rendere visibile e diffondere stabilmente all\u2019interno della comunit\u00e0 scolastica. Avr\u00e0 termine il 06 Giugno 2024.<\/p>\n<p>Il Materiale prodotto verr\u00e0 condiviso durante un incontro con modalit\u00e0 da definire per ogni istituto scolastico e da programmare nei mesi successivi. La comunicazione dell\u2019iniziativa e la trasmissione del materiale informativo avverr\u00e0 tramite la piattaforma dell\u2019ASL Roma 5 \u201cSPS, Scuole che Promuovono Salute\u201d, Programma Predefinito 01 del Piano Regione della Prevenzione &#8211; Piano Aziendale della Prevenzione. A tutti i partecipanti verr\u00e0 rilasciato un diploma di \u201csupereroi del lavaggio delle mani\u201d.<\/p>\n<p>Il Setting riguarder\u00e0 gli istituti comprensivi del territorio dell\u2019ASL Roma 5.<\/p>\n<p>I destinatari saranno gli studenti delle classi III scuola primaria e delle classi II scuola secondaria di primo grado<\/p>\n<p>A supporto delle attivit\u00e0 svolte nelle classi sar\u00e0 disponibile un\u2019equipe di operatori sanitari multidisciplinare dell\u2019ASL Roma 5.<\/p>\n<p><a href=\"https:\/\/www.aslroma5.it\/wp-content\/uploads\/2024\/05\/contest-Scuola-Igiene-delle-mani-06052024.pdf\" title=\"Scarica La Locandina\" target=\"_blank\" rel=\"noopener\">Scarica la locandina<\/a><\/p>\n<p><a href=\"https:\/\/www.aslroma5.it\/wp-content\/uploads\/2024\/05\/progetto-igiene-delle-mani-nelle-scuole-060524.pdf\" title=\"Scarica Il Progetto\" target=\"_blank\" rel=\"noopener\">Scarica il progetto<\/a><\/p>\n","protected":false},"excerpt":{"rendered":"<p>Le iniziative della ASL Roma 5 per la giornata mondiale dell&#8217;igiene delle mani con lo scopo di: favorire la promozione degli interventi legati all\u2019igiene delle mani al fine di prevenire le infezioni trasmissibili negli ambienti ospedalieri nei luoghi di cura, di lavoro e di socializzazione, prevenire le infezioni da parte di microrganismi potenzialmente patogeni attraverso&hellip;<\/p>\n","protected":false},"author":1,"featured_media":79312,"comment_status":"closed","ping_status":"closed","sticky":false,"template":"","format":"standard","meta":{"_acf_changed":false,"inline_featured_image":false,"footnotes":""},"categories":[2205,1816,2214],"tags":[],"class_list":["post-79304","post","type-post","status-publish","format-standard","has-post-thumbnail","hentry","category-distretto-di-guidonia","category-news","category-ospedale-di-tivoli","category-2205","category-1816","category-2214","description-off"],"acf":{"galleria":[79349,79347,79348,79346]},"yoast_head":"<!-- This site is optimized with the Yoast SEO plugin v25.5 - https:\/\/yoast.com\/wordpress\/plugins\/seo\/ -->\n<title>Giornata mondiale dell&#039;igiene delle mani - ASL ROMA 5<\/title>\n<meta name=\"robots\" content=\"index, follow, max-snippet:-1, max-image-preview:large, max-video-preview:-1\" \/>\n<link rel=\"canonical\" href=\"https:\/\/www.aslroma5.it\/giornata-mondiale-delligiene-delle-mani-050524\/\" \/>\n<meta property=\"og:locale\" content=\"it_IT\" \/>\n<meta property=\"og:type\" content=\"article\" \/>\n<meta property=\"og:title\" content=\"Giornata mondiale dell&#039;igiene delle mani - ASL ROMA 5\" \/>\n<meta property=\"og:description\" content=\"Le iniziative della ASL Roma 5 per la giornata mondiale dell&#8217;igiene delle mani con lo scopo di: favorire la promozione degli interventi legati all\u2019igiene delle mani al fine di prevenire le infezioni trasmissibili negli ambienti ospedalieri nei luoghi di cura, di lavoro e di socializzazione, prevenire le infezioni da parte di microrganismi potenzialmente patogeni attraverso&hellip;\" \/>\n<meta property=\"og:url\" content=\"https:\/\/www.aslroma5.it\/giornata-mondiale-delligiene-delle-mani-050524\/\" \/>\n<meta property=\"og:site_name\" content=\"ASL ROMA 5\" \/>\n<meta property=\"article:published_time\" content=\"2024-05-06T08:04:08+00:00\" \/>\n<meta property=\"article:modified_time\" content=\"2024-05-14T11:43:13+00:00\" \/>\n<meta property=\"og:image\" content=\"https:\/\/www.aslroma5.it\/wp-content\/uploads\/2024\/05\/5maggio2024-giornata-mondiale-mani.png\" \/>\n\t<meta property=\"og:image:width\" content=\"900\" \/>\n\t<meta property=\"og:image:height\" content=\"309\" \/>\n\t<meta property=\"og:image:type\" content=\"image\/png\" \/>\n<meta name=\"author\" content=\"dot4all\" \/>\n<meta name=\"twitter:card\" content=\"summary_large_image\" \/>\n<meta name=\"twitter:label1\" content=\"Scritto da\" \/>\n\t<meta name=\"twitter:data1\" content=\"dot4all\" \/>\n\t<meta name=\"twitter:label2\" content=\"Tempo di lettura stimato\" \/>\n\t<meta name=\"twitter:data2\" content=\"3 minuti\" \/>\n<script type=\"application\/ld+json\" class=\"yoast-schema-graph\">{\"@context\":\"https:\/\/schema.org\",\"@graph\":[{\"@type\":\"Article\",\"@id\":\"https:\/\/www.aslroma5.it\/giornata-mondiale-delligiene-delle-mani-050524\/#article\",\"isPartOf\":{\"@id\":\"https:\/\/www.aslroma5.it\/giornata-mondiale-delligiene-delle-mani-050524\/\"},\"author\":{\"name\":\"dot4all\",\"@id\":\"https:\/\/www.aslroma5.it\/#\/schema\/person\/aae9591da64a4feb5cf19a10d69b634d\"},\"headline\":\"Giornata mondiale dell&#8217;igiene delle mani\",\"datePublished\":\"2024-05-06T08:04:08+00:00\",\"dateModified\":\"2024-05-14T11:43:13+00:00\",\"mainEntityOfPage\":{\"@id\":\"https:\/\/www.aslroma5.it\/giornata-mondiale-delligiene-delle-mani-050524\/\"},\"wordCount\":409,\"publisher\":{\"@id\":\"https:\/\/www.aslroma5.it\/#organization\"},\"image\":{\"@id\":\"https:\/\/www.aslroma5.it\/giornata-mondiale-delligiene-delle-mani-050524\/#primaryimage\"},\"thumbnailUrl\":\"https:\/\/www.aslroma5.it\/wp-content\/uploads\/2024\/05\/5maggio2024-giornata-mondiale-mani.png\",\"articleSection\":[\"Distretto di Guidonia\",\"News\",\"Ospedale di Tivoli\"],\"inLanguage\":\"it-IT\"},{\"@type\":\"WebPage\",\"@id\":\"https:\/\/www.aslroma5.it\/giornata-mondiale-delligiene-delle-mani-050524\/\",\"url\":\"https:\/\/www.aslroma5.it\/giornata-mondiale-delligiene-delle-mani-050524\/\",\"name\":\"Giornata mondiale dell'igiene delle mani - ASL ROMA 5\",\"isPartOf\":{\"@id\":\"https:\/\/www.aslroma5.it\/#website\"},\"primaryImageOfPage\":{\"@id\":\"https:\/\/www.aslroma5.it\/giornata-mondiale-delligiene-delle-mani-050524\/#primaryimage\"},\"image\":{\"@id\":\"https:\/\/www.aslroma5.it\/giornata-mondiale-delligiene-delle-mani-050524\/#primaryimage\"},\"thumbnailUrl\":\"https:\/\/www.aslroma5.it\/wp-content\/uploads\/2024\/05\/5maggio2024-giornata-mondiale-mani.png\",\"datePublished\":\"2024-05-06T08:04:08+00:00\",\"dateModified\":\"2024-05-14T11:43:13+00:00\",\"breadcrumb\":{\"@id\":\"https:\/\/www.aslroma5.it\/giornata-mondiale-delligiene-delle-mani-050524\/#breadcrumb\"},\"inLanguage\":\"it-IT\",\"potentialAction\":[{\"@type\":\"ReadAction\",\"target\":[\"https:\/\/www.aslroma5.it\/giornata-mondiale-delligiene-delle-mani-050524\/\"]}]},{\"@type\":\"ImageObject\",\"inLanguage\":\"it-IT\",\"@id\":\"https:\/\/www.aslroma5.it\/giornata-mondiale-delligiene-delle-mani-050524\/#primaryimage\",\"url\":\"https:\/\/www.aslroma5.it\/wp-content\/uploads\/2024\/05\/5maggio2024-giornata-mondiale-mani.png\",\"contentUrl\":\"https:\/\/www.aslroma5.it\/wp-content\/uploads\/2024\/05\/5maggio2024-giornata-mondiale-mani.png\",\"width\":900,\"height\":309},{\"@type\":\"BreadcrumbList\",\"@id\":\"https:\/\/www.aslroma5.it\/giornata-mondiale-delligiene-delle-mani-050524\/#breadcrumb\",\"itemListElement\":[{\"@type\":\"ListItem\",\"position\":1,\"name\":\"Home\",\"item\":\"https:\/\/www.aslroma5.it\/\"},{\"@type\":\"ListItem\",\"position\":2,\"name\":\"Giornata mondiale dell&#8217;igiene delle mani\"}]},{\"@type\":\"WebSite\",\"@id\":\"https:\/\/www.aslroma5.it\/#website\",\"url\":\"https:\/\/www.aslroma5.it\/\",\"name\":\"ASL ROMA 5\",\"description\":\"\",\"publisher\":{\"@id\":\"https:\/\/www.aslroma5.it\/#organization\"},\"potentialAction\":[{\"@type\":\"SearchAction\",\"target\":{\"@type\":\"EntryPoint\",\"urlTemplate\":\"https:\/\/www.aslroma5.it\/?s={search_term_string}\"},\"query-input\":{\"@type\":\"PropertyValueSpecification\",\"valueRequired\":true,\"valueName\":\"search_term_string\"}}],\"inLanguage\":\"it-IT\"},{\"@type\":\"Organization\",\"@id\":\"https:\/\/www.aslroma5.it\/#organization\",\"name\":\"ASL ROMA 5\",\"url\":\"https:\/\/www.aslroma5.it\/\",\"logo\":{\"@type\":\"ImageObject\",\"inLanguage\":\"it-IT\",\"@id\":\"https:\/\/www.aslroma5.it\/#\/schema\/logo\/image\/\",\"url\":\"https:\/\/www.aslroma5.it\/wp-content\/uploads\/2025\/07\/asl-roma5-logo-25.svg\",\"contentUrl\":\"https:\/\/www.aslroma5.it\/wp-content\/uploads\/2025\/07\/asl-roma5-logo-25.svg\",\"width\":328,\"height\":112,\"caption\":\"ASL ROMA 5\"},\"image\":{\"@id\":\"https:\/\/www.aslroma5.it\/#\/schema\/logo\/image\/\"}},{\"@type\":\"Person\",\"@id\":\"https:\/\/www.aslroma5.it\/#\/schema\/person\/aae9591da64a4feb5cf19a10d69b634d\",\"name\":\"dot4all\",\"image\":{\"@type\":\"ImageObject\",\"inLanguage\":\"it-IT\",\"@id\":\"https:\/\/www.aslroma5.it\/#\/schema\/person\/image\/\",\"url\":\"https:\/\/secure.gravatar.com\/avatar\/a228c250e89e00f48f7bae46b9a785bc5b3f509d86988952d9e01450e422a0cc?s=96&d=mm&r=g\",\"contentUrl\":\"https:\/\/secure.gravatar.com\/avatar\/a228c250e89e00f48f7bae46b9a785bc5b3f509d86988952d9e01450e422a0cc?s=96&d=mm&r=g\",\"caption\":\"dot4all\"},\"sameAs\":[\"https:\/\/www.aslroma5.info\/new2021\"]}]}<\/script>\n<!-- \/ Yoast SEO plugin. -->","yoast_head_json":{"title":"Giornata mondiale dell'igiene delle mani - ASL ROMA 5","robots":{"index":"index","follow":"follow","max-snippet":"max-snippet:-1","max-image-preview":"max-image-preview:large","max-video-preview":"max-video-preview:-1"},"canonical":"https:\/\/www.aslroma5.it\/giornata-mondiale-delligiene-delle-mani-050524\/","og_locale":"it_IT","og_type":"article","og_title":"Giornata mondiale dell'igiene delle mani - ASL ROMA 5","og_description":"Le iniziative della ASL Roma 5 per la giornata mondiale dell&#8217;igiene delle mani con lo scopo di: favorire la promozione degli interventi legati all\u2019igiene delle mani al fine di prevenire le infezioni trasmissibili negli ambienti ospedalieri nei luoghi di cura, di lavoro e di socializzazione, prevenire le infezioni da parte di microrganismi potenzialmente patogeni attraverso&hellip;","og_url":"https:\/\/www.aslroma5.it\/giornata-mondiale-delligiene-delle-mani-050524\/","og_site_name":"ASL ROMA 5","article_published_time":"2024-05-06T08:04:08+00:00","article_modified_time":"2024-05-14T11:43:13+00:00","og_image":[{"width":900,"height":309,"url":"https:\/\/www.aslroma5.it\/wp-content\/uploads\/2024\/05\/5maggio2024-giornata-mondiale-mani.png","type":"image\/png"}],"author":"dot4all","twitter_card":"summary_large_image","twitter_misc":{"Scritto da":"dot4all","Tempo di lettura stimato":"3 minuti"},"schema":{"@context":"https:\/\/schema.org","@graph":[{"@type":"Article","@id":"https:\/\/www.aslroma5.it\/giornata-mondiale-delligiene-delle-mani-050524\/#article","isPartOf":{"@id":"https:\/\/www.aslroma5.it\/giornata-mondiale-delligiene-delle-mani-050524\/"},"author":{"name":"dot4all","@id":"https:\/\/www.aslroma5.it\/#\/schema\/person\/aae9591da64a4feb5cf19a10d69b634d"},"headline":"Giornata mondiale dell&#8217;igiene delle mani","datePublished":"2024-05-06T08:04:08+00:00","dateModified":"2024-05-14T11:43:13+00:00","mainEntityOfPage":{"@id":"https:\/\/www.aslroma5.it\/giornata-mondiale-delligiene-delle-mani-050524\/"},"wordCount":409,"publisher":{"@id":"https:\/\/www.aslroma5.it\/#organization"},"image":{"@id":"https:\/\/www.aslroma5.it\/giornata-mondiale-delligiene-delle-mani-050524\/#primaryimage"},"thumbnailUrl":"https:\/\/www.aslroma5.it\/wp-content\/uploads\/2024\/05\/5maggio2024-giornata-mondiale-mani.png","articleSection":["Distretto di Guidonia","News","Ospedale di Tivoli"],"inLanguage":"it-IT"},{"@type":"WebPage","@id":"https:\/\/www.aslroma5.it\/giornata-mondiale-delligiene-delle-mani-050524\/","url":"https:\/\/www.aslroma5.it\/giornata-mondiale-delligiene-delle-mani-050524\/","name":"Giornata mondiale dell'igiene delle mani - ASL ROMA 5","isPartOf":{"@id":"https:\/\/www.aslroma5.it\/#website"},"primaryImageOfPage":{"@id":"https:\/\/www.aslroma5.it\/giornata-mondiale-delligiene-delle-mani-050524\/#primaryimage"},"image":{"@id":"https:\/\/www.aslroma5.it\/giornata-mondiale-delligiene-delle-mani-050524\/#primaryimage"},"thumbnailUrl":"https:\/\/www.aslroma5.it\/wp-content\/uploads\/2024\/05\/5maggio2024-giornata-mondiale-mani.png","datePublished":"2024-05-06T08:04:08+00:00","dateModified":"2024-05-14T11:43:13+00:00","breadcrumb":{"@id":"https:\/\/www.aslroma5.it\/giornata-mondiale-delligiene-delle-mani-050524\/#breadcrumb"},"inLanguage":"it-IT","potentialAction":[{"@type":"ReadAction","target":["https:\/\/www.aslroma5.it\/giornata-mondiale-delligiene-delle-mani-050524\/"]}]},{"@type":"ImageObject","inLanguage":"it-IT","@id":"https:\/\/www.aslroma5.it\/giornata-mondiale-delligiene-delle-mani-050524\/#primaryimage","url":"https:\/\/www.aslroma5.it\/wp-content\/uploads\/2024\/05\/5maggio2024-giornata-mondiale-mani.png","contentUrl":"https:\/\/www.aslroma5.it\/wp-content\/uploads\/2024\/05\/5maggio2024-giornata-mondiale-mani.png","width":900,"height":309},{"@type":"BreadcrumbList","@id":"https:\/\/www.aslroma5.it\/giornata-mondiale-delligiene-delle-mani-050524\/#breadcrumb","itemListElement":[{"@type":"ListItem","position":1,"name":"Home","item":"https:\/\/www.aslroma5.it\/"},{"@type":"ListItem","position":2,"name":"Giornata mondiale dell&#8217;igiene delle mani"}]},{"@type":"WebSite","@id":"https:\/\/www.aslroma5.it\/#website","url":"https:\/\/www.aslroma5.it\/","name":"ASL ROMA 5","description":"","publisher":{"@id":"https:\/\/www.aslroma5.it\/#organization"},"potentialAction":[{"@type":"SearchAction","target":{"@type":"EntryPoint","urlTemplate":"https:\/\/www.aslroma5.it\/?s={search_term_string}"},"query-input":{"@type":"PropertyValueSpecification","valueRequired":true,"valueName":"search_term_string"}}],"inLanguage":"it-IT"},{"@type":"Organization","@id":"https:\/\/www.aslroma5.it\/#organization","name":"ASL ROMA 5","url":"https:\/\/www.aslroma5.it\/","logo":{"@type":"ImageObject","inLanguage":"it-IT","@id":"https:\/\/www.aslroma5.it\/#\/schema\/logo\/image\/","url":"https:\/\/www.aslroma5.it\/wp-content\/uploads\/2025\/07\/asl-roma5-logo-25.svg","contentUrl":"https:\/\/www.aslroma5.it\/wp-content\/uploads\/2025\/07\/asl-roma5-logo-25.svg","width":328,"height":112,"caption":"ASL ROMA 5"},"image":{"@id":"https:\/\/www.aslroma5.it\/#\/schema\/logo\/image\/"}},{"@type":"Person","@id":"https:\/\/www.aslroma5.it\/#\/schema\/person\/aae9591da64a4feb5cf19a10d69b634d","name":"dot4all","image":{"@type":"ImageObject","inLanguage":"it-IT","@id":"https:\/\/www.aslroma5.it\/#\/schema\/person\/image\/","url":"https:\/\/secure.gravatar.com\/avatar\/a228c250e89e00f48f7bae46b9a785bc5b3f509d86988952d9e01450e422a0cc?s=96&d=mm&r=g","contentUrl":"https:\/\/secure.gravatar.com\/avatar\/a228c250e89e00f48f7bae46b9a785bc5b3f509d86988952d9e01450e422a0cc?s=96&d=mm&r=g","caption":"dot4all"},"sameAs":["https:\/\/www.aslroma5.info\/new2021"]}]}},"publishpress_future_action":{"enabled":false,"date":"2026-05-06 16:59:27","action":"change-status","newStatus":"draft","terms":[],"taxonomy":"category","extraData":[]},"publishpress_future_workflow_manual_trigger":{"enabledWorkflows":[]},"_links":{"self":[{"href":"https:\/\/www.aslroma5.it\/api\/wp\/v2\/posts\/79304","targetHints":{"allow":["GET"]}}],"collection":[{"href":"https:\/\/www.aslroma5.it\/api\/wp\/v2\/posts"}],"about":[{"href":"https:\/\/www.aslroma5.it\/api\/wp\/v2\/types\/post"}],"author":[{"embeddable":true,"href":"https:\/\/www.aslroma5.it\/api\/wp\/v2\/users\/1"}],"replies":[{"embeddable":true,"href":"https:\/\/www.aslroma5.it\/api\/wp\/v2\/comments?post=79304"}],"version-history":[{"count":0,"href":"https:\/\/www.aslroma5.it\/api\/wp\/v2\/posts\/79304\/revisions"}],"acf:attachment":[{"embeddable":true,"href":"https:\/\/www.aslroma5.it\/api\/wp\/v2\/media\/79346"},{"embeddable":true,"href":"https:\/\/www.aslroma5.it\/api\/wp\/v2\/media\/79348"},{"embeddable":true,"href":"https:\/\/www.aslroma5.it\/api\/wp\/v2\/media\/79347"},{"embeddable":true,"href":"https:\/\/www.aslroma5.it\/api\/wp\/v2\/media\/79349"}],"wp:featuredmedia":[{"embeddable":true,"href":"https:\/\/www.aslroma5.it\/api\/wp\/v2\/media\/79312"}],"wp:attachment":[{"href":"https:\/\/www.aslroma5.it\/api\/wp\/v2\/media?parent=79304"}],"wp:term":[{"taxonomy":"category","embeddable":true,"href":"https:\/\/www.aslroma5.it\/api\/wp\/v2\/categories?post=79304"},{"taxonomy":"post_tag","embeddable":true,"href":"https:\/\/www.aslroma5.it\/api\/wp\/v2\/tags?post=79304"}],"curies":[{"name":"wp","href":"https:\/\/api.w.org\/{rel}","templated":true}]}}