{"id":79946,"date":"2024-05-29T15:01:52","date_gmt":"2024-05-29T13:01:52","guid":{"rendered":"https:\/\/www.aslroma5.it\/?p=79946"},"modified":"2024-05-29T15:01:52","modified_gmt":"2024-05-29T13:01:52","slug":"nata-la-prima-bambina-nel-riattivato-punto-nascite-dellospedale-di-tivoli","status":"publish","type":"post","link":"https:\/\/www.aslroma5.it\/nata-la-prima-bambina-nel-riattivato-punto-nascite-dellospedale-di-tivoli\/","title":{"rendered":"Nata la prima bambina nel riattivato Punto Nascite dell\u2019Ospedale di Tivoli"},"content":{"rendered":"<p><em>La presenza di una gestante era stata gi\u00e0 annunciata dal Commissario Straordinario durante la conferenza stampa di ieri<\/em><\/p>\n<p>La cicogna torna a Tivoli. Il Punto Nascite dell\u2019Ospedale San Giovanni Evangelista \u2013 riattivato dal 27 maggio e inaugurato ieri alla presenza del presidente della Regione Lazio, Francesco Rocca \u2013 ieri notte ha infatti dato il benvenuto a una bambina, nata alle 0.54 con parto naturale. La neo mamma aveva programmato il parto in un altro ospedale, ma ha scelto diversamente quando le \u00e8 stata assicurata la possibilit\u00e0 di portare a termine la gravidanza a Tivoli, assistita dal nostro staff di medici e ostetrici.<\/p>\n<p>La presenza di una gestante, prossima al travaglio, era stata annunciata ieri &#8211; durante la conferenza stampa che ha seguito la visita del Presidente Rocca &#8211; dal Commissario Straordinario Silvia Cavalli, per sottolineare la riapertura di un presidio importantissimo per tutto il territorio dell\u2019ASL Roma 5: l\u2019area materno infantile che comprende il blocco parto, nido, patologia neonatale, ostetricia e ginecologia e pediatria.<\/p>\n<p>A partire da luned\u00ec 3 giugno e, per ogni primo e terzo luned\u00ec del mese, le future mamme e i futuri pap\u00e0 avranno la possibilit\u00e0 di visitare, dalle 15 alle 18, l\u2019area parto dell\u2019Ospedale di Tivoli, durante una serie di open day liberi e gratuiti. Saranno accompagnati dal personale sanitario che risponder\u00e0 a tutte le domande e dubbi riguardanti il parto e le sue modalit\u00e0.<\/p>\n<p>Per ulteriori informazioni, \u00e8 possibile contattare: 0774 3164456 \/ 0774 3164451<\/p>\n","protected":false},"excerpt":{"rendered":"<p>La presenza di una gestante era stata gi\u00e0 annunciata dal Commissario Straordinario durante la conferenza stampa di ieri La cicogna torna a Tivoli. Il Punto Nascite dell\u2019Ospedale San Giovanni Evangelista \u2013 riattivato dal 27 maggio e inaugurato ieri alla presenza del presidente della Regione Lazio, Francesco Rocca \u2013 ieri notte ha infatti dato il benvenuto&hellip;<\/p>\n","protected":false},"author":1,"featured_media":79947,"comment_status":"closed","ping_status":"closed","sticky":false,"template":"","format":"standard","meta":{"_acf_changed":false,"inline_featured_image":false,"footnotes":""},"categories":[2189,1816,2214],"tags":[2285,2219],"class_list":["post-79946","post","type-post","status-publish","format-standard","has-post-thumbnail","hentry","category-in-primo-piano","category-news","category-ospedale-di-tivoli","tag-comunicato-stampa","tag-ufficio-stampa","category-2189","category-1816","category-2214","description-off"],"acf":{"galleria":""},"yoast_head":"<!-- This site is optimized with the Yoast SEO plugin v25.5 - https:\/\/yoast.com\/wordpress\/plugins\/seo\/ -->\n<title>Nata la prima bambina nel riattivato Punto Nascite dell\u2019Ospedale di Tivoli - ASL ROMA 5<\/title>\n<meta name=\"robots\" content=\"index, follow, max-snippet:-1, max-image-preview:large, max-video-preview:-1\" \/>\n<link rel=\"canonical\" href=\"https:\/\/www.aslroma5.it\/nata-la-prima-bambina-nel-riattivato-punto-nascite-dellospedale-di-tivoli\/\" \/>\n<meta property=\"og:locale\" content=\"it_IT\" \/>\n<meta property=\"og:type\" content=\"article\" \/>\n<meta property=\"og:title\" content=\"Nata la prima bambina nel riattivato Punto Nascite dell\u2019Ospedale di Tivoli - ASL ROMA 5\" \/>\n<meta property=\"og:description\" content=\"La presenza di una gestante era stata gi\u00e0 annunciata dal Commissario Straordinario durante la conferenza stampa di ieri La cicogna torna a Tivoli. Il Punto Nascite dell\u2019Ospedale San Giovanni Evangelista \u2013 riattivato dal 27 maggio e inaugurato ieri alla presenza del presidente della Regione Lazio, Francesco Rocca \u2013 ieri notte ha infatti dato il benvenuto&hellip;\" \/>\n<meta property=\"og:url\" content=\"https:\/\/www.aslroma5.it\/nata-la-prima-bambina-nel-riattivato-punto-nascite-dellospedale-di-tivoli\/\" \/>\n<meta property=\"og:site_name\" content=\"ASL ROMA 5\" \/>\n<meta property=\"article:published_time\" content=\"2024-05-29T13:01:52+00:00\" \/>\n<meta property=\"og:image\" content=\"https:\/\/www.aslroma5.it\/wp-content\/uploads\/2024\/05\/nascita-po-tivoli-2024.jpg\" \/>\n\t<meta property=\"og:image:width\" content=\"2048\" \/>\n\t<meta property=\"og:image:height\" content=\"1365\" \/>\n\t<meta property=\"og:image:type\" content=\"image\/jpeg\" \/>\n<meta name=\"author\" content=\"dot4all\" \/>\n<meta name=\"twitter:card\" content=\"summary_large_image\" \/>\n<meta name=\"twitter:label1\" content=\"Scritto da\" \/>\n\t<meta name=\"twitter:data1\" content=\"dot4all\" \/>\n\t<meta name=\"twitter:label2\" content=\"Tempo di lettura stimato\" \/>\n\t<meta name=\"twitter:data2\" content=\"2 minuti\" \/>\n<script type=\"application\/ld+json\" class=\"yoast-schema-graph\">{\"@context\":\"https:\/\/schema.org\",\"@graph\":[{\"@type\":\"Article\",\"@id\":\"https:\/\/www.aslroma5.it\/nata-la-prima-bambina-nel-riattivato-punto-nascite-dellospedale-di-tivoli\/#article\",\"isPartOf\":{\"@id\":\"https:\/\/www.aslroma5.it\/nata-la-prima-bambina-nel-riattivato-punto-nascite-dellospedale-di-tivoli\/\"},\"author\":{\"name\":\"dot4all\",\"@id\":\"https:\/\/www.aslroma5.it\/#\/schema\/person\/aae9591da64a4feb5cf19a10d69b634d\"},\"headline\":\"Nata la prima bambina nel riattivato Punto Nascite dell\u2019Ospedale di Tivoli\",\"datePublished\":\"2024-05-29T13:01:52+00:00\",\"mainEntityOfPage\":{\"@id\":\"https:\/\/www.aslroma5.it\/nata-la-prima-bambina-nel-riattivato-punto-nascite-dellospedale-di-tivoli\/\"},\"wordCount\":242,\"publisher\":{\"@id\":\"https:\/\/www.aslroma5.it\/#organization\"},\"image\":{\"@id\":\"https:\/\/www.aslroma5.it\/nata-la-prima-bambina-nel-riattivato-punto-nascite-dellospedale-di-tivoli\/#primaryimage\"},\"thumbnailUrl\":\"https:\/\/www.aslroma5.it\/wp-content\/uploads\/2024\/05\/nascita-po-tivoli-2024.jpg\",\"keywords\":[\"Comunicato stampa\",\"Ufficio stampa\"],\"articleSection\":[\"In primo piano\",\"News\",\"Ospedale di Tivoli\"],\"inLanguage\":\"it-IT\"},{\"@type\":\"WebPage\",\"@id\":\"https:\/\/www.aslroma5.it\/nata-la-prima-bambina-nel-riattivato-punto-nascite-dellospedale-di-tivoli\/\",\"url\":\"https:\/\/www.aslroma5.it\/nata-la-prima-bambina-nel-riattivato-punto-nascite-dellospedale-di-tivoli\/\",\"name\":\"Nata la prima bambina nel riattivato Punto Nascite dell\u2019Ospedale di Tivoli - ASL ROMA 5\",\"isPartOf\":{\"@id\":\"https:\/\/www.aslroma5.it\/#website\"},\"primaryImageOfPage\":{\"@id\":\"https:\/\/www.aslroma5.it\/nata-la-prima-bambina-nel-riattivato-punto-nascite-dellospedale-di-tivoli\/#primaryimage\"},\"image\":{\"@id\":\"https:\/\/www.aslroma5.it\/nata-la-prima-bambina-nel-riattivato-punto-nascite-dellospedale-di-tivoli\/#primaryimage\"},\"thumbnailUrl\":\"https:\/\/www.aslroma5.it\/wp-content\/uploads\/2024\/05\/nascita-po-tivoli-2024.jpg\",\"datePublished\":\"2024-05-29T13:01:52+00:00\",\"breadcrumb\":{\"@id\":\"https:\/\/www.aslroma5.it\/nata-la-prima-bambina-nel-riattivato-punto-nascite-dellospedale-di-tivoli\/#breadcrumb\"},\"inLanguage\":\"it-IT\",\"potentialAction\":[{\"@type\":\"ReadAction\",\"target\":[\"https:\/\/www.aslroma5.it\/nata-la-prima-bambina-nel-riattivato-punto-nascite-dellospedale-di-tivoli\/\"]}]},{\"@type\":\"ImageObject\",\"inLanguage\":\"it-IT\",\"@id\":\"https:\/\/www.aslroma5.it\/nata-la-prima-bambina-nel-riattivato-punto-nascite-dellospedale-di-tivoli\/#primaryimage\",\"url\":\"https:\/\/www.aslroma5.it\/wp-content\/uploads\/2024\/05\/nascita-po-tivoli-2024.jpg\",\"contentUrl\":\"https:\/\/www.aslroma5.it\/wp-content\/uploads\/2024\/05\/nascita-po-tivoli-2024.jpg\",\"width\":2048,\"height\":1365},{\"@type\":\"BreadcrumbList\",\"@id\":\"https:\/\/www.aslroma5.it\/nata-la-prima-bambina-nel-riattivato-punto-nascite-dellospedale-di-tivoli\/#breadcrumb\",\"itemListElement\":[{\"@type\":\"ListItem\",\"position\":1,\"name\":\"Home\",\"item\":\"https:\/\/www.aslroma5.it\/\"},{\"@type\":\"ListItem\",\"position\":2,\"name\":\"Nata la prima bambina nel riattivato Punto Nascite dell\u2019Ospedale di Tivoli\"}]},{\"@type\":\"WebSite\",\"@id\":\"https:\/\/www.aslroma5.it\/#website\",\"url\":\"https:\/\/www.aslroma5.it\/\",\"name\":\"ASL ROMA 5\",\"description\":\"\",\"publisher\":{\"@id\":\"https:\/\/www.aslroma5.it\/#organization\"},\"potentialAction\":[{\"@type\":\"SearchAction\",\"target\":{\"@type\":\"EntryPoint\",\"urlTemplate\":\"https:\/\/www.aslroma5.it\/?s={search_term_string}\"},\"query-input\":{\"@type\":\"PropertyValueSpecification\",\"valueRequired\":true,\"valueName\":\"search_term_string\"}}],\"inLanguage\":\"it-IT\"},{\"@type\":\"Organization\",\"@id\":\"https:\/\/www.aslroma5.it\/#organization\",\"name\":\"ASL ROMA 5\",\"url\":\"https:\/\/www.aslroma5.it\/\",\"logo\":{\"@type\":\"ImageObject\",\"inLanguage\":\"it-IT\",\"@id\":\"https:\/\/www.aslroma5.it\/#\/schema\/logo\/image\/\",\"url\":\"https:\/\/www.aslroma5.it\/wp-content\/uploads\/2025\/07\/asl-roma5-logo-25.svg\",\"contentUrl\":\"https:\/\/www.aslroma5.it\/wp-content\/uploads\/2025\/07\/asl-roma5-logo-25.svg\",\"width\":328,\"height\":112,\"caption\":\"ASL ROMA 5\"},\"image\":{\"@id\":\"https:\/\/www.aslroma5.it\/#\/schema\/logo\/image\/\"}},{\"@type\":\"Person\",\"@id\":\"https:\/\/www.aslroma5.it\/#\/schema\/person\/aae9591da64a4feb5cf19a10d69b634d\",\"name\":\"dot4all\",\"image\":{\"@type\":\"ImageObject\",\"inLanguage\":\"it-IT\",\"@id\":\"https:\/\/www.aslroma5.it\/#\/schema\/person\/image\/\",\"url\":\"https:\/\/secure.gravatar.com\/avatar\/a228c250e89e00f48f7bae46b9a785bc5b3f509d86988952d9e01450e422a0cc?s=96&d=mm&r=g\",\"contentUrl\":\"https:\/\/secure.gravatar.com\/avatar\/a228c250e89e00f48f7bae46b9a785bc5b3f509d86988952d9e01450e422a0cc?s=96&d=mm&r=g\",\"caption\":\"dot4all\"},\"sameAs\":[\"https:\/\/www.aslroma5.info\/new2021\"]}]}<\/script>\n<!-- \/ Yoast SEO plugin. -->","yoast_head_json":{"title":"Nata la prima bambina nel riattivato Punto Nascite dell\u2019Ospedale di Tivoli - ASL ROMA 5","robots":{"index":"index","follow":"follow","max-snippet":"max-snippet:-1","max-image-preview":"max-image-preview:large","max-video-preview":"max-video-preview:-1"},"canonical":"https:\/\/www.aslroma5.it\/nata-la-prima-bambina-nel-riattivato-punto-nascite-dellospedale-di-tivoli\/","og_locale":"it_IT","og_type":"article","og_title":"Nata la prima bambina nel riattivato Punto Nascite dell\u2019Ospedale di Tivoli - ASL ROMA 5","og_description":"La presenza di una gestante era stata gi\u00e0 annunciata dal Commissario Straordinario durante la conferenza stampa di ieri La cicogna torna a Tivoli. Il Punto Nascite dell\u2019Ospedale San Giovanni Evangelista \u2013 riattivato dal 27 maggio e inaugurato ieri alla presenza del presidente della Regione Lazio, Francesco Rocca \u2013 ieri notte ha infatti dato il benvenuto&hellip;","og_url":"https:\/\/www.aslroma5.it\/nata-la-prima-bambina-nel-riattivato-punto-nascite-dellospedale-di-tivoli\/","og_site_name":"ASL ROMA 5","article_published_time":"2024-05-29T13:01:52+00:00","og_image":[{"width":2048,"height":1365,"url":"https:\/\/www.aslroma5.it\/wp-content\/uploads\/2024\/05\/nascita-po-tivoli-2024.jpg","type":"image\/jpeg"}],"author":"dot4all","twitter_card":"summary_large_image","twitter_misc":{"Scritto da":"dot4all","Tempo di lettura stimato":"2 minuti"},"schema":{"@context":"https:\/\/schema.org","@graph":[{"@type":"Article","@id":"https:\/\/www.aslroma5.it\/nata-la-prima-bambina-nel-riattivato-punto-nascite-dellospedale-di-tivoli\/#article","isPartOf":{"@id":"https:\/\/www.aslroma5.it\/nata-la-prima-bambina-nel-riattivato-punto-nascite-dellospedale-di-tivoli\/"},"author":{"name":"dot4all","@id":"https:\/\/www.aslroma5.it\/#\/schema\/person\/aae9591da64a4feb5cf19a10d69b634d"},"headline":"Nata la prima bambina nel riattivato Punto Nascite dell\u2019Ospedale di Tivoli","datePublished":"2024-05-29T13:01:52+00:00","mainEntityOfPage":{"@id":"https:\/\/www.aslroma5.it\/nata-la-prima-bambina-nel-riattivato-punto-nascite-dellospedale-di-tivoli\/"},"wordCount":242,"publisher":{"@id":"https:\/\/www.aslroma5.it\/#organization"},"image":{"@id":"https:\/\/www.aslroma5.it\/nata-la-prima-bambina-nel-riattivato-punto-nascite-dellospedale-di-tivoli\/#primaryimage"},"thumbnailUrl":"https:\/\/www.aslroma5.it\/wp-content\/uploads\/2024\/05\/nascita-po-tivoli-2024.jpg","keywords":["Comunicato stampa","Ufficio stampa"],"articleSection":["In primo piano","News","Ospedale di Tivoli"],"inLanguage":"it-IT"},{"@type":"WebPage","@id":"https:\/\/www.aslroma5.it\/nata-la-prima-bambina-nel-riattivato-punto-nascite-dellospedale-di-tivoli\/","url":"https:\/\/www.aslroma5.it\/nata-la-prima-bambina-nel-riattivato-punto-nascite-dellospedale-di-tivoli\/","name":"Nata la prima bambina nel riattivato Punto Nascite dell\u2019Ospedale di Tivoli - ASL ROMA 5","isPartOf":{"@id":"https:\/\/www.aslroma5.it\/#website"},"primaryImageOfPage":{"@id":"https:\/\/www.aslroma5.it\/nata-la-prima-bambina-nel-riattivato-punto-nascite-dellospedale-di-tivoli\/#primaryimage"},"image":{"@id":"https:\/\/www.aslroma5.it\/nata-la-prima-bambina-nel-riattivato-punto-nascite-dellospedale-di-tivoli\/#primaryimage"},"thumbnailUrl":"https:\/\/www.aslroma5.it\/wp-content\/uploads\/2024\/05\/nascita-po-tivoli-2024.jpg","datePublished":"2024-05-29T13:01:52+00:00","breadcrumb":{"@id":"https:\/\/www.aslroma5.it\/nata-la-prima-bambina-nel-riattivato-punto-nascite-dellospedale-di-tivoli\/#breadcrumb"},"inLanguage":"it-IT","potentialAction":[{"@type":"ReadAction","target":["https:\/\/www.aslroma5.it\/nata-la-prima-bambina-nel-riattivato-punto-nascite-dellospedale-di-tivoli\/"]}]},{"@type":"ImageObject","inLanguage":"it-IT","@id":"https:\/\/www.aslroma5.it\/nata-la-prima-bambina-nel-riattivato-punto-nascite-dellospedale-di-tivoli\/#primaryimage","url":"https:\/\/www.aslroma5.it\/wp-content\/uploads\/2024\/05\/nascita-po-tivoli-2024.jpg","contentUrl":"https:\/\/www.aslroma5.it\/wp-content\/uploads\/2024\/05\/nascita-po-tivoli-2024.jpg","width":2048,"height":1365},{"@type":"BreadcrumbList","@id":"https:\/\/www.aslroma5.it\/nata-la-prima-bambina-nel-riattivato-punto-nascite-dellospedale-di-tivoli\/#breadcrumb","itemListElement":[{"@type":"ListItem","position":1,"name":"Home","item":"https:\/\/www.aslroma5.it\/"},{"@type":"ListItem","position":2,"name":"Nata la prima bambina nel riattivato Punto Nascite dell\u2019Ospedale di Tivoli"}]},{"@type":"WebSite","@id":"https:\/\/www.aslroma5.it\/#website","url":"https:\/\/www.aslroma5.it\/","name":"ASL ROMA 5","description":"","publisher":{"@id":"https:\/\/www.aslroma5.it\/#organization"},"potentialAction":[{"@type":"SearchAction","target":{"@type":"EntryPoint","urlTemplate":"https:\/\/www.aslroma5.it\/?s={search_term_string}"},"query-input":{"@type":"PropertyValueSpecification","valueRequired":true,"valueName":"search_term_string"}}],"inLanguage":"it-IT"},{"@type":"Organization","@id":"https:\/\/www.aslroma5.it\/#organization","name":"ASL ROMA 5","url":"https:\/\/www.aslroma5.it\/","logo":{"@type":"ImageObject","inLanguage":"it-IT","@id":"https:\/\/www.aslroma5.it\/#\/schema\/logo\/image\/","url":"https:\/\/www.aslroma5.it\/wp-content\/uploads\/2025\/07\/asl-roma5-logo-25.svg","contentUrl":"https:\/\/www.aslroma5.it\/wp-content\/uploads\/2025\/07\/asl-roma5-logo-25.svg","width":328,"height":112,"caption":"ASL ROMA 5"},"image":{"@id":"https:\/\/www.aslroma5.it\/#\/schema\/logo\/image\/"}},{"@type":"Person","@id":"https:\/\/www.aslroma5.it\/#\/schema\/person\/aae9591da64a4feb5cf19a10d69b634d","name":"dot4all","image":{"@type":"ImageObject","inLanguage":"it-IT","@id":"https:\/\/www.aslroma5.it\/#\/schema\/person\/image\/","url":"https:\/\/secure.gravatar.com\/avatar\/a228c250e89e00f48f7bae46b9a785bc5b3f509d86988952d9e01450e422a0cc?s=96&d=mm&r=g","contentUrl":"https:\/\/secure.gravatar.com\/avatar\/a228c250e89e00f48f7bae46b9a785bc5b3f509d86988952d9e01450e422a0cc?s=96&d=mm&r=g","caption":"dot4all"},"sameAs":["https:\/\/www.aslroma5.info\/new2021"]}]}},"publishpress_future_action":{"enabled":false,"date":"2026-05-09 13:05:15","action":"change-status","newStatus":"draft","terms":[],"taxonomy":"category","extraData":[]},"publishpress_future_workflow_manual_trigger":{"enabledWorkflows":[]},"_links":{"self":[{"href":"https:\/\/www.aslroma5.it\/api\/wp\/v2\/posts\/79946","targetHints":{"allow":["GET"]}}],"collection":[{"href":"https:\/\/www.aslroma5.it\/api\/wp\/v2\/posts"}],"about":[{"href":"https:\/\/www.aslroma5.it\/api\/wp\/v2\/types\/post"}],"author":[{"embeddable":true,"href":"https:\/\/www.aslroma5.it\/api\/wp\/v2\/users\/1"}],"replies":[{"embeddable":true,"href":"https:\/\/www.aslroma5.it\/api\/wp\/v2\/comments?post=79946"}],"version-history":[{"count":0,"href":"https:\/\/www.aslroma5.it\/api\/wp\/v2\/posts\/79946\/revisions"}],"wp:featuredmedia":[{"embeddable":true,"href":"https:\/\/www.aslroma5.it\/api\/wp\/v2\/media\/79947"}],"wp:attachment":[{"href":"https:\/\/www.aslroma5.it\/api\/wp\/v2\/media?parent=79946"}],"wp:term":[{"taxonomy":"category","embeddable":true,"href":"https:\/\/www.aslroma5.it\/api\/wp\/v2\/categories?post=79946"},{"taxonomy":"post_tag","embeddable":true,"href":"https:\/\/www.aslroma5.it\/api\/wp\/v2\/tags?post=79946"}],"curies":[{"name":"wp","href":"https:\/\/api.w.org\/{rel}","templated":true}]}}