{"id":81811,"date":"2024-08-02T09:52:05","date_gmt":"2024-08-02T07:52:05","guid":{"rendered":"https:\/\/www.aslroma5.it\/?p=81811"},"modified":"2024-08-02T09:52:41","modified_gmt":"2024-08-02T07:52:41","slug":"avviata-la-procedura-di-stabilizzazione-per-235-lavoratori-dellasl-roma-5","status":"publish","type":"post","link":"https:\/\/www.aslroma5.it\/avviata-la-procedura-di-stabilizzazione-per-235-lavoratori-dellasl-roma-5\/","title":{"rendered":"Avviata la procedura di stabilizzazione per 235 lavoratori della ASL Roma 5"},"content":{"rendered":"<p><em>Il primo agosto \u00e8 stato pubblicato un avviso rivolto ai precari del comparto e della dirigenza<\/em><\/p>\n<p>La ASL Roma 5 stabilizza pi\u00f9 di 200 lavoratori precari attualmente impiegati nell\u2019azienda. Il primo agosto \u00e8 stato pubblicato sul BURL un avviso, riservato al personale precario del comparto e della dirigenza, finalizzato alla copertura di vari profili professionali e varie discipline per un totale complessivo di 235 posti. Le persone interessate potranno presentare domanda, in via telematica, entro 30 giorni dal giorno successivo alla pubblicazione, per estratto, dell\u2019avviso nella Gazzetta Ufficiale. La graduatoria che verr\u00e0 compilata alla fine della procedura varr\u00e0 solo ed esclusivamente per la ASL Roma 5.<\/p>\n<p>Attraverso questa procedura verranno stabilizzati: 1 nuovo tecnico di neurofisiopatologia 1 dirigente ingegnere, 2 dirigenti psicologi, 2 dirigenti medici in ambito malattie metaboliche e diabetologia, 2 dirigenti medici di neuropsichiatria infantile, 109 operatori socio sanitari e 118 infermieri.<\/p>\n<p>\u201c<em>Dopo diversi anni di precariato, viene offerta l\u2019opportunit\u00e0 di un posto di lavoro a tempo indeterminato nel Servizio Sanitario Regionale a 235 lavoratori. Si tratta di una notizia estremamente positiva sia per i dipendenti precari che per l\u2019Azienda Sanitaria poich\u00e9, dopo aver formato questo personale, potr\u00e0 vederlo stabilmente inserito nelle diverse unit\u00e0 organizzative<\/em>\u201d, commenta cos\u00ec il Commissario Straordinario dell\u2019ASL Roma 5, la dottoressa Silvia Cavalli.<\/p>\n","protected":false},"excerpt":{"rendered":"<p>Il primo agosto \u00e8 stato pubblicato un avviso rivolto ai precari del comparto e della dirigenza La ASL Roma 5 stabilizza pi\u00f9 di 200 lavoratori precari attualmente impiegati nell\u2019azienda. Il primo agosto \u00e8 stato pubblicato sul BURL un avviso, riservato al personale precario del comparto e della dirigenza, finalizzato alla copertura di vari profili professionali&hellip;<\/p>\n","protected":false},"author":1,"featured_media":56475,"comment_status":"closed","ping_status":"closed","sticky":false,"template":"","format":"standard","meta":{"_acf_changed":false,"inline_featured_image":false,"footnotes":""},"categories":[2189,1816],"tags":[2219],"class_list":["post-81811","post","type-post","status-publish","format-standard","has-post-thumbnail","hentry","category-in-primo-piano","category-news","tag-ufficio-stampa","category-2189","category-1816","description-off"],"acf":{"galleria":""},"yoast_head":"<!-- This site is optimized with the Yoast SEO plugin v25.5 - https:\/\/yoast.com\/wordpress\/plugins\/seo\/ -->\n<title>Avviata la procedura di stabilizzazione per 235 lavoratori della ASL Roma 5 - ASL ROMA 5<\/title>\n<meta name=\"robots\" content=\"index, follow, max-snippet:-1, max-image-preview:large, max-video-preview:-1\" \/>\n<link rel=\"canonical\" href=\"https:\/\/www.aslroma5.it\/avviata-la-procedura-di-stabilizzazione-per-235-lavoratori-dellasl-roma-5\/\" \/>\n<meta property=\"og:locale\" content=\"it_IT\" \/>\n<meta property=\"og:type\" content=\"article\" \/>\n<meta property=\"og:title\" content=\"Avviata la procedura di stabilizzazione per 235 lavoratori della ASL Roma 5 - ASL ROMA 5\" \/>\n<meta property=\"og:description\" content=\"Il primo agosto \u00e8 stato pubblicato un avviso rivolto ai precari del comparto e della dirigenza La ASL Roma 5 stabilizza pi\u00f9 di 200 lavoratori precari attualmente impiegati nell\u2019azienda. Il primo agosto \u00e8 stato pubblicato sul BURL un avviso, riservato al personale precario del comparto e della dirigenza, finalizzato alla copertura di vari profili professionali&hellip;\" \/>\n<meta property=\"og:url\" content=\"https:\/\/www.aslroma5.it\/avviata-la-procedura-di-stabilizzazione-per-235-lavoratori-dellasl-roma-5\/\" \/>\n<meta property=\"og:site_name\" content=\"ASL ROMA 5\" \/>\n<meta property=\"article:published_time\" content=\"2024-08-02T07:52:05+00:00\" \/>\n<meta property=\"article:modified_time\" content=\"2024-08-02T07:52:41+00:00\" \/>\n<meta property=\"og:image\" content=\"https:\/\/www.aslroma5.it\/wp-content\/uploads\/2022\/05\/images_Documenti2022_tivoli_direzione_aziendale.jpg\" \/>\n\t<meta property=\"og:image:width\" content=\"1200\" \/>\n\t<meta property=\"og:image:height\" content=\"1600\" \/>\n\t<meta property=\"og:image:type\" content=\"image\/jpeg\" \/>\n<meta name=\"author\" content=\"dot4all\" \/>\n<meta name=\"twitter:card\" content=\"summary_large_image\" \/>\n<meta name=\"twitter:label1\" content=\"Scritto da\" \/>\n\t<meta name=\"twitter:data1\" content=\"dot4all\" \/>\n\t<meta name=\"twitter:label2\" content=\"Tempo di lettura stimato\" \/>\n\t<meta name=\"twitter:data2\" content=\"2 minuti\" \/>\n<script type=\"application\/ld+json\" class=\"yoast-schema-graph\">{\"@context\":\"https:\/\/schema.org\",\"@graph\":[{\"@type\":\"Article\",\"@id\":\"https:\/\/www.aslroma5.it\/avviata-la-procedura-di-stabilizzazione-per-235-lavoratori-dellasl-roma-5\/#article\",\"isPartOf\":{\"@id\":\"https:\/\/www.aslroma5.it\/avviata-la-procedura-di-stabilizzazione-per-235-lavoratori-dellasl-roma-5\/\"},\"author\":{\"name\":\"dot4all\",\"@id\":\"https:\/\/www.aslroma5.it\/#\/schema\/person\/aae9591da64a4feb5cf19a10d69b634d\"},\"headline\":\"Avviata la procedura di stabilizzazione per 235 lavoratori della ASL Roma 5\",\"datePublished\":\"2024-08-02T07:52:05+00:00\",\"dateModified\":\"2024-08-02T07:52:41+00:00\",\"mainEntityOfPage\":{\"@id\":\"https:\/\/www.aslroma5.it\/avviata-la-procedura-di-stabilizzazione-per-235-lavoratori-dellasl-roma-5\/\"},\"wordCount\":208,\"publisher\":{\"@id\":\"https:\/\/www.aslroma5.it\/#organization\"},\"image\":{\"@id\":\"https:\/\/www.aslroma5.it\/avviata-la-procedura-di-stabilizzazione-per-235-lavoratori-dellasl-roma-5\/#primaryimage\"},\"thumbnailUrl\":\"https:\/\/www.aslroma5.it\/wp-content\/uploads\/2022\/05\/images_Documenti2022_tivoli_direzione_aziendale.jpg\",\"keywords\":[\"Ufficio stampa\"],\"articleSection\":[\"In primo piano\",\"News\"],\"inLanguage\":\"it-IT\"},{\"@type\":\"WebPage\",\"@id\":\"https:\/\/www.aslroma5.it\/avviata-la-procedura-di-stabilizzazione-per-235-lavoratori-dellasl-roma-5\/\",\"url\":\"https:\/\/www.aslroma5.it\/avviata-la-procedura-di-stabilizzazione-per-235-lavoratori-dellasl-roma-5\/\",\"name\":\"Avviata la procedura di stabilizzazione per 235 lavoratori della ASL Roma 5 - ASL ROMA 5\",\"isPartOf\":{\"@id\":\"https:\/\/www.aslroma5.it\/#website\"},\"primaryImageOfPage\":{\"@id\":\"https:\/\/www.aslroma5.it\/avviata-la-procedura-di-stabilizzazione-per-235-lavoratori-dellasl-roma-5\/#primaryimage\"},\"image\":{\"@id\":\"https:\/\/www.aslroma5.it\/avviata-la-procedura-di-stabilizzazione-per-235-lavoratori-dellasl-roma-5\/#primaryimage\"},\"thumbnailUrl\":\"https:\/\/www.aslroma5.it\/wp-content\/uploads\/2022\/05\/images_Documenti2022_tivoli_direzione_aziendale.jpg\",\"datePublished\":\"2024-08-02T07:52:05+00:00\",\"dateModified\":\"2024-08-02T07:52:41+00:00\",\"breadcrumb\":{\"@id\":\"https:\/\/www.aslroma5.it\/avviata-la-procedura-di-stabilizzazione-per-235-lavoratori-dellasl-roma-5\/#breadcrumb\"},\"inLanguage\":\"it-IT\",\"potentialAction\":[{\"@type\":\"ReadAction\",\"target\":[\"https:\/\/www.aslroma5.it\/avviata-la-procedura-di-stabilizzazione-per-235-lavoratori-dellasl-roma-5\/\"]}]},{\"@type\":\"ImageObject\",\"inLanguage\":\"it-IT\",\"@id\":\"https:\/\/www.aslroma5.it\/avviata-la-procedura-di-stabilizzazione-per-235-lavoratori-dellasl-roma-5\/#primaryimage\",\"url\":\"https:\/\/www.aslroma5.it\/wp-content\/uploads\/2022\/05\/images_Documenti2022_tivoli_direzione_aziendale.jpg\",\"contentUrl\":\"https:\/\/www.aslroma5.it\/wp-content\/uploads\/2022\/05\/images_Documenti2022_tivoli_direzione_aziendale.jpg\",\"width\":1200,\"height\":1600},{\"@type\":\"BreadcrumbList\",\"@id\":\"https:\/\/www.aslroma5.it\/avviata-la-procedura-di-stabilizzazione-per-235-lavoratori-dellasl-roma-5\/#breadcrumb\",\"itemListElement\":[{\"@type\":\"ListItem\",\"position\":1,\"name\":\"Home\",\"item\":\"https:\/\/www.aslroma5.it\/\"},{\"@type\":\"ListItem\",\"position\":2,\"name\":\"Avviata la procedura di stabilizzazione per 235 lavoratori della ASL Roma 5\"}]},{\"@type\":\"WebSite\",\"@id\":\"https:\/\/www.aslroma5.it\/#website\",\"url\":\"https:\/\/www.aslroma5.it\/\",\"name\":\"ASL ROMA 5\",\"description\":\"\",\"publisher\":{\"@id\":\"https:\/\/www.aslroma5.it\/#organization\"},\"potentialAction\":[{\"@type\":\"SearchAction\",\"target\":{\"@type\":\"EntryPoint\",\"urlTemplate\":\"https:\/\/www.aslroma5.it\/?s={search_term_string}\"},\"query-input\":{\"@type\":\"PropertyValueSpecification\",\"valueRequired\":true,\"valueName\":\"search_term_string\"}}],\"inLanguage\":\"it-IT\"},{\"@type\":\"Organization\",\"@id\":\"https:\/\/www.aslroma5.it\/#organization\",\"name\":\"ASL ROMA 5\",\"url\":\"https:\/\/www.aslroma5.it\/\",\"logo\":{\"@type\":\"ImageObject\",\"inLanguage\":\"it-IT\",\"@id\":\"https:\/\/www.aslroma5.it\/#\/schema\/logo\/image\/\",\"url\":\"https:\/\/www.aslroma5.it\/wp-content\/uploads\/2025\/07\/asl-roma5-logo-25.svg\",\"contentUrl\":\"https:\/\/www.aslroma5.it\/wp-content\/uploads\/2025\/07\/asl-roma5-logo-25.svg\",\"width\":328,\"height\":112,\"caption\":\"ASL ROMA 5\"},\"image\":{\"@id\":\"https:\/\/www.aslroma5.it\/#\/schema\/logo\/image\/\"}},{\"@type\":\"Person\",\"@id\":\"https:\/\/www.aslroma5.it\/#\/schema\/person\/aae9591da64a4feb5cf19a10d69b634d\",\"name\":\"dot4all\",\"image\":{\"@type\":\"ImageObject\",\"inLanguage\":\"it-IT\",\"@id\":\"https:\/\/www.aslroma5.it\/#\/schema\/person\/image\/\",\"url\":\"https:\/\/secure.gravatar.com\/avatar\/a228c250e89e00f48f7bae46b9a785bc5b3f509d86988952d9e01450e422a0cc?s=96&d=mm&r=g\",\"contentUrl\":\"https:\/\/secure.gravatar.com\/avatar\/a228c250e89e00f48f7bae46b9a785bc5b3f509d86988952d9e01450e422a0cc?s=96&d=mm&r=g\",\"caption\":\"dot4all\"},\"sameAs\":[\"https:\/\/www.aslroma5.info\/new2021\"]}]}<\/script>\n<!-- \/ Yoast SEO plugin. -->","yoast_head_json":{"title":"Avviata la procedura di stabilizzazione per 235 lavoratori della ASL Roma 5 - ASL ROMA 5","robots":{"index":"index","follow":"follow","max-snippet":"max-snippet:-1","max-image-preview":"max-image-preview:large","max-video-preview":"max-video-preview:-1"},"canonical":"https:\/\/www.aslroma5.it\/avviata-la-procedura-di-stabilizzazione-per-235-lavoratori-dellasl-roma-5\/","og_locale":"it_IT","og_type":"article","og_title":"Avviata la procedura di stabilizzazione per 235 lavoratori della ASL Roma 5 - ASL ROMA 5","og_description":"Il primo agosto \u00e8 stato pubblicato un avviso rivolto ai precari del comparto e della dirigenza La ASL Roma 5 stabilizza pi\u00f9 di 200 lavoratori precari attualmente impiegati nell\u2019azienda. Il primo agosto \u00e8 stato pubblicato sul BURL un avviso, riservato al personale precario del comparto e della dirigenza, finalizzato alla copertura di vari profili professionali&hellip;","og_url":"https:\/\/www.aslroma5.it\/avviata-la-procedura-di-stabilizzazione-per-235-lavoratori-dellasl-roma-5\/","og_site_name":"ASL ROMA 5","article_published_time":"2024-08-02T07:52:05+00:00","article_modified_time":"2024-08-02T07:52:41+00:00","og_image":[{"width":1200,"height":1600,"url":"https:\/\/www.aslroma5.it\/wp-content\/uploads\/2022\/05\/images_Documenti2022_tivoli_direzione_aziendale.jpg","type":"image\/jpeg"}],"author":"dot4all","twitter_card":"summary_large_image","twitter_misc":{"Scritto da":"dot4all","Tempo di lettura stimato":"2 minuti"},"schema":{"@context":"https:\/\/schema.org","@graph":[{"@type":"Article","@id":"https:\/\/www.aslroma5.it\/avviata-la-procedura-di-stabilizzazione-per-235-lavoratori-dellasl-roma-5\/#article","isPartOf":{"@id":"https:\/\/www.aslroma5.it\/avviata-la-procedura-di-stabilizzazione-per-235-lavoratori-dellasl-roma-5\/"},"author":{"name":"dot4all","@id":"https:\/\/www.aslroma5.it\/#\/schema\/person\/aae9591da64a4feb5cf19a10d69b634d"},"headline":"Avviata la procedura di stabilizzazione per 235 lavoratori della ASL Roma 5","datePublished":"2024-08-02T07:52:05+00:00","dateModified":"2024-08-02T07:52:41+00:00","mainEntityOfPage":{"@id":"https:\/\/www.aslroma5.it\/avviata-la-procedura-di-stabilizzazione-per-235-lavoratori-dellasl-roma-5\/"},"wordCount":208,"publisher":{"@id":"https:\/\/www.aslroma5.it\/#organization"},"image":{"@id":"https:\/\/www.aslroma5.it\/avviata-la-procedura-di-stabilizzazione-per-235-lavoratori-dellasl-roma-5\/#primaryimage"},"thumbnailUrl":"https:\/\/www.aslroma5.it\/wp-content\/uploads\/2022\/05\/images_Documenti2022_tivoli_direzione_aziendale.jpg","keywords":["Ufficio stampa"],"articleSection":["In primo piano","News"],"inLanguage":"it-IT"},{"@type":"WebPage","@id":"https:\/\/www.aslroma5.it\/avviata-la-procedura-di-stabilizzazione-per-235-lavoratori-dellasl-roma-5\/","url":"https:\/\/www.aslroma5.it\/avviata-la-procedura-di-stabilizzazione-per-235-lavoratori-dellasl-roma-5\/","name":"Avviata la procedura di stabilizzazione per 235 lavoratori della ASL Roma 5 - ASL ROMA 5","isPartOf":{"@id":"https:\/\/www.aslroma5.it\/#website"},"primaryImageOfPage":{"@id":"https:\/\/www.aslroma5.it\/avviata-la-procedura-di-stabilizzazione-per-235-lavoratori-dellasl-roma-5\/#primaryimage"},"image":{"@id":"https:\/\/www.aslroma5.it\/avviata-la-procedura-di-stabilizzazione-per-235-lavoratori-dellasl-roma-5\/#primaryimage"},"thumbnailUrl":"https:\/\/www.aslroma5.it\/wp-content\/uploads\/2022\/05\/images_Documenti2022_tivoli_direzione_aziendale.jpg","datePublished":"2024-08-02T07:52:05+00:00","dateModified":"2024-08-02T07:52:41+00:00","breadcrumb":{"@id":"https:\/\/www.aslroma5.it\/avviata-la-procedura-di-stabilizzazione-per-235-lavoratori-dellasl-roma-5\/#breadcrumb"},"inLanguage":"it-IT","potentialAction":[{"@type":"ReadAction","target":["https:\/\/www.aslroma5.it\/avviata-la-procedura-di-stabilizzazione-per-235-lavoratori-dellasl-roma-5\/"]}]},{"@type":"ImageObject","inLanguage":"it-IT","@id":"https:\/\/www.aslroma5.it\/avviata-la-procedura-di-stabilizzazione-per-235-lavoratori-dellasl-roma-5\/#primaryimage","url":"https:\/\/www.aslroma5.it\/wp-content\/uploads\/2022\/05\/images_Documenti2022_tivoli_direzione_aziendale.jpg","contentUrl":"https:\/\/www.aslroma5.it\/wp-content\/uploads\/2022\/05\/images_Documenti2022_tivoli_direzione_aziendale.jpg","width":1200,"height":1600},{"@type":"BreadcrumbList","@id":"https:\/\/www.aslroma5.it\/avviata-la-procedura-di-stabilizzazione-per-235-lavoratori-dellasl-roma-5\/#breadcrumb","itemListElement":[{"@type":"ListItem","position":1,"name":"Home","item":"https:\/\/www.aslroma5.it\/"},{"@type":"ListItem","position":2,"name":"Avviata la procedura di stabilizzazione per 235 lavoratori della ASL Roma 5"}]},{"@type":"WebSite","@id":"https:\/\/www.aslroma5.it\/#website","url":"https:\/\/www.aslroma5.it\/","name":"ASL ROMA 5","description":"","publisher":{"@id":"https:\/\/www.aslroma5.it\/#organization"},"potentialAction":[{"@type":"SearchAction","target":{"@type":"EntryPoint","urlTemplate":"https:\/\/www.aslroma5.it\/?s={search_term_string}"},"query-input":{"@type":"PropertyValueSpecification","valueRequired":true,"valueName":"search_term_string"}}],"inLanguage":"it-IT"},{"@type":"Organization","@id":"https:\/\/www.aslroma5.it\/#organization","name":"ASL ROMA 5","url":"https:\/\/www.aslroma5.it\/","logo":{"@type":"ImageObject","inLanguage":"it-IT","@id":"https:\/\/www.aslroma5.it\/#\/schema\/logo\/image\/","url":"https:\/\/www.aslroma5.it\/wp-content\/uploads\/2025\/07\/asl-roma5-logo-25.svg","contentUrl":"https:\/\/www.aslroma5.it\/wp-content\/uploads\/2025\/07\/asl-roma5-logo-25.svg","width":328,"height":112,"caption":"ASL ROMA 5"},"image":{"@id":"https:\/\/www.aslroma5.it\/#\/schema\/logo\/image\/"}},{"@type":"Person","@id":"https:\/\/www.aslroma5.it\/#\/schema\/person\/aae9591da64a4feb5cf19a10d69b634d","name":"dot4all","image":{"@type":"ImageObject","inLanguage":"it-IT","@id":"https:\/\/www.aslroma5.it\/#\/schema\/person\/image\/","url":"https:\/\/secure.gravatar.com\/avatar\/a228c250e89e00f48f7bae46b9a785bc5b3f509d86988952d9e01450e422a0cc?s=96&d=mm&r=g","contentUrl":"https:\/\/secure.gravatar.com\/avatar\/a228c250e89e00f48f7bae46b9a785bc5b3f509d86988952d9e01450e422a0cc?s=96&d=mm&r=g","caption":"dot4all"},"sameAs":["https:\/\/www.aslroma5.info\/new2021"]}]}},"publishpress_future_action":{"enabled":false,"date":"2026-05-06 21:38:22","action":"change-status","newStatus":"draft","terms":[],"taxonomy":"category","extraData":[]},"publishpress_future_workflow_manual_trigger":{"enabledWorkflows":[]},"_links":{"self":[{"href":"https:\/\/www.aslroma5.it\/api\/wp\/v2\/posts\/81811","targetHints":{"allow":["GET"]}}],"collection":[{"href":"https:\/\/www.aslroma5.it\/api\/wp\/v2\/posts"}],"about":[{"href":"https:\/\/www.aslroma5.it\/api\/wp\/v2\/types\/post"}],"author":[{"embeddable":true,"href":"https:\/\/www.aslroma5.it\/api\/wp\/v2\/users\/1"}],"replies":[{"embeddable":true,"href":"https:\/\/www.aslroma5.it\/api\/wp\/v2\/comments?post=81811"}],"version-history":[{"count":0,"href":"https:\/\/www.aslroma5.it\/api\/wp\/v2\/posts\/81811\/revisions"}],"wp:featuredmedia":[{"embeddable":true,"href":"https:\/\/www.aslroma5.it\/api\/wp\/v2\/media\/56475"}],"wp:attachment":[{"href":"https:\/\/www.aslroma5.it\/api\/wp\/v2\/media?parent=81811"}],"wp:term":[{"taxonomy":"category","embeddable":true,"href":"https:\/\/www.aslroma5.it\/api\/wp\/v2\/categories?post=81811"},{"taxonomy":"post_tag","embeddable":true,"href":"https:\/\/www.aslroma5.it\/api\/wp\/v2\/tags?post=81811"}],"curies":[{"name":"wp","href":"https:\/\/api.w.org\/{rel}","templated":true}]}}