{"id":83691,"date":"2024-11-04T10:03:44","date_gmt":"2024-11-04T09:03:44","guid":{"rendered":"https:\/\/www.aslroma5.it\/?p=83691"},"modified":"2025-02-20T10:50:55","modified_gmt":"2025-02-20T09:50:55","slug":"campagna-di-vaccinazioni-anti-covid-19-nella-asl-roma-5","status":"publish","type":"post","link":"https:\/\/www.aslroma5.it\/campagna-di-vaccinazioni-anti-covid-19-nella-asl-roma-5\/","title":{"rendered":"Campagna di vaccinazioni anti Covid-19 nella ASL Roma 5"},"content":{"rendered":"<p><strong>Vaccinazioni anti-SARS CoViD19<br \/>\n<\/strong>La ASL Roma 5 \u00e8 impegnata nella campagna di vaccinazioni anti Covid-19. La vaccinazione \u00e8 raccomandata per le persone di et\u00e0 pari o superiore a 60 anni, per i soggetti di tutte le et\u00e0 che presentano elevata fragilit\u00e0, con particolare riferimento a chi ha una grave compromissione del sistema immunitario, alle donne in gravidanza (in qualsiasi trimestre) o nel periodo post partum (compreso il periodo di allattamento). \u00c8 raccomandata anche per i familiari conviventi e\/o care giver di persone con gravi fragilit\u00e0.<\/p>\n<p>Il vaccino utilizzato, adattato alla variante JN.1 e reso disponibile dal Ministero della Salute, \u00e8: il vaccino Comirnaty JN.1.<\/p>\n<p>Vista la situazione epidemiologica relativa alla circolazione delle virosi respiratorie, che ha superato il livello di picco stagionale, le prestazioni vaccinali\u00a0 anti SARS-CoViD19 verranno erogate nei centri vaccinali della ASL Roma 5 insieme alle altre vaccinazioni ordinarie seguendo le stesse modalit\u00e0 di accesso di quest&#8217;ultime.<\/p>\n<p><a href=\"https:\/\/www.aslroma5.it\/centri-vaccinali-adulti\/\" title=\"Centri Vaccinali E Modalit\u00c3\u00a0 Di Accesso\" target=\"_blank\" rel=\"noopener\">Centri vaccinali e modalit\u00e0 di accesso<\/a> &gt;<\/p>\n<h4>Centri vaccinali adibiti alla somministrazione del vaccino anti Covid-19<\/h4>\n<p><strong>CAVE (Palestrina)<\/strong><br \/>\nPresidio sanitario: Via Morino snc \u2013 00033 Cave (RM)<br \/>\nMarte\u00ec 9:00 &#8211; 12:00<\/p>\n<p><strong>COLLEFERRO<\/strong><br \/>\nDistretto: Via degli Esplosivi 9 &#8211; 00034 Colleferro (RM)<br \/>\nMercoled\u00ec 14:00 &#8211; 17:30<\/p>\n<p><strong>GUIDONIA<\/strong><br \/>\nDistretto: Via dei Castagni 20\/22 \u2013 00012 Guidonia (RM)<br \/>\nMarted\u00ec 8:00 &#8211; 14:00<\/p>\n<p><strong>MONTEROTONDO<\/strong><br \/>\nOspedale: Via Roberto Faravelli 27 \u2013 00015 Monterotondo (RM) \u2013 lato Pronto Soccorso<br \/>\nMercoled\u00ec 8:30 &#8211; 13:30<\/p>\n<p><strong>SUBIACO<\/strong><br \/>\nDistretto: Largo Mazzini 5 \u2013 00028 Subiaco (RM) \u2013 Piano 1 \u2013 Stanza 3<br \/>\nMercoled\u00ec 14:30 &#8211; 17:30<\/p>\n<p><strong>TIVOLI<\/strong><br \/>\nOspedale: Via Parrozzani 3 \u2013 00019 Tivoli (RM) \u2013 Palazzo Cianti<br \/>\nVenerd\u00ec 9:00 &#8211; 12:00<\/p>\n<p><a href=\"https:\/\/www.salutelazio.it\/campagna-di-vaccinazione-anti-covid-19\" title=\"Prenota La Vaccinazione\" target=\"_blank\" rel=\"noopener\">Prenota la vaccinazione<\/a><\/p>\n","protected":false},"excerpt":{"rendered":"<p>Vaccinazioni anti-SARS CoViD19 La ASL Roma 5 \u00e8 impegnata nella campagna di vaccinazioni anti Covid-19. La vaccinazione \u00e8 raccomandata per le persone di et\u00e0 pari o superiore a 60 anni, per i soggetti di tutte le et\u00e0 che presentano elevata fragilit\u00e0, con particolare riferimento a chi ha una grave compromissione del sistema immunitario, alle donne&hellip;<\/p>\n","protected":false},"author":1,"featured_media":0,"comment_status":"closed","ping_status":"closed","sticky":false,"template":"","format":"standard","meta":{"_acf_changed":false,"inline_featured_image":false,"footnotes":""},"categories":[2204,2205,2207,2208,1816,2211,2214],"tags":[2219,2314],"class_list":["post-83691","post","type-post","status-publish","format-standard","hentry","category-distretto-di-colleferro","category-distretto-di-guidonia","category-distretto-di-palestrina","category-distretto-di-subiaco","category-news","category-ospedale-di-monterotondo","category-ospedale-di-tivoli","tag-ufficio-stampa","tag-vaccinazioni","category-2204","category-2205","category-2207","category-2208","category-1816","category-2211","category-2214","description-off"],"acf":{"galleria":""},"yoast_head":"<!-- This site is optimized with the Yoast SEO plugin v25.5 - https:\/\/yoast.com\/wordpress\/plugins\/seo\/ -->\n<title>Campagna di vaccinazioni anti Covid-19 nella ASL Roma 5 - ASL ROMA 5<\/title>\n<meta name=\"robots\" content=\"index, follow, max-snippet:-1, max-image-preview:large, max-video-preview:-1\" \/>\n<link rel=\"canonical\" href=\"https:\/\/www.aslroma5.it\/campagna-di-vaccinazioni-anti-covid-19-nella-asl-roma-5\/\" \/>\n<meta property=\"og:locale\" content=\"it_IT\" \/>\n<meta property=\"og:type\" content=\"article\" \/>\n<meta property=\"og:title\" content=\"Campagna di vaccinazioni anti Covid-19 nella ASL Roma 5 - ASL ROMA 5\" \/>\n<meta property=\"og:description\" content=\"Vaccinazioni anti-SARS CoViD19 La ASL Roma 5 \u00e8 impegnata nella campagna di vaccinazioni anti Covid-19. La vaccinazione \u00e8 raccomandata per le persone di et\u00e0 pari o superiore a 60 anni, per i soggetti di tutte le et\u00e0 che presentano elevata fragilit\u00e0, con particolare riferimento a chi ha una grave compromissione del sistema immunitario, alle donne&hellip;\" \/>\n<meta property=\"og:url\" content=\"https:\/\/www.aslroma5.it\/campagna-di-vaccinazioni-anti-covid-19-nella-asl-roma-5\/\" \/>\n<meta property=\"og:site_name\" content=\"ASL ROMA 5\" \/>\n<meta property=\"article:published_time\" content=\"2024-11-04T09:03:44+00:00\" \/>\n<meta property=\"article:modified_time\" content=\"2025-02-20T09:50:55+00:00\" \/>\n<meta name=\"author\" content=\"dot4all\" \/>\n<meta name=\"twitter:card\" content=\"summary_large_image\" \/>\n<meta name=\"twitter:label1\" content=\"Scritto da\" \/>\n\t<meta name=\"twitter:data1\" content=\"dot4all\" \/>\n\t<meta name=\"twitter:label2\" content=\"Tempo di lettura stimato\" \/>\n\t<meta name=\"twitter:data2\" content=\"2 minuti\" \/>\n<script type=\"application\/ld+json\" class=\"yoast-schema-graph\">{\"@context\":\"https:\/\/schema.org\",\"@graph\":[{\"@type\":\"Article\",\"@id\":\"https:\/\/www.aslroma5.it\/campagna-di-vaccinazioni-anti-covid-19-nella-asl-roma-5\/#article\",\"isPartOf\":{\"@id\":\"https:\/\/www.aslroma5.it\/campagna-di-vaccinazioni-anti-covid-19-nella-asl-roma-5\/\"},\"author\":{\"name\":\"dot4all\",\"@id\":\"https:\/\/www.aslroma5.it\/#\/schema\/person\/aae9591da64a4feb5cf19a10d69b634d\"},\"headline\":\"Campagna di vaccinazioni anti Covid-19 nella ASL Roma 5\",\"datePublished\":\"2024-11-04T09:03:44+00:00\",\"dateModified\":\"2025-02-20T09:50:55+00:00\",\"mainEntityOfPage\":{\"@id\":\"https:\/\/www.aslroma5.it\/campagna-di-vaccinazioni-anti-covid-19-nella-asl-roma-5\/\"},\"wordCount\":233,\"publisher\":{\"@id\":\"https:\/\/www.aslroma5.it\/#organization\"},\"keywords\":[\"Ufficio stampa\",\"Vaccinazioni\"],\"articleSection\":[\"Distretto di Colleferro\",\"Distretto di Guidonia\",\"Distretto di Palestrina\",\"Distretto di Subiaco\",\"News\",\"Ospedale di Monterotondo\",\"Ospedale di Tivoli\"],\"inLanguage\":\"it-IT\"},{\"@type\":\"WebPage\",\"@id\":\"https:\/\/www.aslroma5.it\/campagna-di-vaccinazioni-anti-covid-19-nella-asl-roma-5\/\",\"url\":\"https:\/\/www.aslroma5.it\/campagna-di-vaccinazioni-anti-covid-19-nella-asl-roma-5\/\",\"name\":\"Campagna di vaccinazioni anti Covid-19 nella ASL Roma 5 - ASL ROMA 5\",\"isPartOf\":{\"@id\":\"https:\/\/www.aslroma5.it\/#website\"},\"datePublished\":\"2024-11-04T09:03:44+00:00\",\"dateModified\":\"2025-02-20T09:50:55+00:00\",\"breadcrumb\":{\"@id\":\"https:\/\/www.aslroma5.it\/campagna-di-vaccinazioni-anti-covid-19-nella-asl-roma-5\/#breadcrumb\"},\"inLanguage\":\"it-IT\",\"potentialAction\":[{\"@type\":\"ReadAction\",\"target\":[\"https:\/\/www.aslroma5.it\/campagna-di-vaccinazioni-anti-covid-19-nella-asl-roma-5\/\"]}]},{\"@type\":\"BreadcrumbList\",\"@id\":\"https:\/\/www.aslroma5.it\/campagna-di-vaccinazioni-anti-covid-19-nella-asl-roma-5\/#breadcrumb\",\"itemListElement\":[{\"@type\":\"ListItem\",\"position\":1,\"name\":\"Home\",\"item\":\"https:\/\/www.aslroma5.it\/\"},{\"@type\":\"ListItem\",\"position\":2,\"name\":\"Campagna di vaccinazioni anti Covid-19 nella ASL Roma 5\"}]},{\"@type\":\"WebSite\",\"@id\":\"https:\/\/www.aslroma5.it\/#website\",\"url\":\"https:\/\/www.aslroma5.it\/\",\"name\":\"ASL ROMA 5\",\"description\":\"\",\"publisher\":{\"@id\":\"https:\/\/www.aslroma5.it\/#organization\"},\"potentialAction\":[{\"@type\":\"SearchAction\",\"target\":{\"@type\":\"EntryPoint\",\"urlTemplate\":\"https:\/\/www.aslroma5.it\/?s={search_term_string}\"},\"query-input\":{\"@type\":\"PropertyValueSpecification\",\"valueRequired\":true,\"valueName\":\"search_term_string\"}}],\"inLanguage\":\"it-IT\"},{\"@type\":\"Organization\",\"@id\":\"https:\/\/www.aslroma5.it\/#organization\",\"name\":\"ASL ROMA 5\",\"url\":\"https:\/\/www.aslroma5.it\/\",\"logo\":{\"@type\":\"ImageObject\",\"inLanguage\":\"it-IT\",\"@id\":\"https:\/\/www.aslroma5.it\/#\/schema\/logo\/image\/\",\"url\":\"https:\/\/www.aslroma5.it\/wp-content\/uploads\/2025\/07\/asl-roma5-logo-25.svg\",\"contentUrl\":\"https:\/\/www.aslroma5.it\/wp-content\/uploads\/2025\/07\/asl-roma5-logo-25.svg\",\"width\":328,\"height\":112,\"caption\":\"ASL ROMA 5\"},\"image\":{\"@id\":\"https:\/\/www.aslroma5.it\/#\/schema\/logo\/image\/\"}},{\"@type\":\"Person\",\"@id\":\"https:\/\/www.aslroma5.it\/#\/schema\/person\/aae9591da64a4feb5cf19a10d69b634d\",\"name\":\"dot4all\",\"image\":{\"@type\":\"ImageObject\",\"inLanguage\":\"it-IT\",\"@id\":\"https:\/\/www.aslroma5.it\/#\/schema\/person\/image\/\",\"url\":\"https:\/\/secure.gravatar.com\/avatar\/a228c250e89e00f48f7bae46b9a785bc5b3f509d86988952d9e01450e422a0cc?s=96&d=mm&r=g\",\"contentUrl\":\"https:\/\/secure.gravatar.com\/avatar\/a228c250e89e00f48f7bae46b9a785bc5b3f509d86988952d9e01450e422a0cc?s=96&d=mm&r=g\",\"caption\":\"dot4all\"},\"sameAs\":[\"https:\/\/www.aslroma5.info\/new2021\"]}]}<\/script>\n<!-- \/ Yoast SEO plugin. -->","yoast_head_json":{"title":"Campagna di vaccinazioni anti Covid-19 nella ASL Roma 5 - ASL ROMA 5","robots":{"index":"index","follow":"follow","max-snippet":"max-snippet:-1","max-image-preview":"max-image-preview:large","max-video-preview":"max-video-preview:-1"},"canonical":"https:\/\/www.aslroma5.it\/campagna-di-vaccinazioni-anti-covid-19-nella-asl-roma-5\/","og_locale":"it_IT","og_type":"article","og_title":"Campagna di vaccinazioni anti Covid-19 nella ASL Roma 5 - ASL ROMA 5","og_description":"Vaccinazioni anti-SARS CoViD19 La ASL Roma 5 \u00e8 impegnata nella campagna di vaccinazioni anti Covid-19. La vaccinazione \u00e8 raccomandata per le persone di et\u00e0 pari o superiore a 60 anni, per i soggetti di tutte le et\u00e0 che presentano elevata fragilit\u00e0, con particolare riferimento a chi ha una grave compromissione del sistema immunitario, alle donne&hellip;","og_url":"https:\/\/www.aslroma5.it\/campagna-di-vaccinazioni-anti-covid-19-nella-asl-roma-5\/","og_site_name":"ASL ROMA 5","article_published_time":"2024-11-04T09:03:44+00:00","article_modified_time":"2025-02-20T09:50:55+00:00","author":"dot4all","twitter_card":"summary_large_image","twitter_misc":{"Scritto da":"dot4all","Tempo di lettura stimato":"2 minuti"},"schema":{"@context":"https:\/\/schema.org","@graph":[{"@type":"Article","@id":"https:\/\/www.aslroma5.it\/campagna-di-vaccinazioni-anti-covid-19-nella-asl-roma-5\/#article","isPartOf":{"@id":"https:\/\/www.aslroma5.it\/campagna-di-vaccinazioni-anti-covid-19-nella-asl-roma-5\/"},"author":{"name":"dot4all","@id":"https:\/\/www.aslroma5.it\/#\/schema\/person\/aae9591da64a4feb5cf19a10d69b634d"},"headline":"Campagna di vaccinazioni anti Covid-19 nella ASL Roma 5","datePublished":"2024-11-04T09:03:44+00:00","dateModified":"2025-02-20T09:50:55+00:00","mainEntityOfPage":{"@id":"https:\/\/www.aslroma5.it\/campagna-di-vaccinazioni-anti-covid-19-nella-asl-roma-5\/"},"wordCount":233,"publisher":{"@id":"https:\/\/www.aslroma5.it\/#organization"},"keywords":["Ufficio stampa","Vaccinazioni"],"articleSection":["Distretto di Colleferro","Distretto di Guidonia","Distretto di Palestrina","Distretto di Subiaco","News","Ospedale di Monterotondo","Ospedale di Tivoli"],"inLanguage":"it-IT"},{"@type":"WebPage","@id":"https:\/\/www.aslroma5.it\/campagna-di-vaccinazioni-anti-covid-19-nella-asl-roma-5\/","url":"https:\/\/www.aslroma5.it\/campagna-di-vaccinazioni-anti-covid-19-nella-asl-roma-5\/","name":"Campagna di vaccinazioni anti Covid-19 nella ASL Roma 5 - ASL ROMA 5","isPartOf":{"@id":"https:\/\/www.aslroma5.it\/#website"},"datePublished":"2024-11-04T09:03:44+00:00","dateModified":"2025-02-20T09:50:55+00:00","breadcrumb":{"@id":"https:\/\/www.aslroma5.it\/campagna-di-vaccinazioni-anti-covid-19-nella-asl-roma-5\/#breadcrumb"},"inLanguage":"it-IT","potentialAction":[{"@type":"ReadAction","target":["https:\/\/www.aslroma5.it\/campagna-di-vaccinazioni-anti-covid-19-nella-asl-roma-5\/"]}]},{"@type":"BreadcrumbList","@id":"https:\/\/www.aslroma5.it\/campagna-di-vaccinazioni-anti-covid-19-nella-asl-roma-5\/#breadcrumb","itemListElement":[{"@type":"ListItem","position":1,"name":"Home","item":"https:\/\/www.aslroma5.it\/"},{"@type":"ListItem","position":2,"name":"Campagna di vaccinazioni anti Covid-19 nella ASL Roma 5"}]},{"@type":"WebSite","@id":"https:\/\/www.aslroma5.it\/#website","url":"https:\/\/www.aslroma5.it\/","name":"ASL ROMA 5","description":"","publisher":{"@id":"https:\/\/www.aslroma5.it\/#organization"},"potentialAction":[{"@type":"SearchAction","target":{"@type":"EntryPoint","urlTemplate":"https:\/\/www.aslroma5.it\/?s={search_term_string}"},"query-input":{"@type":"PropertyValueSpecification","valueRequired":true,"valueName":"search_term_string"}}],"inLanguage":"it-IT"},{"@type":"Organization","@id":"https:\/\/www.aslroma5.it\/#organization","name":"ASL ROMA 5","url":"https:\/\/www.aslroma5.it\/","logo":{"@type":"ImageObject","inLanguage":"it-IT","@id":"https:\/\/www.aslroma5.it\/#\/schema\/logo\/image\/","url":"https:\/\/www.aslroma5.it\/wp-content\/uploads\/2025\/07\/asl-roma5-logo-25.svg","contentUrl":"https:\/\/www.aslroma5.it\/wp-content\/uploads\/2025\/07\/asl-roma5-logo-25.svg","width":328,"height":112,"caption":"ASL ROMA 5"},"image":{"@id":"https:\/\/www.aslroma5.it\/#\/schema\/logo\/image\/"}},{"@type":"Person","@id":"https:\/\/www.aslroma5.it\/#\/schema\/person\/aae9591da64a4feb5cf19a10d69b634d","name":"dot4all","image":{"@type":"ImageObject","inLanguage":"it-IT","@id":"https:\/\/www.aslroma5.it\/#\/schema\/person\/image\/","url":"https:\/\/secure.gravatar.com\/avatar\/a228c250e89e00f48f7bae46b9a785bc5b3f509d86988952d9e01450e422a0cc?s=96&d=mm&r=g","contentUrl":"https:\/\/secure.gravatar.com\/avatar\/a228c250e89e00f48f7bae46b9a785bc5b3f509d86988952d9e01450e422a0cc?s=96&d=mm&r=g","caption":"dot4all"},"sameAs":["https:\/\/www.aslroma5.info\/new2021"]}]}},"publishpress_future_action":{"enabled":false,"date":"2026-05-09 00:51:13","action":"change-status","newStatus":"draft","terms":[],"taxonomy":"category","extraData":[]},"publishpress_future_workflow_manual_trigger":{"enabledWorkflows":[]},"_links":{"self":[{"href":"https:\/\/www.aslroma5.it\/api\/wp\/v2\/posts\/83691","targetHints":{"allow":["GET"]}}],"collection":[{"href":"https:\/\/www.aslroma5.it\/api\/wp\/v2\/posts"}],"about":[{"href":"https:\/\/www.aslroma5.it\/api\/wp\/v2\/types\/post"}],"author":[{"embeddable":true,"href":"https:\/\/www.aslroma5.it\/api\/wp\/v2\/users\/1"}],"replies":[{"embeddable":true,"href":"https:\/\/www.aslroma5.it\/api\/wp\/v2\/comments?post=83691"}],"version-history":[{"count":0,"href":"https:\/\/www.aslroma5.it\/api\/wp\/v2\/posts\/83691\/revisions"}],"wp:attachment":[{"href":"https:\/\/www.aslroma5.it\/api\/wp\/v2\/media?parent=83691"}],"wp:term":[{"taxonomy":"category","embeddable":true,"href":"https:\/\/www.aslroma5.it\/api\/wp\/v2\/categories?post=83691"},{"taxonomy":"post_tag","embeddable":true,"href":"https:\/\/www.aslroma5.it\/api\/wp\/v2\/tags?post=83691"}],"curies":[{"name":"wp","href":"https:\/\/api.w.org\/{rel}","templated":true}]}}