{"id":86543,"date":"2025-05-23T14:20:37","date_gmt":"2025-05-23T12:20:37","guid":{"rendered":"https:\/\/www.aslroma5.it\/?p=86543"},"modified":"2025-05-23T14:31:02","modified_gmt":"2025-05-23T12:31:02","slug":"la-nuova-rete-oncologica-della-asl-roma-5-un-modello-integrato-di-cura-per-i-pazienti-con-tumore","status":"publish","type":"post","link":"https:\/\/www.aslroma5.it\/la-nuova-rete-oncologica-della-asl-roma-5-un-modello-integrato-di-cura-per-i-pazienti-con-tumore\/","title":{"rendered":"La nuova Rete Oncologica della ASL Roma 5: un modello integrato di cura per i pazienti con tumore"},"content":{"rendered":"<p><strong>Multidisciplinariet\u00e0, prossimit\u00e0 e continuit\u00e0 assistenziale al centro del nuovo percorso di presa in carico.<\/strong><\/p>\n<p>La ASL Roma 5 ha attivato la sua nuova Rete Oncologica. Basata sulla collaborazione multidisciplinare e sull\u2019integrazione Ospedale-Territorio, la Rete unisce risorse, competenze e tecnologie per garantire percorsi di cura personalizzati, tempestivi e di qualit\u00e0 per i pazienti affetti da patologie oncologiche.<\/p>\n<p>Grazie a questa riorganizzazione, anche i cittadini residenti nelle aree pi\u00f9 lontane dai Centri di alta specializzazione possono contare su un sistema sinergico, in grado di assicurare un servizio sempre pi\u00f9 rivolto al miglioramento dell\u2019assistenza e della qualit\u00e0 di vita.<\/p>\n<p>Elemento strategico della Rete \u00e8 il PACO \u2013 Punto Oncologico di Accesso e Continuit\u00e0 di Cura, un percorso umanizzato che rappresenta il primo contatto del paziente con la rete oncologica, dal sospetto diagnostico fino alle fasi successive della malattia. Dotato di una struttura multiprofessionale composta da Oncologo, Personale infermieristico e Amministrativo, assicura a pazienti e familiari orientamento, accesso facilitato, semplificazione burocratica, ascolto e continuit\u00e0 assistenziale, oltre a facilitare il collegamento fra i diversi nodi della Rete.<\/p>\n<p>Attualmente nella ASL Roma 5 sono attivi due ambulatori PACO, rispettivamente presso la Unit\u00e0 di Oncologia dell\u2019Ospedale San Giovanni Evangelista di Tivoli e dell\u2019Ospedale Leopoldo Parodi Delfino di Colleferro.\u00a0Le agende sono prenotabili tramite CUP aziendale con prescrizione specifica per \u201cPrima visita oncologica o visita oncologica successiva\u201d, aggiungendo \u201cAmbulatorio PACO\u201d nelle note.<\/p>\n<p>Sono stati inoltre attivati diversi Percorsi Diagnostico-Terapeutici Assistenziali (PDTA) e istituiti i team multidisciplinari, che si riuniscono settimanalmente per la gestione delle principali neoplasie \u2013 della mammella, toraciche, del tratto gastroenterico e dell\u2019apparato genitourinario \u2013 garantendo elevati standard di qualit\u00e0 nella presa in carico dei pazienti.<\/p>\n<p>Le attivit\u00e0 dei team multidisciplinari vedono la partecipazione degli specialisti dei diversi pres\u00ecdi della ASL Roma 5 coinvolti nella cura dei tumori (Oncologi, Radiologi, Endoscopisti, Chirurghi, Urologi, Anatomo-Patologi) in stretta collaborazione con i Centri di Riferimento Ospedalieri quali l\u2019Azienda Ospedaliera San Giovanni-Addolorata per la neoplasia mammaria, l\u2019Azienda Ospedaliera Universitaria Policlinico Umberto I per le neoplasie polmonari e del tratto genitourinario e le UOC di Radioterapia Oncologica della Fondazione Campus Bio-Medico e del Policlinico Universitario di Tor Vergata.<\/p>\n<p>\u00c8 stato inoltre attivato di recente l\u2019Ambulatorio Oncologico Avanzato presso l\u2019Ospedale A. Angelucci di Subiaco, a ulteriore testimonianza del potenziamento della rete territoriale.<\/p>\n<p>Le iniziative intraprese hanno determinato un notevole aumento dei pazienti oncologici che si sono rivolti alla ASL Roma 5 sia per accedere alle terapie mediche che per i trattamenti chirurgici, con un significativo incremento di numero e livello di questi ultimi. Tra i risultati pi\u00f9 rilevanti, si \u00e8 registrata una marcata riduzione del fenomeno della migrazione passiva verso Roma e una parziale inversione di tendenza, con un numero crescente di pazienti che scelgono le strutture della ASL Roma 5 per la qualit\u00e0 delle cure e i ridotti tempi di attesa.<\/p>\n<p>\u201cL\u2019attivazione della nuova Rete Oncologica rappresenta per la ASL Roma 5 un passo concreto verso una sanit\u00e0 pi\u00f9 vicina al paziente, capace di rispondere ai suoi bisogni con tempestivit\u00e0, umanit\u00e0 e competenza\u201d, afferma il Direttore Generale Silvia Cavalli. \u201cUn lavoro corale basato sulla sinergia tra professionisti e strutture, con l\u2019obiettivo di semplificare l\u2019accesso alle cure oncologiche e garantire un\u2019assistenza di qualit\u00e0, riducendo tempi di attesa e spostamenti onerosi. Un impegno che portiamo avanti con determinazione, mettendo sempre al centro la salute e la dignit\u00e0 della persona\u201d.<\/p>\n<p>Per ogni informazione utile, \u00e8 possibile inviare una mail ad ambulatoriopaco.tivoli@aslroma5.it o ambulatoriopaco.colleferro@aslroma5.it, oppure rivolgersi ai seguenti numeri:<\/p>\n<p>UOC Oncologia PO Tivoli: 0774 316 4353\/ 4553<br \/>\nUOC Oncologia PO Colleferro: 06 97 22 3279\/ 3357<\/p>\n","protected":false},"excerpt":{"rendered":"<p>Multidisciplinariet\u00e0, prossimit\u00e0 e continuit\u00e0 assistenziale al centro del nuovo percorso di presa in carico. La ASL Roma 5 ha attivato la sua nuova Rete Oncologica. Basata sulla collaborazione multidisciplinare e sull\u2019integrazione Ospedale-Territorio, la Rete unisce risorse, competenze e tecnologie per garantire percorsi di cura personalizzati, tempestivi e di qualit\u00e0 per i pazienti affetti da patologie&hellip;<\/p>\n","protected":false},"author":1,"featured_media":86546,"comment_status":"closed","ping_status":"closed","sticky":false,"template":"","format":"standard","meta":{"_acf_changed":false,"inline_featured_image":false,"footnotes":""},"categories":[2189],"tags":[2285],"class_list":["post-86543","post","type-post","status-publish","format-standard","has-post-thumbnail","hentry","category-in-primo-piano","tag-comunicato-stampa","category-2189","description-off"],"acf":{"galleria":""},"yoast_head":"<!-- This site is optimized with the Yoast SEO plugin v25.5 - https:\/\/yoast.com\/wordpress\/plugins\/seo\/ -->\n<title>La nuova Rete Oncologica della ASL Roma 5: un modello integrato di cura per i pazienti con tumore - ASL ROMA 5<\/title>\n<meta name=\"robots\" content=\"index, follow, max-snippet:-1, max-image-preview:large, max-video-preview:-1\" \/>\n<link rel=\"canonical\" href=\"https:\/\/www.aslroma5.it\/la-nuova-rete-oncologica-della-asl-roma-5-un-modello-integrato-di-cura-per-i-pazienti-con-tumore\/\" \/>\n<meta property=\"og:locale\" content=\"it_IT\" \/>\n<meta property=\"og:type\" content=\"article\" \/>\n<meta property=\"og:title\" content=\"La nuova Rete Oncologica della ASL Roma 5: un modello integrato di cura per i pazienti con tumore - ASL ROMA 5\" \/>\n<meta property=\"og:description\" content=\"Multidisciplinariet\u00e0, prossimit\u00e0 e continuit\u00e0 assistenziale al centro del nuovo percorso di presa in carico. La ASL Roma 5 ha attivato la sua nuova Rete Oncologica. Basata sulla collaborazione multidisciplinare e sull\u2019integrazione Ospedale-Territorio, la Rete unisce risorse, competenze e tecnologie per garantire percorsi di cura personalizzati, tempestivi e di qualit\u00e0 per i pazienti affetti da patologie&hellip;\" \/>\n<meta property=\"og:url\" content=\"https:\/\/www.aslroma5.it\/la-nuova-rete-oncologica-della-asl-roma-5-un-modello-integrato-di-cura-per-i-pazienti-con-tumore\/\" \/>\n<meta property=\"og:site_name\" content=\"ASL ROMA 5\" \/>\n<meta property=\"article:published_time\" content=\"2025-05-23T12:20:37+00:00\" \/>\n<meta property=\"article:modified_time\" content=\"2025-05-23T12:31:02+00:00\" \/>\n<meta property=\"og:image\" content=\"https:\/\/www.aslroma5.it\/wp-content\/uploads\/2025\/05\/comunicato-stampa-rete-oncologica-2025.jpg\" \/>\n\t<meta property=\"og:image:width\" content=\"1600\" \/>\n\t<meta property=\"og:image:height\" content=\"888\" \/>\n\t<meta property=\"og:image:type\" content=\"image\/jpeg\" \/>\n<meta name=\"author\" content=\"dot4all\" \/>\n<meta name=\"twitter:card\" content=\"summary_large_image\" \/>\n<meta name=\"twitter:label1\" content=\"Scritto da\" \/>\n\t<meta name=\"twitter:data1\" content=\"dot4all\" \/>\n\t<meta name=\"twitter:label2\" content=\"Tempo di lettura stimato\" \/>\n\t<meta name=\"twitter:data2\" content=\"4 minuti\" \/>\n<script type=\"application\/ld+json\" class=\"yoast-schema-graph\">{\"@context\":\"https:\/\/schema.org\",\"@graph\":[{\"@type\":\"Article\",\"@id\":\"https:\/\/www.aslroma5.it\/la-nuova-rete-oncologica-della-asl-roma-5-un-modello-integrato-di-cura-per-i-pazienti-con-tumore\/#article\",\"isPartOf\":{\"@id\":\"https:\/\/www.aslroma5.it\/la-nuova-rete-oncologica-della-asl-roma-5-un-modello-integrato-di-cura-per-i-pazienti-con-tumore\/\"},\"author\":{\"name\":\"dot4all\",\"@id\":\"https:\/\/www.aslroma5.it\/#\/schema\/person\/aae9591da64a4feb5cf19a10d69b634d\"},\"headline\":\"La nuova Rete Oncologica della ASL Roma 5: un modello integrato di cura per i pazienti con tumore\",\"datePublished\":\"2025-05-23T12:20:37+00:00\",\"dateModified\":\"2025-05-23T12:31:02+00:00\",\"mainEntityOfPage\":{\"@id\":\"https:\/\/www.aslroma5.it\/la-nuova-rete-oncologica-della-asl-roma-5-un-modello-integrato-di-cura-per-i-pazienti-con-tumore\/\"},\"wordCount\":596,\"publisher\":{\"@id\":\"https:\/\/www.aslroma5.it\/#organization\"},\"image\":{\"@id\":\"https:\/\/www.aslroma5.it\/la-nuova-rete-oncologica-della-asl-roma-5-un-modello-integrato-di-cura-per-i-pazienti-con-tumore\/#primaryimage\"},\"thumbnailUrl\":\"https:\/\/www.aslroma5.it\/wp-content\/uploads\/2025\/05\/comunicato-stampa-rete-oncologica-2025.jpg\",\"keywords\":[\"Comunicato stampa\"],\"articleSection\":[\"In primo piano\"],\"inLanguage\":\"it-IT\"},{\"@type\":\"WebPage\",\"@id\":\"https:\/\/www.aslroma5.it\/la-nuova-rete-oncologica-della-asl-roma-5-un-modello-integrato-di-cura-per-i-pazienti-con-tumore\/\",\"url\":\"https:\/\/www.aslroma5.it\/la-nuova-rete-oncologica-della-asl-roma-5-un-modello-integrato-di-cura-per-i-pazienti-con-tumore\/\",\"name\":\"La nuova Rete Oncologica della ASL Roma 5: un modello integrato di cura per i pazienti con tumore - ASL ROMA 5\",\"isPartOf\":{\"@id\":\"https:\/\/www.aslroma5.it\/#website\"},\"primaryImageOfPage\":{\"@id\":\"https:\/\/www.aslroma5.it\/la-nuova-rete-oncologica-della-asl-roma-5-un-modello-integrato-di-cura-per-i-pazienti-con-tumore\/#primaryimage\"},\"image\":{\"@id\":\"https:\/\/www.aslroma5.it\/la-nuova-rete-oncologica-della-asl-roma-5-un-modello-integrato-di-cura-per-i-pazienti-con-tumore\/#primaryimage\"},\"thumbnailUrl\":\"https:\/\/www.aslroma5.it\/wp-content\/uploads\/2025\/05\/comunicato-stampa-rete-oncologica-2025.jpg\",\"datePublished\":\"2025-05-23T12:20:37+00:00\",\"dateModified\":\"2025-05-23T12:31:02+00:00\",\"breadcrumb\":{\"@id\":\"https:\/\/www.aslroma5.it\/la-nuova-rete-oncologica-della-asl-roma-5-un-modello-integrato-di-cura-per-i-pazienti-con-tumore\/#breadcrumb\"},\"inLanguage\":\"it-IT\",\"potentialAction\":[{\"@type\":\"ReadAction\",\"target\":[\"https:\/\/www.aslroma5.it\/la-nuova-rete-oncologica-della-asl-roma-5-un-modello-integrato-di-cura-per-i-pazienti-con-tumore\/\"]}]},{\"@type\":\"ImageObject\",\"inLanguage\":\"it-IT\",\"@id\":\"https:\/\/www.aslroma5.it\/la-nuova-rete-oncologica-della-asl-roma-5-un-modello-integrato-di-cura-per-i-pazienti-con-tumore\/#primaryimage\",\"url\":\"https:\/\/www.aslroma5.it\/wp-content\/uploads\/2025\/05\/comunicato-stampa-rete-oncologica-2025.jpg\",\"contentUrl\":\"https:\/\/www.aslroma5.it\/wp-content\/uploads\/2025\/05\/comunicato-stampa-rete-oncologica-2025.jpg\",\"width\":1600,\"height\":888},{\"@type\":\"BreadcrumbList\",\"@id\":\"https:\/\/www.aslroma5.it\/la-nuova-rete-oncologica-della-asl-roma-5-un-modello-integrato-di-cura-per-i-pazienti-con-tumore\/#breadcrumb\",\"itemListElement\":[{\"@type\":\"ListItem\",\"position\":1,\"name\":\"Home\",\"item\":\"https:\/\/www.aslroma5.it\/\"},{\"@type\":\"ListItem\",\"position\":2,\"name\":\"La nuova Rete Oncologica della ASL Roma 5: un modello integrato di cura per i pazienti con tumore\"}]},{\"@type\":\"WebSite\",\"@id\":\"https:\/\/www.aslroma5.it\/#website\",\"url\":\"https:\/\/www.aslroma5.it\/\",\"name\":\"ASL ROMA 5\",\"description\":\"\",\"publisher\":{\"@id\":\"https:\/\/www.aslroma5.it\/#organization\"},\"potentialAction\":[{\"@type\":\"SearchAction\",\"target\":{\"@type\":\"EntryPoint\",\"urlTemplate\":\"https:\/\/www.aslroma5.it\/?s={search_term_string}\"},\"query-input\":{\"@type\":\"PropertyValueSpecification\",\"valueRequired\":true,\"valueName\":\"search_term_string\"}}],\"inLanguage\":\"it-IT\"},{\"@type\":\"Organization\",\"@id\":\"https:\/\/www.aslroma5.it\/#organization\",\"name\":\"ASL ROMA 5\",\"url\":\"https:\/\/www.aslroma5.it\/\",\"logo\":{\"@type\":\"ImageObject\",\"inLanguage\":\"it-IT\",\"@id\":\"https:\/\/www.aslroma5.it\/#\/schema\/logo\/image\/\",\"url\":\"https:\/\/www.aslroma5.it\/wp-content\/uploads\/2025\/07\/asl-roma5-logo-25.svg\",\"contentUrl\":\"https:\/\/www.aslroma5.it\/wp-content\/uploads\/2025\/07\/asl-roma5-logo-25.svg\",\"width\":328,\"height\":112,\"caption\":\"ASL ROMA 5\"},\"image\":{\"@id\":\"https:\/\/www.aslroma5.it\/#\/schema\/logo\/image\/\"}},{\"@type\":\"Person\",\"@id\":\"https:\/\/www.aslroma5.it\/#\/schema\/person\/aae9591da64a4feb5cf19a10d69b634d\",\"name\":\"dot4all\",\"image\":{\"@type\":\"ImageObject\",\"inLanguage\":\"it-IT\",\"@id\":\"https:\/\/www.aslroma5.it\/#\/schema\/person\/image\/\",\"url\":\"https:\/\/secure.gravatar.com\/avatar\/a228c250e89e00f48f7bae46b9a785bc5b3f509d86988952d9e01450e422a0cc?s=96&d=mm&r=g\",\"contentUrl\":\"https:\/\/secure.gravatar.com\/avatar\/a228c250e89e00f48f7bae46b9a785bc5b3f509d86988952d9e01450e422a0cc?s=96&d=mm&r=g\",\"caption\":\"dot4all\"},\"sameAs\":[\"https:\/\/www.aslroma5.info\/new2021\"]}]}<\/script>\n<!-- \/ Yoast SEO plugin. -->","yoast_head_json":{"title":"La nuova Rete Oncologica della ASL Roma 5: un modello integrato di cura per i pazienti con tumore - ASL ROMA 5","robots":{"index":"index","follow":"follow","max-snippet":"max-snippet:-1","max-image-preview":"max-image-preview:large","max-video-preview":"max-video-preview:-1"},"canonical":"https:\/\/www.aslroma5.it\/la-nuova-rete-oncologica-della-asl-roma-5-un-modello-integrato-di-cura-per-i-pazienti-con-tumore\/","og_locale":"it_IT","og_type":"article","og_title":"La nuova Rete Oncologica della ASL Roma 5: un modello integrato di cura per i pazienti con tumore - ASL ROMA 5","og_description":"Multidisciplinariet\u00e0, prossimit\u00e0 e continuit\u00e0 assistenziale al centro del nuovo percorso di presa in carico. La ASL Roma 5 ha attivato la sua nuova Rete Oncologica. Basata sulla collaborazione multidisciplinare e sull\u2019integrazione Ospedale-Territorio, la Rete unisce risorse, competenze e tecnologie per garantire percorsi di cura personalizzati, tempestivi e di qualit\u00e0 per i pazienti affetti da patologie&hellip;","og_url":"https:\/\/www.aslroma5.it\/la-nuova-rete-oncologica-della-asl-roma-5-un-modello-integrato-di-cura-per-i-pazienti-con-tumore\/","og_site_name":"ASL ROMA 5","article_published_time":"2025-05-23T12:20:37+00:00","article_modified_time":"2025-05-23T12:31:02+00:00","og_image":[{"width":1600,"height":888,"url":"https:\/\/www.aslroma5.it\/wp-content\/uploads\/2025\/05\/comunicato-stampa-rete-oncologica-2025.jpg","type":"image\/jpeg"}],"author":"dot4all","twitter_card":"summary_large_image","twitter_misc":{"Scritto da":"dot4all","Tempo di lettura stimato":"4 minuti"},"schema":{"@context":"https:\/\/schema.org","@graph":[{"@type":"Article","@id":"https:\/\/www.aslroma5.it\/la-nuova-rete-oncologica-della-asl-roma-5-un-modello-integrato-di-cura-per-i-pazienti-con-tumore\/#article","isPartOf":{"@id":"https:\/\/www.aslroma5.it\/la-nuova-rete-oncologica-della-asl-roma-5-un-modello-integrato-di-cura-per-i-pazienti-con-tumore\/"},"author":{"name":"dot4all","@id":"https:\/\/www.aslroma5.it\/#\/schema\/person\/aae9591da64a4feb5cf19a10d69b634d"},"headline":"La nuova Rete Oncologica della ASL Roma 5: un modello integrato di cura per i pazienti con tumore","datePublished":"2025-05-23T12:20:37+00:00","dateModified":"2025-05-23T12:31:02+00:00","mainEntityOfPage":{"@id":"https:\/\/www.aslroma5.it\/la-nuova-rete-oncologica-della-asl-roma-5-un-modello-integrato-di-cura-per-i-pazienti-con-tumore\/"},"wordCount":596,"publisher":{"@id":"https:\/\/www.aslroma5.it\/#organization"},"image":{"@id":"https:\/\/www.aslroma5.it\/la-nuova-rete-oncologica-della-asl-roma-5-un-modello-integrato-di-cura-per-i-pazienti-con-tumore\/#primaryimage"},"thumbnailUrl":"https:\/\/www.aslroma5.it\/wp-content\/uploads\/2025\/05\/comunicato-stampa-rete-oncologica-2025.jpg","keywords":["Comunicato stampa"],"articleSection":["In primo piano"],"inLanguage":"it-IT"},{"@type":"WebPage","@id":"https:\/\/www.aslroma5.it\/la-nuova-rete-oncologica-della-asl-roma-5-un-modello-integrato-di-cura-per-i-pazienti-con-tumore\/","url":"https:\/\/www.aslroma5.it\/la-nuova-rete-oncologica-della-asl-roma-5-un-modello-integrato-di-cura-per-i-pazienti-con-tumore\/","name":"La nuova Rete Oncologica della ASL Roma 5: un modello integrato di cura per i pazienti con tumore - ASL ROMA 5","isPartOf":{"@id":"https:\/\/www.aslroma5.it\/#website"},"primaryImageOfPage":{"@id":"https:\/\/www.aslroma5.it\/la-nuova-rete-oncologica-della-asl-roma-5-un-modello-integrato-di-cura-per-i-pazienti-con-tumore\/#primaryimage"},"image":{"@id":"https:\/\/www.aslroma5.it\/la-nuova-rete-oncologica-della-asl-roma-5-un-modello-integrato-di-cura-per-i-pazienti-con-tumore\/#primaryimage"},"thumbnailUrl":"https:\/\/www.aslroma5.it\/wp-content\/uploads\/2025\/05\/comunicato-stampa-rete-oncologica-2025.jpg","datePublished":"2025-05-23T12:20:37+00:00","dateModified":"2025-05-23T12:31:02+00:00","breadcrumb":{"@id":"https:\/\/www.aslroma5.it\/la-nuova-rete-oncologica-della-asl-roma-5-un-modello-integrato-di-cura-per-i-pazienti-con-tumore\/#breadcrumb"},"inLanguage":"it-IT","potentialAction":[{"@type":"ReadAction","target":["https:\/\/www.aslroma5.it\/la-nuova-rete-oncologica-della-asl-roma-5-un-modello-integrato-di-cura-per-i-pazienti-con-tumore\/"]}]},{"@type":"ImageObject","inLanguage":"it-IT","@id":"https:\/\/www.aslroma5.it\/la-nuova-rete-oncologica-della-asl-roma-5-un-modello-integrato-di-cura-per-i-pazienti-con-tumore\/#primaryimage","url":"https:\/\/www.aslroma5.it\/wp-content\/uploads\/2025\/05\/comunicato-stampa-rete-oncologica-2025.jpg","contentUrl":"https:\/\/www.aslroma5.it\/wp-content\/uploads\/2025\/05\/comunicato-stampa-rete-oncologica-2025.jpg","width":1600,"height":888},{"@type":"BreadcrumbList","@id":"https:\/\/www.aslroma5.it\/la-nuova-rete-oncologica-della-asl-roma-5-un-modello-integrato-di-cura-per-i-pazienti-con-tumore\/#breadcrumb","itemListElement":[{"@type":"ListItem","position":1,"name":"Home","item":"https:\/\/www.aslroma5.it\/"},{"@type":"ListItem","position":2,"name":"La nuova Rete Oncologica della ASL Roma 5: un modello integrato di cura per i pazienti con tumore"}]},{"@type":"WebSite","@id":"https:\/\/www.aslroma5.it\/#website","url":"https:\/\/www.aslroma5.it\/","name":"ASL ROMA 5","description":"","publisher":{"@id":"https:\/\/www.aslroma5.it\/#organization"},"potentialAction":[{"@type":"SearchAction","target":{"@type":"EntryPoint","urlTemplate":"https:\/\/www.aslroma5.it\/?s={search_term_string}"},"query-input":{"@type":"PropertyValueSpecification","valueRequired":true,"valueName":"search_term_string"}}],"inLanguage":"it-IT"},{"@type":"Organization","@id":"https:\/\/www.aslroma5.it\/#organization","name":"ASL ROMA 5","url":"https:\/\/www.aslroma5.it\/","logo":{"@type":"ImageObject","inLanguage":"it-IT","@id":"https:\/\/www.aslroma5.it\/#\/schema\/logo\/image\/","url":"https:\/\/www.aslroma5.it\/wp-content\/uploads\/2025\/07\/asl-roma5-logo-25.svg","contentUrl":"https:\/\/www.aslroma5.it\/wp-content\/uploads\/2025\/07\/asl-roma5-logo-25.svg","width":328,"height":112,"caption":"ASL ROMA 5"},"image":{"@id":"https:\/\/www.aslroma5.it\/#\/schema\/logo\/image\/"}},{"@type":"Person","@id":"https:\/\/www.aslroma5.it\/#\/schema\/person\/aae9591da64a4feb5cf19a10d69b634d","name":"dot4all","image":{"@type":"ImageObject","inLanguage":"it-IT","@id":"https:\/\/www.aslroma5.it\/#\/schema\/person\/image\/","url":"https:\/\/secure.gravatar.com\/avatar\/a228c250e89e00f48f7bae46b9a785bc5b3f509d86988952d9e01450e422a0cc?s=96&d=mm&r=g","contentUrl":"https:\/\/secure.gravatar.com\/avatar\/a228c250e89e00f48f7bae46b9a785bc5b3f509d86988952d9e01450e422a0cc?s=96&d=mm&r=g","caption":"dot4all"},"sameAs":["https:\/\/www.aslroma5.info\/new2021"]}]}},"publishpress_future_action":{"enabled":false,"date":"2026-05-09 14:22:49","action":"change-status","newStatus":"draft","terms":[],"taxonomy":"category","extraData":[]},"publishpress_future_workflow_manual_trigger":{"enabledWorkflows":[]},"_links":{"self":[{"href":"https:\/\/www.aslroma5.it\/api\/wp\/v2\/posts\/86543","targetHints":{"allow":["GET"]}}],"collection":[{"href":"https:\/\/www.aslroma5.it\/api\/wp\/v2\/posts"}],"about":[{"href":"https:\/\/www.aslroma5.it\/api\/wp\/v2\/types\/post"}],"author":[{"embeddable":true,"href":"https:\/\/www.aslroma5.it\/api\/wp\/v2\/users\/1"}],"replies":[{"embeddable":true,"href":"https:\/\/www.aslroma5.it\/api\/wp\/v2\/comments?post=86543"}],"version-history":[{"count":0,"href":"https:\/\/www.aslroma5.it\/api\/wp\/v2\/posts\/86543\/revisions"}],"wp:featuredmedia":[{"embeddable":true,"href":"https:\/\/www.aslroma5.it\/api\/wp\/v2\/media\/86546"}],"wp:attachment":[{"href":"https:\/\/www.aslroma5.it\/api\/wp\/v2\/media?parent=86543"}],"wp:term":[{"taxonomy":"category","embeddable":true,"href":"https:\/\/www.aslroma5.it\/api\/wp\/v2\/categories?post=86543"},{"taxonomy":"post_tag","embeddable":true,"href":"https:\/\/www.aslroma5.it\/api\/wp\/v2\/tags?post=86543"}],"curies":[{"name":"wp","href":"https:\/\/api.w.org\/{rel}","templated":true}]}}