{"id":86597,"date":"2025-05-27T15:21:21","date_gmt":"2025-05-27T13:21:21","guid":{"rendered":"https:\/\/www.aslroma5.it\/?p=86597"},"modified":"2025-05-27T15:21:21","modified_gmt":"2025-05-27T13:21:21","slug":"4-giugno-evento-le-cure-palliative-nella-regione-lazio-per-la-giornata-nazionale-del-sollievo","status":"publish","type":"post","link":"https:\/\/www.aslroma5.it\/4-giugno-evento-le-cure-palliative-nella-regione-lazio-per-la-giornata-nazionale-del-sollievo\/","title":{"rendered":"4 giugno: Evento &#8220;Le cure palliative nella Regione Lazio&#8221; per la Giornata Nazionale del Sollievo"},"content":{"rendered":"<p>Mercoled\u00ec 4 giugno dalle 10:00 alle 14:00 si terr\u00e0 presso la Regione Lazio (via R.R. Garibaldi, 7, Sala Tevere, Palazzina A) l&#8217;evento &#8220;Le cure palliative nella Regione Lazio&#8221;, organizzato in occasione della XXIV Giornata Nazionale del Sollievo.<\/p>\n<p>Il diritto al sollievo \u00e8 un dovere, curare per guarire \u00e8 spesso possibile, prendersi cura per il sollievo \u00e8 sempre possibile.<\/p>\n<p>La Legge n. 38\/2010 definisce principi e norme volte a garantire un\u2019assistenza qualificata e appropriata ai pazienti che necessitano di cure palliative ed ha individuato il modello \u201ca rete\u201d come il modello organizzativo capace di rispondere ai bisogni del paziente e della sua famiglia.<\/p>\n<p>Le cure palliative sono state definite dall&#8217;Organizzazione Mondiale della Sanit\u00e0 (OMS) come &#8220;\u2026un approccio che migliora la qualit\u00e0 della vita dei malati e delle loro famiglie che si trovano ad affrontare problematiche associate a malattie inguaribili, attraverso la prevenzione e il sollievo della sofferenza per mezzo di un\u2019identificazione precoce e di un ottimale trattamento del dolore e di altre problematiche di natura fisica, psicologica, sociale e spirituale&#8221;.<\/p>\n<p>L&#8217;Intesa Stato\/Regioni del 25 luglio 2012 indica gli standard strutturali e di processo che caratterizzano la Rete di Cure Palliative e definisce la Rete Locale &#8220;una aggregazione funzionale ed integrata delle attivit\u00e0 di cure palliative erogate nei diversi setting assistenziali, in un ambito territoriale definito a livello regionale\u201d.<\/p>\n<p>La Regione Lazio ha realizzato un piano di sviluppo delle cure palliative per garantire l\u2019accreditamento di 10 Reti Locali di Cure Palliative RLCP (Decreto-legge 25 maggio 2021, n. 73, convertito dalla legge 23 luglio 2021, n. 106). L\u2019accreditamento delle RLCP verr\u00e0 completato entro dicembre 2025 e garantir\u00e0 percorsi uniformi per i pazienti con bisogni di cure palliative su tutto il territorio Regionale.<\/p>\n<p>Per maggiori informazioni sull&#8217;evento, consultare il <a href=\"https:\/\/www.aslroma5.it\/wp-content\/uploads\/2025\/05\/giornata_sollievo-programma-0406025.pdf\" title=\"Programma\" target=\"_blank\" rel=\"noopener\">programma<\/a>.<\/p>\n","protected":false},"excerpt":{"rendered":"<p>Mercoled\u00ec 4 giugno dalle 10:00 alle 14:00 si terr\u00e0 presso la Regione Lazio (via R.R. Garibaldi, 7, Sala Tevere, Palazzina A) l&#8217;evento &#8220;Le cure palliative nella Regione Lazio&#8221;, organizzato in occasione della XXIV Giornata Nazionale del Sollievo. Il diritto al sollievo \u00e8 un dovere, curare per guarire \u00e8 spesso possibile, prendersi cura per il sollievo&hellip;<\/p>\n","protected":false},"author":1,"featured_media":86598,"comment_status":"closed","ping_status":"closed","sticky":false,"template":"","format":"standard","meta":{"_acf_changed":false,"inline_featured_image":false,"footnotes":""},"categories":[1816],"tags":[],"class_list":["post-86597","post","type-post","status-publish","format-standard","has-post-thumbnail","hentry","category-news","category-1816","description-off"],"acf":{"galleria":""},"yoast_head":"<!-- This site is optimized with the Yoast SEO plugin v25.5 - https:\/\/yoast.com\/wordpress\/plugins\/seo\/ -->\n<title>4 giugno: Evento &quot;Le cure palliative nella Regione Lazio&quot; per la Giornata Nazionale del Sollievo - ASL ROMA 5<\/title>\n<meta name=\"robots\" content=\"index, follow, max-snippet:-1, max-image-preview:large, max-video-preview:-1\" \/>\n<link rel=\"canonical\" href=\"https:\/\/www.aslroma5.it\/4-giugno-evento-le-cure-palliative-nella-regione-lazio-per-la-giornata-nazionale-del-sollievo\/\" \/>\n<meta property=\"og:locale\" content=\"it_IT\" \/>\n<meta property=\"og:type\" content=\"article\" \/>\n<meta property=\"og:title\" content=\"4 giugno: Evento &quot;Le cure palliative nella Regione Lazio&quot; per la Giornata Nazionale del Sollievo - ASL ROMA 5\" \/>\n<meta property=\"og:description\" content=\"Mercoled\u00ec 4 giugno dalle 10:00 alle 14:00 si terr\u00e0 presso la Regione Lazio (via R.R. Garibaldi, 7, Sala Tevere, Palazzina A) l&#8217;evento &#8220;Le cure palliative nella Regione Lazio&#8221;, organizzato in occasione della XXIV Giornata Nazionale del Sollievo. Il diritto al sollievo \u00e8 un dovere, curare per guarire \u00e8 spesso possibile, prendersi cura per il sollievo&hellip;\" \/>\n<meta property=\"og:url\" content=\"https:\/\/www.aslroma5.it\/4-giugno-evento-le-cure-palliative-nella-regione-lazio-per-la-giornata-nazionale-del-sollievo\/\" \/>\n<meta property=\"og:site_name\" content=\"ASL ROMA 5\" \/>\n<meta property=\"article:published_time\" content=\"2025-05-27T13:21:21+00:00\" \/>\n<meta property=\"og:image\" content=\"https:\/\/www.aslroma5.it\/wp-content\/uploads\/2025\/05\/giornata_sollievo-locandina-040625.jpg\" \/>\n\t<meta property=\"og:image:width\" content=\"874\" \/>\n\t<meta property=\"og:image:height\" content=\"1241\" \/>\n\t<meta property=\"og:image:type\" content=\"image\/jpeg\" \/>\n<meta name=\"author\" content=\"dot4all\" \/>\n<meta name=\"twitter:card\" content=\"summary_large_image\" \/>\n<meta name=\"twitter:label1\" content=\"Scritto da\" \/>\n\t<meta name=\"twitter:data1\" content=\"dot4all\" \/>\n\t<meta name=\"twitter:label2\" content=\"Tempo di lettura stimato\" \/>\n\t<meta name=\"twitter:data2\" content=\"2 minuti\" \/>\n<script type=\"application\/ld+json\" class=\"yoast-schema-graph\">{\"@context\":\"https:\/\/schema.org\",\"@graph\":[{\"@type\":\"Article\",\"@id\":\"https:\/\/www.aslroma5.it\/4-giugno-evento-le-cure-palliative-nella-regione-lazio-per-la-giornata-nazionale-del-sollievo\/#article\",\"isPartOf\":{\"@id\":\"https:\/\/www.aslroma5.it\/4-giugno-evento-le-cure-palliative-nella-regione-lazio-per-la-giornata-nazionale-del-sollievo\/\"},\"author\":{\"name\":\"dot4all\",\"@id\":\"https:\/\/www.aslroma5.it\/#\/schema\/person\/aae9591da64a4feb5cf19a10d69b634d\"},\"headline\":\"4 giugno: Evento &#8220;Le cure palliative nella Regione Lazio&#8221; per la Giornata Nazionale del Sollievo\",\"datePublished\":\"2025-05-27T13:21:21+00:00\",\"mainEntityOfPage\":{\"@id\":\"https:\/\/www.aslroma5.it\/4-giugno-evento-le-cure-palliative-nella-regione-lazio-per-la-giornata-nazionale-del-sollievo\/\"},\"wordCount\":292,\"publisher\":{\"@id\":\"https:\/\/www.aslroma5.it\/#organization\"},\"image\":{\"@id\":\"https:\/\/www.aslroma5.it\/4-giugno-evento-le-cure-palliative-nella-regione-lazio-per-la-giornata-nazionale-del-sollievo\/#primaryimage\"},\"thumbnailUrl\":\"https:\/\/www.aslroma5.it\/wp-content\/uploads\/2025\/05\/giornata_sollievo-locandina-040625.jpg\",\"articleSection\":[\"News\"],\"inLanguage\":\"it-IT\"},{\"@type\":\"WebPage\",\"@id\":\"https:\/\/www.aslroma5.it\/4-giugno-evento-le-cure-palliative-nella-regione-lazio-per-la-giornata-nazionale-del-sollievo\/\",\"url\":\"https:\/\/www.aslroma5.it\/4-giugno-evento-le-cure-palliative-nella-regione-lazio-per-la-giornata-nazionale-del-sollievo\/\",\"name\":\"4 giugno: Evento \\\"Le cure palliative nella Regione Lazio\\\" per la Giornata Nazionale del Sollievo - ASL ROMA 5\",\"isPartOf\":{\"@id\":\"https:\/\/www.aslroma5.it\/#website\"},\"primaryImageOfPage\":{\"@id\":\"https:\/\/www.aslroma5.it\/4-giugno-evento-le-cure-palliative-nella-regione-lazio-per-la-giornata-nazionale-del-sollievo\/#primaryimage\"},\"image\":{\"@id\":\"https:\/\/www.aslroma5.it\/4-giugno-evento-le-cure-palliative-nella-regione-lazio-per-la-giornata-nazionale-del-sollievo\/#primaryimage\"},\"thumbnailUrl\":\"https:\/\/www.aslroma5.it\/wp-content\/uploads\/2025\/05\/giornata_sollievo-locandina-040625.jpg\",\"datePublished\":\"2025-05-27T13:21:21+00:00\",\"breadcrumb\":{\"@id\":\"https:\/\/www.aslroma5.it\/4-giugno-evento-le-cure-palliative-nella-regione-lazio-per-la-giornata-nazionale-del-sollievo\/#breadcrumb\"},\"inLanguage\":\"it-IT\",\"potentialAction\":[{\"@type\":\"ReadAction\",\"target\":[\"https:\/\/www.aslroma5.it\/4-giugno-evento-le-cure-palliative-nella-regione-lazio-per-la-giornata-nazionale-del-sollievo\/\"]}]},{\"@type\":\"ImageObject\",\"inLanguage\":\"it-IT\",\"@id\":\"https:\/\/www.aslroma5.it\/4-giugno-evento-le-cure-palliative-nella-regione-lazio-per-la-giornata-nazionale-del-sollievo\/#primaryimage\",\"url\":\"https:\/\/www.aslroma5.it\/wp-content\/uploads\/2025\/05\/giornata_sollievo-locandina-040625.jpg\",\"contentUrl\":\"https:\/\/www.aslroma5.it\/wp-content\/uploads\/2025\/05\/giornata_sollievo-locandina-040625.jpg\",\"width\":874,\"height\":1241},{\"@type\":\"BreadcrumbList\",\"@id\":\"https:\/\/www.aslroma5.it\/4-giugno-evento-le-cure-palliative-nella-regione-lazio-per-la-giornata-nazionale-del-sollievo\/#breadcrumb\",\"itemListElement\":[{\"@type\":\"ListItem\",\"position\":1,\"name\":\"Home\",\"item\":\"https:\/\/www.aslroma5.it\/\"},{\"@type\":\"ListItem\",\"position\":2,\"name\":\"4 giugno: Evento &#8220;Le cure palliative nella Regione Lazio&#8221; per la Giornata Nazionale del Sollievo\"}]},{\"@type\":\"WebSite\",\"@id\":\"https:\/\/www.aslroma5.it\/#website\",\"url\":\"https:\/\/www.aslroma5.it\/\",\"name\":\"ASL ROMA 5\",\"description\":\"\",\"publisher\":{\"@id\":\"https:\/\/www.aslroma5.it\/#organization\"},\"potentialAction\":[{\"@type\":\"SearchAction\",\"target\":{\"@type\":\"EntryPoint\",\"urlTemplate\":\"https:\/\/www.aslroma5.it\/?s={search_term_string}\"},\"query-input\":{\"@type\":\"PropertyValueSpecification\",\"valueRequired\":true,\"valueName\":\"search_term_string\"}}],\"inLanguage\":\"it-IT\"},{\"@type\":\"Organization\",\"@id\":\"https:\/\/www.aslroma5.it\/#organization\",\"name\":\"ASL ROMA 5\",\"url\":\"https:\/\/www.aslroma5.it\/\",\"logo\":{\"@type\":\"ImageObject\",\"inLanguage\":\"it-IT\",\"@id\":\"https:\/\/www.aslroma5.it\/#\/schema\/logo\/image\/\",\"url\":\"https:\/\/www.aslroma5.it\/wp-content\/uploads\/2025\/07\/asl-roma5-logo-25.svg\",\"contentUrl\":\"https:\/\/www.aslroma5.it\/wp-content\/uploads\/2025\/07\/asl-roma5-logo-25.svg\",\"width\":328,\"height\":112,\"caption\":\"ASL ROMA 5\"},\"image\":{\"@id\":\"https:\/\/www.aslroma5.it\/#\/schema\/logo\/image\/\"}},{\"@type\":\"Person\",\"@id\":\"https:\/\/www.aslroma5.it\/#\/schema\/person\/aae9591da64a4feb5cf19a10d69b634d\",\"name\":\"dot4all\",\"image\":{\"@type\":\"ImageObject\",\"inLanguage\":\"it-IT\",\"@id\":\"https:\/\/www.aslroma5.it\/#\/schema\/person\/image\/\",\"url\":\"https:\/\/secure.gravatar.com\/avatar\/a228c250e89e00f48f7bae46b9a785bc5b3f509d86988952d9e01450e422a0cc?s=96&d=mm&r=g\",\"contentUrl\":\"https:\/\/secure.gravatar.com\/avatar\/a228c250e89e00f48f7bae46b9a785bc5b3f509d86988952d9e01450e422a0cc?s=96&d=mm&r=g\",\"caption\":\"dot4all\"},\"sameAs\":[\"https:\/\/www.aslroma5.info\/new2021\"]}]}<\/script>\n<!-- \/ Yoast SEO plugin. -->","yoast_head_json":{"title":"4 giugno: Evento \"Le cure palliative nella Regione Lazio\" per la Giornata Nazionale del Sollievo - ASL ROMA 5","robots":{"index":"index","follow":"follow","max-snippet":"max-snippet:-1","max-image-preview":"max-image-preview:large","max-video-preview":"max-video-preview:-1"},"canonical":"https:\/\/www.aslroma5.it\/4-giugno-evento-le-cure-palliative-nella-regione-lazio-per-la-giornata-nazionale-del-sollievo\/","og_locale":"it_IT","og_type":"article","og_title":"4 giugno: Evento \"Le cure palliative nella Regione Lazio\" per la Giornata Nazionale del Sollievo - ASL ROMA 5","og_description":"Mercoled\u00ec 4 giugno dalle 10:00 alle 14:00 si terr\u00e0 presso la Regione Lazio (via R.R. Garibaldi, 7, Sala Tevere, Palazzina A) l&#8217;evento &#8220;Le cure palliative nella Regione Lazio&#8221;, organizzato in occasione della XXIV Giornata Nazionale del Sollievo. Il diritto al sollievo \u00e8 un dovere, curare per guarire \u00e8 spesso possibile, prendersi cura per il sollievo&hellip;","og_url":"https:\/\/www.aslroma5.it\/4-giugno-evento-le-cure-palliative-nella-regione-lazio-per-la-giornata-nazionale-del-sollievo\/","og_site_name":"ASL ROMA 5","article_published_time":"2025-05-27T13:21:21+00:00","og_image":[{"width":874,"height":1241,"url":"https:\/\/www.aslroma5.it\/wp-content\/uploads\/2025\/05\/giornata_sollievo-locandina-040625.jpg","type":"image\/jpeg"}],"author":"dot4all","twitter_card":"summary_large_image","twitter_misc":{"Scritto da":"dot4all","Tempo di lettura stimato":"2 minuti"},"schema":{"@context":"https:\/\/schema.org","@graph":[{"@type":"Article","@id":"https:\/\/www.aslroma5.it\/4-giugno-evento-le-cure-palliative-nella-regione-lazio-per-la-giornata-nazionale-del-sollievo\/#article","isPartOf":{"@id":"https:\/\/www.aslroma5.it\/4-giugno-evento-le-cure-palliative-nella-regione-lazio-per-la-giornata-nazionale-del-sollievo\/"},"author":{"name":"dot4all","@id":"https:\/\/www.aslroma5.it\/#\/schema\/person\/aae9591da64a4feb5cf19a10d69b634d"},"headline":"4 giugno: Evento &#8220;Le cure palliative nella Regione Lazio&#8221; per la Giornata Nazionale del Sollievo","datePublished":"2025-05-27T13:21:21+00:00","mainEntityOfPage":{"@id":"https:\/\/www.aslroma5.it\/4-giugno-evento-le-cure-palliative-nella-regione-lazio-per-la-giornata-nazionale-del-sollievo\/"},"wordCount":292,"publisher":{"@id":"https:\/\/www.aslroma5.it\/#organization"},"image":{"@id":"https:\/\/www.aslroma5.it\/4-giugno-evento-le-cure-palliative-nella-regione-lazio-per-la-giornata-nazionale-del-sollievo\/#primaryimage"},"thumbnailUrl":"https:\/\/www.aslroma5.it\/wp-content\/uploads\/2025\/05\/giornata_sollievo-locandina-040625.jpg","articleSection":["News"],"inLanguage":"it-IT"},{"@type":"WebPage","@id":"https:\/\/www.aslroma5.it\/4-giugno-evento-le-cure-palliative-nella-regione-lazio-per-la-giornata-nazionale-del-sollievo\/","url":"https:\/\/www.aslroma5.it\/4-giugno-evento-le-cure-palliative-nella-regione-lazio-per-la-giornata-nazionale-del-sollievo\/","name":"4 giugno: Evento \"Le cure palliative nella Regione Lazio\" per la Giornata Nazionale del Sollievo - ASL ROMA 5","isPartOf":{"@id":"https:\/\/www.aslroma5.it\/#website"},"primaryImageOfPage":{"@id":"https:\/\/www.aslroma5.it\/4-giugno-evento-le-cure-palliative-nella-regione-lazio-per-la-giornata-nazionale-del-sollievo\/#primaryimage"},"image":{"@id":"https:\/\/www.aslroma5.it\/4-giugno-evento-le-cure-palliative-nella-regione-lazio-per-la-giornata-nazionale-del-sollievo\/#primaryimage"},"thumbnailUrl":"https:\/\/www.aslroma5.it\/wp-content\/uploads\/2025\/05\/giornata_sollievo-locandina-040625.jpg","datePublished":"2025-05-27T13:21:21+00:00","breadcrumb":{"@id":"https:\/\/www.aslroma5.it\/4-giugno-evento-le-cure-palliative-nella-regione-lazio-per-la-giornata-nazionale-del-sollievo\/#breadcrumb"},"inLanguage":"it-IT","potentialAction":[{"@type":"ReadAction","target":["https:\/\/www.aslroma5.it\/4-giugno-evento-le-cure-palliative-nella-regione-lazio-per-la-giornata-nazionale-del-sollievo\/"]}]},{"@type":"ImageObject","inLanguage":"it-IT","@id":"https:\/\/www.aslroma5.it\/4-giugno-evento-le-cure-palliative-nella-regione-lazio-per-la-giornata-nazionale-del-sollievo\/#primaryimage","url":"https:\/\/www.aslroma5.it\/wp-content\/uploads\/2025\/05\/giornata_sollievo-locandina-040625.jpg","contentUrl":"https:\/\/www.aslroma5.it\/wp-content\/uploads\/2025\/05\/giornata_sollievo-locandina-040625.jpg","width":874,"height":1241},{"@type":"BreadcrumbList","@id":"https:\/\/www.aslroma5.it\/4-giugno-evento-le-cure-palliative-nella-regione-lazio-per-la-giornata-nazionale-del-sollievo\/#breadcrumb","itemListElement":[{"@type":"ListItem","position":1,"name":"Home","item":"https:\/\/www.aslroma5.it\/"},{"@type":"ListItem","position":2,"name":"4 giugno: Evento &#8220;Le cure palliative nella Regione Lazio&#8221; per la Giornata Nazionale del Sollievo"}]},{"@type":"WebSite","@id":"https:\/\/www.aslroma5.it\/#website","url":"https:\/\/www.aslroma5.it\/","name":"ASL ROMA 5","description":"","publisher":{"@id":"https:\/\/www.aslroma5.it\/#organization"},"potentialAction":[{"@type":"SearchAction","target":{"@type":"EntryPoint","urlTemplate":"https:\/\/www.aslroma5.it\/?s={search_term_string}"},"query-input":{"@type":"PropertyValueSpecification","valueRequired":true,"valueName":"search_term_string"}}],"inLanguage":"it-IT"},{"@type":"Organization","@id":"https:\/\/www.aslroma5.it\/#organization","name":"ASL ROMA 5","url":"https:\/\/www.aslroma5.it\/","logo":{"@type":"ImageObject","inLanguage":"it-IT","@id":"https:\/\/www.aslroma5.it\/#\/schema\/logo\/image\/","url":"https:\/\/www.aslroma5.it\/wp-content\/uploads\/2025\/07\/asl-roma5-logo-25.svg","contentUrl":"https:\/\/www.aslroma5.it\/wp-content\/uploads\/2025\/07\/asl-roma5-logo-25.svg","width":328,"height":112,"caption":"ASL ROMA 5"},"image":{"@id":"https:\/\/www.aslroma5.it\/#\/schema\/logo\/image\/"}},{"@type":"Person","@id":"https:\/\/www.aslroma5.it\/#\/schema\/person\/aae9591da64a4feb5cf19a10d69b634d","name":"dot4all","image":{"@type":"ImageObject","inLanguage":"it-IT","@id":"https:\/\/www.aslroma5.it\/#\/schema\/person\/image\/","url":"https:\/\/secure.gravatar.com\/avatar\/a228c250e89e00f48f7bae46b9a785bc5b3f509d86988952d9e01450e422a0cc?s=96&d=mm&r=g","contentUrl":"https:\/\/secure.gravatar.com\/avatar\/a228c250e89e00f48f7bae46b9a785bc5b3f509d86988952d9e01450e422a0cc?s=96&d=mm&r=g","caption":"dot4all"},"sameAs":["https:\/\/www.aslroma5.info\/new2021"]}]}},"publishpress_future_action":{"enabled":false,"date":"2026-05-09 14:29:01","action":"change-status","newStatus":"draft","terms":[],"taxonomy":"category","extraData":[]},"publishpress_future_workflow_manual_trigger":{"enabledWorkflows":[]},"_links":{"self":[{"href":"https:\/\/www.aslroma5.it\/api\/wp\/v2\/posts\/86597","targetHints":{"allow":["GET"]}}],"collection":[{"href":"https:\/\/www.aslroma5.it\/api\/wp\/v2\/posts"}],"about":[{"href":"https:\/\/www.aslroma5.it\/api\/wp\/v2\/types\/post"}],"author":[{"embeddable":true,"href":"https:\/\/www.aslroma5.it\/api\/wp\/v2\/users\/1"}],"replies":[{"embeddable":true,"href":"https:\/\/www.aslroma5.it\/api\/wp\/v2\/comments?post=86597"}],"version-history":[{"count":0,"href":"https:\/\/www.aslroma5.it\/api\/wp\/v2\/posts\/86597\/revisions"}],"wp:featuredmedia":[{"embeddable":true,"href":"https:\/\/www.aslroma5.it\/api\/wp\/v2\/media\/86598"}],"wp:attachment":[{"href":"https:\/\/www.aslroma5.it\/api\/wp\/v2\/media?parent=86597"}],"wp:term":[{"taxonomy":"category","embeddable":true,"href":"https:\/\/www.aslroma5.it\/api\/wp\/v2\/categories?post=86597"},{"taxonomy":"post_tag","embeddable":true,"href":"https:\/\/www.aslroma5.it\/api\/wp\/v2\/tags?post=86597"}],"curies":[{"name":"wp","href":"https:\/\/api.w.org\/{rel}","templated":true}]}}