{"id":86630,"date":"2025-05-29T14:30:46","date_gmt":"2025-05-29T12:30:46","guid":{"rendered":"https:\/\/www.aslroma5.it\/?p=86630"},"modified":"2025-05-29T14:34:54","modified_gmt":"2025-05-29T12:34:54","slug":"asl-roma-5-un-anno-di-rinascita-per-lospedale-di-tivoli","status":"publish","type":"post","link":"https:\/\/www.aslroma5.it\/asl-roma-5-un-anno-di-rinascita-per-lospedale-di-tivoli\/","title":{"rendered":"ASL Roma 5, un anno di rinascita per l\u2019Ospedale di Tivoli"},"content":{"rendered":"<p>Presentati dal Direttore Generale Silvia Cavalli i risultati conseguiti, le prospettive future e i nuovi Direttori di struttura a un anno dalla riapertura dopo l\u2019incendio del 2023.<\/p>\n<p>Si \u00e8 tenuta oggi gioved\u00ec 29 maggio, presso l\u2019Aula Magna di Palazzo Cianti a Tivoli, \u201cInsieme nella ripartenza: un anno di impegno e cura nell\u2019Ospedale di Tivoli\u201d, conferenza stampa organizzata dalla ASL Roma 5 in occasione del primo anniversario dalla riapertura dell\u2019Ospedale San Giovanni Evangelista, avvenuta il 27 maggio 2024 dopo il grave incendio del dicembre 2023.<\/p>\n<p>L\u2019evento ha rappresentato un\u2019occasione di riflessione e condivisione, evidenziando il ruolo strategico della collaborazione tra istituzioni, professionisti sanitari e territorio nella rinascita dell\u2019Ospedale di Tivoli.<\/p>\n<p>Nel corso dell\u2019evento il Direttore Generale della ASL Roma 5 Silvia Cavalli, unitamente al Direttore Sanitario Filippo Coiro e al Direttore Sanitario f.f. Dott. Franco Cortellessa, ha illustrato i risultati raggiunti nell\u2019ultimo anno, frutto di un intenso lavoro di rilancio e potenziamento dell\u2019offerta sanitaria del presidio ospedaliero. Sono stati inoltre illustrati i principali interventi realizzati e le linee strategiche che guideranno le azioni future che coinvolgeranno l\u2019ospedale, con specifico riguardo al potenziamento delle attivit\u00e0 chirurgiche della rete oncologica aziendale e dell\u2019area critica.<\/p>\n<p>\u201c<em>Il grave incendio che ha colpito l\u2019ospedale a fine 2023 ha rappresentato una ferita profonda per l\u2019intera comunit\u00e0<\/em>\u201d, ha dichiarato il Direttore Generale Cavalli, \u201ct<em>uttavia, \u00e8 stato per noi anche un momento di riflessione e ripartenza: da quell\u2019emergenza \u00e8 nato un percorso condiviso che ha visto il coinvolgimento attivo di Istituzioni, operatori e cittadini, e che ci ha consentito non solo di riaprire in tempi rapidi, ma anche di rafforzare l\u2019infrastruttura ospedaliera, aggiornare le tecnologie e ampliare l\u2019offerta di servizi. Un rilancio che ha rafforzato la funzione strategica dell\u2019Ospedale di Tivoli all\u2019interno della rete sanitaria della ASL Roma 5<\/em>\u201d.<\/p>\n<p>\u201c<em>Desidero esprimere ancora una volta un sentito ringraziamento al Direttore Amministrativo e al Direttore Sanitario, alle Istituzioni regionali e locali, a tutto il personale sanitario, tecnico e amministrativo, alle organizzazioni sindacali, alla associazioni del terzo settore, alla stampa e a tutti coloro che hanno lavorato con impegno straordinario per restituire alla cittadinanza di questo territorio un presidio rinnovato, sicuro ed efficiente. Un percorso di crescita e sviluppo che proseguir\u00e0 nei prossimi mesi, con l\u2019obiettivo di offrire servizi sempre pi\u00f9 vicini ai bisogni di salute delle persone<\/em>\u201d, ha aggiunto il Direttore Generale.<\/p>\n<p>Sono inoltre intervenuti Marco Innocenzi,\u00a0Sindaco di Tivoli, e Cristina Rossi, delegato del Sindaco di Guidonia Montecelio Mauro Lombardo in qualit\u00e0 di Presidente della Conferenza locale della sanit\u00e0. Tra i momenti pi\u00f9 significativi della giornata, la presentazione dei Direttori di struttura di recente nomina, professionisti di comprovata esperienza che guideranno le rispettive unit\u00e0 operative nel percorso di crescita e innovazione del presidio: il Direttore della U.O.C. Cardiologia Dott. Carmine Musto, il Direttore della U.O.C. Medicina interna e Geriatria Dott. Agapito Tarasi, il Direttore della U.O.C. Medicina d\u2019Urgenza DEA I Livello Dott. Enrico Ruggeri, il Direttore della U.O.C. Urologia Dott. Flavio Forte, il Direttore della UOC Pediatria, Nido, Neonatologia e Patologia Neonatale Dott. Dario Alario e il Direttore della UOC Chirurgia generale Dott. Vito Pende.<\/p>\n<p><span style=\"text-decoration: underline;\">Di seguito, le presentazioni brevi dei nuovi Direttori:<\/span><\/p>\n<ul>\n<li><strong>U.O.C. Cardiologia, Ospedale di Tivoli<\/strong> \u2013 Dott. Carmine Musto: laureato con lode in Medicina e Chirurgia presso l\u2019Universit\u00e0 Campus Bio-Medico di Roma, ha ottenuto la specializzazione in Cardiologia e un dottorato di ricerca in Fisiopatologia cardiovascolare e respiratoria presso l\u2019Universit\u00e0 La Sapienza, oltre a due master di II livello in Economia e Management Sanitario e in Interventistica Percutanea non Coronarica. Dal 2008 al 2024 ha ricoperto il ruolo di Dirigente medico presso l&#8217;Unit\u00e0 di Cardiologia Interventistica dell&#8217;AO San Camillo Forlanini, dove \u00e8 stato referente per le cardiopatie strutturali. In precedenza, ha lavorato presso l\u2019Unit\u00e0 di Emodinamica e UTIC dell\u2019Ospedale Sandro Pertini come Dirigente medico di I livello. In carriera ha eseguito migliaia di procedure tra cui coronarografie, angioplastiche, chiusure di difetti interatriali, valvuloplastiche, impianti di protesi aortiche e mitraliche. \u00c8 autore di circa 70 pubblicazioni e come tutor ha contribuito alla formazione di numerosi specialisti. Ha svolto fellowship in prestigiosi centri italiani e internazionali ed \u00e8 membro del Consiglio Direttivo della Societ\u00e0 Italiana di Cardiologia Interventistica (SICI-GISE).<\/li>\n<li><strong>U.O.C. Medicina interna e Geriatria<\/strong>, Ospedale di Tivoli \u2013 Dott. Agapito Tarasi: medico specialista in Medicina Interna e Malattie Infettive (entrambe conseguite con il massimo dei voti e lode), con un dottorato in Medicina Interna e un Master in Management Sanitario. Vanta 35 anni di esperienza come medico in reparti di Medicina interna, affiancati da una consolidata carriera clinica presso l\u2019Azienda Ospedaliera San Giovanni-Addolorata, dove \u00e8 stato responsabile della U.O.S. Clinica per le infezioni nosocomiali e referente per le Malattie infettive e la gestione delle resistenze antibiotiche. Ha svolto attivit\u00e0 di ricerca di base alla Rockefeller University di New York, e clinica presso l\u2019Istituto Superiore di Sanit\u00e0 e nella sesta clinica medica dell&#8217;Universit\u00e0 La Sapienza . \u00c8 autore di numerose pubblicazioni internazionali. Insegna Medicina interna in lingua inglese presso l\u2019Universit\u00e0 UniCamillus ed \u00e8 esperto nella prevenzione e controllo delle infezioni ospedaliere e comunitarie, con un focus su protocolli di \u2018antimicrobial stewardship\u2019.<\/li>\n<li><strong>U.O.C. Medicina d\u2019Urgenza DEA I Livello<\/strong>, Ospedale di Tivoli \u2013 Dott. Enrico Ruggeri: laureato in Medicina e Chirurgia presso La Sapienza, specializzandosi in Chirurgia Generale III, ha conseguito un Master Universitario di II livello in Medicina d&#8217;Emergenza ed \u00e8 iscritto al Master di II livello in Management Sanitario. Ha iniziato la carriera nel 2004 in emergenza-urgenza nel Pronto Soccorso di Palombara Sabina, e poi ha ottenuto un incarico come Dirigente Medico in Medicina e Chirurgia d&#8217;Accettazione e d&#8217;Urgenza presso la ASL Roma G. Dal 2007 lavora presso il DEA di I livello dell\u2019Ospedale S. Giovanni Evangelista di Tivoli, dove \u00e8 diventato vicario del Direttore nel 2010. Ha ricoperto incarichi di alta professionalit\u00e0, di Responsabile U.O.S. Pronto Soccorso ed OBI presso la ASL Roma 5 e, nel 2023, \u00e8 stato nominato Direttore f.f. UOC MEU del DEA I livello. Nel corso dell\u2019incendio del dicembre 2023, ha coordinato l\u2019evacuazione dell\u2019ospedale di Tivoli insieme al Direttore Sanitario Aziendale Franco Cortellessa. Dal 2013 \u00e8 docente di \u201cChirurgia d\u2019urgenza e Pronto soccorso\u201d presso l\u2019Universit\u00e0 di Tor Vergata.<\/li>\n<li><strong>U.O.C. Urologia<\/strong>, Ospedale di Tivoli \u2013 Dott. Flavio Forte: laureato in Medicina e Chirurgia presso l\u2019Universit\u00e0 La Sapienza nel 1999, specializzazione in Urologia, dottorato di ricerca in Farmacologia. Fellowship clinica di laparoscopia urologica presso la Berlin Charit\u00e9 Mitte nel 2008, \u00e8 stato tutor di chirurgia urologica e relatore presso corsi e congressi nazionali ed esteri. Titolare del corso di Anatomia umana presso il Corso di Laurea in Farmacia dell&#8217;Universit\u00e0 Roma Tre, Docente di Anatomia e tecnica chirurgica presso le scuole di specializzazione di Sapienza e Tor Vergata. \u00c8 stato Direttore della U.O.C. Urologia presso Ospedale M.G. Vannini \u2013 Istituto Figlie di San Camillo di Roma. Autore di pi\u00f9 di 40 articoli pubblicati su riviste internazionali, ha eseguito pi\u00f9 di 2.500 interventi di chirurgia maggiore e media.<\/li>\n<li><strong>U.O.C. Pediatria, Nido, Neonatologia e Patologia Neonatale<\/strong>, Ospedale di Tivoli \u2013 Dott. Dario Alario: medico specialista in Pediatria con percorso formativo e lunga esperienza clinica e gestionale in ambito ospedaliero. Laureato con lode in Medicina e Chirurgia presso l\u2019Universit\u00e0 La Sapienza, si \u00e8 specializzato in Pediatria e ha conseguito numerosi perfezionamenti e master, tra cui quelli in Terapia Intensiva Neonatale e Management Sanitario. Ha ricoperto incarichi di crescente responsabilit\u00e0 presso l\u2019Ospedale San Paolo di Civitavecchia, venendo poi nominato nel 2023 Direttore della U.O.C. Pediatria, Nido, Neonatologia e Patologia Neonatale presso l\u2019Ospedale di Palestrina, per il quale ha direttamente curato i lavori di allestimento e riorganizzazione del nuovo reparto. Docente universitario e relatore in numerosi congressi nazionali e internazionali, \u00e8 autore di diverse pubblicazioni scientifiche sul tema. \u00c8 stato Consigliere della Societ\u00e0 Italiana di Pediatria Ospedaliera \u2013 SIPO e membro di comitati scientifici.<\/li>\n<li><strong>U.O.C. Chirurgia Generale<\/strong>, Ospedale di Tivoli \u2013 Dott. Vito Pende: si occupa di Chirurgia mini-invasiva oncologica e funzionale dell\u2019apparato digerente (esofago, giunto esofago-gastrico, stomaco, colon-retto, epato-biliopancreatica), con impiego di tecniche mini-invasive laparoscopiche, robotiche e tradizionali. Gli altri settori a cui si dedica sono la Chirurgia della parete addominale, del pavimento pelvico e l\u2019Endocrinochirurgia, anch\u2019esse eseguite con tecniche mini-invasive. Si \u00e8 formato presso la U.O.C. di Chirurgia Generale ed Oncologica del Policlinico Gemelli di Roma, dove ha conseguito la Specializzazione in Chirurgia Generale nel 2004. Dal 2007 lavora presso la U.O.C. di Chirurgia Oncologica dell\u2019AO San Giovanni-Addolorata di Roma, dove \u00e8 Responsabile del Percorso di Diagnosi e Terapia del Tumore del Colon-Retto, oltre a svolgere funzione di Capo \u00e9quipe per la Chirurgia d\u2019Urgenza-Emergenza e Team Leader del Politrauma. Ha eseguito oltre 3.300 interventi chirurgici maggiori come primo operatore e oltre il doppio come primo aiuto, sia in regime ordinario che in urgenza. Svolge funzione di Tutor in diverse Scuole di Specializzazione in Chirurgia Generale.<\/li>\n<\/ul>\n","protected":false},"excerpt":{"rendered":"<p>Presentati dal Direttore Generale Silvia Cavalli i risultati conseguiti, le prospettive future e i nuovi Direttori di struttura a un anno dalla riapertura dopo l\u2019incendio del 2023. Si \u00e8 tenuta oggi gioved\u00ec 29 maggio, presso l\u2019Aula Magna di Palazzo Cianti a Tivoli, \u201cInsieme nella ripartenza: un anno di impegno e cura nell\u2019Ospedale di Tivoli\u201d, conferenza&hellip;<\/p>\n","protected":false},"author":1,"featured_media":86631,"comment_status":"closed","ping_status":"closed","sticky":false,"template":"","format":"standard","meta":{"_acf_changed":false,"inline_featured_image":false,"footnotes":""},"categories":[2189,2214],"tags":[2285],"class_list":["post-86630","post","type-post","status-publish","format-standard","has-post-thumbnail","hentry","category-in-primo-piano","category-ospedale-di-tivoli","tag-comunicato-stampa","category-2189","category-2214","description-off"],"acf":{"galleria":[86632,86633]},"yoast_head":"<!-- This site is optimized with the Yoast SEO plugin v25.5 - https:\/\/yoast.com\/wordpress\/plugins\/seo\/ -->\n<title>ASL Roma 5, un anno di rinascita per l\u2019Ospedale di Tivoli - ASL ROMA 5<\/title>\n<meta name=\"robots\" content=\"index, follow, max-snippet:-1, max-image-preview:large, max-video-preview:-1\" \/>\n<link rel=\"canonical\" href=\"https:\/\/www.aslroma5.it\/asl-roma-5-un-anno-di-rinascita-per-lospedale-di-tivoli\/\" \/>\n<meta property=\"og:locale\" content=\"it_IT\" \/>\n<meta property=\"og:type\" content=\"article\" \/>\n<meta property=\"og:title\" content=\"ASL Roma 5, un anno di rinascita per l\u2019Ospedale di Tivoli - ASL ROMA 5\" \/>\n<meta property=\"og:description\" content=\"Presentati dal Direttore Generale Silvia Cavalli i risultati conseguiti, le prospettive future e i nuovi Direttori di struttura a un anno dalla riapertura dopo l\u2019incendio del 2023. Si \u00e8 tenuta oggi gioved\u00ec 29 maggio, presso l\u2019Aula Magna di Palazzo Cianti a Tivoli, \u201cInsieme nella ripartenza: un anno di impegno e cura nell\u2019Ospedale di Tivoli\u201d, conferenza&hellip;\" \/>\n<meta property=\"og:url\" content=\"https:\/\/www.aslroma5.it\/asl-roma-5-un-anno-di-rinascita-per-lospedale-di-tivoli\/\" \/>\n<meta property=\"og:site_name\" content=\"ASL ROMA 5\" \/>\n<meta property=\"article:published_time\" content=\"2025-05-29T12:30:46+00:00\" \/>\n<meta property=\"article:modified_time\" content=\"2025-05-29T12:34:54+00:00\" \/>\n<meta property=\"og:image\" content=\"https:\/\/www.aslroma5.it\/wp-content\/uploads\/2025\/05\/Conferenza-stampa-290525-scaled.jpeg\" \/>\n\t<meta property=\"og:image:width\" content=\"2560\" \/>\n\t<meta property=\"og:image:height\" content=\"1928\" \/>\n\t<meta property=\"og:image:type\" content=\"image\/jpeg\" \/>\n<meta name=\"author\" content=\"dot4all\" \/>\n<meta name=\"twitter:card\" content=\"summary_large_image\" \/>\n<meta name=\"twitter:label1\" content=\"Scritto da\" \/>\n\t<meta name=\"twitter:data1\" content=\"dot4all\" \/>\n\t<meta name=\"twitter:label2\" content=\"Tempo di lettura stimato\" \/>\n\t<meta name=\"twitter:data2\" content=\"8 minuti\" \/>\n<script type=\"application\/ld+json\" class=\"yoast-schema-graph\">{\"@context\":\"https:\/\/schema.org\",\"@graph\":[{\"@type\":\"Article\",\"@id\":\"https:\/\/www.aslroma5.it\/asl-roma-5-un-anno-di-rinascita-per-lospedale-di-tivoli\/#article\",\"isPartOf\":{\"@id\":\"https:\/\/www.aslroma5.it\/asl-roma-5-un-anno-di-rinascita-per-lospedale-di-tivoli\/\"},\"author\":{\"name\":\"dot4all\",\"@id\":\"https:\/\/www.aslroma5.it\/#\/schema\/person\/aae9591da64a4feb5cf19a10d69b634d\"},\"headline\":\"ASL Roma 5, un anno di rinascita per l\u2019Ospedale di Tivoli\",\"datePublished\":\"2025-05-29T12:30:46+00:00\",\"dateModified\":\"2025-05-29T12:34:54+00:00\",\"mainEntityOfPage\":{\"@id\":\"https:\/\/www.aslroma5.it\/asl-roma-5-un-anno-di-rinascita-per-lospedale-di-tivoli\/\"},\"wordCount\":1474,\"publisher\":{\"@id\":\"https:\/\/www.aslroma5.it\/#organization\"},\"image\":{\"@id\":\"https:\/\/www.aslroma5.it\/asl-roma-5-un-anno-di-rinascita-per-lospedale-di-tivoli\/#primaryimage\"},\"thumbnailUrl\":\"https:\/\/www.aslroma5.it\/wp-content\/uploads\/2025\/05\/Conferenza-stampa-290525-scaled.jpeg\",\"keywords\":[\"Comunicato stampa\"],\"articleSection\":[\"In primo piano\",\"Ospedale di Tivoli\"],\"inLanguage\":\"it-IT\"},{\"@type\":\"WebPage\",\"@id\":\"https:\/\/www.aslroma5.it\/asl-roma-5-un-anno-di-rinascita-per-lospedale-di-tivoli\/\",\"url\":\"https:\/\/www.aslroma5.it\/asl-roma-5-un-anno-di-rinascita-per-lospedale-di-tivoli\/\",\"name\":\"ASL Roma 5, un anno di rinascita per l\u2019Ospedale di Tivoli - ASL ROMA 5\",\"isPartOf\":{\"@id\":\"https:\/\/www.aslroma5.it\/#website\"},\"primaryImageOfPage\":{\"@id\":\"https:\/\/www.aslroma5.it\/asl-roma-5-un-anno-di-rinascita-per-lospedale-di-tivoli\/#primaryimage\"},\"image\":{\"@id\":\"https:\/\/www.aslroma5.it\/asl-roma-5-un-anno-di-rinascita-per-lospedale-di-tivoli\/#primaryimage\"},\"thumbnailUrl\":\"https:\/\/www.aslroma5.it\/wp-content\/uploads\/2025\/05\/Conferenza-stampa-290525-scaled.jpeg\",\"datePublished\":\"2025-05-29T12:30:46+00:00\",\"dateModified\":\"2025-05-29T12:34:54+00:00\",\"breadcrumb\":{\"@id\":\"https:\/\/www.aslroma5.it\/asl-roma-5-un-anno-di-rinascita-per-lospedale-di-tivoli\/#breadcrumb\"},\"inLanguage\":\"it-IT\",\"potentialAction\":[{\"@type\":\"ReadAction\",\"target\":[\"https:\/\/www.aslroma5.it\/asl-roma-5-un-anno-di-rinascita-per-lospedale-di-tivoli\/\"]}]},{\"@type\":\"ImageObject\",\"inLanguage\":\"it-IT\",\"@id\":\"https:\/\/www.aslroma5.it\/asl-roma-5-un-anno-di-rinascita-per-lospedale-di-tivoli\/#primaryimage\",\"url\":\"https:\/\/www.aslroma5.it\/wp-content\/uploads\/2025\/05\/Conferenza-stampa-290525-scaled.jpeg\",\"contentUrl\":\"https:\/\/www.aslroma5.it\/wp-content\/uploads\/2025\/05\/Conferenza-stampa-290525-scaled.jpeg\",\"width\":2560,\"height\":1928},{\"@type\":\"BreadcrumbList\",\"@id\":\"https:\/\/www.aslroma5.it\/asl-roma-5-un-anno-di-rinascita-per-lospedale-di-tivoli\/#breadcrumb\",\"itemListElement\":[{\"@type\":\"ListItem\",\"position\":1,\"name\":\"Home\",\"item\":\"https:\/\/www.aslroma5.it\/\"},{\"@type\":\"ListItem\",\"position\":2,\"name\":\"ASL Roma 5, un anno di rinascita per l\u2019Ospedale di Tivoli\"}]},{\"@type\":\"WebSite\",\"@id\":\"https:\/\/www.aslroma5.it\/#website\",\"url\":\"https:\/\/www.aslroma5.it\/\",\"name\":\"ASL ROMA 5\",\"description\":\"\",\"publisher\":{\"@id\":\"https:\/\/www.aslroma5.it\/#organization\"},\"potentialAction\":[{\"@type\":\"SearchAction\",\"target\":{\"@type\":\"EntryPoint\",\"urlTemplate\":\"https:\/\/www.aslroma5.it\/?s={search_term_string}\"},\"query-input\":{\"@type\":\"PropertyValueSpecification\",\"valueRequired\":true,\"valueName\":\"search_term_string\"}}],\"inLanguage\":\"it-IT\"},{\"@type\":\"Organization\",\"@id\":\"https:\/\/www.aslroma5.it\/#organization\",\"name\":\"ASL ROMA 5\",\"url\":\"https:\/\/www.aslroma5.it\/\",\"logo\":{\"@type\":\"ImageObject\",\"inLanguage\":\"it-IT\",\"@id\":\"https:\/\/www.aslroma5.it\/#\/schema\/logo\/image\/\",\"url\":\"https:\/\/www.aslroma5.it\/wp-content\/uploads\/2025\/07\/asl-roma5-logo-25.svg\",\"contentUrl\":\"https:\/\/www.aslroma5.it\/wp-content\/uploads\/2025\/07\/asl-roma5-logo-25.svg\",\"width\":328,\"height\":112,\"caption\":\"ASL ROMA 5\"},\"image\":{\"@id\":\"https:\/\/www.aslroma5.it\/#\/schema\/logo\/image\/\"}},{\"@type\":\"Person\",\"@id\":\"https:\/\/www.aslroma5.it\/#\/schema\/person\/aae9591da64a4feb5cf19a10d69b634d\",\"name\":\"dot4all\",\"image\":{\"@type\":\"ImageObject\",\"inLanguage\":\"it-IT\",\"@id\":\"https:\/\/www.aslroma5.it\/#\/schema\/person\/image\/\",\"url\":\"https:\/\/secure.gravatar.com\/avatar\/a228c250e89e00f48f7bae46b9a785bc5b3f509d86988952d9e01450e422a0cc?s=96&d=mm&r=g\",\"contentUrl\":\"https:\/\/secure.gravatar.com\/avatar\/a228c250e89e00f48f7bae46b9a785bc5b3f509d86988952d9e01450e422a0cc?s=96&d=mm&r=g\",\"caption\":\"dot4all\"},\"sameAs\":[\"https:\/\/www.aslroma5.info\/new2021\"]}]}<\/script>\n<!-- \/ Yoast SEO plugin. -->","yoast_head_json":{"title":"ASL Roma 5, un anno di rinascita per l\u2019Ospedale di Tivoli - ASL ROMA 5","robots":{"index":"index","follow":"follow","max-snippet":"max-snippet:-1","max-image-preview":"max-image-preview:large","max-video-preview":"max-video-preview:-1"},"canonical":"https:\/\/www.aslroma5.it\/asl-roma-5-un-anno-di-rinascita-per-lospedale-di-tivoli\/","og_locale":"it_IT","og_type":"article","og_title":"ASL Roma 5, un anno di rinascita per l\u2019Ospedale di Tivoli - ASL ROMA 5","og_description":"Presentati dal Direttore Generale Silvia Cavalli i risultati conseguiti, le prospettive future e i nuovi Direttori di struttura a un anno dalla riapertura dopo l\u2019incendio del 2023. Si \u00e8 tenuta oggi gioved\u00ec 29 maggio, presso l\u2019Aula Magna di Palazzo Cianti a Tivoli, \u201cInsieme nella ripartenza: un anno di impegno e cura nell\u2019Ospedale di Tivoli\u201d, conferenza&hellip;","og_url":"https:\/\/www.aslroma5.it\/asl-roma-5-un-anno-di-rinascita-per-lospedale-di-tivoli\/","og_site_name":"ASL ROMA 5","article_published_time":"2025-05-29T12:30:46+00:00","article_modified_time":"2025-05-29T12:34:54+00:00","og_image":[{"width":2560,"height":1928,"url":"https:\/\/www.aslroma5.it\/wp-content\/uploads\/2025\/05\/Conferenza-stampa-290525-scaled.jpeg","type":"image\/jpeg"}],"author":"dot4all","twitter_card":"summary_large_image","twitter_misc":{"Scritto da":"dot4all","Tempo di lettura stimato":"8 minuti"},"schema":{"@context":"https:\/\/schema.org","@graph":[{"@type":"Article","@id":"https:\/\/www.aslroma5.it\/asl-roma-5-un-anno-di-rinascita-per-lospedale-di-tivoli\/#article","isPartOf":{"@id":"https:\/\/www.aslroma5.it\/asl-roma-5-un-anno-di-rinascita-per-lospedale-di-tivoli\/"},"author":{"name":"dot4all","@id":"https:\/\/www.aslroma5.it\/#\/schema\/person\/aae9591da64a4feb5cf19a10d69b634d"},"headline":"ASL Roma 5, un anno di rinascita per l\u2019Ospedale di Tivoli","datePublished":"2025-05-29T12:30:46+00:00","dateModified":"2025-05-29T12:34:54+00:00","mainEntityOfPage":{"@id":"https:\/\/www.aslroma5.it\/asl-roma-5-un-anno-di-rinascita-per-lospedale-di-tivoli\/"},"wordCount":1474,"publisher":{"@id":"https:\/\/www.aslroma5.it\/#organization"},"image":{"@id":"https:\/\/www.aslroma5.it\/asl-roma-5-un-anno-di-rinascita-per-lospedale-di-tivoli\/#primaryimage"},"thumbnailUrl":"https:\/\/www.aslroma5.it\/wp-content\/uploads\/2025\/05\/Conferenza-stampa-290525-scaled.jpeg","keywords":["Comunicato stampa"],"articleSection":["In primo piano","Ospedale di Tivoli"],"inLanguage":"it-IT"},{"@type":"WebPage","@id":"https:\/\/www.aslroma5.it\/asl-roma-5-un-anno-di-rinascita-per-lospedale-di-tivoli\/","url":"https:\/\/www.aslroma5.it\/asl-roma-5-un-anno-di-rinascita-per-lospedale-di-tivoli\/","name":"ASL Roma 5, un anno di rinascita per l\u2019Ospedale di Tivoli - ASL ROMA 5","isPartOf":{"@id":"https:\/\/www.aslroma5.it\/#website"},"primaryImageOfPage":{"@id":"https:\/\/www.aslroma5.it\/asl-roma-5-un-anno-di-rinascita-per-lospedale-di-tivoli\/#primaryimage"},"image":{"@id":"https:\/\/www.aslroma5.it\/asl-roma-5-un-anno-di-rinascita-per-lospedale-di-tivoli\/#primaryimage"},"thumbnailUrl":"https:\/\/www.aslroma5.it\/wp-content\/uploads\/2025\/05\/Conferenza-stampa-290525-scaled.jpeg","datePublished":"2025-05-29T12:30:46+00:00","dateModified":"2025-05-29T12:34:54+00:00","breadcrumb":{"@id":"https:\/\/www.aslroma5.it\/asl-roma-5-un-anno-di-rinascita-per-lospedale-di-tivoli\/#breadcrumb"},"inLanguage":"it-IT","potentialAction":[{"@type":"ReadAction","target":["https:\/\/www.aslroma5.it\/asl-roma-5-un-anno-di-rinascita-per-lospedale-di-tivoli\/"]}]},{"@type":"ImageObject","inLanguage":"it-IT","@id":"https:\/\/www.aslroma5.it\/asl-roma-5-un-anno-di-rinascita-per-lospedale-di-tivoli\/#primaryimage","url":"https:\/\/www.aslroma5.it\/wp-content\/uploads\/2025\/05\/Conferenza-stampa-290525-scaled.jpeg","contentUrl":"https:\/\/www.aslroma5.it\/wp-content\/uploads\/2025\/05\/Conferenza-stampa-290525-scaled.jpeg","width":2560,"height":1928},{"@type":"BreadcrumbList","@id":"https:\/\/www.aslroma5.it\/asl-roma-5-un-anno-di-rinascita-per-lospedale-di-tivoli\/#breadcrumb","itemListElement":[{"@type":"ListItem","position":1,"name":"Home","item":"https:\/\/www.aslroma5.it\/"},{"@type":"ListItem","position":2,"name":"ASL Roma 5, un anno di rinascita per l\u2019Ospedale di Tivoli"}]},{"@type":"WebSite","@id":"https:\/\/www.aslroma5.it\/#website","url":"https:\/\/www.aslroma5.it\/","name":"ASL ROMA 5","description":"","publisher":{"@id":"https:\/\/www.aslroma5.it\/#organization"},"potentialAction":[{"@type":"SearchAction","target":{"@type":"EntryPoint","urlTemplate":"https:\/\/www.aslroma5.it\/?s={search_term_string}"},"query-input":{"@type":"PropertyValueSpecification","valueRequired":true,"valueName":"search_term_string"}}],"inLanguage":"it-IT"},{"@type":"Organization","@id":"https:\/\/www.aslroma5.it\/#organization","name":"ASL ROMA 5","url":"https:\/\/www.aslroma5.it\/","logo":{"@type":"ImageObject","inLanguage":"it-IT","@id":"https:\/\/www.aslroma5.it\/#\/schema\/logo\/image\/","url":"https:\/\/www.aslroma5.it\/wp-content\/uploads\/2025\/07\/asl-roma5-logo-25.svg","contentUrl":"https:\/\/www.aslroma5.it\/wp-content\/uploads\/2025\/07\/asl-roma5-logo-25.svg","width":328,"height":112,"caption":"ASL ROMA 5"},"image":{"@id":"https:\/\/www.aslroma5.it\/#\/schema\/logo\/image\/"}},{"@type":"Person","@id":"https:\/\/www.aslroma5.it\/#\/schema\/person\/aae9591da64a4feb5cf19a10d69b634d","name":"dot4all","image":{"@type":"ImageObject","inLanguage":"it-IT","@id":"https:\/\/www.aslroma5.it\/#\/schema\/person\/image\/","url":"https:\/\/secure.gravatar.com\/avatar\/a228c250e89e00f48f7bae46b9a785bc5b3f509d86988952d9e01450e422a0cc?s=96&d=mm&r=g","contentUrl":"https:\/\/secure.gravatar.com\/avatar\/a228c250e89e00f48f7bae46b9a785bc5b3f509d86988952d9e01450e422a0cc?s=96&d=mm&r=g","caption":"dot4all"},"sameAs":["https:\/\/www.aslroma5.info\/new2021"]}]}},"publishpress_future_action":{"enabled":false,"date":"2026-05-09 10:09:26","action":"change-status","newStatus":"draft","terms":[],"taxonomy":"category","extraData":[]},"publishpress_future_workflow_manual_trigger":{"enabledWorkflows":[]},"_links":{"self":[{"href":"https:\/\/www.aslroma5.it\/api\/wp\/v2\/posts\/86630","targetHints":{"allow":["GET"]}}],"collection":[{"href":"https:\/\/www.aslroma5.it\/api\/wp\/v2\/posts"}],"about":[{"href":"https:\/\/www.aslroma5.it\/api\/wp\/v2\/types\/post"}],"author":[{"embeddable":true,"href":"https:\/\/www.aslroma5.it\/api\/wp\/v2\/users\/1"}],"replies":[{"embeddable":true,"href":"https:\/\/www.aslroma5.it\/api\/wp\/v2\/comments?post=86630"}],"version-history":[{"count":0,"href":"https:\/\/www.aslroma5.it\/api\/wp\/v2\/posts\/86630\/revisions"}],"acf:attachment":[{"embeddable":true,"href":"https:\/\/www.aslroma5.it\/api\/wp\/v2\/media\/86633"},{"embeddable":true,"href":"https:\/\/www.aslroma5.it\/api\/wp\/v2\/media\/86632"}],"wp:featuredmedia":[{"embeddable":true,"href":"https:\/\/www.aslroma5.it\/api\/wp\/v2\/media\/86631"}],"wp:attachment":[{"href":"https:\/\/www.aslroma5.it\/api\/wp\/v2\/media?parent=86630"}],"wp:term":[{"taxonomy":"category","embeddable":true,"href":"https:\/\/www.aslroma5.it\/api\/wp\/v2\/categories?post=86630"},{"taxonomy":"post_tag","embeddable":true,"href":"https:\/\/www.aslroma5.it\/api\/wp\/v2\/tags?post=86630"}],"curies":[{"name":"wp","href":"https:\/\/api.w.org\/{rel}","templated":true}]}}