{"id":92832,"date":"2025-12-10T18:19:17","date_gmt":"2025-12-10T17:19:17","guid":{"rendered":"https:\/\/www.aslroma5.it\/?p=92832"},"modified":"2025-12-11T10:04:03","modified_gmt":"2025-12-11T09:04:03","slug":"potenziato-il-pronto-soccorso-e-il-blocco-operatorio-dellospedale-santissimo-gonfalone-di-monterotondo","status":"publish","type":"post","link":"https:\/\/www.aslroma5.it\/potenziato-il-pronto-soccorso-e-il-blocco-operatorio-dellospedale-santissimo-gonfalone-di-monterotondo\/","title":{"rendered":"Potenziato il pronto soccorso e il blocco operatorio dell\u2019Ospedale Santissimo Gonfalone di Monterotondo"},"content":{"rendered":"<p>Il Presidente della Regione Lazio,\u00a0Francesco Rocca, ha inaugurato\u00a0il nuovo pronto soccorso e il blocco operatorio dell\u2019ospedale Santissimo Gonfalone di Monterotondo.<\/p>\n<p>I lavori di\u00a0ristrutturazione e potenziamento\u00a0della struttura hanno riguardato\u00a0520 metri quadrati\u00a0e sono stati finanziati con\u00a0oltre cinque milioni di euro. Grazie a questo intervento il pronto soccorso dell\u2019ospedale Santissimo Gonfalone di Monterotondo ha beneficiato di un incremento degli spazi, per rispondere alle esigenze di una medicina in continua evoluzione e per migliorare l\u2019efficacia delle cure.<\/p>\n<p>I lavori hanno consentito di ottenere un consistente ampliamento dei posti letto per acuti, in sostituzione del reparto di lungodegenza, con l\u2019attivazione di sei posti letto di Medicina d\u2019urgenza e di ulteriori quattro posti di medicina generale, arrivando a complessivi\u00a024 posti letto.<\/p>\n<p>Attraverso questa nuova rimodulazione, il \u201cGonfalone\u201d di Monterotondo ha effettuato\u00a0un importante upgrade della sua capacit\u00e0 assistenziale, finalizzato a:<\/p>\n<ul>\n<li>una presa in carico di maggiori complessit\u00e0 derivanti dal circuito dell\u2019emergenza-urgenza, creando un nodo della rete emergenza in grado di gestire patologie complesse e riducendo, cos\u00ec, la pressione sugli ospedali della Capitale;<\/li>\n<li>organizzare il pronto soccorso con percorsi assistenziali per intensit\u00e0 e complessit\u00e0 delle cure, attraverso 7 aree: sala d\u2019attesa, triage, bassa intensit\u00e0, media intensit\u00e0, alta intensit\u00e0, holding area, area paziente potenzialmente infettivo;<\/li>\n<li>creare una nuova sala d\u2019attesa, che rappresenta il punto di accoglienza, in diretta comunicazione con l&#8217;Area Triage, facilitando, cos\u00ec, il flusso e l&#8217;orientamento dei pazienti. Prevista una postazione di vigilanza per garantire la sicurezza del personale;<\/li>\n<li>creare una postazione per l\u2019umanizzazione delle cure che fornisca informazioni e sostegno ai familiari dei pazienti, facilitando l\u2019interazione con la struttura;<\/li>\n<li>un triage suddiviso in zona di front office e di valutazione avanzata: separate, ma connesse per garantire la continuit\u00e0 del percorso di valutazione;<br \/>\nun\u2019area a bassa intensit\u00e0 che si occupa dei pazienti deambulanti, classificati con codici bianchi, verdi e azzurri, e prevede spazi dedicati anche per l\u2019assistenza pediatrica. Nell\u2019area c\u2019\u00e8 una sala polivalente per i colloqui con i familiari, l\u2019assistenza di pazienti con patologie psichiatriche e la presa in carico di episodi di violenza di genere;<\/li>\n<li>un\u2019area di media intensit\u00e0 dedicata alla gestione dei pazienti classificati con i codici gialli e azzurri, con una sala per le visite d\u2019emergenza comunicante con le postazioni di triage avanzato. Le 2 postazioni consentono un monitoraggio avanzato, centralizzato e visibile anche in telemetria dal bancone di lavoro. Previsti il<\/li>\n<li>supporto gas medicali e la scalabilit\u00e0 delle postazioni, che consentono una rapida gestione di eventuali aggravamenti clinici;<br \/>\nun\u2019area ad alta intensit\u00e0, configurata come open space, concepita per la gestione immediata e intensiva dei pazienti critici (codice rosso);<\/li>\n<li>stabilizzare il paziente potenzialmente infettivo in una stanza isolata, progettata anche per il massimo livello di biosicurezza.<\/li>\n<\/ul>\n<p>&nbsp;<\/p>\n<p style=\"text-align: left;\">[<a href=\"https:\/\/www.regione.lazio.it\/notizie\/inaugurato-il-nuovo-pronto-soccorso-e-il-blocco-operatorio-dellospedale-santissimo-gonfalone-di-monterotondo\" title=\"Regione Lazio\" target=\"_blank\" rel=\"noopener\">Regione Lazio<\/a>]<\/p>\n","protected":false},"excerpt":{"rendered":"<p>Il Presidente della Regione Lazio,\u00a0Francesco Rocca, ha inaugurato\u00a0il nuovo pronto soccorso e il blocco operatorio dell\u2019ospedale Santissimo Gonfalone di Monterotondo. I lavori di\u00a0ristrutturazione e potenziamento\u00a0della struttura hanno riguardato\u00a0520 metri quadrati\u00a0e sono stati finanziati con\u00a0oltre cinque milioni di euro. Grazie a questo intervento il pronto soccorso dell\u2019ospedale Santissimo Gonfalone di Monterotondo ha beneficiato di un incremento&hellip;<\/p>\n","protected":false},"author":1,"featured_media":92840,"comment_status":"closed","ping_status":"closed","sticky":false,"template":"","format":"standard","meta":{"_acf_changed":false,"inline_featured_image":false,"footnotes":""},"categories":[2189,2211],"tags":[2285],"class_list":["post-92832","post","type-post","status-publish","format-standard","has-post-thumbnail","hentry","category-in-primo-piano","category-ospedale-di-monterotondo","tag-comunicato-stampa","category-2189","category-2211","description-off"],"acf":{"galleria":[92835,92836,92837,92838]},"yoast_head":"<!-- This site is optimized with the Yoast SEO plugin v25.5 - https:\/\/yoast.com\/wordpress\/plugins\/seo\/ -->\n<title>Potenziato il pronto soccorso e il blocco operatorio dell\u2019Ospedale Santissimo Gonfalone di Monterotondo - ASL ROMA 5<\/title>\n<meta name=\"robots\" content=\"index, follow, max-snippet:-1, max-image-preview:large, max-video-preview:-1\" \/>\n<link rel=\"canonical\" href=\"https:\/\/www.aslroma5.it\/potenziato-il-pronto-soccorso-e-il-blocco-operatorio-dellospedale-santissimo-gonfalone-di-monterotondo\/\" \/>\n<meta property=\"og:locale\" content=\"it_IT\" \/>\n<meta property=\"og:type\" content=\"article\" \/>\n<meta property=\"og:title\" content=\"Potenziato il pronto soccorso e il blocco operatorio dell\u2019Ospedale Santissimo Gonfalone di Monterotondo - ASL ROMA 5\" \/>\n<meta property=\"og:description\" content=\"Il Presidente della Regione Lazio,\u00a0Francesco Rocca, ha inaugurato\u00a0il nuovo pronto soccorso e il blocco operatorio dell\u2019ospedale Santissimo Gonfalone di Monterotondo. I lavori di\u00a0ristrutturazione e potenziamento\u00a0della struttura hanno riguardato\u00a0520 metri quadrati\u00a0e sono stati finanziati con\u00a0oltre cinque milioni di euro. Grazie a questo intervento il pronto soccorso dell\u2019ospedale Santissimo Gonfalone di Monterotondo ha beneficiato di un incremento&hellip;\" \/>\n<meta property=\"og:url\" content=\"https:\/\/www.aslroma5.it\/potenziato-il-pronto-soccorso-e-il-blocco-operatorio-dellospedale-santissimo-gonfalone-di-monterotondo\/\" \/>\n<meta property=\"og:site_name\" content=\"ASL ROMA 5\" \/>\n<meta property=\"article:published_time\" content=\"2025-12-10T17:19:17+00:00\" \/>\n<meta property=\"article:modified_time\" content=\"2025-12-11T09:04:03+00:00\" \/>\n<meta property=\"og:image\" content=\"https:\/\/www.aslroma5.it\/wp-content\/uploads\/2025\/12\/potenziato-pronto-soccorso-monterotondo-2025-cop.jpeg\" \/>\n\t<meta property=\"og:image:width\" content=\"1496\" \/>\n\t<meta property=\"og:image:height\" content=\"1496\" \/>\n\t<meta property=\"og:image:type\" content=\"image\/jpeg\" \/>\n<meta name=\"author\" content=\"dot4all\" \/>\n<meta name=\"twitter:card\" content=\"summary_large_image\" \/>\n<meta name=\"twitter:label1\" content=\"Scritto da\" \/>\n\t<meta name=\"twitter:data1\" content=\"dot4all\" \/>\n\t<meta name=\"twitter:label2\" content=\"Tempo di lettura stimato\" \/>\n\t<meta name=\"twitter:data2\" content=\"3 minuti\" \/>\n<script type=\"application\/ld+json\" class=\"yoast-schema-graph\">{\"@context\":\"https:\/\/schema.org\",\"@graph\":[{\"@type\":\"Article\",\"@id\":\"https:\/\/www.aslroma5.it\/potenziato-il-pronto-soccorso-e-il-blocco-operatorio-dellospedale-santissimo-gonfalone-di-monterotondo\/#article\",\"isPartOf\":{\"@id\":\"https:\/\/www.aslroma5.it\/potenziato-il-pronto-soccorso-e-il-blocco-operatorio-dellospedale-santissimo-gonfalone-di-monterotondo\/\"},\"author\":{\"name\":\"dot4all\",\"@id\":\"https:\/\/www.aslroma5.it\/#\/schema\/person\/aae9591da64a4feb5cf19a10d69b634d\"},\"headline\":\"Potenziato il pronto soccorso e il blocco operatorio dell\u2019Ospedale Santissimo Gonfalone di Monterotondo\",\"datePublished\":\"2025-12-10T17:19:17+00:00\",\"dateModified\":\"2025-12-11T09:04:03+00:00\",\"mainEntityOfPage\":{\"@id\":\"https:\/\/www.aslroma5.it\/potenziato-il-pronto-soccorso-e-il-blocco-operatorio-dellospedale-santissimo-gonfalone-di-monterotondo\/\"},\"wordCount\":473,\"publisher\":{\"@id\":\"https:\/\/www.aslroma5.it\/#organization\"},\"image\":{\"@id\":\"https:\/\/www.aslroma5.it\/potenziato-il-pronto-soccorso-e-il-blocco-operatorio-dellospedale-santissimo-gonfalone-di-monterotondo\/#primaryimage\"},\"thumbnailUrl\":\"https:\/\/www.aslroma5.it\/wp-content\/uploads\/2025\/12\/potenziato-pronto-soccorso-monterotondo-2025-cop.jpeg\",\"keywords\":[\"Comunicato stampa\"],\"articleSection\":[\"In primo piano\",\"Ospedale di Monterotondo\"],\"inLanguage\":\"it-IT\"},{\"@type\":\"WebPage\",\"@id\":\"https:\/\/www.aslroma5.it\/potenziato-il-pronto-soccorso-e-il-blocco-operatorio-dellospedale-santissimo-gonfalone-di-monterotondo\/\",\"url\":\"https:\/\/www.aslroma5.it\/potenziato-il-pronto-soccorso-e-il-blocco-operatorio-dellospedale-santissimo-gonfalone-di-monterotondo\/\",\"name\":\"Potenziato il pronto soccorso e il blocco operatorio dell\u2019Ospedale Santissimo Gonfalone di Monterotondo - ASL ROMA 5\",\"isPartOf\":{\"@id\":\"https:\/\/www.aslroma5.it\/#website\"},\"primaryImageOfPage\":{\"@id\":\"https:\/\/www.aslroma5.it\/potenziato-il-pronto-soccorso-e-il-blocco-operatorio-dellospedale-santissimo-gonfalone-di-monterotondo\/#primaryimage\"},\"image\":{\"@id\":\"https:\/\/www.aslroma5.it\/potenziato-il-pronto-soccorso-e-il-blocco-operatorio-dellospedale-santissimo-gonfalone-di-monterotondo\/#primaryimage\"},\"thumbnailUrl\":\"https:\/\/www.aslroma5.it\/wp-content\/uploads\/2025\/12\/potenziato-pronto-soccorso-monterotondo-2025-cop.jpeg\",\"datePublished\":\"2025-12-10T17:19:17+00:00\",\"dateModified\":\"2025-12-11T09:04:03+00:00\",\"breadcrumb\":{\"@id\":\"https:\/\/www.aslroma5.it\/potenziato-il-pronto-soccorso-e-il-blocco-operatorio-dellospedale-santissimo-gonfalone-di-monterotondo\/#breadcrumb\"},\"inLanguage\":\"it-IT\",\"potentialAction\":[{\"@type\":\"ReadAction\",\"target\":[\"https:\/\/www.aslroma5.it\/potenziato-il-pronto-soccorso-e-il-blocco-operatorio-dellospedale-santissimo-gonfalone-di-monterotondo\/\"]}]},{\"@type\":\"ImageObject\",\"inLanguage\":\"it-IT\",\"@id\":\"https:\/\/www.aslroma5.it\/potenziato-il-pronto-soccorso-e-il-blocco-operatorio-dellospedale-santissimo-gonfalone-di-monterotondo\/#primaryimage\",\"url\":\"https:\/\/www.aslroma5.it\/wp-content\/uploads\/2025\/12\/potenziato-pronto-soccorso-monterotondo-2025-cop.jpeg\",\"contentUrl\":\"https:\/\/www.aslroma5.it\/wp-content\/uploads\/2025\/12\/potenziato-pronto-soccorso-monterotondo-2025-cop.jpeg\",\"width\":1496,\"height\":1496},{\"@type\":\"BreadcrumbList\",\"@id\":\"https:\/\/www.aslroma5.it\/potenziato-il-pronto-soccorso-e-il-blocco-operatorio-dellospedale-santissimo-gonfalone-di-monterotondo\/#breadcrumb\",\"itemListElement\":[{\"@type\":\"ListItem\",\"position\":1,\"name\":\"Home\",\"item\":\"https:\/\/www.aslroma5.it\/\"},{\"@type\":\"ListItem\",\"position\":2,\"name\":\"Potenziato il pronto soccorso e il blocco operatorio dell\u2019Ospedale Santissimo Gonfalone di Monterotondo\"}]},{\"@type\":\"WebSite\",\"@id\":\"https:\/\/www.aslroma5.it\/#website\",\"url\":\"https:\/\/www.aslroma5.it\/\",\"name\":\"ASL ROMA 5\",\"description\":\"\",\"publisher\":{\"@id\":\"https:\/\/www.aslroma5.it\/#organization\"},\"potentialAction\":[{\"@type\":\"SearchAction\",\"target\":{\"@type\":\"EntryPoint\",\"urlTemplate\":\"https:\/\/www.aslroma5.it\/?s={search_term_string}\"},\"query-input\":{\"@type\":\"PropertyValueSpecification\",\"valueRequired\":true,\"valueName\":\"search_term_string\"}}],\"inLanguage\":\"it-IT\"},{\"@type\":\"Organization\",\"@id\":\"https:\/\/www.aslroma5.it\/#organization\",\"name\":\"ASL ROMA 5\",\"url\":\"https:\/\/www.aslroma5.it\/\",\"logo\":{\"@type\":\"ImageObject\",\"inLanguage\":\"it-IT\",\"@id\":\"https:\/\/www.aslroma5.it\/#\/schema\/logo\/image\/\",\"url\":\"https:\/\/www.aslroma5.it\/wp-content\/uploads\/2025\/07\/asl-roma5-logo-25.svg\",\"contentUrl\":\"https:\/\/www.aslroma5.it\/wp-content\/uploads\/2025\/07\/asl-roma5-logo-25.svg\",\"width\":328,\"height\":112,\"caption\":\"ASL ROMA 5\"},\"image\":{\"@id\":\"https:\/\/www.aslroma5.it\/#\/schema\/logo\/image\/\"}},{\"@type\":\"Person\",\"@id\":\"https:\/\/www.aslroma5.it\/#\/schema\/person\/aae9591da64a4feb5cf19a10d69b634d\",\"name\":\"dot4all\",\"image\":{\"@type\":\"ImageObject\",\"inLanguage\":\"it-IT\",\"@id\":\"https:\/\/www.aslroma5.it\/#\/schema\/person\/image\/\",\"url\":\"https:\/\/secure.gravatar.com\/avatar\/a228c250e89e00f48f7bae46b9a785bc5b3f509d86988952d9e01450e422a0cc?s=96&d=mm&r=g\",\"contentUrl\":\"https:\/\/secure.gravatar.com\/avatar\/a228c250e89e00f48f7bae46b9a785bc5b3f509d86988952d9e01450e422a0cc?s=96&d=mm&r=g\",\"caption\":\"dot4all\"},\"sameAs\":[\"https:\/\/www.aslroma5.info\/new2021\"]}]}<\/script>\n<!-- \/ Yoast SEO plugin. -->","yoast_head_json":{"title":"Potenziato il pronto soccorso e il blocco operatorio dell\u2019Ospedale Santissimo Gonfalone di Monterotondo - ASL ROMA 5","robots":{"index":"index","follow":"follow","max-snippet":"max-snippet:-1","max-image-preview":"max-image-preview:large","max-video-preview":"max-video-preview:-1"},"canonical":"https:\/\/www.aslroma5.it\/potenziato-il-pronto-soccorso-e-il-blocco-operatorio-dellospedale-santissimo-gonfalone-di-monterotondo\/","og_locale":"it_IT","og_type":"article","og_title":"Potenziato il pronto soccorso e il blocco operatorio dell\u2019Ospedale Santissimo Gonfalone di Monterotondo - ASL ROMA 5","og_description":"Il Presidente della Regione Lazio,\u00a0Francesco Rocca, ha inaugurato\u00a0il nuovo pronto soccorso e il blocco operatorio dell\u2019ospedale Santissimo Gonfalone di Monterotondo. I lavori di\u00a0ristrutturazione e potenziamento\u00a0della struttura hanno riguardato\u00a0520 metri quadrati\u00a0e sono stati finanziati con\u00a0oltre cinque milioni di euro. Grazie a questo intervento il pronto soccorso dell\u2019ospedale Santissimo Gonfalone di Monterotondo ha beneficiato di un incremento&hellip;","og_url":"https:\/\/www.aslroma5.it\/potenziato-il-pronto-soccorso-e-il-blocco-operatorio-dellospedale-santissimo-gonfalone-di-monterotondo\/","og_site_name":"ASL ROMA 5","article_published_time":"2025-12-10T17:19:17+00:00","article_modified_time":"2025-12-11T09:04:03+00:00","og_image":[{"width":1496,"height":1496,"url":"https:\/\/www.aslroma5.it\/wp-content\/uploads\/2025\/12\/potenziato-pronto-soccorso-monterotondo-2025-cop.jpeg","type":"image\/jpeg"}],"author":"dot4all","twitter_card":"summary_large_image","twitter_misc":{"Scritto da":"dot4all","Tempo di lettura stimato":"3 minuti"},"schema":{"@context":"https:\/\/schema.org","@graph":[{"@type":"Article","@id":"https:\/\/www.aslroma5.it\/potenziato-il-pronto-soccorso-e-il-blocco-operatorio-dellospedale-santissimo-gonfalone-di-monterotondo\/#article","isPartOf":{"@id":"https:\/\/www.aslroma5.it\/potenziato-il-pronto-soccorso-e-il-blocco-operatorio-dellospedale-santissimo-gonfalone-di-monterotondo\/"},"author":{"name":"dot4all","@id":"https:\/\/www.aslroma5.it\/#\/schema\/person\/aae9591da64a4feb5cf19a10d69b634d"},"headline":"Potenziato il pronto soccorso e il blocco operatorio dell\u2019Ospedale Santissimo Gonfalone di Monterotondo","datePublished":"2025-12-10T17:19:17+00:00","dateModified":"2025-12-11T09:04:03+00:00","mainEntityOfPage":{"@id":"https:\/\/www.aslroma5.it\/potenziato-il-pronto-soccorso-e-il-blocco-operatorio-dellospedale-santissimo-gonfalone-di-monterotondo\/"},"wordCount":473,"publisher":{"@id":"https:\/\/www.aslroma5.it\/#organization"},"image":{"@id":"https:\/\/www.aslroma5.it\/potenziato-il-pronto-soccorso-e-il-blocco-operatorio-dellospedale-santissimo-gonfalone-di-monterotondo\/#primaryimage"},"thumbnailUrl":"https:\/\/www.aslroma5.it\/wp-content\/uploads\/2025\/12\/potenziato-pronto-soccorso-monterotondo-2025-cop.jpeg","keywords":["Comunicato stampa"],"articleSection":["In primo piano","Ospedale di Monterotondo"],"inLanguage":"it-IT"},{"@type":"WebPage","@id":"https:\/\/www.aslroma5.it\/potenziato-il-pronto-soccorso-e-il-blocco-operatorio-dellospedale-santissimo-gonfalone-di-monterotondo\/","url":"https:\/\/www.aslroma5.it\/potenziato-il-pronto-soccorso-e-il-blocco-operatorio-dellospedale-santissimo-gonfalone-di-monterotondo\/","name":"Potenziato il pronto soccorso e il blocco operatorio dell\u2019Ospedale Santissimo Gonfalone di Monterotondo - ASL ROMA 5","isPartOf":{"@id":"https:\/\/www.aslroma5.it\/#website"},"primaryImageOfPage":{"@id":"https:\/\/www.aslroma5.it\/potenziato-il-pronto-soccorso-e-il-blocco-operatorio-dellospedale-santissimo-gonfalone-di-monterotondo\/#primaryimage"},"image":{"@id":"https:\/\/www.aslroma5.it\/potenziato-il-pronto-soccorso-e-il-blocco-operatorio-dellospedale-santissimo-gonfalone-di-monterotondo\/#primaryimage"},"thumbnailUrl":"https:\/\/www.aslroma5.it\/wp-content\/uploads\/2025\/12\/potenziato-pronto-soccorso-monterotondo-2025-cop.jpeg","datePublished":"2025-12-10T17:19:17+00:00","dateModified":"2025-12-11T09:04:03+00:00","breadcrumb":{"@id":"https:\/\/www.aslroma5.it\/potenziato-il-pronto-soccorso-e-il-blocco-operatorio-dellospedale-santissimo-gonfalone-di-monterotondo\/#breadcrumb"},"inLanguage":"it-IT","potentialAction":[{"@type":"ReadAction","target":["https:\/\/www.aslroma5.it\/potenziato-il-pronto-soccorso-e-il-blocco-operatorio-dellospedale-santissimo-gonfalone-di-monterotondo\/"]}]},{"@type":"ImageObject","inLanguage":"it-IT","@id":"https:\/\/www.aslroma5.it\/potenziato-il-pronto-soccorso-e-il-blocco-operatorio-dellospedale-santissimo-gonfalone-di-monterotondo\/#primaryimage","url":"https:\/\/www.aslroma5.it\/wp-content\/uploads\/2025\/12\/potenziato-pronto-soccorso-monterotondo-2025-cop.jpeg","contentUrl":"https:\/\/www.aslroma5.it\/wp-content\/uploads\/2025\/12\/potenziato-pronto-soccorso-monterotondo-2025-cop.jpeg","width":1496,"height":1496},{"@type":"BreadcrumbList","@id":"https:\/\/www.aslroma5.it\/potenziato-il-pronto-soccorso-e-il-blocco-operatorio-dellospedale-santissimo-gonfalone-di-monterotondo\/#breadcrumb","itemListElement":[{"@type":"ListItem","position":1,"name":"Home","item":"https:\/\/www.aslroma5.it\/"},{"@type":"ListItem","position":2,"name":"Potenziato il pronto soccorso e il blocco operatorio dell\u2019Ospedale Santissimo Gonfalone di Monterotondo"}]},{"@type":"WebSite","@id":"https:\/\/www.aslroma5.it\/#website","url":"https:\/\/www.aslroma5.it\/","name":"ASL ROMA 5","description":"","publisher":{"@id":"https:\/\/www.aslroma5.it\/#organization"},"potentialAction":[{"@type":"SearchAction","target":{"@type":"EntryPoint","urlTemplate":"https:\/\/www.aslroma5.it\/?s={search_term_string}"},"query-input":{"@type":"PropertyValueSpecification","valueRequired":true,"valueName":"search_term_string"}}],"inLanguage":"it-IT"},{"@type":"Organization","@id":"https:\/\/www.aslroma5.it\/#organization","name":"ASL ROMA 5","url":"https:\/\/www.aslroma5.it\/","logo":{"@type":"ImageObject","inLanguage":"it-IT","@id":"https:\/\/www.aslroma5.it\/#\/schema\/logo\/image\/","url":"https:\/\/www.aslroma5.it\/wp-content\/uploads\/2025\/07\/asl-roma5-logo-25.svg","contentUrl":"https:\/\/www.aslroma5.it\/wp-content\/uploads\/2025\/07\/asl-roma5-logo-25.svg","width":328,"height":112,"caption":"ASL ROMA 5"},"image":{"@id":"https:\/\/www.aslroma5.it\/#\/schema\/logo\/image\/"}},{"@type":"Person","@id":"https:\/\/www.aslroma5.it\/#\/schema\/person\/aae9591da64a4feb5cf19a10d69b634d","name":"dot4all","image":{"@type":"ImageObject","inLanguage":"it-IT","@id":"https:\/\/www.aslroma5.it\/#\/schema\/person\/image\/","url":"https:\/\/secure.gravatar.com\/avatar\/a228c250e89e00f48f7bae46b9a785bc5b3f509d86988952d9e01450e422a0cc?s=96&d=mm&r=g","contentUrl":"https:\/\/secure.gravatar.com\/avatar\/a228c250e89e00f48f7bae46b9a785bc5b3f509d86988952d9e01450e422a0cc?s=96&d=mm&r=g","caption":"dot4all"},"sameAs":["https:\/\/www.aslroma5.info\/new2021"]}]}},"publishpress_future_action":{"enabled":false,"date":"2026-05-06 04:20:50","action":"change-status","newStatus":"draft","terms":[],"taxonomy":"category","extraData":[]},"publishpress_future_workflow_manual_trigger":{"enabledWorkflows":[]},"_links":{"self":[{"href":"https:\/\/www.aslroma5.it\/api\/wp\/v2\/posts\/92832","targetHints":{"allow":["GET"]}}],"collection":[{"href":"https:\/\/www.aslroma5.it\/api\/wp\/v2\/posts"}],"about":[{"href":"https:\/\/www.aslroma5.it\/api\/wp\/v2\/types\/post"}],"author":[{"embeddable":true,"href":"https:\/\/www.aslroma5.it\/api\/wp\/v2\/users\/1"}],"replies":[{"embeddable":true,"href":"https:\/\/www.aslroma5.it\/api\/wp\/v2\/comments?post=92832"}],"version-history":[{"count":0,"href":"https:\/\/www.aslroma5.it\/api\/wp\/v2\/posts\/92832\/revisions"}],"acf:attachment":[{"embeddable":true,"href":"https:\/\/www.aslroma5.it\/api\/wp\/v2\/media\/92838"},{"embeddable":true,"href":"https:\/\/www.aslroma5.it\/api\/wp\/v2\/media\/92837"},{"embeddable":true,"href":"https:\/\/www.aslroma5.it\/api\/wp\/v2\/media\/92836"},{"embeddable":true,"href":"https:\/\/www.aslroma5.it\/api\/wp\/v2\/media\/92835"}],"wp:featuredmedia":[{"embeddable":true,"href":"https:\/\/www.aslroma5.it\/api\/wp\/v2\/media\/92840"}],"wp:attachment":[{"href":"https:\/\/www.aslroma5.it\/api\/wp\/v2\/media?parent=92832"}],"wp:term":[{"taxonomy":"category","embeddable":true,"href":"https:\/\/www.aslroma5.it\/api\/wp\/v2\/categories?post=92832"},{"taxonomy":"post_tag","embeddable":true,"href":"https:\/\/www.aslroma5.it\/api\/wp\/v2\/tags?post=92832"}],"curies":[{"name":"wp","href":"https:\/\/api.w.org\/{rel}","templated":true}]}}