{"id":95448,"date":"2026-03-11T11:33:46","date_gmt":"2026-03-11T10:33:46","guid":{"rendered":"https:\/\/www.aslroma5.it\/?p=95448"},"modified":"2026-03-20T14:36:31","modified_gmt":"2026-03-20T13:36:31","slug":"13-marzo-e-la-giornata-mondiale-del-sonno","status":"publish","type":"post","link":"https:\/\/www.aslroma5.it\/13-marzo-e-la-giornata-mondiale-del-sonno\/","title":{"rendered":"13 marzo \u00e8 la giornata mondiale del sonno"},"content":{"rendered":"<p>Il nostro <strong>Centro del Sonno di Colleferro<\/strong> presso il Servizio di Neurofisiopatologia Laboratorio Disturbi Respiratori notturni \u00e8 stato delegato dalla <em>World Sleep Society<\/em> come uno tra gli innumerevoli delegati in tutto il mondo per rappresentare iniziative volte alla divulgazione ed informazione sui Disturbi del Sonno rivolti alla popolazione generale nonch\u00e9 ai professionisti sanitari.<\/p>\n<p>Presso il piazzale antistante l\u2019accesso al Servizio di Neurofisiopatologia del Presidio ospedaliero di Colleferro sar\u00e0 allestito un gazebo presso il quale operatori del Servizio stesso distribuiranno alla popolazione che interverr\u00e0 materiale informativo e somministrer\u00e0 test test di prevalutazione sui disturbi del sonno.<\/p>\n<p>L\u2019evento come gi\u00e0 detto \u00e8 inserito nella maratona degli appuntamenti che non solo i centri in Italia ma in tutto il mondo che aderiscono all\u2019iniziativa e selezionati dalla World Sleep Society, effettueranno nella giornata del 13 marzo al fine di promuovere e sensibilizzare la popolazione sull\u2019importanza del sonno nella nostra vita e sar\u00e0 pubblicato attraverso i canali ufficiali della World Sleep Society.<\/p>\n<p>Sembra un concetto scontato, ma non tutti associano ai propri problemi di salute uno scorretto andamento del sonno. Le principali patologie organiche conosciute hanno un\u2019origine dismetabolica e non tutti sanno che il metabolismo umano, e non solo, \u00e8 regolato dal ritmo sonno\/veglia. Le iniziative tendono dunque a sensibilizzare non solo l\u2019opinione pubblica, ma anche gli \u201caddetti ai lavori\u201d nel panorama sanitario al fine di attribuire al Sonno l\u2019importanza che merita per la nostra salute.<\/p>\n<p>Il motto di quest\u2019anno \u201cdormi bene, vivi meglio\u201d non rappresenta uno spot pubblicitario, ma l\u2019essenza degli sforzi che quotidianamente i Centri del Sonno a livello mondiale fanno per formare, informare i pazienti e gli operatori sanitari non soltanto dedicandosi sul campo alle attivit\u00e0 diagnostiche, ma attraverso percorsi di aggiornamento professionale e ricerca scientifica al fine di fare <strong>prevenzione<\/strong>.<\/p>\n<p>Vi aspettiamo numerosi, distribuiremo materiale informativo, somministreremo test di valutazione, vi mostriamo le attivit\u00e0 che quotidianamente svolgiamo presso il nostro Centro del Sonno.<\/p>\n<p>Ospedale \u201cParodi delfino\u201d di Colleferro<br \/>\n<em>Piazzale antistante il servizio di Neurofisiopatologia<br \/>\n<\/em>9:00 &#8211; 12:00<\/p>\n","protected":false},"excerpt":{"rendered":"<p>Il nostro Centro del Sonno di Colleferro presso il Servizio di Neurofisiopatologia Laboratorio Disturbi Respiratori notturni \u00e8 stato delegato dalla World Sleep Society come uno tra gli innumerevoli delegati in tutto il mondo per rappresentare iniziative volte alla divulgazione ed informazione sui Disturbi del Sonno rivolti alla popolazione generale nonch\u00e9 ai professionisti sanitari. Presso il&hellip;<\/p>\n","protected":false},"author":1,"featured_media":95449,"comment_status":"closed","ping_status":"closed","sticky":false,"template":"","format":"standard","meta":{"_acf_changed":false,"inline_featured_image":false,"footnotes":""},"categories":[2204,1816],"tags":[2283],"class_list":["post-95448","post","type-post","status-publish","format-standard","has-post-thumbnail","hentry","category-distretto-di-colleferro","category-news","tag-evento","category-2204","category-1816","description-off"],"acf":{"galleria":[95716,95717,95718,95715]},"yoast_head":"<!-- This site is optimized with the Yoast SEO plugin v25.5 - https:\/\/yoast.com\/wordpress\/plugins\/seo\/ -->\n<title>13 marzo \u00e8 la giornata mondiale del sonno - ASL ROMA 5<\/title>\n<meta name=\"robots\" content=\"index, follow, max-snippet:-1, max-image-preview:large, max-video-preview:-1\" \/>\n<link rel=\"canonical\" href=\"https:\/\/www.aslroma5.it\/13-marzo-e-la-giornata-mondiale-del-sonno\/\" \/>\n<meta property=\"og:locale\" content=\"it_IT\" \/>\n<meta property=\"og:type\" content=\"article\" \/>\n<meta property=\"og:title\" content=\"13 marzo \u00e8 la giornata mondiale del sonno - ASL ROMA 5\" \/>\n<meta property=\"og:description\" content=\"Il nostro Centro del Sonno di Colleferro presso il Servizio di Neurofisiopatologia Laboratorio Disturbi Respiratori notturni \u00e8 stato delegato dalla World Sleep Society come uno tra gli innumerevoli delegati in tutto il mondo per rappresentare iniziative volte alla divulgazione ed informazione sui Disturbi del Sonno rivolti alla popolazione generale nonch\u00e9 ai professionisti sanitari. Presso il&hellip;\" \/>\n<meta property=\"og:url\" content=\"https:\/\/www.aslroma5.it\/13-marzo-e-la-giornata-mondiale-del-sonno\/\" \/>\n<meta property=\"og:site_name\" content=\"ASL ROMA 5\" \/>\n<meta property=\"article:published_time\" content=\"2026-03-11T10:33:46+00:00\" \/>\n<meta property=\"article:modified_time\" content=\"2026-03-20T13:36:31+00:00\" \/>\n<meta property=\"og:image\" content=\"https:\/\/www.aslroma5.it\/wp-content\/uploads\/2026\/03\/giornata-sonno-130326-colleferro.png\" \/>\n\t<meta property=\"og:image:width\" content=\"1080\" \/>\n\t<meta property=\"og:image:height\" content=\"1350\" \/>\n\t<meta property=\"og:image:type\" content=\"image\/png\" \/>\n<meta name=\"author\" content=\"dot4all\" \/>\n<meta name=\"twitter:card\" content=\"summary_large_image\" \/>\n<meta name=\"twitter:label1\" content=\"Scritto da\" \/>\n\t<meta name=\"twitter:data1\" content=\"dot4all\" \/>\n\t<meta name=\"twitter:label2\" content=\"Tempo di lettura stimato\" \/>\n\t<meta name=\"twitter:data2\" content=\"2 minuti\" \/>\n<script type=\"application\/ld+json\" class=\"yoast-schema-graph\">{\"@context\":\"https:\/\/schema.org\",\"@graph\":[{\"@type\":\"Article\",\"@id\":\"https:\/\/www.aslroma5.it\/13-marzo-e-la-giornata-mondiale-del-sonno\/#article\",\"isPartOf\":{\"@id\":\"https:\/\/www.aslroma5.it\/13-marzo-e-la-giornata-mondiale-del-sonno\/\"},\"author\":{\"name\":\"dot4all\",\"@id\":\"https:\/\/www.aslroma5.it\/#\/schema\/person\/aae9591da64a4feb5cf19a10d69b634d\"},\"headline\":\"13 marzo \u00e8 la giornata mondiale del sonno\",\"datePublished\":\"2026-03-11T10:33:46+00:00\",\"dateModified\":\"2026-03-20T13:36:31+00:00\",\"mainEntityOfPage\":{\"@id\":\"https:\/\/www.aslroma5.it\/13-marzo-e-la-giornata-mondiale-del-sonno\/\"},\"wordCount\":336,\"publisher\":{\"@id\":\"https:\/\/www.aslroma5.it\/#organization\"},\"image\":{\"@id\":\"https:\/\/www.aslroma5.it\/13-marzo-e-la-giornata-mondiale-del-sonno\/#primaryimage\"},\"thumbnailUrl\":\"https:\/\/www.aslroma5.it\/wp-content\/uploads\/2026\/03\/giornata-sonno-130326-colleferro.png\",\"keywords\":[\"Evento\"],\"articleSection\":[\"Distretto di Colleferro\",\"News\"],\"inLanguage\":\"it-IT\"},{\"@type\":\"WebPage\",\"@id\":\"https:\/\/www.aslroma5.it\/13-marzo-e-la-giornata-mondiale-del-sonno\/\",\"url\":\"https:\/\/www.aslroma5.it\/13-marzo-e-la-giornata-mondiale-del-sonno\/\",\"name\":\"13 marzo \u00e8 la giornata mondiale del sonno - ASL ROMA 5\",\"isPartOf\":{\"@id\":\"https:\/\/www.aslroma5.it\/#website\"},\"primaryImageOfPage\":{\"@id\":\"https:\/\/www.aslroma5.it\/13-marzo-e-la-giornata-mondiale-del-sonno\/#primaryimage\"},\"image\":{\"@id\":\"https:\/\/www.aslroma5.it\/13-marzo-e-la-giornata-mondiale-del-sonno\/#primaryimage\"},\"thumbnailUrl\":\"https:\/\/www.aslroma5.it\/wp-content\/uploads\/2026\/03\/giornata-sonno-130326-colleferro.png\",\"datePublished\":\"2026-03-11T10:33:46+00:00\",\"dateModified\":\"2026-03-20T13:36:31+00:00\",\"breadcrumb\":{\"@id\":\"https:\/\/www.aslroma5.it\/13-marzo-e-la-giornata-mondiale-del-sonno\/#breadcrumb\"},\"inLanguage\":\"it-IT\",\"potentialAction\":[{\"@type\":\"ReadAction\",\"target\":[\"https:\/\/www.aslroma5.it\/13-marzo-e-la-giornata-mondiale-del-sonno\/\"]}]},{\"@type\":\"ImageObject\",\"inLanguage\":\"it-IT\",\"@id\":\"https:\/\/www.aslroma5.it\/13-marzo-e-la-giornata-mondiale-del-sonno\/#primaryimage\",\"url\":\"https:\/\/www.aslroma5.it\/wp-content\/uploads\/2026\/03\/giornata-sonno-130326-colleferro.png\",\"contentUrl\":\"https:\/\/www.aslroma5.it\/wp-content\/uploads\/2026\/03\/giornata-sonno-130326-colleferro.png\",\"width\":1080,\"height\":1350},{\"@type\":\"BreadcrumbList\",\"@id\":\"https:\/\/www.aslroma5.it\/13-marzo-e-la-giornata-mondiale-del-sonno\/#breadcrumb\",\"itemListElement\":[{\"@type\":\"ListItem\",\"position\":1,\"name\":\"Home\",\"item\":\"https:\/\/www.aslroma5.it\/\"},{\"@type\":\"ListItem\",\"position\":2,\"name\":\"13 marzo \u00e8 la giornata mondiale del sonno\"}]},{\"@type\":\"WebSite\",\"@id\":\"https:\/\/www.aslroma5.it\/#website\",\"url\":\"https:\/\/www.aslroma5.it\/\",\"name\":\"ASL ROMA 5\",\"description\":\"\",\"publisher\":{\"@id\":\"https:\/\/www.aslroma5.it\/#organization\"},\"potentialAction\":[{\"@type\":\"SearchAction\",\"target\":{\"@type\":\"EntryPoint\",\"urlTemplate\":\"https:\/\/www.aslroma5.it\/?s={search_term_string}\"},\"query-input\":{\"@type\":\"PropertyValueSpecification\",\"valueRequired\":true,\"valueName\":\"search_term_string\"}}],\"inLanguage\":\"it-IT\"},{\"@type\":\"Organization\",\"@id\":\"https:\/\/www.aslroma5.it\/#organization\",\"name\":\"ASL ROMA 5\",\"url\":\"https:\/\/www.aslroma5.it\/\",\"logo\":{\"@type\":\"ImageObject\",\"inLanguage\":\"it-IT\",\"@id\":\"https:\/\/www.aslroma5.it\/#\/schema\/logo\/image\/\",\"url\":\"https:\/\/www.aslroma5.it\/wp-content\/uploads\/2025\/07\/asl-roma5-logo-25.svg\",\"contentUrl\":\"https:\/\/www.aslroma5.it\/wp-content\/uploads\/2025\/07\/asl-roma5-logo-25.svg\",\"width\":328,\"height\":112,\"caption\":\"ASL ROMA 5\"},\"image\":{\"@id\":\"https:\/\/www.aslroma5.it\/#\/schema\/logo\/image\/\"}},{\"@type\":\"Person\",\"@id\":\"https:\/\/www.aslroma5.it\/#\/schema\/person\/aae9591da64a4feb5cf19a10d69b634d\",\"name\":\"dot4all\",\"image\":{\"@type\":\"ImageObject\",\"inLanguage\":\"it-IT\",\"@id\":\"https:\/\/www.aslroma5.it\/#\/schema\/person\/image\/\",\"url\":\"https:\/\/secure.gravatar.com\/avatar\/a228c250e89e00f48f7bae46b9a785bc5b3f509d86988952d9e01450e422a0cc?s=96&d=mm&r=g\",\"contentUrl\":\"https:\/\/secure.gravatar.com\/avatar\/a228c250e89e00f48f7bae46b9a785bc5b3f509d86988952d9e01450e422a0cc?s=96&d=mm&r=g\",\"caption\":\"dot4all\"},\"sameAs\":[\"https:\/\/www.aslroma5.info\/new2021\"]}]}<\/script>\n<!-- \/ Yoast SEO plugin. -->","yoast_head_json":{"title":"13 marzo \u00e8 la giornata mondiale del sonno - ASL ROMA 5","robots":{"index":"index","follow":"follow","max-snippet":"max-snippet:-1","max-image-preview":"max-image-preview:large","max-video-preview":"max-video-preview:-1"},"canonical":"https:\/\/www.aslroma5.it\/13-marzo-e-la-giornata-mondiale-del-sonno\/","og_locale":"it_IT","og_type":"article","og_title":"13 marzo \u00e8 la giornata mondiale del sonno - ASL ROMA 5","og_description":"Il nostro Centro del Sonno di Colleferro presso il Servizio di Neurofisiopatologia Laboratorio Disturbi Respiratori notturni \u00e8 stato delegato dalla World Sleep Society come uno tra gli innumerevoli delegati in tutto il mondo per rappresentare iniziative volte alla divulgazione ed informazione sui Disturbi del Sonno rivolti alla popolazione generale nonch\u00e9 ai professionisti sanitari. Presso il&hellip;","og_url":"https:\/\/www.aslroma5.it\/13-marzo-e-la-giornata-mondiale-del-sonno\/","og_site_name":"ASL ROMA 5","article_published_time":"2026-03-11T10:33:46+00:00","article_modified_time":"2026-03-20T13:36:31+00:00","og_image":[{"width":1080,"height":1350,"url":"https:\/\/www.aslroma5.it\/wp-content\/uploads\/2026\/03\/giornata-sonno-130326-colleferro.png","type":"image\/png"}],"author":"dot4all","twitter_card":"summary_large_image","twitter_misc":{"Scritto da":"dot4all","Tempo di lettura stimato":"2 minuti"},"schema":{"@context":"https:\/\/schema.org","@graph":[{"@type":"Article","@id":"https:\/\/www.aslroma5.it\/13-marzo-e-la-giornata-mondiale-del-sonno\/#article","isPartOf":{"@id":"https:\/\/www.aslroma5.it\/13-marzo-e-la-giornata-mondiale-del-sonno\/"},"author":{"name":"dot4all","@id":"https:\/\/www.aslroma5.it\/#\/schema\/person\/aae9591da64a4feb5cf19a10d69b634d"},"headline":"13 marzo \u00e8 la giornata mondiale del sonno","datePublished":"2026-03-11T10:33:46+00:00","dateModified":"2026-03-20T13:36:31+00:00","mainEntityOfPage":{"@id":"https:\/\/www.aslroma5.it\/13-marzo-e-la-giornata-mondiale-del-sonno\/"},"wordCount":336,"publisher":{"@id":"https:\/\/www.aslroma5.it\/#organization"},"image":{"@id":"https:\/\/www.aslroma5.it\/13-marzo-e-la-giornata-mondiale-del-sonno\/#primaryimage"},"thumbnailUrl":"https:\/\/www.aslroma5.it\/wp-content\/uploads\/2026\/03\/giornata-sonno-130326-colleferro.png","keywords":["Evento"],"articleSection":["Distretto di Colleferro","News"],"inLanguage":"it-IT"},{"@type":"WebPage","@id":"https:\/\/www.aslroma5.it\/13-marzo-e-la-giornata-mondiale-del-sonno\/","url":"https:\/\/www.aslroma5.it\/13-marzo-e-la-giornata-mondiale-del-sonno\/","name":"13 marzo \u00e8 la giornata mondiale del sonno - ASL ROMA 5","isPartOf":{"@id":"https:\/\/www.aslroma5.it\/#website"},"primaryImageOfPage":{"@id":"https:\/\/www.aslroma5.it\/13-marzo-e-la-giornata-mondiale-del-sonno\/#primaryimage"},"image":{"@id":"https:\/\/www.aslroma5.it\/13-marzo-e-la-giornata-mondiale-del-sonno\/#primaryimage"},"thumbnailUrl":"https:\/\/www.aslroma5.it\/wp-content\/uploads\/2026\/03\/giornata-sonno-130326-colleferro.png","datePublished":"2026-03-11T10:33:46+00:00","dateModified":"2026-03-20T13:36:31+00:00","breadcrumb":{"@id":"https:\/\/www.aslroma5.it\/13-marzo-e-la-giornata-mondiale-del-sonno\/#breadcrumb"},"inLanguage":"it-IT","potentialAction":[{"@type":"ReadAction","target":["https:\/\/www.aslroma5.it\/13-marzo-e-la-giornata-mondiale-del-sonno\/"]}]},{"@type":"ImageObject","inLanguage":"it-IT","@id":"https:\/\/www.aslroma5.it\/13-marzo-e-la-giornata-mondiale-del-sonno\/#primaryimage","url":"https:\/\/www.aslroma5.it\/wp-content\/uploads\/2026\/03\/giornata-sonno-130326-colleferro.png","contentUrl":"https:\/\/www.aslroma5.it\/wp-content\/uploads\/2026\/03\/giornata-sonno-130326-colleferro.png","width":1080,"height":1350},{"@type":"BreadcrumbList","@id":"https:\/\/www.aslroma5.it\/13-marzo-e-la-giornata-mondiale-del-sonno\/#breadcrumb","itemListElement":[{"@type":"ListItem","position":1,"name":"Home","item":"https:\/\/www.aslroma5.it\/"},{"@type":"ListItem","position":2,"name":"13 marzo \u00e8 la giornata mondiale del sonno"}]},{"@type":"WebSite","@id":"https:\/\/www.aslroma5.it\/#website","url":"https:\/\/www.aslroma5.it\/","name":"ASL ROMA 5","description":"","publisher":{"@id":"https:\/\/www.aslroma5.it\/#organization"},"potentialAction":[{"@type":"SearchAction","target":{"@type":"EntryPoint","urlTemplate":"https:\/\/www.aslroma5.it\/?s={search_term_string}"},"query-input":{"@type":"PropertyValueSpecification","valueRequired":true,"valueName":"search_term_string"}}],"inLanguage":"it-IT"},{"@type":"Organization","@id":"https:\/\/www.aslroma5.it\/#organization","name":"ASL ROMA 5","url":"https:\/\/www.aslroma5.it\/","logo":{"@type":"ImageObject","inLanguage":"it-IT","@id":"https:\/\/www.aslroma5.it\/#\/schema\/logo\/image\/","url":"https:\/\/www.aslroma5.it\/wp-content\/uploads\/2025\/07\/asl-roma5-logo-25.svg","contentUrl":"https:\/\/www.aslroma5.it\/wp-content\/uploads\/2025\/07\/asl-roma5-logo-25.svg","width":328,"height":112,"caption":"ASL ROMA 5"},"image":{"@id":"https:\/\/www.aslroma5.it\/#\/schema\/logo\/image\/"}},{"@type":"Person","@id":"https:\/\/www.aslroma5.it\/#\/schema\/person\/aae9591da64a4feb5cf19a10d69b634d","name":"dot4all","image":{"@type":"ImageObject","inLanguage":"it-IT","@id":"https:\/\/www.aslroma5.it\/#\/schema\/person\/image\/","url":"https:\/\/secure.gravatar.com\/avatar\/a228c250e89e00f48f7bae46b9a785bc5b3f509d86988952d9e01450e422a0cc?s=96&d=mm&r=g","contentUrl":"https:\/\/secure.gravatar.com\/avatar\/a228c250e89e00f48f7bae46b9a785bc5b3f509d86988952d9e01450e422a0cc?s=96&d=mm&r=g","caption":"dot4all"},"sameAs":["https:\/\/www.aslroma5.info\/new2021"]}]}},"publishpress_future_action":{"enabled":false,"date":"2026-05-03 16:30:13","action":"change-status","newStatus":"draft","terms":[],"taxonomy":"category","extraData":[]},"publishpress_future_workflow_manual_trigger":{"enabledWorkflows":[]},"_links":{"self":[{"href":"https:\/\/www.aslroma5.it\/api\/wp\/v2\/posts\/95448","targetHints":{"allow":["GET"]}}],"collection":[{"href":"https:\/\/www.aslroma5.it\/api\/wp\/v2\/posts"}],"about":[{"href":"https:\/\/www.aslroma5.it\/api\/wp\/v2\/types\/post"}],"author":[{"embeddable":true,"href":"https:\/\/www.aslroma5.it\/api\/wp\/v2\/users\/1"}],"replies":[{"embeddable":true,"href":"https:\/\/www.aslroma5.it\/api\/wp\/v2\/comments?post=95448"}],"version-history":[{"count":0,"href":"https:\/\/www.aslroma5.it\/api\/wp\/v2\/posts\/95448\/revisions"}],"acf:attachment":[{"embeddable":true,"href":"https:\/\/www.aslroma5.it\/api\/wp\/v2\/media\/95715"},{"embeddable":true,"href":"https:\/\/www.aslroma5.it\/api\/wp\/v2\/media\/95718"},{"embeddable":true,"href":"https:\/\/www.aslroma5.it\/api\/wp\/v2\/media\/95717"},{"embeddable":true,"href":"https:\/\/www.aslroma5.it\/api\/wp\/v2\/media\/95716"}],"wp:featuredmedia":[{"embeddable":true,"href":"https:\/\/www.aslroma5.it\/api\/wp\/v2\/media\/95449"}],"wp:attachment":[{"href":"https:\/\/www.aslroma5.it\/api\/wp\/v2\/media?parent=95448"}],"wp:term":[{"taxonomy":"category","embeddable":true,"href":"https:\/\/www.aslroma5.it\/api\/wp\/v2\/categories?post=95448"},{"taxonomy":"post_tag","embeddable":true,"href":"https:\/\/www.aslroma5.it\/api\/wp\/v2\/tags?post=95448"}],"curies":[{"name":"wp","href":"https:\/\/api.w.org\/{rel}","templated":true}]}}